{"id":5420,"date":"2017-04-04T09:00:00","date_gmt":"2017-04-04T09:00:00","guid":{"rendered":"http:\/\/almega-bento\/wp\/blog\/2017\/04\/04\/overenskommelse-om-flexpension-i-tjansteforetag-och-andra-avtalsandringar-4\/"},"modified":"2017-04-04T09:00:00","modified_gmt":"2017-04-04T09:00:00","slug":"overenskommelse-om-flexpension-i-tjansteforetag-och-andra-avtalsandringar-4","status":"publish","type":"post","link":"https:\/\/www.almega.se\/2017\/04\/overenskommelse-om-flexpension-i-tjansteforetag-och-andra-avtalsandringar-4\/","title":{"rendered":"\u00d6verenskommelse om Flex&shy;pension i Tj\u00e4nste&shy;f\u00f6retag och andra avtals\u00e4ndringar"},"content":{"rendered":"\n<p class=\"intro\">Almega Tj\u00e4nstef\u00f6rbunden Fastighetsarbetsgivarna avtal Fastigheter och Unionen, Sveriges Ingenj\u00f6rer, Ledarna samt Seko Service och Kommunikationsfacket.<\/p>\n<p>Observera! &Aring;rets l&ouml;ne&ouml;kningsutrymme &auml;r &auml;nnu inte fastst&auml;llt. L&ouml;ne&ouml;kningsutrymmet f&ouml;rhandlas f&ouml;rst i samband med 2017 &aring;rs ordinarie avtalsf&ouml;rhandling. Detta AG-nytt avser en s&auml;rskild &ouml;verenskommelse som tr&auml;ffats innan 2017 &aring;rs avtalsf&ouml;rhandling.<\/p>\n<p>  <strong>&Ouml;verenskommelse om Flexpension i Tj&auml;nstef&ouml;retag och andra avtals&auml;ndringar<\/strong><\/p>\n<p>  Under v&aring;ren 2016 varslade Unionen och Sveriges Ingenj&ouml;rer om strejk p&aring; flera avtalsomr&aring;den i Almegas f&ouml;rbund f&ouml;r att f&aring; flexpension eftersom s&aring;dana &ouml;verenskommelser tr&auml;ffats p&aring; andra delar av den privata arbetsmarknaden. Konflikten br&ouml;t aldrig ut f&ouml;r att Arbetsdomstolen interimistiskt f&ouml;rklarade att en strejk var otill&aring;ten. Avtal sl&ouml;ts 2016 utan flexpension. Tvistefr&aring;gan kvarstod dock. Under h&ouml;sten och vintern har parterna f&ouml;rhandlat fram denna &ouml;verenskommelse f&ouml;r att l&ouml;sa fr&aring;gan.<\/p>\n<p>  Parterna inom avtalsomr&aring;det har den 22 februari 2017 tr&auml;ffat &ouml;verenskommelse om Flexpension i Tj&auml;nstef&ouml;retag. Samtidigt har parterna kommit &ouml;verens om en rad andra avtals&auml;ndringar som tr&auml;der i kraft den f&ouml;rsta juli samt den f&ouml;rsta november 2017, se nedan. Detta har gjorts i en s&auml;rskild avtalsf&ouml;rhandling, innan 2017 &aring;rs ordinarie avtalsf&ouml;rhandlingar har startat, d&auml;r f&ouml;rbunden inom Almega gemensamt f&ouml;rhandlat med Unionen och Sveriges Ingenj&ouml;rer. D&auml;rmed &auml;r en l&aring;ngvarig konfliktfr&aring;ga om flexpension undanr&ouml;jd mellan parterna. F&ouml;r utf&ouml;rlig information om <a href=\"8a53324ab1b941a98d0e5ced8f616bdc\" target=\"_blank\" rel=\"noopener\">flexpension.<\/a><\/p>\n<p>  <strong>&Ouml;verenskommelsen och tidpunkter d&aring; avtals&auml;ndringarna b&ouml;rjar g&auml;lla<\/strong><\/p>\n<p>  <strong>Fr&aring;n och med 22 februari 2017 g&auml;ller<\/strong><br \/>  1. Gemensamt projekt f&ouml;r att utveckla framtidens kollektivavtal<br \/>  2. V&auml;gen fram&aring;t, Steg f&ouml;r steg, En partsgemensam v&auml;gledning f&ouml;r turordning vid arbetsbrist<\/p>\n<p>  <strong>Fr&aring;n och med den f&ouml;rsta juni 2017 g&auml;ller<\/strong><br \/>  3. Kompletterande regler vid avr&auml;kning av semesterers&auml;ttning vid uttag av semester vid sammanfallande intj&auml;nande- och uttags&aring;r<br \/>  4. F&ouml;r&auml;ndrade regler om anst&auml;llningsformer<br \/>  5. F&ouml;r&auml;ndrade regler om beredskap<br \/>  4. Ny f&ouml;rhandlingsordning vid r&auml;ttstvister<\/p>\n<p>  <strong>Fr&aring;n och med den f&ouml;rsta november 2017 g&auml;ller<\/strong><br \/>  5. Avs&auml;ttning till Flexpension i Tj&auml;nstef&ouml;retag<br \/>  6. &Ouml;verenskommelse om m&ouml;jlighet till deltid i pensioneringssyfte<\/p>\n<p>  N&auml;r det g&auml;ller det f&ouml;r&auml;ndringar som tr&auml;der i kraft den 1 november 2017. Utf&ouml;rlig information om de &auml;ndringarna kommer att skickas ut under h&ouml;sten 2017.<\/p>\n<p>  F&ouml;r dig som arbetsgivare inneb&auml;r &ouml;verenskommelsen i f&ouml;rsta skedet att du beh&ouml;ver ta st&auml;llning till om det i ditt f&ouml;retag ska vara m&ouml;jligt att avst&aring; fr&aring;n Flexpension i Tj&auml;nstef&ouml;retag.<\/p>\n<p>F&ouml;retag med Seko som motpart och Avtalspension SAF\/LO<br \/>  En separat &ouml;verenskommelse har gjorts mellan Fastighetsarbetsgivarna och Seko i syfte att ta bort den avtalskonstruktion som inneb&auml;r att vissa f&ouml;retag som Seko organiserat i dag har Avtalspension SAF\/LO.(bilaga 1 i villkorsavtalet) Det &auml;r ett f&aring;tal f&ouml;retag som kommer att f&aring; en s&auml;rskild information utskickad. Observera att det inneb&auml;r ingen f&ouml;r&auml;ndring f&ouml;r de f&ouml;retag som har Fastighetsanst&auml;lldas f&ouml;rbund som motpart p&aring; arbetarsidan<\/p>\n<p><a href=\"94a12e4ef8bc4b0e8e5312a86cb35b0f\" target=\"_blank\" rel=\"noopener\">H&auml;r finns samtliga protokoll <\/a>observera att det av avtalstekniska sk&auml;ll skrivits separat med respektivepart men ordalydelsen &auml;r lika i protokollen.<\/p>\n<p><strong>Kontakta g&auml;rna avtalsansvariga f&ouml;r ytterligare information<\/strong><\/p>\n<\/p>\n","protected":false},"excerpt":{"rendered":"<p>Almega Tj\u00e4nstef\u00f6rbunden Fastighetsarbetsgivarna avtal Fastigheter och Unionen, Sveriges Ingenj\u00f6rer, Ledarna samt Seko Service och Kommunikationsfacket.<\/p>\n","protected":false},"author":1,"featured_media":0,"comment_status":"closed","ping_status":"open","sticky":false,"template":"","format":"standard","meta":{"_acf_changed":false,"footnotes":""},"categories":[1],"tags":[],"article_type":[313],"agreement":[142,141,143,145,144],"class_list":["post-5420","post","type-post","status-publish","format-standard","hentry","category-okategoriserade","type-arbetsgivarnytt","agreement-72ce80f7-ff07-de11-b4e1-02bf9e69ca65","agreement-6ece80f7-ff07-de11-b4e1-02bf9e69ca65","agreement-71ce80f7-ff07-de11-b4e1-02bf9e69ca65","agreement-74ce80f7-ff07-de11-b4e1-02bf9e69ca65","agreement-70ce80f7-ff07-de11-b4e1-02bf9e69ca65"],"acf":[],"yoast_head":"<!-- This site is optimized with the Yoast SEO Premium plugin v26.8 (Yoast SEO v26.8) - https:\/\/yoast.com\/product\/yoast-seo-premium-wordpress\/ -->\n<title>\u00d6verenskommelse om Flexpension i Tj\u00e4nstef\u00f6retag och andra avtals\u00e4ndringar | Almega<\/title>\n<meta name=\"robots\" content=\"index, follow, max-snippet:-1, max-image-preview:large, max-video-preview:-1\" \/>\n<link rel=\"canonical\" href=\"https:\/\/www.almega.se\/2017\/04\/overenskommelse-om-flexpension-i-tjansteforetag-och-andra-avtalsandringar-4\/\" \/>\n<meta property=\"og:locale\" content=\"sv_SE\" \/>\n<meta property=\"og:type\" content=\"article\" \/>\n<meta property=\"og:title\" content=\"\u00d6verenskommelse om Flexpension i Tj\u00e4nstef\u00f6retag och andra avtals\u00e4ndringar\" \/>\n<meta property=\"og:description\" content=\"Almega Tj\u00e4nstef\u00f6rbunden Fastighetsarbetsgivarna avtal Fastigheter och Unionen, Sveriges Ingenj\u00f6rer, Ledarna samt Seko Service och Kommunikationsfacket.\" \/>\n<meta property=\"og:url\" content=\"https:\/\/www.almega.se\/2017\/04\/overenskommelse-om-flexpension-i-tjansteforetag-och-andra-avtalsandringar-4\/\" \/>\n<meta property=\"og:site_name\" content=\"Almega\" \/>\n<meta property=\"article:published_time\" content=\"2017-04-04T09:00:00+00:00\" \/>\n<meta property=\"og:image\" content=\"https:\/\/www.almega.se\/app\/uploads\/2020\/12\/almega-share-logo.png\" \/>\n\t<meta property=\"og:image:width\" content=\"1200\" \/>\n\t<meta property=\"og:image:height\" content=\"630\" \/>\n\t<meta property=\"og:image:type\" content=\"image\/png\" \/>\n<meta name=\"author\" content=\"admin\" \/>\n<meta name=\"twitter:card\" content=\"summary_large_image\" \/>\n<meta name=\"twitter:label1\" content=\"Skriven av\" \/>\n\t<meta name=\"twitter:data1\" content=\"admin\" \/>\n\t<meta name=\"twitter:label2\" content=\"Ber\u00e4knad l\u00e4stid\" \/>\n\t<meta name=\"twitter:data2\" content=\"3 minuter\" \/>\n<!-- \/ Yoast SEO Premium plugin. -->","yoast_head_json":{"title":"\u00d6verenskommelse om Flexpension i Tj\u00e4nstef\u00f6retag och andra avtals\u00e4ndringar | Almega","robots":{"index":"index","follow":"follow","max-snippet":"max-snippet:-1","max-image-preview":"max-image-preview:large","max-video-preview":"max-video-preview:-1"},"canonical":"https:\/\/www.almega.se\/2017\/04\/overenskommelse-om-flexpension-i-tjansteforetag-och-andra-avtalsandringar-4\/","og_locale":"sv_SE","og_type":"article","og_title":"\u00d6verenskommelse om Flexpension i Tj\u00e4nstef\u00f6retag och andra avtals\u00e4ndringar","og_description":"Almega Tj\u00e4nstef\u00f6rbunden Fastighetsarbetsgivarna avtal Fastigheter och Unionen, Sveriges Ingenj\u00f6rer, Ledarna samt Seko Service och Kommunikationsfacket.","og_url":"https:\/\/www.almega.se\/2017\/04\/overenskommelse-om-flexpension-i-tjansteforetag-och-andra-avtalsandringar-4\/","og_site_name":"Almega","article_published_time":"2017-04-04T09:00:00+00:00","og_image":[{"width":1200,"height":630,"url":"https:\/\/www.almega.se\/app\/uploads\/2020\/12\/almega-share-logo.png","type":"image\/png"}],"author":"admin","twitter_card":"summary_large_image","twitter_misc":{"Skriven av":"admin","Ber\u00e4knad l\u00e4stid":"3 minuter"},"schema":{"@context":"https:\/\/schema.org","@graph":[{"@type":"NewsArticle","@id":"https:\/\/www.almega.se\/2017\/04\/overenskommelse-om-flexpension-i-tjansteforetag-och-andra-avtalsandringar-4\/#article","isPartOf":{"@id":"https:\/\/www.almega.se\/2017\/04\/overenskommelse-om-flexpension-i-tjansteforetag-och-andra-avtalsandringar-4\/"},"author":{"name":"admin","@id":"https:\/\/www.almega.se\/#\/schema\/person\/9c3674d192fb8b2d1d8b7a3f31c5151d"},"headline":"\u00d6verenskommelse om Flex&shy;pension i Tj\u00e4nste&shy;f\u00f6retag och andra avtals\u00e4ndringar","datePublished":"2017-04-04T09:00:00+00:00","mainEntityOfPage":{"@id":"https:\/\/www.almega.se\/2017\/04\/overenskommelse-om-flexpension-i-tjansteforetag-och-andra-avtalsandringar-4\/"},"wordCount":701,"inLanguage":"sv-SE"},{"@type":"WebPage","@id":"https:\/\/www.almega.se\/2017\/04\/overenskommelse-om-flexpension-i-tjansteforetag-och-andra-avtalsandringar-4\/","url":"https:\/\/www.almega.se\/2017\/04\/overenskommelse-om-flexpension-i-tjansteforetag-och-andra-avtalsandringar-4\/","name":"\u00d6verenskommelse om Flexpension i Tj\u00e4nstef\u00f6retag och andra avtals\u00e4ndringar | Almega","isPartOf":{"@id":"https:\/\/www.almega.se\/#website"},"datePublished":"2017-04-04T09:00:00+00:00","author":{"@id":"https:\/\/www.almega.se\/#\/schema\/person\/9c3674d192fb8b2d1d8b7a3f31c5151d"},"breadcrumb":{"@id":"https:\/\/www.almega.se\/2017\/04\/overenskommelse-om-flexpension-i-tjansteforetag-och-andra-avtalsandringar-4\/#breadcrumb"},"inLanguage":"sv-SE","potentialAction":[{"@type":"ReadAction","target":["https:\/\/www.almega.se\/2017\/04\/overenskommelse-om-flexpension-i-tjansteforetag-och-andra-avtalsandringar-4\/"]}]},{"@type":"BreadcrumbList","@id":"https:\/\/www.almega.se\/2017\/04\/overenskommelse-om-flexpension-i-tjansteforetag-och-andra-avtalsandringar-4\/#breadcrumb","itemListElement":[{"@type":"ListItem","position":1,"name":"Home","item":"https:\/\/www.almega.se\/"},{"@type":"ListItem","position":2,"name":"\u00d6verenskommelse om Flex&shy;pension i Tj\u00e4nste&shy;f\u00f6retag och andra avtals\u00e4ndringar"}]},{"@type":"WebSite","@id":"https:\/\/www.almega.se\/#website","url":"https:\/\/www.almega.se\/","name":"Almega","description":"","potentialAction":[{"@type":"SearchAction","target":{"@type":"EntryPoint","urlTemplate":"https:\/\/www.almega.se\/?s={search_term_string}"},"query-input":{"@type":"PropertyValueSpecification","valueRequired":true,"valueName":"search_term_string"}}],"inLanguage":"sv-SE"},{"@type":"Person","@id":"https:\/\/www.almega.se\/#\/schema\/person\/9c3674d192fb8b2d1d8b7a3f31c5151d","name":"admin","image":{"@type":"ImageObject","inLanguage":"sv-SE","@id":"https:\/\/www.almega.se\/#\/schema\/person\/image\/","url":"https:\/\/secure.gravatar.com\/avatar\/13aac7e7a7582f599e3ba7706cec051e12eac4ad6c2ffe6f9d24800e63294187?s=96&d=mm&r=g","contentUrl":"https:\/\/secure.gravatar.com\/avatar\/13aac7e7a7582f599e3ba7706cec051e12eac4ad6c2ffe6f9d24800e63294187?s=96&d=mm&r=g","caption":"admin"},"url":"https:\/\/www.almega.se\/person\/admin\/"}]}},"_links":{"self":[{"href":"https:\/\/www.almega.se\/api\/wp\/v2\/posts\/5420","targetHints":{"allow":["GET"]}}],"collection":[{"href":"https:\/\/www.almega.se\/api\/wp\/v2\/posts"}],"about":[{"href":"https:\/\/www.almega.se\/api\/wp\/v2\/types\/post"}],"author":[{"embeddable":true,"href":"https:\/\/www.almega.se\/api\/wp\/v2\/users\/1"}],"replies":[{"embeddable":true,"href":"https:\/\/www.almega.se\/api\/wp\/v2\/comments?post=5420"}],"version-history":[{"count":1,"href":"https:\/\/www.almega.se\/api\/wp\/v2\/posts\/5420\/revisions"}],"predecessor-version":[{"id":58199,"href":"https:\/\/www.almega.se\/api\/wp\/v2\/posts\/5420\/revisions\/58199"}],"wp:attachment":[{"href":"https:\/\/www.almega.se\/api\/wp\/v2\/media?parent=5420"}],"wp:term":[{"taxonomy":"category","embeddable":true,"href":"https:\/\/www.almega.se\/api\/wp\/v2\/categories?post=5420"},{"taxonomy":"post_tag","embeddable":true,"href":"https:\/\/www.almega.se\/api\/wp\/v2\/tags?post=5420"},{"taxonomy":"type","embeddable":true,"href":"https:\/\/www.almega.se\/api\/wp\/v2\/article_type?post=5420"},{"taxonomy":"agreement","embeddable":true,"href":"https:\/\/www.almega.se\/api\/wp\/v2\/agreement?post=5420"}],"curies":[{"name":"wp","href":"https:\/\/api.w.org\/{rel}","templated":true}]}}