{"id":5392,"date":"2017-04-12T14:00:00","date_gmt":"2017-04-12T12:00:00","guid":{"rendered":"http:\/\/almega-bento\/wp\/blog\/2017\/04\/12\/hanteringforlaggning-av-semester-for-spartrafikforetag\/"},"modified":"2017-04-12T14:00:00","modified_gmt":"2017-04-12T12:00:00","slug":"hanteringforlaggning-av-semester-for-spartrafikforetag","status":"publish","type":"post","link":"https:\/\/www.almega.se\/2017\/04\/hanteringforlaggning-av-semester-for-spartrafikforetag\/","title":{"rendered":"Hantering\/F\u00f6rl\u00e4ggning av semester f\u00f6r Sp\u00e5rtrafik&shy;f\u00f6retag"},"content":{"rendered":"\n<p class=\"intro\">Semester hanteras i Sp\u00e5rtrafikavtalets 11 \u00a7 samt i semesterlagen. Observera att det i lokalt kollektivavtal kan finnas andra \u00e4ndringar, till\u00e4gg eller kompletteringar, till nedanst\u00e5ende r\u00e5dgivning.<\/p>\n<p><strong>F&aring;r man spara tio dagars semester?<\/strong><\/p>\n<p><em>V&aring;ra medarbetare har en semesterr&auml;tt om 30 dagar. Inneb&auml;r det att de har r&auml;tt att spara 10 dagar d&aring;?<\/em><\/p>\n<p>Ja, de kan ha r&auml;tt att spara dessa men bara om ni beviljat det eller det st&aring;r reglerat i ert lokala kollektivavtal. Enligt 11 &sect; mom 8 Sp&aring;rtrafikavtalet har en medarbetare r&auml;tt att spara en eller flera av de &ouml;verskjutande dagarna (&ouml;verskjutande 20 dagar) till ett senare semester&aring;r, dock f&aring;r medarbetaren vid varje tidpunkt inte ha fler semesterdagar sparade &auml;n 25, om inte annat f&ouml;ljer av ert lokala kollektivavtal.<\/p>\n<p>N&auml;r det g&auml;ller semesterlagen s&aring; har de anst&auml;llda r&auml;tt att spara 5 dagar av de lagstadgade 25 om de har haft fullt intj&auml;nande. Eftersom ni ger ytterligare 5 semesterdagar genom enskilt avtal eller genom lokalt kollektivavtal s&aring; &auml;r dessa dagar inte reglerade i semesterlagen.<\/p>\n<p>Om inget st&aring;r i kollektivavtalet och det &auml;r en enskild &ouml;verenskommelse, till exempel p&aring; grund av bortavtalad &ouml;vertidsers&auml;ttning, s&aring; avg&ouml;r ni som arbetsgivare om ni vill ge de anst&auml;llda m&ouml;jlighet att spara dessa dagar och hur l&auml;nge i s&aring; fall.<\/p>\n<p>Har ni en policy d&auml;r &auml;ven fr&aring;gor kring semester regleras rekommenderar vi att ni f&ouml;r in vad som g&auml;ller i denna s&aring; att de anst&auml;llda f&aring;r samma information.<\/p>\n<p><strong>F&aring;r hon ta semester?<\/strong><\/p>\n<p><em>Jag har en medarbetare som kom till mig i g&aring;r och sa att hon skulle ta semester sista veckan i maj. Detta passar egentligen inte s&aring; bra f&ouml;r verksamheten. Vad kan jag g&ouml;ra?<\/em><\/p>\n<p>Det enkla och korta svaret till henne &auml;r: Nej, du f&aring;r inte ledigt. Sk&auml;let till detta &auml;r att det alltid &auml;r arbetsgivaren som beslutar om n&auml;r semesterledigheten ska l&auml;ggas ut. Medarbetaren kan framf&ouml;ra &ouml;nskem&aring;l, och ofta kan dessa tillm&ouml;tesg&aring;s, men det &auml;r aldrig medarbetaren som beslutar om semesterutl&auml;ggning, det &auml;r alltid ett arbetsgivarbeslut.<\/p>\n<p>Det finns tre inskr&auml;nkningar i arbetsgivarens beslutander&auml;tt. Det ena &auml;r att semesterledighet, som l&auml;ggs ut mot en medarbetares vilja, ska vara beslutad och meddelad minst tv&aring; m&aring;nader f&ouml;re ledighetens b&ouml;rjan. Det andra &auml;r att semester inte f&aring;r l&auml;ggas ut mot medarbetarens vilja under upps&auml;gningstid oavsett om det &auml;r arbetsgivaren eller medarbetaren som gjort upps&auml;gningen om inte upps&auml;gningstiden &auml;r l&auml;ngre &auml;n sex m&aring;nader. Den tredje inskr&auml;nkningen &auml;r att medarbetaren har r&auml;tt till fyra veckors sammanh&auml;ngande semester under juni-augusti.<\/p>\n<p><strong>F&aring;r jag beordra semester?<\/strong><\/p>\n<p><em>Jag har en medarbetare som inte vill ta ut sin semester. Kan jag beordra henne att g&ouml;ra det?<\/em><\/p>\n<p>Semesterlagstiftningen &auml;r i f&ouml;rsta hand till f&ouml;r att ge medarbetarna tid f&ouml;r vila och att &aring;terh&auml;mta sig. Med detta som utg&aring;ngspunkt s&auml;ger grundregeln att medarbetare har r&auml;tt till fyra veckors sammanh&auml;ngande semester under perioden juni-augusti, den s&aring; kallade huvudsemestern. Men semesterlagstiftningen inneb&auml;r inte bara r&auml;ttigheter utan &auml;ven skyldigheter. Som medarbetare m&aring;ste man ta ut 20 semesterdagar varje &aring;r. Betalda dagar d&auml;rut&ouml;ver kan sparas i maximalt fem &aring;r.<\/p>\n<p>Som arbetsgivare har man en skyldighet att f&ouml;rl&auml;gga huvudsemester under perioden juni-augusti samt att se till att minst 20 av de betalda semesterdagarna tas ut under &aring;ret. Vidare &auml;r man skyldig att h&aring;lla reda p&aring; de sparade semesterdagarna och meddela medarbetaren n&auml;r de senast m&aring;ste tas ut.<\/p>\n<p>N&auml;r det g&auml;ller f&ouml;rl&auml;ggning av semestern &auml;r det naturligtvis b&auml;st om arbetsgivaren och medarbetaren, eller facket, kommer &ouml;verens. G&ouml;r de inte det, &auml;r det arbetsgivaren som best&auml;mmer n&auml;r semestern ska tas ut. Men medarbetaren har fortfarande r&auml;tt till fyra veckors sammanh&auml;ngande ledighet under perioden juni-augusti. Huvudregeln &auml;r att medarbetarna senast tv&aring; m&aring;nader f&ouml;re sommarsemestern, ska f&aring; besked om n&auml;r de f&aring;r semester.<\/p>\n<p>Betalda semesterdagar ska allts&aring; tas ut. D&auml;remot har en medarbetare r&auml;tt att avst&aring; fr&aring;n att ta ut obetald semester. Fr&aring;gan kan till exempel uppst&aring; i samband med nyanst&auml;lld personal. Det &auml;r viktigt att klarg&ouml;ra hur medarbetaren t&auml;nker disponera de obetalda dagarna.<\/p>\n<p><strong>F&aring;r vi ge ers&auml;ttning i st&auml;llet f&ouml;r semester?<\/strong><\/p>\n<p><em>Vi har en medarbetare som inte vill ha semester, kan vi betala semesterers&auml;ttning i st&auml;llet?<\/em><\/p>\n<p>Nej, alla medarbetare har r&auml;tt till semester. En medarbetare som inte tj&auml;nat in betald semester kan avst&aring; fr&aring;n den obetalda ledigheten. En medarbetare kan v&auml;lja att spara de &ouml;verskjutande dagarna (5 eller 10 enligt Sp&aring;rtrafikavtalet 11 &sect; mom 2) till ett senare semester&aring;r. &Ouml;vriga betalda semesterdagar &auml;r arbetsgivaren skyldig att l&auml;gga ut.<\/p>\n<p><strong>Hur mycket semester f&aring;r v&aring;ra nyanst&auml;llda?<\/strong><\/p>\n<p><em>Vi kommer att anst&auml;lla personal under h&ouml;sten. Har de r&auml;tt att ta ut 25 dagars semester f&ouml;r resten av semester&aring;ret?<\/em><\/p>\n<p>Nej. I semesterlagen regleras att en medarbetare har r&auml;tt till 25 dagars semester varje semester&aring;r. &Auml;r det s&aring; att medarbetaren b&ouml;rjar efter den 31 augusti under semester&aring;ret har medarbetaren r&auml;tt till fem semesterdagar. Det inneb&auml;r en r&auml;tt till ledighet, men inte automatiskt en r&auml;tt till betald ledighet. F&ouml;r att ledigheten ska vara betald m&aring;ste medarbetaren ha tj&auml;nat in semesterl&ouml;n eller tr&auml;ffat &ouml;verenskommelse med arbetsgivaren om att f&aring; betald semester i f&ouml;rskott.<\/p>\n<p>Enligt semesterlagen tj&auml;nas semester in &aring;ret innan semester&aring;ret, fr&aring;n 1 april till 31 mars. Intj&auml;nande&aring;ret kan sammanfalla med semester&aring;ret eller f&ouml;r annan period enligt 11 &sect; mom 1 Sp&aring;rtrafikavtalet. Medarbetare f&aring;r avst&aring; fr&aring;n semesterledighet som inte &auml;r f&ouml;renad med semesterl&ouml;n.<\/p>\n<p>K<strong>an vi tvinga anst&auml;llda att ta semester?<\/strong><\/p>\n<p><em>Vi t&auml;nker st&auml;nga f&ouml;retaget i mellandagarna. Kan vi tvinga v&aring;ra anst&auml;llda att ta ut semester? Vad h&auml;nder i s&aring; fall med dem som inte har n&aring;gon ledighet kvar?<\/em><\/p>\n<p>Anst&auml;llda har r&auml;tt till en sammanh&auml;ngande ledighet om minst fyra veckor under perioden juni-augusti. Observera att f&ouml;rl&auml;ggning av huvudsemestern &auml;r en MBL-fr&aring;ga. Vid utl&auml;ggning av &ouml;vrig semesterledighet har arbetsgivaren en skyldighet att samr&aring;da med medarbetaren. Tr&auml;ffas inte &ouml;verenskommelse best&auml;mmer arbetsgivaren hur semestern ska f&ouml;rl&auml;ggas. Medarbetaren ska informeras om ett s&aring;dant beslut minst tv&aring; m&aring;nader innan semesterledigheten. Ni borde s&aring;ledes kunna f&ouml;rl&auml;gga sista semesterveckan under mellandagarna.<\/p>\n<p>Ni kan d&auml;remot inte tvinga en anst&auml;lld att mot sin vilja ta ut obetald semester. Tr&auml;ffas inte &ouml;verenskommelse om annat g&auml;ller f&ouml;r dem som inte har n&aring;gon ledighet som till exempel semester och kompledighet att arbetsgivaren &auml;r skyldig att betala l&ouml;n oavsett om ni kan ge dem arbetsuppgifter eller inte.<\/p>\n<p><strong>Kan vi skjuta upp semestern?<\/strong><\/p>\n<p><em>Vi har f&aring;tt in m&aring;nga uppdrag i sommar. Kan vi l&aring;ta v&aring;ra medarbetare ta ut endast tv&aring; veckors semester i juli och resterande tv&aring; veckor i september?<\/em><\/p>\n<p>Enligt semesterlagen har anst&auml;llda r&auml;tt till 25 dagars semester varje semester&aring;r. Undantagna &auml;r bland andra korttidsanst&auml;llda och de som anst&auml;llts efter den 31 augusti. Enligt huvudregeln ska fyra av dessa fem veckor l&auml;ggas ut som huvudsemester under juni, juli och augusti. Semestern ska l&auml;ggas ut sammanh&auml;ngande.<\/p>\n<p>Undantag fr&aring;n denna regel g&auml;ller om det finns avvikande regler i lokalt kollektivavtal, eller om arbetsgivaren och medarbetaren kommit &ouml;verens om annat. Har ni redan f&ouml;rhandlat och lagt ut huvudsemester under sommarm&aring;naderna kan du som arbetsgivare inte ensidigt ta tillbaka beslutet. Det f&ouml;ruts&auml;tter ny f&ouml;rhandling eller samr&aring;d och d&aring; kan den enskilde s&auml;ga nej.<\/p>\n<p>Ytterligare ett undantag fr&aring;n regeln om huvudsemester under sommaren &auml;r om f&ouml;retaget kan &aring;beropa s&auml;rskilda sk&auml;l. Exempel p&aring; s&auml;rskilda sk&auml;l kan vara s&auml;kerhetssk&auml;l eller att viktiga samh&auml;llsintressen, till exempel att sjukv&aring;rd och kommunikationer, hotas.<\/p>\n<p>I ert fall g&aring;r inte detta undantag att till&auml;mpa eftersom arbetsgivaren m&aring;ste acceptera mindre omfattande produktionsst&ouml;rningar f&ouml;r att tillgodose medarbetarnas &ouml;nskem&aring;l om att f&aring; fyra veckors sammanh&auml;ngande ledighet.<\/p>\n<p>Vad ni kan g&ouml;ra &auml;r att fr&aring;ga era medarbetare enskilt om de &auml;r beredda att frivilligt flytta halva semestern till september och att ni i geng&auml;ld skulle kunna erbjuda dem n&aring;got i kompensation.<\/p>\n<p><strong>Kan man ta semester en halv dag?<\/strong><\/p>\n<p><em>Vi har en medarbetare som vill ta semester en halv dag. Kan man g&ouml;ra det?<\/em><\/p>\n<p>Nej. Enligt 3 a &sect; semesterlagen avser semesterledighet hela dagar. Om medarbetaren vill vara ledig fr&aring;n arbetet en halv dag, kan arbetsgivaren bevilja en halv dags tj&auml;nstledighet med l&ouml;neavdrag eller, om den anst&auml;llde har r&auml;tt till f&ouml;r&auml;ldraledighet, en halv f&ouml;r&auml;ldraledighetsdag. I 14 &sect; Sp&aring;rtrafikavtalet finns &auml;ven m&ouml;jlighet till permission, det vill s&auml;ga betald ledighet f&ouml;r del av dagen eller undantagsvis flera dagar vid till exempel hastigt p&aring;kommet sjukdomsfall inom familjen eller n&auml;ra anh&ouml;rigs d&ouml;dsfall.<\/p>\n<p>Notera &auml;ven att det i 11 &sect; mom 1 Sp&aring;rtrafikavtalet ges en m&ouml;jlighet att, i lokalt kollektivavtal f&ouml;r arbetsomr&aring;den med oregelbunden arbetstidsf&ouml;rl&auml;ggning, komma &ouml;verens om ber&auml;kning av semester f&ouml;r timme ist&auml;llet f&ouml;r dag.<\/p>\n<p><strong>Kan anst&auml;lld ha semester under upps&auml;gningstiden?<\/strong><\/p>\n<p><em>Vi har sagt upp en av v&aring;ra anst&auml;llda och skulle vilja veta om semester och upps&auml;gningstid f&aring;r sammanfalla?<\/em><\/p>\n<p>Svaret beror p&aring; om upps&auml;gningen har skett f&ouml;re eller efter att beslutet om semesterns f&ouml;rl&auml;ggning har fattats.<\/p>\n<p>Om upps&auml;gning har skett innan beslut fattats om semesterns f&ouml;rl&auml;ggning s&aring; f&aring;r inte arbetsgivaren, utan medarbetarens medgivande, f&ouml;rl&auml;gga semester till upps&auml;gningstiden. Det g&auml;ller oavsett om det &auml;r medarbetaren som sagt upp sig sj&auml;lv eller om det &auml;r arbetsgivaren som sagt upp p&aring; grund av arbetsbrist eller personliga f&ouml;rh&aring;llanden.<\/p>\n<p>Om medarbetaren inte g&aring;r med p&aring; att semestern f&ouml;rl&auml;ggs till upps&auml;gningstiden s&aring; blir den intj&auml;nade semestern i st&auml;llet ett krav p&aring; semesterers&auml;ttning. &Auml;r det medarbetaren som vill att semestern f&ouml;rl&auml;ggs till upps&auml;gningstiden s&aring; fordras arbetsgivarens medgivande.<\/p>\n<p>Om upps&auml;gning har skett efter att beslut har fattats om semesterns f&ouml;rl&auml;ggning s&aring; har medarbetaren r&auml;tt att f&aring; semestern upph&auml;vd om den skulle sammanfalla med upps&auml;gningstiden, men endast om upps&auml;gningen skett p&aring; grund av arbetsbrist. Den intj&auml;nade semestern blir d&aring; i st&auml;llet ett krav p&aring; semesterers&auml;ttning. Om det &auml;r medarbetaren som sagt upp sig sj&auml;lv, eller om arbetsgivaren sagt upp medarbetaren p&aring; grund av personliga f&ouml;rh&aring;llanden, ligger den utlagda semestern fast. D&aring; kan medarbetaren f&aring; upps&auml;gningstiden att sammanfalla med den utlagda semestern.<\/p>\n<p><strong>M&aring;ste vi ha semesterlistor?<\/strong><\/p>\n<p><em>En av mina anst&auml;llda p&aring;st&aring;r att arbetsgivaren &auml;r skyldig att skicka runt s&aring; kallade semesterlistor senast den 31 mars varje &aring;r, st&auml;mmer det?<\/em><\/p>\n<p>Nej, n&aring;gon s&aring;dan regel finns inte. D&auml;remot &auml;r det vanligt att f&ouml;retagen samlar in medarbetarnas semester&ouml;nskem&aring;l i god tid f&ouml;re huvudsemestern, det vill s&auml;ga perioden juni-augusti.<br \/>  Om inte alla &ouml;nskem&aring;l kan tillgodoses har arbetsgivaren r&auml;tt att best&auml;mma n&auml;r semestern ska f&ouml;rl&auml;ggas men detta m&aring;ste ske med tv&aring; m&aring;naders framf&ouml;rh&aring;llning. F&ouml;r att kunna f&ouml;rl&auml;gga semester till juni m&aring;ste arbetsgivaren d&auml;rf&ouml;r meddela detta i slutet av mars eller b&ouml;rjan av april. Den arbetsgivare som &auml;r bunden av kollektivavtal &auml;r dessutom skyldig att MBL-f&ouml;rhandla med facket innan beslut om semesterf&ouml;rl&auml;ggningen tas.<\/p>\n<p><strong>Vad g&auml;ller f&ouml;r semesterers&auml;ttning?<\/strong><\/p>\n<p><em>En av v&aring;ra anst&auml;llda vill inte ta ut sin semester i sommar utan vill i st&auml;llet ha semesterers&auml;ttning. Vad g&auml;ller?<\/em><\/p>\n<p>Nej det g&aring;r inte, det strider mot semesterlagen. Semesterlagstiftningen har som huvudsyfte att medarbetare ska ha r&auml;tt till en l&auml;ngre betald ledighet f&ouml;r vila och rekreation under &aring;ret. Det &auml;r det fr&auml;msta sk&auml;let till att lagen i stor utstr&auml;ckning &auml;r tvingande till medarbetarens f&ouml;rm&aring;n. Medarbetare har r&auml;tt till fyra veckors sammanh&auml;ngande semester under perioden juni-augusti, den s&aring; kallade huvudsemestern.<\/p>\n<p>Arbetsgivare har en skyldighet att f&ouml;rl&auml;gga huvudsemestern under denna period. Har inget annat avtalats, ska semesterledigheten f&ouml;rl&auml;ggas s&aring; att medarbetaren f&aring;r en ledighetsperiod p&aring; fyra veckor under juni-augusti.<\/p>\n<p>Det &auml;r ocks&aring; m&ouml;jligt f&ouml;r arbetsgivaren och medarbetaren att komma &ouml;verens om att semestern f&ouml;rl&auml;ggs under en annan period, men arbetsgivaren &auml;r skyldig att se till att 20 semesterdagar f&ouml;rl&auml;ggs under semester&aring;ret. Medarbetaren har motsvarande skyldighet att ta ut 20 semesterdagar varje &aring;r. De resterande fem eller tio betalda semesterdagarna under semester&aring;ret kan sparas till ett senare semester&aring;r, dock f&aring;r medarbetaren vid varje tidpunkt inte ha fler semesterdagar sparade &auml;n 25, om inte annat f&ouml;ljer av ert lokala kollektivavtal.<\/p>\n<p>Semesterers&auml;ttning betalas ut d&aring; en medarbetare slutar sin anst&auml;llning och har intj&auml;nade semesterdagar innest&aring;ende. D&auml;remot har medarbetare r&auml;tt att avst&aring; fr&aring;n att ta ut obetald semester.<\/p>\n<p><strong>Vad g&auml;ller f&ouml;r obetald semester?<\/strong><\/p>\n<p><em>En medarbetare b&ouml;rjade hos oss i januari i &aring;r, s&aring; han har inte tj&auml;nat in full betald semester. Han vill ta ut sina nio intj&auml;nade betalda dagar i sommar. Vi har redan f&ouml;rhandlat och beslutat om huvudsemester f&ouml;r alla och skulle vilja att han tar ut fyra semesterveckor. Kan han v&auml;gra ta ut obetald semester?<\/em><\/p>\n<p>Huvudregeln &auml;r att medarbetare har r&auml;tt till 25 semesterdagar varje semester&aring;r. Enligt semesterlagen har medarbetare r&auml;tt att avst&aring; fr&aring;n att ta ut obetalda semesterdagar. Detta under f&ouml;ruts&auml;ttning att medarbetaren inte tidigare l&auml;mnat besked till arbetsgivaren att han vill ta ut &auml;ven obetalda semesterdagar under semester&aring;ret. Ett s&aring;dant besked &auml;r bindande f&ouml;r medarbetaren.<\/p>\n<p>Arbetsgivaren och medarbetaren kan i samband med anst&auml;llningen, eller n&auml;r som helst under p&aring;g&aring;ende anst&auml;llning, komma &ouml;verens om att obetalda semesterdagar inte ska tas ut. En s&aring;dan &ouml;verenskommelse &auml;r bindande f&ouml;r b&aring;da parter. Tr&auml;ffas ingen s&aring;dan &ouml;verenskommelse &auml;r medarbetaren skyldig att p&aring; beg&auml;ran fr&aring;n arbetsgivaren l&auml;mna besked om han &ouml;nskar ta ut obetald semester eller inte. Medarbetaren beh&ouml;ver inte l&auml;mna ett s&aring;dant besked f&ouml;rr&auml;n han vet hur m&aring;nga obetalda semesterdagar han har eller f&ouml;rv&auml;ntas f&aring;. Beskedet &auml;r bindande f&ouml;r medarbetaren.<\/p>\n<p>Svaret p&aring; ovanst&aring;ende fr&aring;ga beror s&aring;ledes p&aring; om arbetsgivaren fr&aring;gat medarbetaren om han vill ta ut de obetalda semesterdagarna innan semesterplaneringen gjordes eller inte. Har inte arbetsgivaren beg&auml;rt in n&aring;got besked i fr&aring;gan har medarbetaren r&auml;tt att avst&aring; fr&aring;n de obetalda dagarna.<\/p>\n<\/p>\n","protected":false},"excerpt":{"rendered":"<p>Semester hanteras i Sp\u00e5rtrafikavtalets 11 \u00a7 samt i semesterlagen. Observera att det i lokalt kollektivavtal kan finnas andra \u00e4ndringar, till\u00e4gg eller kompletteringar, till nedanst\u00e5ende r\u00e5dgivning.<\/p>\n","protected":false},"author":1,"featured_media":0,"comment_status":"closed","ping_status":"open","sticky":false,"template":"","format":"standard","meta":{"_acf_changed":false,"footnotes":""},"categories":[1],"tags":[],"article_type":[313],"agreement":[475],"class_list":["post-5392","post","type-post","status-publish","format-standard","hentry","category-okategoriserade","type-arbetsgivarnytt","agreement-f3ee7667-590c-ea11-8160-003dd8b71d64"],"acf":[],"yoast_head":"<!-- This site is optimized with the Yoast SEO Premium plugin v26.8 (Yoast SEO v26.8) - https:\/\/yoast.com\/product\/yoast-seo-premium-wordpress\/ -->\n<title>Hantering\/F\u00f6rl\u00e4ggning av semester f\u00f6r Sp\u00e5rtrafikf\u00f6retag | Almega<\/title>\n<meta name=\"robots\" content=\"index, follow, max-snippet:-1, max-image-preview:large, max-video-preview:-1\" \/>\n<link rel=\"canonical\" href=\"https:\/\/www.almega.se\/2017\/04\/hanteringforlaggning-av-semester-for-spartrafikforetag\/\" \/>\n<meta property=\"og:locale\" content=\"sv_SE\" \/>\n<meta property=\"og:type\" content=\"article\" \/>\n<meta property=\"og:title\" content=\"Hantering\/F\u00f6rl\u00e4ggning av semester f\u00f6r Sp\u00e5rtrafikf\u00f6retag\" \/>\n<meta property=\"og:description\" content=\"Semester hanteras i Sp\u00e5rtrafikavtalets 11 \u00a7 samt i semesterlagen. Observera att det i lokalt kollektivavtal kan finnas andra \u00e4ndringar, till\u00e4gg eller kompletteringar, till nedanst\u00e5ende r\u00e5dgivning.\" \/>\n<meta property=\"og:url\" content=\"https:\/\/www.almega.se\/2017\/04\/hanteringforlaggning-av-semester-for-spartrafikforetag\/\" \/>\n<meta property=\"og:site_name\" content=\"Almega\" \/>\n<meta property=\"article:published_time\" content=\"2017-04-12T12:00:00+00:00\" \/>\n<meta property=\"og:image\" content=\"https:\/\/www.almega.se\/app\/uploads\/2020\/12\/almega-share-logo.png\" \/>\n\t<meta property=\"og:image:width\" content=\"1200\" \/>\n\t<meta property=\"og:image:height\" content=\"630\" \/>\n\t<meta property=\"og:image:type\" content=\"image\/png\" \/>\n<meta name=\"author\" content=\"admin\" \/>\n<meta name=\"twitter:card\" content=\"summary_large_image\" \/>\n<meta name=\"twitter:label1\" content=\"Skriven av\" \/>\n\t<meta name=\"twitter:data1\" content=\"admin\" \/>\n\t<meta name=\"twitter:label2\" content=\"Ber\u00e4knad l\u00e4stid\" \/>\n\t<meta name=\"twitter:data2\" content=\"15 minuter\" \/>\n<!-- \/ Yoast SEO Premium plugin. -->","yoast_head_json":{"title":"Hantering\/F\u00f6rl\u00e4ggning av semester f\u00f6r Sp\u00e5rtrafikf\u00f6retag | Almega","robots":{"index":"index","follow":"follow","max-snippet":"max-snippet:-1","max-image-preview":"max-image-preview:large","max-video-preview":"max-video-preview:-1"},"canonical":"https:\/\/www.almega.se\/2017\/04\/hanteringforlaggning-av-semester-for-spartrafikforetag\/","og_locale":"sv_SE","og_type":"article","og_title":"Hantering\/F\u00f6rl\u00e4ggning av semester f\u00f6r Sp\u00e5rtrafikf\u00f6retag","og_description":"Semester hanteras i Sp\u00e5rtrafikavtalets 11 \u00a7 samt i semesterlagen. Observera att det i lokalt kollektivavtal kan finnas andra \u00e4ndringar, till\u00e4gg eller kompletteringar, till nedanst\u00e5ende r\u00e5dgivning.","og_url":"https:\/\/www.almega.se\/2017\/04\/hanteringforlaggning-av-semester-for-spartrafikforetag\/","og_site_name":"Almega","article_published_time":"2017-04-12T12:00:00+00:00","og_image":[{"width":1200,"height":630,"url":"https:\/\/www.almega.se\/app\/uploads\/2020\/12\/almega-share-logo.png","type":"image\/png"}],"author":"admin","twitter_card":"summary_large_image","twitter_misc":{"Skriven av":"admin","Ber\u00e4knad l\u00e4stid":"15 minuter"},"schema":{"@context":"https:\/\/schema.org","@graph":[{"@type":"NewsArticle","@id":"https:\/\/www.almega.se\/2017\/04\/hanteringforlaggning-av-semester-for-spartrafikforetag\/#article","isPartOf":{"@id":"https:\/\/www.almega.se\/2017\/04\/hanteringforlaggning-av-semester-for-spartrafikforetag\/"},"author":{"name":"admin","@id":"https:\/\/www.almega.se\/#\/schema\/person\/9c3674d192fb8b2d1d8b7a3f31c5151d"},"headline":"Hantering\/F\u00f6rl\u00e4ggning av semester f\u00f6r Sp\u00e5rtrafik&shy;f\u00f6retag","datePublished":"2017-04-12T12:00:00+00:00","mainEntityOfPage":{"@id":"https:\/\/www.almega.se\/2017\/04\/hanteringforlaggning-av-semester-for-spartrafikforetag\/"},"wordCount":3081,"inLanguage":"sv-SE"},{"@type":"WebPage","@id":"https:\/\/www.almega.se\/2017\/04\/hanteringforlaggning-av-semester-for-spartrafikforetag\/","url":"https:\/\/www.almega.se\/2017\/04\/hanteringforlaggning-av-semester-for-spartrafikforetag\/","name":"Hantering\/F\u00f6rl\u00e4ggning av semester f\u00f6r Sp\u00e5rtrafikf\u00f6retag | Almega","isPartOf":{"@id":"https:\/\/www.almega.se\/#website"},"datePublished":"2017-04-12T12:00:00+00:00","author":{"@id":"https:\/\/www.almega.se\/#\/schema\/person\/9c3674d192fb8b2d1d8b7a3f31c5151d"},"breadcrumb":{"@id":"https:\/\/www.almega.se\/2017\/04\/hanteringforlaggning-av-semester-for-spartrafikforetag\/#breadcrumb"},"inLanguage":"sv-SE","potentialAction":[{"@type":"ReadAction","target":["https:\/\/www.almega.se\/2017\/04\/hanteringforlaggning-av-semester-for-spartrafikforetag\/"]}]},{"@type":"BreadcrumbList","@id":"https:\/\/www.almega.se\/2017\/04\/hanteringforlaggning-av-semester-for-spartrafikforetag\/#breadcrumb","itemListElement":[{"@type":"ListItem","position":1,"name":"Home","item":"https:\/\/www.almega.se\/"},{"@type":"ListItem","position":2,"name":"Hantering\/F\u00f6rl\u00e4ggning av semester f\u00f6r Sp\u00e5rtrafik&shy;f\u00f6retag"}]},{"@type":"WebSite","@id":"https:\/\/www.almega.se\/#website","url":"https:\/\/www.almega.se\/","name":"Almega","description":"","potentialAction":[{"@type":"SearchAction","target":{"@type":"EntryPoint","urlTemplate":"https:\/\/www.almega.se\/?s={search_term_string}"},"query-input":{"@type":"PropertyValueSpecification","valueRequired":true,"valueName":"search_term_string"}}],"inLanguage":"sv-SE"},{"@type":"Person","@id":"https:\/\/www.almega.se\/#\/schema\/person\/9c3674d192fb8b2d1d8b7a3f31c5151d","name":"admin","image":{"@type":"ImageObject","inLanguage":"sv-SE","@id":"https:\/\/www.almega.se\/#\/schema\/person\/image\/","url":"https:\/\/secure.gravatar.com\/avatar\/13aac7e7a7582f599e3ba7706cec051e12eac4ad6c2ffe6f9d24800e63294187?s=96&d=mm&r=g","contentUrl":"https:\/\/secure.gravatar.com\/avatar\/13aac7e7a7582f599e3ba7706cec051e12eac4ad6c2ffe6f9d24800e63294187?s=96&d=mm&r=g","caption":"admin"},"url":"https:\/\/www.almega.se\/person\/admin\/"}]}},"_links":{"self":[{"href":"https:\/\/www.almega.se\/api\/wp\/v2\/posts\/5392","targetHints":{"allow":["GET"]}}],"collection":[{"href":"https:\/\/www.almega.se\/api\/wp\/v2\/posts"}],"about":[{"href":"https:\/\/www.almega.se\/api\/wp\/v2\/types\/post"}],"author":[{"embeddable":true,"href":"https:\/\/www.almega.se\/api\/wp\/v2\/users\/1"}],"replies":[{"embeddable":true,"href":"https:\/\/www.almega.se\/api\/wp\/v2\/comments?post=5392"}],"version-history":[{"count":1,"href":"https:\/\/www.almega.se\/api\/wp\/v2\/posts\/5392\/revisions"}],"predecessor-version":[{"id":58179,"href":"https:\/\/www.almega.se\/api\/wp\/v2\/posts\/5392\/revisions\/58179"}],"wp:attachment":[{"href":"https:\/\/www.almega.se\/api\/wp\/v2\/media?parent=5392"}],"wp:term":[{"taxonomy":"category","embeddable":true,"href":"https:\/\/www.almega.se\/api\/wp\/v2\/categories?post=5392"},{"taxonomy":"post_tag","embeddable":true,"href":"https:\/\/www.almega.se\/api\/wp\/v2\/tags?post=5392"},{"taxonomy":"type","embeddable":true,"href":"https:\/\/www.almega.se\/api\/wp\/v2\/article_type?post=5392"},{"taxonomy":"agreement","embeddable":true,"href":"https:\/\/www.almega.se\/api\/wp\/v2\/agreement?post=5392"}],"curies":[{"name":"wp","href":"https:\/\/api.w.org\/{rel}","templated":true}]}}