{"id":5382,"date":"2017-04-11T13:00:00","date_gmt":"2017-04-11T13:00:00","guid":{"rendered":"http:\/\/almega-bento\/wp\/blog\/2017\/04\/11\/nytt-avtal-med-unionen-avtalsomrade-it\/"},"modified":"2017-04-11T13:00:00","modified_gmt":"2017-04-11T13:00:00","slug":"nytt-avtal-med-unionen-avtalsomrade-it","status":"publish","type":"post","link":"https:\/\/www.almega.se\/2017\/04\/nytt-avtal-med-unionen-avtalsomrade-it\/","title":{"rendered":"Nytt avtal med Unionen, avtalsomr\u00e5de IT"},"content":{"rendered":"\n<p class=\"intro\">Den 11 april tecknade IT&amp;Telekomf\u00f6retagen inom Almega nya avtal om l\u00f6ner och allm\u00e4nna anst\u00e4llningsvillkor med Unionen, f\u00f6r avtalsomr\u00e5de IT. Avtalet \u00e4r ett tre\u00e5rigt avtal och g\u00e4ller fr o m 1 april 2017 t o m 31 mars 2020. Nedan f\u00f6ljer en information om f\u00f6r\u00e4ndringarna i avtalet.  <\/p>\n<h2>L&ouml;ner<\/h2>\n<p>L&ouml;nerevisionen sker per den 1 april 2017, 1 april 2018 respektive 1 april 2019 om inte lokala parter har kommit &ouml;verens om annat.<\/p>\n<p>Liksom tidigare avtal utg&aring;r l&ouml;nerevisionen fr&aring;n f&ouml;retagets ekonomiska och marknadsm&auml;ssiga f&ouml;ruts&auml;ttningar. Om inte arbetsgivare och lokal facklig organisation kan enas om annat &ouml;kas l&ouml;nerna f&ouml;r Unionens medlemmar med 2,0% den 1 april 2017, 1,8 % den 1 april 2018 respektive 2,3 % den 1 april 2019.<\/p>\n<p>L&ouml;neavtalets l&auml;gstal&ouml;ner &auml;r fr o m den 1 april 2017 17839 kronor, fr o m den 1 april 2018 18&nbsp;160 kronor respektive fr o m 1 april 2019 och &auml;r 18 578 kronor, f&ouml;r den som har fyllt 18 &aring;r. F&ouml;r tj&auml;nsteman med ett &aring;rs sammanh&auml;ngande anst&auml;llning vid f&ouml;retaget &auml;r l&auml;gstl&ouml;nen fr o m den 1 april 2017 19&nbsp;289 kronor, fr o m den 1 april 2018 19&nbsp;636 kronor respektive fr o m den 1 april 2019 20&nbsp;088 kronor. Precis som tidigare kan en l&auml;gre l&ouml;n till&auml;mpas under tolv m&aring;nader om de lokala parterna tr&auml;ffar en &ouml;verenskommelse om detta.<\/p>\n<p>F&ouml;r &ouml;vrigt har parterna kommit &ouml;verens om att inte g&ouml;ra n&aring;gra &auml;ndringar i l&ouml;neavtalet, se bilaga 1 till protokollet.<\/p>\n<h2>Allm&auml;nna anst&auml;llningsvillkor<\/h2>\n<p>I avtalet om allm&auml;nna anst&auml;llningsvillkor har ett antal redaktionella &auml;ndringar skett, se bilaga 2 till protokollet.<\/p>\n<p>Parterna har enats om ett antal arbetsgrupper utifr&aring;n det gemensamma intresset att befintliga f&ouml;retag och f&ouml;retag som idag inte anslutit sig till kollektivavtal ska se avtalet som en f&ouml;rdel. I det syftet inr&auml;ttas arbetsgrupper inom &auml;mnesomr&aring;dena individuella &ouml;verenskommelser, arbetstid, l&ouml;neavtalet och l&ouml;neprocessen samt kompetensutveckling och omst&auml;llning.<\/p>\n<p>Sedan tidigare har &ouml;verenskommelse tr&auml;ffats den 22 februari 2017 om ett antal &auml;ndringar i samband med att &ouml;verenskommelse om Flexpension i Tj&auml;nstef&ouml;retag tecknats. Flertalet &auml;ndringar tr&auml;der ikraft f&ouml;rst den 1 november 2017. Se l&auml;nk nedan f&ouml;r information om dessa &auml;ndringar.<\/p>\n<p><a href=\"93ed25aa7e4840f0ab95a288eb4155ac?EmailedPage=3cdb683d-ecc7-441c-93b6-0abc1e34e87e\" target=\"_blank\" rel=\"noopener\">S&auml;rskilt om &ouml;verenskommelse om Flexpension i Tj&auml;nstef&ouml;retag och andra avtals&auml;ndringar.<\/a><\/p>\n<p><a href=\"\/app\/uploads\/imported\/Protokoll-avtal-om-loner-och-anstallningsvillkor-1-april-2017---31-mars-2020-IT.pdf\" target=\"_blank\" title=\"Protokoll avtal om l\u00f6ner och anst\u00e4llningsvillkor 1 april 2017 - 31 mars 2020 IT.pdf\" rel=\"noopener\">F&ouml;rhandlingsprotokoll<\/a><br \/>  <a href=\"\/app\/uploads\/imported\/Bilaga-1-Unionen-IT-avtalet.pdf\" target=\"_blank\" title=\"Bilaga 1 Unionen IT avtalet.pdf\" rel=\"noopener\">Bilaga 1&nbsp;Avtal om lokal l&ouml;nebildning<\/a><br \/>  <a href=\"\/app\/uploads\/imported\/Bilaga-2-Unionen-ITavtalet.pdf\" target=\"_blank\" title=\"Bilaga 2 Unionen ITavtalet.pdf\" rel=\"noopener\">Bilaga 2&nbsp;&Auml;ndringar av anst&auml;llningsvillkor<\/a><br \/>  <a href=\"\/app\/uploads\/imported\/Bilaga-3-Unionen-ITavtalet.pdf\" target=\"_blank\" title=\"Bilaga 3 Unionen ITavtalet.pdf\" rel=\"noopener\">Bilaga 3 Arbetsgrupper mellan IT&amp;Telekomf&ouml;retagen och Unionen<\/a><\/p>\n<\/p>\n","protected":false},"excerpt":{"rendered":"<p>Den 11 april tecknade IT&amp;Telekomf\u00f6retagen inom Almega nya avtal om l\u00f6ner och allm\u00e4nna anst\u00e4llningsvillkor med Unionen, f\u00f6r avtalsomr\u00e5de IT. Avtalet \u00e4r ett tre\u00e5rigt avtal och g\u00e4ller fr o m 1 april 2017 t o m 31 mars 2020. Nedan f\u00f6ljer en information om f\u00f6r\u00e4ndringarna i avtalet.  <\/p>\n","protected":false},"author":1,"featured_media":0,"comment_status":"closed","ping_status":"open","sticky":false,"template":"","format":"standard","meta":{"_acf_changed":false,"footnotes":""},"categories":[1],"tags":[],"article_type":[313],"agreement":[169],"class_list":["post-5382","post","type-post","status-publish","format-standard","hentry","category-okategoriserade","type-arbetsgivarnytt","agreement-9ace80f7-ff07-de11-b4e1-02bf9e69ca65"],"acf":[],"yoast_head":"<!-- This site is optimized with the Yoast SEO Premium plugin v26.8 (Yoast SEO v26.8) - https:\/\/yoast.com\/product\/yoast-seo-premium-wordpress\/ -->\n<title>Nytt avtal med Unionen, avtalsomr\u00e5de IT | Almega<\/title>\n<meta name=\"robots\" content=\"index, follow, max-snippet:-1, max-image-preview:large, max-video-preview:-1\" \/>\n<link rel=\"canonical\" href=\"https:\/\/www.almega.se\/2017\/04\/nytt-avtal-med-unionen-avtalsomrade-it\/\" \/>\n<meta property=\"og:locale\" content=\"sv_SE\" \/>\n<meta property=\"og:type\" content=\"article\" \/>\n<meta property=\"og:title\" content=\"Nytt avtal med Unionen, avtalsomr\u00e5de IT\" \/>\n<meta property=\"og:description\" content=\"Den 11 april tecknade IT&amp;Telekomf\u00f6retagen inom Almega nya avtal om l\u00f6ner och allm\u00e4nna anst\u00e4llningsvillkor med Unionen, f\u00f6r avtalsomr\u00e5de IT. Avtalet \u00e4r ett tre\u00e5rigt avtal och g\u00e4ller fr o m 1 april 2017 t o m 31 mars 2020. Nedan f\u00f6ljer en information om f\u00f6r\u00e4ndringarna i avtalet.\" \/>\n<meta property=\"og:url\" content=\"https:\/\/www.almega.se\/2017\/04\/nytt-avtal-med-unionen-avtalsomrade-it\/\" \/>\n<meta property=\"og:site_name\" content=\"Almega\" \/>\n<meta property=\"article:published_time\" content=\"2017-04-11T13:00:00+00:00\" \/>\n<meta property=\"og:image\" content=\"https:\/\/www.almega.se\/app\/uploads\/2020\/12\/almega-share-logo.png\" \/>\n\t<meta property=\"og:image:width\" content=\"1200\" \/>\n\t<meta property=\"og:image:height\" content=\"630\" \/>\n\t<meta property=\"og:image:type\" content=\"image\/png\" \/>\n<meta name=\"author\" content=\"admin\" \/>\n<meta name=\"twitter:card\" content=\"summary_large_image\" \/>\n<meta name=\"twitter:label1\" content=\"Skriven av\" \/>\n\t<meta name=\"twitter:data1\" content=\"admin\" \/>\n\t<meta name=\"twitter:label2\" content=\"Ber\u00e4knad l\u00e4stid\" \/>\n\t<meta name=\"twitter:data2\" content=\"2 minuter\" \/>\n<!-- \/ Yoast SEO Premium plugin. -->","yoast_head_json":{"title":"Nytt avtal med Unionen, avtalsomr\u00e5de IT | Almega","robots":{"index":"index","follow":"follow","max-snippet":"max-snippet:-1","max-image-preview":"max-image-preview:large","max-video-preview":"max-video-preview:-1"},"canonical":"https:\/\/www.almega.se\/2017\/04\/nytt-avtal-med-unionen-avtalsomrade-it\/","og_locale":"sv_SE","og_type":"article","og_title":"Nytt avtal med Unionen, avtalsomr\u00e5de IT","og_description":"Den 11 april tecknade IT&amp;Telekomf\u00f6retagen inom Almega nya avtal om l\u00f6ner och allm\u00e4nna anst\u00e4llningsvillkor med Unionen, f\u00f6r avtalsomr\u00e5de IT. Avtalet \u00e4r ett tre\u00e5rigt avtal och g\u00e4ller fr o m 1 april 2017 t o m 31 mars 2020. Nedan f\u00f6ljer en information om f\u00f6r\u00e4ndringarna i avtalet.","og_url":"https:\/\/www.almega.se\/2017\/04\/nytt-avtal-med-unionen-avtalsomrade-it\/","og_site_name":"Almega","article_published_time":"2017-04-11T13:00:00+00:00","og_image":[{"width":1200,"height":630,"url":"https:\/\/www.almega.se\/app\/uploads\/2020\/12\/almega-share-logo.png","type":"image\/png"}],"author":"admin","twitter_card":"summary_large_image","twitter_misc":{"Skriven av":"admin","Ber\u00e4knad l\u00e4stid":"2 minuter"},"schema":{"@context":"https:\/\/schema.org","@graph":[{"@type":"NewsArticle","@id":"https:\/\/www.almega.se\/2017\/04\/nytt-avtal-med-unionen-avtalsomrade-it\/#article","isPartOf":{"@id":"https:\/\/www.almega.se\/2017\/04\/nytt-avtal-med-unionen-avtalsomrade-it\/"},"author":{"name":"admin","@id":"https:\/\/www.almega.se\/#\/schema\/person\/9c3674d192fb8b2d1d8b7a3f31c5151d"},"headline":"Nytt avtal med Unionen, avtalsomr\u00e5de IT","datePublished":"2017-04-11T13:00:00+00:00","mainEntityOfPage":{"@id":"https:\/\/www.almega.se\/2017\/04\/nytt-avtal-med-unionen-avtalsomrade-it\/"},"wordCount":483,"inLanguage":"sv-SE"},{"@type":"WebPage","@id":"https:\/\/www.almega.se\/2017\/04\/nytt-avtal-med-unionen-avtalsomrade-it\/","url":"https:\/\/www.almega.se\/2017\/04\/nytt-avtal-med-unionen-avtalsomrade-it\/","name":"Nytt avtal med Unionen, avtalsomr\u00e5de IT | Almega","isPartOf":{"@id":"https:\/\/www.almega.se\/#website"},"datePublished":"2017-04-11T13:00:00+00:00","author":{"@id":"https:\/\/www.almega.se\/#\/schema\/person\/9c3674d192fb8b2d1d8b7a3f31c5151d"},"breadcrumb":{"@id":"https:\/\/www.almega.se\/2017\/04\/nytt-avtal-med-unionen-avtalsomrade-it\/#breadcrumb"},"inLanguage":"sv-SE","potentialAction":[{"@type":"ReadAction","target":["https:\/\/www.almega.se\/2017\/04\/nytt-avtal-med-unionen-avtalsomrade-it\/"]}]},{"@type":"BreadcrumbList","@id":"https:\/\/www.almega.se\/2017\/04\/nytt-avtal-med-unionen-avtalsomrade-it\/#breadcrumb","itemListElement":[{"@type":"ListItem","position":1,"name":"Home","item":"https:\/\/www.almega.se\/"},{"@type":"ListItem","position":2,"name":"Nytt avtal med Unionen, avtalsomr\u00e5de IT"}]},{"@type":"WebSite","@id":"https:\/\/www.almega.se\/#website","url":"https:\/\/www.almega.se\/","name":"Almega","description":"","potentialAction":[{"@type":"SearchAction","target":{"@type":"EntryPoint","urlTemplate":"https:\/\/www.almega.se\/?s={search_term_string}"},"query-input":{"@type":"PropertyValueSpecification","valueRequired":true,"valueName":"search_term_string"}}],"inLanguage":"sv-SE"},{"@type":"Person","@id":"https:\/\/www.almega.se\/#\/schema\/person\/9c3674d192fb8b2d1d8b7a3f31c5151d","name":"admin","image":{"@type":"ImageObject","inLanguage":"sv-SE","@id":"https:\/\/www.almega.se\/#\/schema\/person\/image\/","url":"https:\/\/secure.gravatar.com\/avatar\/13aac7e7a7582f599e3ba7706cec051e12eac4ad6c2ffe6f9d24800e63294187?s=96&d=mm&r=g","contentUrl":"https:\/\/secure.gravatar.com\/avatar\/13aac7e7a7582f599e3ba7706cec051e12eac4ad6c2ffe6f9d24800e63294187?s=96&d=mm&r=g","caption":"admin"},"url":"https:\/\/www.almega.se\/person\/admin\/"}]}},"_links":{"self":[{"href":"https:\/\/www.almega.se\/api\/wp\/v2\/posts\/5382","targetHints":{"allow":["GET"]}}],"collection":[{"href":"https:\/\/www.almega.se\/api\/wp\/v2\/posts"}],"about":[{"href":"https:\/\/www.almega.se\/api\/wp\/v2\/types\/post"}],"author":[{"embeddable":true,"href":"https:\/\/www.almega.se\/api\/wp\/v2\/users\/1"}],"replies":[{"embeddable":true,"href":"https:\/\/www.almega.se\/api\/wp\/v2\/comments?post=5382"}],"version-history":[{"count":1,"href":"https:\/\/www.almega.se\/api\/wp\/v2\/posts\/5382\/revisions"}],"predecessor-version":[{"id":58182,"href":"https:\/\/www.almega.se\/api\/wp\/v2\/posts\/5382\/revisions\/58182"}],"wp:attachment":[{"href":"https:\/\/www.almega.se\/api\/wp\/v2\/media?parent=5382"}],"wp:term":[{"taxonomy":"category","embeddable":true,"href":"https:\/\/www.almega.se\/api\/wp\/v2\/categories?post=5382"},{"taxonomy":"post_tag","embeddable":true,"href":"https:\/\/www.almega.se\/api\/wp\/v2\/tags?post=5382"},{"taxonomy":"type","embeddable":true,"href":"https:\/\/www.almega.se\/api\/wp\/v2\/article_type?post=5382"},{"taxonomy":"agreement","embeddable":true,"href":"https:\/\/www.almega.se\/api\/wp\/v2\/agreement?post=5382"}],"curies":[{"name":"wp","href":"https:\/\/api.w.org\/{rel}","templated":true}]}}