{"id":5378,"date":"2017-04-26T11:00:00","date_gmt":"2017-04-26T11:00:00","guid":{"rendered":"http:\/\/almega-bento\/wp\/blog\/2017\/04\/26\/nytt-avtal-med-unionen-fd-sif-och-sveriges-ingenjorer-gra-avtalet-for-tiden-1-maj-2017-30-april-2020\/"},"modified":"2017-04-26T11:00:00","modified_gmt":"2017-04-26T11:00:00","slug":"nytt-avtal-med-unionen-fd-sif-och-sveriges-ingenjorer-gra-avtalet-for-tiden-1-maj-2017-30-april-2020","status":"publish","type":"post","link":"https:\/\/www.almega.se\/2017\/04\/nytt-avtal-med-unionen-fd-sif-och-sveriges-ingenjorer-gra-avtalet-for-tiden-1-maj-2017-30-april-2020\/","title":{"rendered":"Nytt avtal med Unionen (fd Sif) och Sveriges Ingenj\u00f6rer (gr\u00e5 avtalet) f\u00f6r tiden 1 maj 2017 &#8211; 30 april 2020"},"content":{"rendered":"\n<p class=\"intro\">Den 26 april 2017 tr\u00e4ffade Medief\u00f6retagen ett nytt avtal med Unionen (fd Sif) och Sveriges Ingenj\u00f6rer om l\u00f6ner och allm\u00e4nna anst\u00e4llningsvillkor f\u00f6r tiden 1 maj 2017 \u2013 30 april 2020.<\/p>\n<p style=\"clear: both\"><strong>&Ouml;verenskommelse<\/strong> i sin helhet inklusive bilagor <a href=\"\/app\/uploads\/imported\/overenskommelse-Unionen-(Mia-Sif)---Sveriges-Ingenjorer-2017-04-26.pdf\" title=\"\u00d6verenskommelse Unionen (Mia Sif) - Sveriges Ingenj\u00f6rer 2017-04-26.pdf\"><strong>[l&auml;nk till protokollet]<\/strong><\/a><\/p>\n<p style=\"clear: both\">Avtalet inneh&aring;ller bl.a. f&ouml;ljande:<\/p>\n\n<ul>\n<li>Avtalsperiod 36 m&aring;nader med ett totalt avtalsv&auml;rde p&aring; 6,5%, Det tredje &aring;ret &auml;r upps&auml;gningsbart<\/li>\n<li>L&ouml;nerna h&ouml;js med 6,1 % och avs&auml;ttning till Flexpension i Tj&auml;nstef&ouml;retag sker med 0,4 % under perioden<\/li>\n<\/ul>\n<ul>\n<li>L&ouml;nerevision sker enligt f&ouml;ljande:<\/li>\n<li>1 maj 2017: 2,0 %, 1 maj 2018: 1,8% och 1 maj 2019: 2,3%<\/li>\n<li>L&auml;gstl&ouml;nerna h&ouml;js som utg&aring;ende l&ouml;n<\/li>\n<li>Avs&auml;ttning till Flexpension sker med 0,2 % den 1 november 2017 och med ytterligare 0,2 % den 1 maj 2018. 2019 sker ingen ytterligare avs&auml;ttning ut&ouml;ver de 0,4 % som avsatts tidigare &aring;r.<br \/>  <a href=\"19ab166eced5424e86c1928af2a0de3f?expanded_accordions=acc_3\" target=\"_blank\" rel=\"noopener\">L&auml;s mer om flexpension<\/a><br \/>  &nbsp;<\/li>\n<li><strong>Allm&auml;nna villkor:<br \/>  Fr&aring;n och med den 1 maj 2017<\/strong><br \/>  Ans&ouml;kan om f&ouml;r&auml;ldraledighet under sommaren b&ouml;r g&ouml;ras i samband med ans&ouml;kan om huvudsemestern normalt senast den 1 mars.<br \/>  F&ouml;rtydligande av att anst&auml;llning upph&ouml;r vid utg&aring;ngen av den m&aring;nad tj&auml;nstemannen fyller 67 &aring;r om inte parterna enas om annat.\n<p>  <strong>From 1 november 2017<\/strong><br \/>  Det blir helt nya anst&auml;llningsformer och avbrytanderegler f&ouml;r dessa, nya beredskapsregler och ny f&ouml;rhandlingsordning vid tvister. Se l&auml;nk till <a href=\"https:\/\/www.almega.se\/app\/uploads\/imported\/Tjanstemannaavtalet---Sveriges-Ingenjorer-samt-Unionen-(fd-Sif)-(graa-avtalet).pdf\" target=\"_blank\" rel=\"noopener\">&ouml;verenskommelse <\/a>av den 22 februari f&ouml;r information om dessa &auml;ndringar.<br \/>  &nbsp;<\/li>\n<\/ul>\n<p><strong>1. L&Ouml;NER &ndash; UNIONEN<\/strong><\/p>\n<p>  &Ouml;verenskommelsen betr&auml;ffande l&ouml;ner best&aring;r av tv&aring; alternativa m&ouml;jligheter, Centralt l&ouml;neavtal<br \/>  bilaga 1 till uppg&ouml;relsen eller, lokalt <strong>l&ouml;neavtal bilaga 2 till uppg&ouml;relsen.<\/strong><\/p>\n<p>L&ouml;neavtalet g&auml;ller formellt endast tj&auml;nstem&auml;n som &auml;r medlemmar i Unionen om avtalet &auml;r inkopplat f&ouml;r dem. V&aring;r rekommendation &auml;r dock att avtalet b&ouml;r till&auml;mpas ocks&aring; p&aring; &ouml;vriga tj&auml;nstem&auml;n f&ouml;rutsatt att annat kollektivavtal inte g&auml;ller f&ouml;r dem.<\/p>\n<p>F&ouml;r f&ouml;retag d&auml;r kollektivavtalet inte &auml;r inkopplat, g&auml;ller vad som &auml;r individuellt &ouml;verenskommet.<\/p>\n<p><strong>1. L&Ouml;NER UNIONEN (se &ouml;verenskommelsen bilaga 1 &#8211; 2)<\/strong><\/p>\n<p><strong>Centralt l&ouml;neavtal &ndash; <\/strong><strong>l&ouml;nerevision per den 1&nbsp;maj 2017, den 1&nbsp;maj 2018 och den 1&nbsp;maj 2019<\/strong><\/p>\n<p>Ett allm&auml;nt utrymme ber&auml;knas om 2,0&nbsp;%, 1,8&nbsp;% respektive 2,3&nbsp;% av summan av fasta kontanta l&ouml;nerna f&ouml;r tj&auml;nstem&auml;n den 30 april 2017, den 30 april 2018 respektive den 30 april 2019.<\/p>\n<p>Det finns ingen individgaranti.<\/p>\n<p>Utg&aring;ngspunkten i l&ouml;neavtalet &auml;r att alla medverkar till f&ouml;retagets verksamhet och utveckling och d&auml;rmed ska ha l&ouml;ne&ouml;kning i samband med l&ouml;nerevision. En tj&auml;nsteman som inte uppvisar tillr&auml;cklig prestation eller inte n&aring;r uppsatta m&aring;l kan f&aring; ingen eller m&auml;rkbart l&aring;g l&ouml;ne&ouml;kning. I de fallen ska en &aring;tg&auml;rdsplan uppr&auml;ttas f&ouml;r ber&ouml;rda tj&auml;nstem&auml;n med tidplan och uppf&ouml;ljning av de planerade &aring;tg&auml;rderna. Se vidare i &ouml;verenskommelsens <strong>Bilaga 1 sid 6.<\/strong><\/p>\n<p>Vi har tidigare tillsammans med Unionen tagit fram <a href=\"https:\/\/www.almega.se\/app\/uploads\/imported\/lonehjalpmendelMFUnionen(fd-Si-B.pdf\" target=\"_blank\" rel=\"noopener\">st&ouml;dmaterial f&ouml;r l&ouml;neprocessen<\/a>, inloggning kr&auml;vs).<\/p>\n<p><a href=\"\/app\/uploads\/imported\/1.-Unionen-(fd-Sif)-gra-avtalet-exempel-pottfordelning-2017.pdf\" target=\"_blank\" title=\"1. Unionen (fd Sif) gr\u00e5 avtalet exempel pottf\u00f6rdelning 2017.pdf\" rel=\"noopener\">Ett exempel p&aring; pottf&ouml;rdelning <\/a><\/p>\n<h6><strong>L&auml;gsta l&ouml;ner<\/strong><\/h6>\n<p><em>Fr o m den 1 maj 2017<\/em><br \/>  L&auml;gsta l&ouml;n f&ouml;r 20-&aring;ringar &auml;r 17.170 kr\/m&aring;n<br \/>  L&auml;gsta l&ouml;n f&ouml;r 24-&aring;ringar &auml;r 19.895 kr\/m&aring;n<\/p>\n<p><em>Fr o m den 1 maj 2018<\/em><br \/>  L&auml;gsta l&ouml;n f&ouml;r 20-&aring;ringar &auml;r 17.479 kr\/m&aring;n<br \/>  L&auml;gsta l&ouml;n f&ouml;r 24-&aring;ringar &auml;r 20.253 kr\/m&aring;n<\/p>\n<p><em>Fr o m den 1 maj 2019<\/em><br \/>  L&auml;gsta l&ouml;n f&ouml;r 20-&aring;ringar &auml;r 17.881 kr\/m&aring;n<br \/>  L&auml;gsta l&ouml;n f&ouml;r 24-&aring;ringar &auml;r 20.719 kr\/m&aring;n<\/p>\n<p>L&auml;gsta l&ouml;nerna ska till&auml;mpas fr&aring;n och med den 1 maj 2017, 1 maj 2018 respektive 1 maj 2019 under f&ouml;ruts&auml;ttning att den anst&auml;llde senast den 30 april 2017, 30 april 2018 respektive 30 april 2019 fyllt 20 respektive 24 &aring;r.<\/p>\n<p><strong>F&ouml;rhandlingsordning Unionen f&ouml;r revisionen 2017 (se <\/strong><strong>&ouml;verenskommelsens bilaga 1 sid 5) <\/strong><\/p>\n<p>Tj&auml;nstem&auml;nnen ska till f&ouml;retaget senast den 25 augusti 2017 l&auml;mna skriftlig uppgift p&aring; ber&ouml;rda medlemmar och av dem utsedda representanter. F&ouml;retaget ska senast den 15 september 2017 skriftligen meddela f&ouml;rslag till nya l&ouml;ner till de utsedda representanterna. &Ouml;nskar tj&auml;nstem&auml;nnen p&aring;kalla lokal f&ouml;rhandling ska de meddela f&ouml;retaget senast den 29 september 2017. De lokala f&ouml;rhandlingarna ska vara avslutade senast den 13 oktober 2017 och eventuell central f&ouml;rhandling beg&auml;ras senast den 27 oktober 2017.<\/p>\n<p>Saknas lokal facklig representation ska f&ouml;retaget informera de anst&auml;llda om sitt f&ouml;rslag p&aring; nya l&ouml;ner senast den 15 september 2017. Unionen har r&auml;tt att beg&auml;ra f&ouml;rhandling senast den 29 september 2017.<\/p>\n<p><strong>Lokalt l&ouml;neavtal (se &ouml;verenskommelsens <\/strong><strong>bilaga 2) <\/strong><\/p>\n<p>Lokalt l&ouml;neavtal anger inte hur l&ouml;ne&ouml;kningarna ska r&auml;knas fram. Det &auml;r arbetsgivaren och den lokala fackliga organisationen som tillsammans kommer &ouml;verens om hur f&ouml;rhandlingarna ska g&aring; till, l&ouml;neutrymme samt den individuella f&ouml;rdelningen.<\/p>\n<p>Lokalt l&ouml;neavtal g&auml;ller gentemot Unionen som en alternativ m&ouml;jlighet till det traditionella s&auml;ttet att revidera l&ouml;nerna.<\/p>\n<p><strong>F&ouml;rhandlingsordning f&ouml;r revisionen 2017, lokalt l&ouml;neavtal <\/strong><br \/>  Arbetsgivaren ska senast den 25 augusti 2017 till lokal tj&auml;nstemannapart anm&auml;la sitt &ouml;nskem&aring;l att till&auml;mpa lokalt l&ouml;neavtal. Om de lokala parterna kommer &ouml;verens om att forts&auml;tta att till&auml;mpa lokalt l&ouml;neavtal ska en f&ouml;rhandlingsordning uppr&auml;ttas, dvs n&auml;r f&ouml;rhandlingarna ska starta och n&auml;r de ska vara avslutade.<\/p>\n<p>Om de lokala parterna med eller utan r&aring;dgivning fr&aring;n de centrala parterna inte kan tr&auml;ffa &ouml;verenskommelse ska f&ouml;rhandlingar enligt det centrala l&ouml;neavtalet inledas senast den 15 september 2017.<\/p>\n<p>Lokalt l&ouml;neavtal har samma giltighetstid som det centrala l&ouml;neavtalet och upph&ouml;r att g&auml;lla vid samma tidpunkt som det centrala avtalet oavsett reglering.<\/p>\n<p><strong>2. L&Ouml;NER &ndash; SVERIGES INGENJ&Ouml;RER (se &ouml;verenskommelsens <\/strong><strong>bilaga 3) <\/strong><\/p>\n<p>L&ouml;ne&ouml;kningarna g&auml;ller formellt endast tj&auml;nstem&auml;n som &auml;r medlemmar i n&aring;got akademikerf&ouml;rbund p&aring; f&ouml;retag d&auml;r avtalet med Sveriges Ingenj&ouml;rer &auml;r inkopplat. V&aring;r rekommendation &auml;r dock att avtalet b&ouml;r till&auml;mpas ocks&aring; p&aring; &ouml;vriga akademiker f&ouml;rutsatt att annat kollektivavtal inte g&auml;ller f&ouml;r dem.<\/p>\n<p>F&ouml;r f&ouml;retag d&auml;r kollektivavtalet inte &auml;r inkopplat, g&auml;ller vad som &auml;r individuellt &ouml;verenskommet.<\/p>\n<p><strong>L&ouml;nebildning enligt bilaga 3.<\/strong><\/p>\n<p><strong>F&ouml;rhandlingsordning Sveriges Ingenj&ouml;rer f&ouml;r 2017 <\/strong><\/p>\n<p>Lokala f&ouml;rhandlingar ska f&ouml;r 2017 p&aring;b&ouml;rjas i s&aring; n&auml;ra anslutning till revisionsdatum som m&ouml;jligt och vara avslutade senast den 13 oktober 2017. Eventuell central f&ouml;rhandling ska beg&auml;ras senast den 27 oktober 2017.&nbsp;<\/p>\n<p>Finns inte n&aring;gon lokal klubb vid f&ouml;retaget &ouml;verg&aring;r partsst&auml;llningen p&aring; arbetstagarsidan till den enskilde medlemmen.<\/p>\n<p>Om vare sig lokala eller centrala parter enas om l&ouml;nerevisionen f&ouml;rdelar arbetsgivaren l&ouml;ne&ouml;kningarna vilka fastst&auml;llts till en niv&aring; motsvarande 2,0 % den 1 maj 2017, 1,8 % den 1 maj 2018 och 2,3 % den 1 maj 2019.<\/p>\n<p><strong>3. ALLM&Auml;NNA ANST&Auml;LLNINGSVILLKOR <\/strong><\/p>\n<ul>\n<li><strong>Fr&aring;n och med den 1 maj 2017<\/strong><br \/>  Ans&ouml;kan f&ouml;r&auml;ldraledighet under sommaren b&ouml;r g&ouml;ras i samband med ans&ouml;kan om huvudsemestern normalt senast den 1 mars.<br \/>  Anst&auml;llning upph&ouml;r vid utg&aring;ngen av den m&aring;nad n&auml;r tj&auml;nstemannen fyller 67 &aring;r om inte parterna enas om annat.<\/li>\n<li><strong>Fr&aring;n och med den 1 november 2017<\/strong><br \/>  Det blir helt nya anst&auml;llningsformer och avbrytanderegler f&ouml;r dessa, nya beredskapsregler och ny f&ouml;rhandlingsordning vid tvister. Se l&auml;nk till <a href=\"https:\/\/www.almega.se\/app\/uploads\/imported\/Tjanstemannaavtalet---Sveriges-Ingenjorer-samt-Unionen-(fd-Sif)-(graa-avtalet).pdf\" target=\"_blank\" rel=\"noopener\">&ouml;verenskommelse<\/a> av den 22 februari f&ouml;r information om dessa &auml;ndringar.<\/li>\n<\/ul>\n<p><strong>4. AVS&Auml;TTNING TILL FLEXPENSION I TJ&Auml;NSTEF&Ouml;RETAG<\/strong><\/p>\n<p>I enlighet med och efter de principer som fastslagits i &ouml;verenskommelsen av den 22 februari 2017 avs&auml;tts 0,2 % till Flexpension i Tj&auml;nstef&ouml;retag fr&aring;n och med den 1 november 2017 och med ytterligare 0,2 % fr&aring;n och med den 1 maj 2018. 2019 sker ingen ytterligare avs&auml;ttning ut&ouml;ver de 0,4&nbsp;% som avsatts 2017 och 2018<strong>. <\/strong>Avs&auml;ttningen om 0,4&nbsp;% sker fortsatt tills 2020 d&aring; n&auml;sta &ouml;kning sker. L&ouml;nerna f&ouml;r den 1 maj 2020 &auml;r inte f&ouml;rhandlade &auml;n d&auml;remot vet vi redan nu att ytterligare avs&auml;ttning till Flexpension i Tj&auml;nstef&ouml;retag kommer att ske med 0,3% den 1 maj 2020. D&aring; blir avs&auml;ttningen sammanlagt 0,7&nbsp;%.<\/p>\n<p><strong>5. AVTALSTRYCK<\/strong><\/p>\n<p>  Kollektivavtalet kommer inte att tryckas i fysisk form. L&ouml;neavtalet ligger p&aring; hemsidan <a href=\"\/app\/uploads\/imported\/2.Loneavtal-utdrag-ur-oK-2017-04-26--MF---Unionen-fd-Sif-o-Sveriges-Ingenjorer.pdf\" target=\"_blank\" title=\"2.L\u00f6neavtal utdrag ur \u00d6K 2017-04-26  MF - Unionen fd Sif o Sveriges Ingenj\u00f6rer.pdf\" rel=\"noopener\">l&auml;nk till l&ouml;neavtalet.<\/a> D&aring; Allm&auml;nna villkorsavtalets &auml;ndringar huvudsakligen tr&auml;der i kraft den 1 november 2017 kommer det att distribueras i elektronisk form i oktober 2017.<\/p>\n&nbsp;\n\n<p><strong>Har Du fr&aring;gor som r&ouml;r Tj&auml;nstemannaavtalet (fd Sif) och Sveriges Ingenj&ouml;rer (gr&aring; avtalet) &auml;r Du alltid v&auml;lkommen att kontakta oss.<\/strong><\/p>\n<\/p>\n<\/p>\n","protected":false},"excerpt":{"rendered":"<p>Den 26 april 2017 tr\u00e4ffade Medief\u00f6retagen ett nytt avtal med Unionen (fd Sif) och Sveriges Ingenj\u00f6rer om l\u00f6ner och allm\u00e4nna anst\u00e4llningsvillkor f\u00f6r tiden 1 maj 2017 \u2013 30 april 2020.<\/p>\n","protected":false},"author":1,"featured_media":0,"comment_status":"closed","ping_status":"open","sticky":false,"template":"","format":"standard","meta":{"_acf_changed":false,"footnotes":""},"categories":[1],"tags":[],"article_type":[313],"agreement":[230,225],"class_list":["post-5378","post","type-post","status-publish","format-standard","hentry","category-okategoriserade","type-arbetsgivarnytt","agreement-1fce80f7-ff07-de11-b4e1-02bf9e69ca65","agreement-25ce80f7-ff07-de11-b4e1-02bf9e69ca65"],"acf":[],"yoast_head":"<!-- This site is optimized with the Yoast SEO Premium plugin v26.8 (Yoast SEO v26.8) - https:\/\/yoast.com\/product\/yoast-seo-premium-wordpress\/ -->\n<title>Nytt avtal med Unionen (fd Sif) och Sveriges Ingenj\u00f6rer (gr\u00e5 avtalet) f\u00f6r tiden 1 maj 2017 - 30 april 2020 | Almega<\/title>\n<meta name=\"robots\" content=\"index, follow, max-snippet:-1, max-image-preview:large, max-video-preview:-1\" \/>\n<link rel=\"canonical\" href=\"https:\/\/www.almega.se\/2017\/04\/nytt-avtal-med-unionen-fd-sif-och-sveriges-ingenjorer-gra-avtalet-for-tiden-1-maj-2017-30-april-2020\/\" \/>\n<meta property=\"og:locale\" content=\"sv_SE\" \/>\n<meta property=\"og:type\" content=\"article\" \/>\n<meta property=\"og:title\" content=\"Nytt avtal med Unionen (fd Sif) och Sveriges Ingenj\u00f6rer (gr\u00e5 avtalet) f\u00f6r tiden 1 maj 2017 - 30 april 2020\" \/>\n<meta property=\"og:description\" content=\"Den 26 april 2017 tr\u00e4ffade Medief\u00f6retagen ett nytt avtal med Unionen (fd Sif) och Sveriges Ingenj\u00f6rer om l\u00f6ner och allm\u00e4nna anst\u00e4llningsvillkor f\u00f6r tiden 1 maj 2017 \u2013 30 april 2020.\" \/>\n<meta property=\"og:url\" content=\"https:\/\/www.almega.se\/2017\/04\/nytt-avtal-med-unionen-fd-sif-och-sveriges-ingenjorer-gra-avtalet-for-tiden-1-maj-2017-30-april-2020\/\" \/>\n<meta property=\"og:site_name\" content=\"Almega\" \/>\n<meta property=\"article:published_time\" content=\"2017-04-26T11:00:00+00:00\" \/>\n<meta property=\"og:image\" content=\"https:\/\/www.almega.se\/app\/uploads\/2020\/12\/almega-share-logo.png\" \/>\n\t<meta property=\"og:image:width\" content=\"1200\" \/>\n\t<meta property=\"og:image:height\" content=\"630\" \/>\n\t<meta property=\"og:image:type\" content=\"image\/png\" \/>\n<meta name=\"author\" content=\"admin\" \/>\n<meta name=\"twitter:card\" content=\"summary_large_image\" \/>\n<meta name=\"twitter:label1\" content=\"Skriven av\" \/>\n\t<meta name=\"twitter:data1\" content=\"admin\" \/>\n\t<meta name=\"twitter:label2\" content=\"Ber\u00e4knad l\u00e4stid\" \/>\n\t<meta name=\"twitter:data2\" content=\"9 minuter\" \/>\n<!-- \/ Yoast SEO Premium plugin. -->","yoast_head_json":{"title":"Nytt avtal med Unionen (fd Sif) och Sveriges Ingenj\u00f6rer (gr\u00e5 avtalet) f\u00f6r tiden 1 maj 2017 - 30 april 2020 | Almega","robots":{"index":"index","follow":"follow","max-snippet":"max-snippet:-1","max-image-preview":"max-image-preview:large","max-video-preview":"max-video-preview:-1"},"canonical":"https:\/\/www.almega.se\/2017\/04\/nytt-avtal-med-unionen-fd-sif-och-sveriges-ingenjorer-gra-avtalet-for-tiden-1-maj-2017-30-april-2020\/","og_locale":"sv_SE","og_type":"article","og_title":"Nytt avtal med Unionen (fd Sif) och Sveriges Ingenj\u00f6rer (gr\u00e5 avtalet) f\u00f6r tiden 1 maj 2017 - 30 april 2020","og_description":"Den 26 april 2017 tr\u00e4ffade Medief\u00f6retagen ett nytt avtal med Unionen (fd Sif) och Sveriges Ingenj\u00f6rer om l\u00f6ner och allm\u00e4nna anst\u00e4llningsvillkor f\u00f6r tiden 1 maj 2017 \u2013 30 april 2020.","og_url":"https:\/\/www.almega.se\/2017\/04\/nytt-avtal-med-unionen-fd-sif-och-sveriges-ingenjorer-gra-avtalet-for-tiden-1-maj-2017-30-april-2020\/","og_site_name":"Almega","article_published_time":"2017-04-26T11:00:00+00:00","og_image":[{"width":1200,"height":630,"url":"https:\/\/www.almega.se\/app\/uploads\/2020\/12\/almega-share-logo.png","type":"image\/png"}],"author":"admin","twitter_card":"summary_large_image","twitter_misc":{"Skriven av":"admin","Ber\u00e4knad l\u00e4stid":"9 minuter"},"schema":{"@context":"https:\/\/schema.org","@graph":[{"@type":"NewsArticle","@id":"https:\/\/www.almega.se\/2017\/04\/nytt-avtal-med-unionen-fd-sif-och-sveriges-ingenjorer-gra-avtalet-for-tiden-1-maj-2017-30-april-2020\/#article","isPartOf":{"@id":"https:\/\/www.almega.se\/2017\/04\/nytt-avtal-med-unionen-fd-sif-och-sveriges-ingenjorer-gra-avtalet-for-tiden-1-maj-2017-30-april-2020\/"},"author":{"name":"admin","@id":"https:\/\/www.almega.se\/#\/schema\/person\/9c3674d192fb8b2d1d8b7a3f31c5151d"},"headline":"Nytt avtal med Unionen (fd Sif) och Sveriges Ingenj\u00f6rer (gr\u00e5 avtalet) f\u00f6r tiden 1 maj 2017 &#8211; 30 april 2020","datePublished":"2017-04-26T11:00:00+00:00","mainEntityOfPage":{"@id":"https:\/\/www.almega.se\/2017\/04\/nytt-avtal-med-unionen-fd-sif-och-sveriges-ingenjorer-gra-avtalet-for-tiden-1-maj-2017-30-april-2020\/"},"wordCount":1759,"inLanguage":"sv-SE"},{"@type":"WebPage","@id":"https:\/\/www.almega.se\/2017\/04\/nytt-avtal-med-unionen-fd-sif-och-sveriges-ingenjorer-gra-avtalet-for-tiden-1-maj-2017-30-april-2020\/","url":"https:\/\/www.almega.se\/2017\/04\/nytt-avtal-med-unionen-fd-sif-och-sveriges-ingenjorer-gra-avtalet-for-tiden-1-maj-2017-30-april-2020\/","name":"Nytt avtal med Unionen (fd Sif) och Sveriges Ingenj\u00f6rer (gr\u00e5 avtalet) f\u00f6r tiden 1 maj 2017 - 30 april 2020 | Almega","isPartOf":{"@id":"https:\/\/www.almega.se\/#website"},"datePublished":"2017-04-26T11:00:00+00:00","author":{"@id":"https:\/\/www.almega.se\/#\/schema\/person\/9c3674d192fb8b2d1d8b7a3f31c5151d"},"breadcrumb":{"@id":"https:\/\/www.almega.se\/2017\/04\/nytt-avtal-med-unionen-fd-sif-och-sveriges-ingenjorer-gra-avtalet-for-tiden-1-maj-2017-30-april-2020\/#breadcrumb"},"inLanguage":"sv-SE","potentialAction":[{"@type":"ReadAction","target":["https:\/\/www.almega.se\/2017\/04\/nytt-avtal-med-unionen-fd-sif-och-sveriges-ingenjorer-gra-avtalet-for-tiden-1-maj-2017-30-april-2020\/"]}]},{"@type":"BreadcrumbList","@id":"https:\/\/www.almega.se\/2017\/04\/nytt-avtal-med-unionen-fd-sif-och-sveriges-ingenjorer-gra-avtalet-for-tiden-1-maj-2017-30-april-2020\/#breadcrumb","itemListElement":[{"@type":"ListItem","position":1,"name":"Home","item":"https:\/\/www.almega.se\/"},{"@type":"ListItem","position":2,"name":"Nytt avtal med Unionen (fd Sif) och Sveriges Ingenj\u00f6rer (gr\u00e5 avtalet) f\u00f6r tiden 1 maj 2017 &#8211; 30 april 2020"}]},{"@type":"WebSite","@id":"https:\/\/www.almega.se\/#website","url":"https:\/\/www.almega.se\/","name":"Almega","description":"","potentialAction":[{"@type":"SearchAction","target":{"@type":"EntryPoint","urlTemplate":"https:\/\/www.almega.se\/?s={search_term_string}"},"query-input":{"@type":"PropertyValueSpecification","valueRequired":true,"valueName":"search_term_string"}}],"inLanguage":"sv-SE"},{"@type":"Person","@id":"https:\/\/www.almega.se\/#\/schema\/person\/9c3674d192fb8b2d1d8b7a3f31c5151d","name":"admin","image":{"@type":"ImageObject","inLanguage":"sv-SE","@id":"https:\/\/www.almega.se\/#\/schema\/person\/image\/","url":"https:\/\/secure.gravatar.com\/avatar\/13aac7e7a7582f599e3ba7706cec051e12eac4ad6c2ffe6f9d24800e63294187?s=96&d=mm&r=g","contentUrl":"https:\/\/secure.gravatar.com\/avatar\/13aac7e7a7582f599e3ba7706cec051e12eac4ad6c2ffe6f9d24800e63294187?s=96&d=mm&r=g","caption":"admin"},"url":"https:\/\/www.almega.se\/person\/admin\/"}]}},"_links":{"self":[{"href":"https:\/\/www.almega.se\/api\/wp\/v2\/posts\/5378","targetHints":{"allow":["GET"]}}],"collection":[{"href":"https:\/\/www.almega.se\/api\/wp\/v2\/posts"}],"about":[{"href":"https:\/\/www.almega.se\/api\/wp\/v2\/types\/post"}],"author":[{"embeddable":true,"href":"https:\/\/www.almega.se\/api\/wp\/v2\/users\/1"}],"replies":[{"embeddable":true,"href":"https:\/\/www.almega.se\/api\/wp\/v2\/comments?post=5378"}],"version-history":[{"count":1,"href":"https:\/\/www.almega.se\/api\/wp\/v2\/posts\/5378\/revisions"}],"predecessor-version":[{"id":58174,"href":"https:\/\/www.almega.se\/api\/wp\/v2\/posts\/5378\/revisions\/58174"}],"wp:attachment":[{"href":"https:\/\/www.almega.se\/api\/wp\/v2\/media?parent=5378"}],"wp:term":[{"taxonomy":"category","embeddable":true,"href":"https:\/\/www.almega.se\/api\/wp\/v2\/categories?post=5378"},{"taxonomy":"post_tag","embeddable":true,"href":"https:\/\/www.almega.se\/api\/wp\/v2\/tags?post=5378"},{"taxonomy":"type","embeddable":true,"href":"https:\/\/www.almega.se\/api\/wp\/v2\/article_type?post=5378"},{"taxonomy":"agreement","embeddable":true,"href":"https:\/\/www.almega.se\/api\/wp\/v2\/agreement?post=5378"}],"curies":[{"name":"wp","href":"https:\/\/api.w.org\/{rel}","templated":true}]}}