{"id":5358,"date":"2017-05-05T09:00:00","date_gmt":"2017-05-05T09:00:00","guid":{"rendered":"http:\/\/almega-bento\/wp\/blog\/2017\/05\/05\/forandringar-i-allmanna-anstallningsvillkor-fran-och-med-1-maj-2017\/"},"modified":"2017-05-05T09:00:00","modified_gmt":"2017-05-05T09:00:00","slug":"forandringar-i-allmanna-anstallningsvillkor-fran-och-med-1-maj-2017","status":"publish","type":"post","link":"https:\/\/www.almega.se\/2017\/05\/forandringar-i-allmanna-anstallningsvillkor-fran-och-med-1-maj-2017\/","title":{"rendered":"F\u00f6r\u00e4ndringar i allm\u00e4nna anst\u00e4llningsvillkor fr\u00e5n och med 1 maj 2017"},"content":{"rendered":"\n<p class=\"intro\">F\u00f6rtydligande ang\u00e5ende f\u00f6r\u00e4ndrade best\u00e4mmelser om allm\u00e4nna anst\u00e4llningsvillkor (anst\u00e4llningsformer samt beredskap) fr o m 1 maj 2017.<\/p>\n<p>&Aring;rets avtalsr&ouml;relse mellan Almega Samhallf&ouml;rbundet och tj&auml;nstem&auml;nnen inom Unionen, Akademikerf&ouml;rbunden och Ledarna &auml;r klar.<\/p>\n<p>Avtalet g&auml;ller f&ouml;r perioden 1 april 2017 &ndash; 31 mars 2020. I &ouml;verenskommelsen finns bl a en f&ouml;r&auml;ndring avseende f&ouml;r&auml;ndrade anst&auml;llningsformer samt f&ouml;r&auml;ndrade regler kring beredskap. Dessa tv&aring; f&ouml;r&auml;ndringar &auml;r ett resultat av de s k Flexpensionsf&ouml;rhandlingarna som f&ouml;regick &aring;rets avtalsr&ouml;relse genom att parterna den 22 februari &ouml;verenskom att inf&ouml;ra ett system f&ouml;r Flexpension. Vid dessa f&ouml;rhandlingar genomf&ouml;rdes &auml;ven f&ouml;r&auml;ndringar i bl anst&auml;llningsformer och beredskap.<\/p>\n<p>Ursprungligen skulle samtliga delar av &ouml;verenskommelserna om Flexpension g&auml;lla fr o m 1 november 2017. I samband med &aring;rets avtalsr&ouml;relse har parterna ist&auml;llet enats om att nya villkor f&ouml;r anst&auml;llningsformer samt beredskap ska g&auml;lla fr o m 1 maj 2017.<\/p>\n<p>De nya reglerna finns som bilaga 2 och 3 till f&ouml;rhandlingsprotokollen f&ouml;r Flexpension och publiceras separat i detta Arbetsgivarnytt. F&ouml;r direktanst&auml;llda tj&auml;nstem&auml;n g&auml;ller f&ouml;r&auml;ndringarna b&aring;de anst&auml;llningsformer och beredskap. F&ouml;r anvisade tj&auml;nstem&auml;n g&auml;ller f&ouml;r&auml;ndringarna beredskapsdelen.<\/p>\n<h2>Avtal om anst&auml;llningsformer samt avbrytande av visstidsanst&auml;llningar<br \/>  &nbsp;<\/h2>\n<p><em>&sect; 2 och &sect; 12 i mellanvarande kollektivavtal om allm&auml;nna anst&auml;llningsvillkor &auml;ndras enligt f&ouml;ljande.<\/em><\/p>\n<h2>Anst&auml;llning<\/h2>\n<p>De anst&auml;llningsformer som anges nedan &auml;r en utt&ouml;mmande reglering av de anst&auml;ll&shy;ningsformer som &auml;r tillg&auml;ngliga p&aring; avtalsomr&aring;det. Vad det avser f&ouml;retr&auml;desr&auml;tt till &aring;teranst&auml;llning g&auml;ller lagen om anst&auml;llningsskydd s&aring; vida inte annat anges.<\/p>\n<p><strong>Mom 1&nbsp;Anst&auml;llning tills vidare<\/strong><br \/>  En anst&auml;llning g&auml;ller tills vidare, om arbetsgivaren och tj&auml;nstemannen inte har kom&shy;mit &ouml;verens om att anst&auml;llningen ska vara tidsbegr&auml;nsad eller p&aring; prov.<\/p>\n<p><strong>Mom 2 Villkor f&ouml;r tidsbegr&auml;nsade anst&auml;llningar<\/strong><br \/>  Arbetsgivaren och tj&auml;nstemannen kan komma &ouml;verens om tidsbegr&auml;nsad anst&auml;llning:<\/p>\n<p>&#8211; Vid vikariat f&ouml;r att ers&auml;tta en tj&auml;nsteman vid dennes ledighet eller fr&aring;nvaro eller f&ouml;r att uppr&auml;tth&aring;lla en ledigf&ouml;rklarad befattning. &nbsp;<\/p>\n<p>&#8211; F&ouml;r avtalad visstid<\/p>\n<p>Ett avtal om avtalad visstid ska omfatta en minsta anst&auml;llningstid om sju dagar om arbetsgivaren och tj&auml;nstemannen inte kommer &ouml;verens om kortare anst&auml;llningstid.<\/p>\n<p><strong>Anm&auml;rkning 1<\/strong><br \/>  Regler om pr&ouml;votid och avbrytande av vikariat och avtalad visstid finns i &sect; 12 mom 3:3.<\/p>\n<p><strong>Anm&auml;rkning 2<\/strong><br \/>  Om den fackliga organisationen anser att m&ouml;jligheten att genom indivi&shy;duell &ouml;verens&shy;kommelse visstidsanst&auml;lla p&aring; kortare tid &auml;n sju dagar missbrukas kan organisationen efter lokal och central f&ouml;rhandling i saken &aring;terkalla m&ouml;jligheten f&ouml;r arbetsgivaren att forts&auml;ttningsvis tr&auml;ffa dylika individuella &ouml;verenskommelser. M&ouml;j&shy;ligheten att &aring;ter&shy;kalla g&auml;ller inte d&aring; lokal &ouml;verenskommelse tr&auml;ffats. Med missbruk avses att arbets&shy;givaren &aring;terkommande anst&auml;ller f&ouml;r kort tid trots att verksamhetens behov kunnat tillgodoses genom l&auml;ngre visstidsanst&auml;llning eller tillsvidareanst&auml;ll&shy;ning. Vid miss&shy;tanke om missbruk har den fackliga organisationen r&auml;tt att f&aring; del av samtliga anst&auml;ll&shy;ningsavtal d&auml;r individuell &ouml;verenskommelse tr&auml;ffats om kortare anst&auml;llningstid &auml;n sju dagar avseende den senaste sexm&aring;nadersperioden.<\/p>\n<p>Lokala parter kan ocks&aring; tr&auml;ffa &ouml;verenskommelse om kortare anst&auml;llningstid.<\/p>\n<p><strong>Anm&auml;rkning 3<\/strong><br \/>  Avsikten med en lokal &ouml;verenskommelse &auml;r att arbetsgivaren och tj&auml;ns&shy;temannaparten tillsammans ser &ouml;ver i vilka typsituationer ett s&aring;dant korttidsanst&auml;ll&shy;ningsbehov, peri&shy;odiskt eller &aring;terkommande, f&ouml;rekommer i verksamheten och p&aring; f&ouml;r&shy;hand &ouml;verenskom&shy;mer om undantag avseende dessa alternativt i en enskild situation tr&auml;ffar lokal &ouml;ver&shy;enskommelse.<\/p>\n<p>Studerande som &auml;r inskrivna vid universitet eller h&ouml;gskola kan alltid anst&auml;llas f&ouml;r avtalad visstid utan krav p&aring; minsta anst&auml;llningstid.<\/p>\n<p>-F&ouml;r tj&auml;nsteman som uppn&aring;tt den ordinarie pensions&aring;ldern enligt ITP-planen (fn. 65 &aring;r).<\/p>\n<p>&#8211; F&ouml;r s&auml;songsarbete.<\/p>\n<p><strong>Anm&auml;rkning 4<\/strong><br \/>  Parterna &auml;r &ouml;verens om att definitionen av s&auml;songsarbete f&ouml;ljer av lagen om anst&auml;llningsskydd.<\/p>\n<p>&#8211; Doktorandtj&auml;nst, d&aring; arbete med doktorsavhandling sker helt eller delvis vid f&ouml;re&shy;tag.<\/p>\n<p>&#8211;&nbsp;F&ouml;r skolungdom samt vid praktikarbete.<\/p>\n<p>Till en tidsbegr&auml;nsad anst&auml;llning som bed&ouml;ms f&aring; en varaktighet av h&ouml;gst en m&aring;nad g&auml;ller inte f&ouml;retr&auml;desr&auml;tt till &aring;teranst&auml;llning.<\/p>\n<p><strong>Mom 3&nbsp;&nbsp;&nbsp;&nbsp;&nbsp;&nbsp;&nbsp; Omvandlingsregel f&ouml;r vikariat och avtalad visstid<\/strong><br \/>  Ett vikariat eller en avtalad visstid &ouml;verg&aring;r i en tillsvidareanst&auml;llning n&auml;r en arbets&shy;tagare har varit anst&auml;lld hos arbetsgivaren i vikariat och\/eller avtalad visstid samman&shy;lagt mer &auml;n i 36 m&aring;nader under en fem&aring;rsperiod.<\/p>\n<p><strong>Anm&auml;rkning<\/strong><br \/>  Tj&auml;nsteman kan efter det att tidpunkten f&ouml;r omvandling till tillsvidare&shy;anst&auml;llning intr&auml;tt tr&auml;ffa skriftlig &ouml;verenskommelse med arbetsgivaren om att avst&aring; den aktualiserade omvandlingen. S&aring;dan &ouml;verenskommelse g&auml;ller i sex m&aring;nader. Tj&auml;nsteman kan h&auml;refter p&aring; nytt avst&aring; fr&aring;n tillsvidareanst&auml;llning enligt denna regel. F&ouml;r den som uppn&aring;tt den ordinarie pensions&aring;ldern enligt ITP-planen (fn. 65 &aring;r) &ouml;verg&aring;r inte en avtalad visstidsanst&auml;llning eller ett vikariat till en tillsvidareanst&auml;ll&shy;ning.<\/p>\n<p>I huvudregel g&auml;ller, likt g&auml;llande r&auml;tt avseende allm&auml;n visstidsanst&auml;llning och vika&shy;riat, vid omvandling att anst&auml;llningsvillkoren kvarst&aring;r of&ouml;r&auml;ndrade om inte arbets&shy;givaren och tj&auml;nstemannen kommer &ouml;verens om annat. F&ouml;r det fall parterna inte kommit &ouml;verens och syssels&auml;ttningsgraden kort f&ouml;re omvandlingstidpunkten i v&auml;sent&shy;lig m&aring;n avviker fr&aring;n en genomsnittligt ber&auml;knad syssels&auml;ttningsgrad under de sen&shy;aste tolv m&aring;naderna ska denna i tillsvidareanst&auml;llningen best&auml;mmas till den genom&shy;snittliga.<\/p>\n<p><strong>Mom 4 Provanst&auml;llning<\/strong><br \/>  Avtal om provanst&auml;llning f&aring;r tr&auml;ffas n&auml;r syftet &auml;r att anst&auml;llningen efter pr&ouml;votiden ska &ouml;verg&aring; i en tillsvidareanst&auml;llning. N&aring;got s&auml;rskilt krav p&aring; pr&ouml;vobehov uppst&auml;lls inte. Avtalet f&aring;r dock omfatta h&ouml;gst sex m&aring;nader. Har tj&auml;nstemannen varit fr&aring;nva&shy;rande under pr&ouml;voperioden, kan anst&auml;llningen efter &ouml;verenskommelse f&ouml;rl&auml;ngas med tid som motsvarar fr&aring;nvarotiden.<\/p>\n<p>Har tj&auml;nstemannen direkt f&ouml;re provanst&auml;llningen varit anst&auml;lld i liknande befattning i f&ouml;retaget, i avtalad visstid eller vikariat, minskas provanst&auml;llningstiden i motsvarande grad.<\/p>\n<p>Om provanst&auml;llningen inte &ouml;verg&aring;r till en tillsvidareanst&auml;llning, ska arbetsgivaren motivera sitt st&auml;llningstagande, om tj&auml;nstemannen beg&auml;r det.<\/p>\n<p><strong>Anm&auml;rkning<\/strong><br \/>  Regler om vad som g&auml;ller om endera parten vill avslut provanst&auml;llningen i f&ouml;rtid eller om den inte ska &ouml;verg&aring; i en tillsvidareanst&auml;llning, finns i &sect; 12 mom 3:2.<\/p>\n<p><strong>Mom 5&nbsp;&Ouml;verg&aring;ngsbest&auml;mmelser<\/strong><br \/>  Parterna &auml;r &ouml;verens om att reglerna om anst&auml;llning tr&auml;der i kraft den 1 november 2017. F&ouml;r anst&auml;llningsavtal som &auml;r tr&auml;ffade f&ouml;re den 1 no&shy;vember 2017 g&auml;ller tidigare regler f&ouml;r s&aring;dana anst&auml;llningar fullt ut.<\/p>\n<h2>&sect; 12&nbsp;&nbsp;&nbsp;&nbsp; Upps&auml;gning<\/h2>\n<p>&sect; 12 mom 1 och 2 &auml;r of&ouml;r&auml;ndrade. &sect; 12 mom 3:2 &ndash; mom 3:5 f&aring;r ny lydelse enligt ne&shy;dan. Tidigare g&auml;llande &sect; 12 mom 3:3 &ndash; mom 3:8 f&aring;r ny numrering; &sect; 12 mom 3:6 &ndash; mom 3:11.<\/p>\n<p><strong>&sect; 12 mom 3:2&nbsp;Avbrytande av provanst&auml;llning<\/strong><br \/>  Provanst&auml;llningen kan avbrytas av b&aring;de arbetsgivaren och tj&auml;nstemannen f&ouml;re pr&ouml;vo&shy;tidens utg&aring;ng genom skriftligt besked senast tv&aring; veckor i f&ouml;rv&auml;g.<\/p>\n<p>Vill inte arbetsgivaren eller tj&auml;nstemannen att anst&auml;llningen ska forts&auml;tta efter det att pr&ouml;votiden l&ouml;pt ut, ska skriftligt besked om detta l&auml;mnas senast tv&aring; veckor f&ouml;re pr&ouml;&shy;votidens utg&aring;ng. Har inte underr&auml;ttelse l&auml;mnats senast vid pr&ouml;votidens utg&aring;ng &ouml;ver&shy;g&aring;r provanst&auml;llningen till en tillsvidareanst&auml;llning.<\/p>\n<p><strong>&sect; 12 mom 3:3 Pr&ouml;votid och avbrytande av vikariat och avtalad visstid<\/strong><br \/>  Ett vikariat eller en avtalad visstid kan bringas att upph&ouml;ra genom att arbetsgivaren eller tj&auml;nstemannen l&auml;mnar underr&auml;ttelse d&auml;rom. Anst&auml;llningen upph&ouml;r d&aring; en m&aring;nad efter det att n&aring;gondera parten skriftligen underr&auml;ttat motparten om sin avsikt att av&shy;bryta anst&auml;llningen. M&ouml;jligheten att genom underr&auml;ttelse bringa anst&auml;llningen att upph&ouml;ra g&auml;ller endast fram till den tidpunkt d&aring; tj&auml;nstemannen har en sammanlagd an&shy;st&auml;llningstid om sex m&aring;nader vid f&ouml;retaget. N&auml;r ett avtal om en avtalad visstid eller ett vikariat har f&ouml;reg&aring;tts av en provanst&auml;llning i liknande befattning i f&ouml;retaget mins&shy;kas pr&ouml;votiden i motsvarande grad.<\/p>\n<p>Om vikariatet eller den avtalade visstidsanst&auml;llningen upph&ouml;r att g&auml;lla genom under&shy;r&auml;ttelse fr&aring;n arbetsgivaren, ska arbetsgivaren motivera sitt st&auml;llningstagande om tj&auml;ns&shy;temannen beg&auml;r det.<\/p>\n<p><strong>Anm&auml;rkning<\/strong><br \/>  Arbetsgivaren och tj&auml;nstemannen kan skriftligen &ouml;verenskomma om att ett vikariat eller en avtalad visstid inte av n&aring;gondera parten kan bringas att upph&ouml;ra genom underr&auml;ttelse.<\/p>\n<p><strong>&sect; 12 mom 3:4 Upps&auml;gning av tidsbegr&auml;nsad anst&auml;llning<\/strong><br \/>  Om arbetsgivare och tj&auml;nsteman kommit &ouml;verens om att en tidsbegr&auml;nsad anst&auml;llning kan s&auml;gas upp i f&ouml;rtid kan parterna inte komma &ouml;verens om kortare upps&auml;gningstid &auml;n vad som framg&aring;r av kollektivavtalets upps&auml;g&shy;ningstider.<\/p>\n<p>En &ouml;verenskommelse om upps&auml;gnings&shy;m&ouml;jlighet i f&ouml;rtid &auml;ger till&auml;mpning f&ouml;rst efter att eventuell pr&ouml;votid enligt mom 3:3 l&ouml;pt ut.<\/p>\n<p><strong>&sect;&nbsp;12 mom 3:5 &Ouml;verg&aring;ngsbest&auml;mmelser<\/strong><br \/>  Parterna &auml;r &ouml;verens om att reglerna i mom 3:2 &ndash; 3:4 tr&auml;der i kraft den 1 november 2017. F&ouml;r anst&auml;llningsavtal som &auml;r tr&auml;ffade f&ouml;re den 1 no&shy;vember 2017 g&auml;ller tidigare regler f&ouml;r s&aring;dana anst&auml;llningar fullt ut.<\/p>\n<h2>Beredskap<\/h2>\n<hr \/>\n<p>Nedan angiven avtalstext ers&auml;tter &sect; 6 mom 2 i mellanvarande kollektivavtal om allm&auml;nna anst&auml;llningsvillkor.<\/p>\n<p><strong>&sect; 6 mom 2&nbsp;Beredskap<\/strong><\/p>\n<p><strong>Mom 2:1&nbsp;Definition<\/strong><br \/>  Med beredskap avses tid d&aring; tj&auml;nstemannen inte har arbetsskyldighet men m&aring;ste vara antr&auml;ffbar f&ouml;r att kunna utf&ouml;ra arbete n&auml;r det uppst&aring;r ett behov.<\/p>\n<p><strong>Mom 2:2&nbsp;&nbsp;Lokala avtal<\/strong><br \/>  De lokala parterna kan tr&auml;ffa &ouml;verenskommelse om beredskap d&auml;r till exempel bered&shy;skapstj&auml;nster och ers&auml;ttningsformer anpassas efter lokala f&ouml;ruts&auml;ttningar.<\/p>\n<p>Som underlag f&ouml;r s&aring;dana &ouml;verenskommelser kan nedanst&aring;ende tabell, d&auml;r beredskaps&shy;pass, beredskapsers&auml;ttning samt ers&auml;ttning f&ouml;r arbetad tid under beredskapstj&auml;nst defi&shy;nieras, tj&auml;na som utg&aring;ngspunkt.<\/p>\n<table border=\"1\" cellpadding=\"1\" cellspacing=\"1\" style=\"width: 600px\">\n<tbody>\n<tr>\n<td>&nbsp;&nbsp;<\/td>\n<td>Beredskap 1<\/td>\n<td>Beredskap 2<\/td>\n<\/tr>\n<\/tbody>\n<\/table>\n<table border=\"1\" cellpadding=\"1\" cellspacing=\"1\" style=\"width: 600px\">\n<tbody>\n<tr>\n<td>&nbsp;<\/td>\n<td>Ers&auml;ttning<br \/>  f&ouml;r beredskap<br \/>  &nbsp;<\/td>\n<td>Ers&auml;ttning f&ouml;r<br \/>  arbetad tid<br \/>  &nbsp;<\/td>\n<td>Ers&auml;ttning<br \/>  f&ouml;r beredskap<br \/>  &nbsp;<\/td>\n<td>Ers&auml;ttning f&ouml;r<br \/>  arbetad tid<br \/>  &nbsp;<\/td>\n<\/tr>\n<tr>\n<td>Tid&nbsp;1<\/td>\n<td>&nbsp;<\/td>\n<td>&nbsp;<\/td>\n<td>&nbsp;<\/td>\n<td>&nbsp;<\/td>\n<\/tr>\n<tr>\n<td>Tid 2<\/td>\n<td>&nbsp;<\/td>\n<td>&nbsp;<\/td>\n<td>&nbsp;<\/td>\n<td>&nbsp;<\/td>\n<\/tr>\n<\/tbody>\n<\/table>\n<p><strong>Mom 2:3&nbsp;Beredskapstj&auml;nst<\/strong><\/p>\n<p><strong>Beredskapstj&auml;nst A<\/strong> inneb&auml;r att tj&auml;nstemannen via ett mobilt verktyg eller liknande ska vara antr&auml;ffbar f&ouml;r att inst&auml;lla sig i arbete. Beredskapstj&auml;nst A kr&auml;ver inte att tj&auml;nstemannen beh&ouml;ver inst&auml;lla sig p&aring; n&aring;gon angiven plats.<\/p>\n<p><strong>Beredskapstj&auml;nst B<\/strong> inneb&auml;r att tj&auml;nstemannen ska inst&auml;lla sig p&aring; arbetsst&auml;llet eller av arbetsgivaren annan angiven plats f&ouml;r att utf&ouml;ra arbete.<\/p>\n<p><strong>Beredskapstj&auml;nst C<\/strong> inneb&auml;r att tj&auml;nstemannen ska inst&auml;lla sig i hemmet f&ouml;r att utf&ouml;ra arbete.<\/p>\n<p><strong>Anm&auml;rkning 1<\/strong><br \/>  F&ouml;r de fall arbetsgivaren vill till&auml;mpa Beredskapstj&auml;nst C, men tj&auml;nstemannen inte anser att hemmet &auml;r en &ouml;nskv&auml;rd arbetsplats ska inst&auml;llelse i arbete ske p&aring; arbets&shy;st&auml;llet eller p&aring; annan angiven plats. Ers&auml;ttning utg&aring;r dock enligt beredskapstj&auml;nst C.<\/p>\n<p><strong>Anm&auml;rkning 2<\/strong><br \/>  Vid beredskapstj&auml;nst ska arbetsgivaren ta h&auml;nsyn till sk&auml;liga inst&auml;llelsetider med be&shy;aktande av tj&auml;nstemannens typ av beredskap samt andra praktiska och objektiva re&shy;le&shy;vanta f&ouml;ruts&auml;ttningar. En (1) timme f&ouml;r inst&auml;llelsetid vid Beredskapstj&auml;nst B re&shy;spek&shy;tive dagtid vid Beredskapstj&auml;nst C kan tj&auml;na som utg&aring;ngspunkt. Inst&auml;llelsetid kan vara b&aring;de kortare och l&auml;ngre.<\/p>\n<p><strong>Mom 2:4&nbsp;Schema<\/strong><br \/>  Beredskap ska schemal&auml;ggas s&aring; att den inte osk&auml;ligt belastar enskild tj&auml;nsteman. Schema b&ouml;r uppr&auml;ttas och kommuniceras i god tid. &Auml;ndringar av schemal&auml;ggning meddelas senast tv&aring; veckor i f&ouml;rv&auml;g. Tillf&auml;lliga avvikelser som inte kunnat f&ouml;rutses vid schemal&auml;ggning r&auml;knas inte som en schema&auml;ndring.&nbsp;<\/p>\n<p><strong>Anm&auml;rkning 1<\/strong><br \/>  Med osk&auml;ligt belastar avses som exempel att beredskap inte ska schemal&auml;ggas p&aring; f&ouml;r f&aring; tj&auml;nstem&auml;n eller att beredskap schemal&auml;ggs i flera beredskapspass under samma dygn utan samband med ordinarie arbetstid.<\/p>\n<p><strong>Anm&auml;rkning 2<\/strong><br \/>  Lokal &ouml;verenskommelse f&ouml;rutsetts vid behov tr&auml;ffas om nattarbete och viloregler i samband med beredskapstj&auml;nst.<\/p>\n<p><strong>Mom 2:5 Beredskapsers&auml;ttning<\/strong><br \/>  Om lokal &ouml;verenskommelse inte tr&auml;ffats om annat ers&auml;tts Beredskapstj&auml;nst A, B respek&shy;tive C enligt f&ouml;ljande:<\/p>\n<table border=\"1\" cellpadding=\"1\" cellspacing=\"1\" style=\"width: 600px\">\n<tbody>\n<tr>\n<td>F&ouml;rl&auml;ggningstidpunkt<\/td>\n<td>Ers&auml;ttning per timme<\/td>\n<\/tr>\n<\/tbody>\n<\/table>\n<table border=\"1\" cellpadding=\"1\" cellspacing=\"1\" style=\"width: 600px\">\n<tbody>\n<tr>\n<td>&nbsp;<\/td>\n<td>A<br \/>  &nbsp;<\/td>\n<td>B<br \/>  &nbsp;<\/td>\n<td>C<br \/>  &nbsp;<\/td>\n<\/tr>\n<tr>\n<td>M&aring;ndag kl 00 &#8211; Fredag kl 18<\/td>\n<td style=\"text-align: center\"><u>M&aring;nadsl&ouml;n<\/u><br \/>  1750<br \/>  &nbsp;<\/td>\n<td style=\"text-align: center\"><u>M&aring;nadsl&ouml;n<\/u><br \/>  1400<br \/>  &nbsp;<\/td>\n<td style=\"text-align: center\"><u>M&aring;nadsl&ouml;n<\/u><br \/>  1650<br \/>  &nbsp;<\/td>\n<\/tr>\n<tr>\n<td>Fredag kl 18 &#8211; L&ouml;rdag kl 07,<br \/>  samt fr&aring;n kl 18 dagen f&ouml;re<br \/>  till kl 07 Trettondagen,<br \/>  1 maj, Kristi Himmelsf&auml;rdsdag,<br \/>  Alla Helgons dag och<br \/>  Nationaldagen.<br \/>  &nbsp;<\/td>\n<td style=\"text-align: center\"><u>M&aring;nadsl&ouml;n<\/u><br \/>  1100<\/p>\n<p>  &nbsp;<\/td>\n<td style=\"text-align: center\"><u>M&aring;nadsl&ouml;n<\/u><br \/>  900<\/p>\n<p>  &nbsp;<\/td>\n<td style=\"text-align: center\"><u>M&aring;nadsl&ouml;n<\/u><br \/>  1050<\/p>\n<p>  &nbsp;<\/td>\n<\/tr>\n<tr>\n<td>\n<p>L&ouml;rdag kl 07 &#8211; S&ouml;ndag kl 24<br \/>  samt fr&aring;n kl 07 Trettondagen,<br \/>  1 maj, Kristi Himmelsf&auml;rdsdag,<br \/>  Alla Helgons dag och<br \/>  Nationaldagen till kl 00<br \/>  f&ouml;rsta vardagen efter<br \/>  respektive helg<\/p>\n<\/td>\n<td style=\"text-align: center\"><u>M&aring;nadsl&ouml;n<\/u><br \/>  750<\/p>\n<p>  &nbsp;<\/td>\n<td style=\"text-align: center\"><u>M&aring;nadsl&ouml;n<\/u><br \/>  600<\/p>\n<p>  &nbsp;<\/td>\n<td style=\"text-align: center\"><u>M&aring;nadsl&ouml;n<\/u><br \/>  700<\/p>\n<p>  &nbsp;<\/td>\n<\/tr>\n<tr>\n<td>Fr&aring;n kl 18 p&aring; Sk&auml;rtorsdagen<br \/>  samt fr&aring;n kl 07 p&aring; pingst-,<br \/>  midsommar-, jul-, och<br \/>  ny&aring;rsafton till kl 00 f&ouml;rsta<br \/>  vardagen efter respektive<br \/>  helg<br \/>  &nbsp;<\/td>\n<td style=\"text-align: center\"><u>M&aring;nadsl&ouml;n<\/u><br \/>  450<\/p>\n<p>  &nbsp;<\/td>\n<td style=\"text-align: center\"><u>M&aring;nadsl&ouml;n<\/u><br \/>  350<\/p>\n<p>  &nbsp;<\/td>\n<td style=\"text-align: center\"><u>M&aring;nadsl&ouml;n<\/u><br \/>  400<\/p>\n<p>  &nbsp;<\/td>\n<\/tr>\n<\/tbody>\n<\/table>\n<p>F&ouml;r deltidsanst&auml;llda ska l&ouml;nen r&auml;knas upp s&aring; att den motsvarar heltidsl&ouml;n.<\/p>\n<p>Ers&auml;ttning f&ouml;r att tj&auml;nstemannen har beredskap betalas per pass f&ouml;r l&auml;gst 1 timme avseende Beredskapstj&auml;nst A, 4 timmar f&ouml;r Beredskapstj&auml;nst B och 2 timmar f&ouml;r Beredskapstj&auml;nst C, i f&ouml;rekommande fall minskad med den tid som tj&auml;nstemannen har f&aring;tt ers&auml;ttning f&ouml;r vid beordrad inst&auml;llelse i arbete enligt mom 2.6, nedan.<\/p>\n<p><strong>Mom 2:6&nbsp;Ers&auml;ttning f&ouml;r arbetad tid under beredskapstj&auml;nst<\/strong><br \/>  Om lokal &ouml;verenskommelse inte tr&auml;ffats om annan ers&auml;ttning per timme ers&auml;tts arbetad tid enligt f&ouml;ljande:<\/p>\n<p>Vid beordrad inst&auml;llelse i arbete betalas &ouml;vertidsers&auml;ttning f&ouml;r faktiskt arbetad tid dock;<\/p>\n<ol>\n<li>minst 30 minuter vid utf&ouml;rt arbete enligt Beredskapstj&auml;nst A,<br \/>  &nbsp;<\/li>\n<li>minst f&ouml;r tre timmar vid utf&ouml;rt arbete enligt Beredskapstj&auml;nst B respektive,<br \/>  &nbsp;<\/li>\n<li>minst f&ouml;r 2 timmar vid utf&ouml;rt arbete enligt Beredskapstj&auml;nst C.<\/li>\n<\/ol>\n<p>Tj&auml;nsteman som har Beredskapstj&auml;nst B, men utf&ouml;r arbete enligt Beredskapstj&auml;nst A, ska ers&auml;ttas f&ouml;r minst en timme.<\/p>\n<p>F&ouml;r deltidsanst&auml;llda ska l&ouml;nen r&auml;knas upp s&aring; att den motsvarar heltidsl&ouml;n.<\/p>\n<p>Ers&auml;ttning f&ouml;r resekostnader i anslutning till Beredskapstj&auml;nst B betalas ut.<\/p>\n<p><strong>Mom 2:7&nbsp;Enskild &ouml;verenskommelse<\/strong><br \/>  Arbetsgivaren och en enskild tj&auml;nsteman kan komma &ouml;verens om att reglerna om ers&auml;ttning enligt ovan inte ska g&auml;lla utan att tj&auml;nstemannen i st&auml;llet ska f&aring; sk&auml;lig er&shy;s&auml;ttning p&aring; annat s&auml;tt. En s&aring;dan &ouml;verenskommelse ska vara skriftlig och b&ouml;r inne&shy;h&aring;lla uppgift om den ers&auml;ttning som erh&aring;lls ist&auml;llet f&ouml;r ers&auml;ttning f&ouml;r beredskaps&shy;tj&auml;nst.<\/p>\n<p>&Ouml;verenskommelsen g&auml;ller tillsvidare och kan revideras vid n&auml;sta l&ouml;nerevision.<\/p>\n<p>Den part som vill att en enskild &ouml;verenskommelse ska upph&ouml;ra ska underr&auml;tta den andra parten senast tv&aring; m&aring;nader dessf&ouml;rinnan.<\/p>\n<p><strong>Anm&auml;rkning 1<\/strong><br \/>  Finns lokal klubb\/f&ouml;rening &auml;r det l&auml;mpligt att parterna har diskuterat utformning av enskilda &ouml;verenskommelser. Det kan &auml;ven vara l&auml;mpligt att diskutera enskilda &ouml;ver&shy;enskommelser om beredskap i samband med l&ouml;nerevisionen.<\/p>\n<p><strong>Anm&auml;rkning 2<\/strong><br \/>  N&auml;r en enskild &ouml;verenskommelse upph&ouml;r betalas inte l&auml;ngre den avtalade ers&auml;ttning eller annan kompensation som &ouml;verenskommits. Ers&auml;ttning utg&aring;r ist&auml;llet enligt kol&shy;lektivavtalets huvudregel.<\/p>\n<p>F&ouml;r ytterligare info kontakta dina avtalskontaktpersoner.<\/p>\n<p>&nbsp;<\/p>\n<\/p>\n","protected":false},"excerpt":{"rendered":"<p>F\u00f6rtydligande ang\u00e5ende f\u00f6r\u00e4ndrade best\u00e4mmelser om allm\u00e4nna anst\u00e4llningsvillkor (anst\u00e4llningsformer samt beredskap) fr o m 1 maj 2017.<\/p>\n","protected":false},"author":1,"featured_media":0,"comment_status":"closed","ping_status":"open","sticky":false,"template":"","format":"standard","meta":{"_acf_changed":false,"footnotes":""},"categories":[1],"tags":[],"article_type":[313],"agreement":[],"class_list":["post-5358","post","type-post","status-publish","format-standard","hentry","category-okategoriserade","type-arbetsgivarnytt"],"acf":[],"yoast_head":"<!-- This site is optimized with the Yoast SEO Premium plugin v26.8 (Yoast SEO v26.8) - https:\/\/yoast.com\/product\/yoast-seo-premium-wordpress\/ -->\n<title>F\u00f6r\u00e4ndringar i allm\u00e4nna anst\u00e4llningsvillkor fr\u00e5n och med 1 maj 2017 | Almega<\/title>\n<meta name=\"robots\" content=\"index, follow, max-snippet:-1, max-image-preview:large, max-video-preview:-1\" \/>\n<link rel=\"canonical\" href=\"https:\/\/www.almega.se\/2017\/05\/forandringar-i-allmanna-anstallningsvillkor-fran-och-med-1-maj-2017\/\" \/>\n<meta property=\"og:locale\" content=\"sv_SE\" \/>\n<meta property=\"og:type\" content=\"article\" \/>\n<meta property=\"og:title\" content=\"F\u00f6r\u00e4ndringar i allm\u00e4nna anst\u00e4llningsvillkor fr\u00e5n och med 1 maj 2017\" \/>\n<meta property=\"og:description\" content=\"F\u00f6rtydligande ang\u00e5ende f\u00f6r\u00e4ndrade best\u00e4mmelser om allm\u00e4nna anst\u00e4llningsvillkor (anst\u00e4llningsformer samt beredskap) fr o m 1 maj 2017.\" \/>\n<meta property=\"og:url\" content=\"https:\/\/www.almega.se\/2017\/05\/forandringar-i-allmanna-anstallningsvillkor-fran-och-med-1-maj-2017\/\" \/>\n<meta property=\"og:site_name\" content=\"Almega\" \/>\n<meta property=\"article:published_time\" content=\"2017-05-05T09:00:00+00:00\" \/>\n<meta property=\"og:image\" content=\"https:\/\/www.almega.se\/app\/uploads\/2020\/12\/almega-share-logo.png\" \/>\n\t<meta property=\"og:image:width\" content=\"1200\" \/>\n\t<meta property=\"og:image:height\" content=\"630\" \/>\n\t<meta property=\"og:image:type\" content=\"image\/png\" \/>\n<meta name=\"author\" content=\"admin\" \/>\n<meta name=\"twitter:card\" content=\"summary_large_image\" \/>\n<meta name=\"twitter:label1\" content=\"Skriven av\" \/>\n\t<meta name=\"twitter:data1\" content=\"admin\" \/>\n\t<meta name=\"twitter:label2\" content=\"Ber\u00e4knad l\u00e4stid\" \/>\n\t<meta name=\"twitter:data2\" content=\"17 minuter\" \/>\n<!-- \/ Yoast SEO Premium plugin. -->","yoast_head_json":{"title":"F\u00f6r\u00e4ndringar i allm\u00e4nna anst\u00e4llningsvillkor fr\u00e5n och med 1 maj 2017 | Almega","robots":{"index":"index","follow":"follow","max-snippet":"max-snippet:-1","max-image-preview":"max-image-preview:large","max-video-preview":"max-video-preview:-1"},"canonical":"https:\/\/www.almega.se\/2017\/05\/forandringar-i-allmanna-anstallningsvillkor-fran-och-med-1-maj-2017\/","og_locale":"sv_SE","og_type":"article","og_title":"F\u00f6r\u00e4ndringar i allm\u00e4nna anst\u00e4llningsvillkor fr\u00e5n och med 1 maj 2017","og_description":"F\u00f6rtydligande ang\u00e5ende f\u00f6r\u00e4ndrade best\u00e4mmelser om allm\u00e4nna anst\u00e4llningsvillkor (anst\u00e4llningsformer samt beredskap) fr o m 1 maj 2017.","og_url":"https:\/\/www.almega.se\/2017\/05\/forandringar-i-allmanna-anstallningsvillkor-fran-och-med-1-maj-2017\/","og_site_name":"Almega","article_published_time":"2017-05-05T09:00:00+00:00","og_image":[{"width":1200,"height":630,"url":"https:\/\/www.almega.se\/app\/uploads\/2020\/12\/almega-share-logo.png","type":"image\/png"}],"author":"admin","twitter_card":"summary_large_image","twitter_misc":{"Skriven av":"admin","Ber\u00e4knad l\u00e4stid":"17 minuter"},"schema":{"@context":"https:\/\/schema.org","@graph":[{"@type":"NewsArticle","@id":"https:\/\/www.almega.se\/2017\/05\/forandringar-i-allmanna-anstallningsvillkor-fran-och-med-1-maj-2017\/#article","isPartOf":{"@id":"https:\/\/www.almega.se\/2017\/05\/forandringar-i-allmanna-anstallningsvillkor-fran-och-med-1-maj-2017\/"},"author":{"name":"admin","@id":"https:\/\/www.almega.se\/#\/schema\/person\/9c3674d192fb8b2d1d8b7a3f31c5151d"},"headline":"F\u00f6r\u00e4ndringar i allm\u00e4nna anst\u00e4llningsvillkor fr\u00e5n och med 1 maj 2017","datePublished":"2017-05-05T09:00:00+00:00","mainEntityOfPage":{"@id":"https:\/\/www.almega.se\/2017\/05\/forandringar-i-allmanna-anstallningsvillkor-fran-och-med-1-maj-2017\/"},"wordCount":3435,"inLanguage":"sv-SE"},{"@type":"WebPage","@id":"https:\/\/www.almega.se\/2017\/05\/forandringar-i-allmanna-anstallningsvillkor-fran-och-med-1-maj-2017\/","url":"https:\/\/www.almega.se\/2017\/05\/forandringar-i-allmanna-anstallningsvillkor-fran-och-med-1-maj-2017\/","name":"F\u00f6r\u00e4ndringar i allm\u00e4nna anst\u00e4llningsvillkor fr\u00e5n och med 1 maj 2017 | Almega","isPartOf":{"@id":"https:\/\/www.almega.se\/#website"},"datePublished":"2017-05-05T09:00:00+00:00","author":{"@id":"https:\/\/www.almega.se\/#\/schema\/person\/9c3674d192fb8b2d1d8b7a3f31c5151d"},"breadcrumb":{"@id":"https:\/\/www.almega.se\/2017\/05\/forandringar-i-allmanna-anstallningsvillkor-fran-och-med-1-maj-2017\/#breadcrumb"},"inLanguage":"sv-SE","potentialAction":[{"@type":"ReadAction","target":["https:\/\/www.almega.se\/2017\/05\/forandringar-i-allmanna-anstallningsvillkor-fran-och-med-1-maj-2017\/"]}]},{"@type":"BreadcrumbList","@id":"https:\/\/www.almega.se\/2017\/05\/forandringar-i-allmanna-anstallningsvillkor-fran-och-med-1-maj-2017\/#breadcrumb","itemListElement":[{"@type":"ListItem","position":1,"name":"Home","item":"https:\/\/www.almega.se\/"},{"@type":"ListItem","position":2,"name":"F\u00f6r\u00e4ndringar i allm\u00e4nna anst\u00e4llningsvillkor fr\u00e5n och med 1 maj 2017"}]},{"@type":"WebSite","@id":"https:\/\/www.almega.se\/#website","url":"https:\/\/www.almega.se\/","name":"Almega","description":"","potentialAction":[{"@type":"SearchAction","target":{"@type":"EntryPoint","urlTemplate":"https:\/\/www.almega.se\/?s={search_term_string}"},"query-input":{"@type":"PropertyValueSpecification","valueRequired":true,"valueName":"search_term_string"}}],"inLanguage":"sv-SE"},{"@type":"Person","@id":"https:\/\/www.almega.se\/#\/schema\/person\/9c3674d192fb8b2d1d8b7a3f31c5151d","name":"admin","image":{"@type":"ImageObject","inLanguage":"sv-SE","@id":"https:\/\/www.almega.se\/#\/schema\/person\/image\/","url":"https:\/\/secure.gravatar.com\/avatar\/13aac7e7a7582f599e3ba7706cec051e12eac4ad6c2ffe6f9d24800e63294187?s=96&d=mm&r=g","contentUrl":"https:\/\/secure.gravatar.com\/avatar\/13aac7e7a7582f599e3ba7706cec051e12eac4ad6c2ffe6f9d24800e63294187?s=96&d=mm&r=g","caption":"admin"},"url":"https:\/\/www.almega.se\/person\/admin\/"}]}},"_links":{"self":[{"href":"https:\/\/www.almega.se\/api\/wp\/v2\/posts\/5358","targetHints":{"allow":["GET"]}}],"collection":[{"href":"https:\/\/www.almega.se\/api\/wp\/v2\/posts"}],"about":[{"href":"https:\/\/www.almega.se\/api\/wp\/v2\/types\/post"}],"author":[{"embeddable":true,"href":"https:\/\/www.almega.se\/api\/wp\/v2\/users\/1"}],"replies":[{"embeddable":true,"href":"https:\/\/www.almega.se\/api\/wp\/v2\/comments?post=5358"}],"version-history":[{"count":1,"href":"https:\/\/www.almega.se\/api\/wp\/v2\/posts\/5358\/revisions"}],"predecessor-version":[{"id":58160,"href":"https:\/\/www.almega.se\/api\/wp\/v2\/posts\/5358\/revisions\/58160"}],"wp:attachment":[{"href":"https:\/\/www.almega.se\/api\/wp\/v2\/media?parent=5358"}],"wp:term":[{"taxonomy":"category","embeddable":true,"href":"https:\/\/www.almega.se\/api\/wp\/v2\/categories?post=5358"},{"taxonomy":"post_tag","embeddable":true,"href":"https:\/\/www.almega.se\/api\/wp\/v2\/tags?post=5358"},{"taxonomy":"type","embeddable":true,"href":"https:\/\/www.almega.se\/api\/wp\/v2\/article_type?post=5358"},{"taxonomy":"agreement","embeddable":true,"href":"https:\/\/www.almega.se\/api\/wp\/v2\/agreement?post=5358"}],"curies":[{"name":"wp","href":"https:\/\/api.w.org\/{rel}","templated":true}]}}