{"id":5350,"date":"2017-05-10T15:00:00","date_gmt":"2017-05-10T15:00:00","guid":{"rendered":"http:\/\/almega-bento\/wp\/blog\/2017\/05\/10\/seko-varslar-om-strejk-overtids-mertids-och-nyanstallningsblockad\/"},"modified":"2017-05-10T15:00:00","modified_gmt":"2017-05-10T15:00:00","slug":"seko-varslar-om-strejk-overtids-mertids-och-nyanstallningsblockad","status":"publish","type":"post","link":"https:\/\/www.almega.se\/2017\/05\/seko-varslar-om-strejk-overtids-mertids-och-nyanstallningsblockad\/","title":{"rendered":"SEKO varslar om strejk, \u00f6vertids-, mertids- och ny&shy;anst\u00e4llningsblockad"},"content":{"rendered":"\n<p class=\"intro\">Vi har i v\u00e5ra f\u00f6rhandlingar med SEKO f\u00e5tt ett varsel om konflikt avseende strejk i vissa utvalda f\u00f6retag samt \u00f6vertids-, mertids- och nyanst\u00e4llningsblockad f\u00f6r samtliga f\u00f6retag p\u00e5 avtalsomr\u00e5det. Konflikten \u00e4r varslad att tr\u00e4da i kraft enligt nedan.<\/p>\n<p>Strids&aring;tg&auml;rderna tr&auml;der ikraft vid tv&aring; tillf&auml;llen.<\/p>\n<p>Det <strong>f&ouml;rsta varslet <\/strong>bryter ut torsdagen den 18 maj klockan 14.00. Varslet innefattar tv&aring; delar.<\/p>\n<p>Varslet inneb&auml;r att <u><strong>samtliga f&ouml;retag p&aring; avtalsomr&aring;det <\/strong><\/u>varslas om &ouml;vertids-, mertids- och nyanst&auml;llningsblockad.<\/p>\n<p><u><strong>Ett antal f&ouml;retag <\/strong><\/u>&auml;r fr&aring;n samma tidpunkt varslade om arbetsnedl&auml;ggelse (strejk). Dessa f&ouml;retag har blivit informerade i s&auml;rskild ordning. Har ni inte erh&aring;llit s&aring;dan information omfattas ni inte av arbetsnedl&auml;ggelse (strejk).<\/p>\n<p>Det <strong>andra varslet <\/strong>bryter ut m&aring;ndagen den 22 maj klockan 12.00.<\/p>\n<p>Fr&aring;n denna tidpunkt ut&ouml;kas varslet med att ytterligare ett antal f&ouml;retag &auml;r varslade om arbetsnedl&auml;ggelse (strejk). Dessa f&ouml;retag har blivit informerade i s&auml;rskild ordning. Har ni inte erh&aring;llit s&aring;dan information omfattas ni inte av arbetsnedl&auml;ggelse (strejk).<\/p>\n<p>Det lagda varslet kommer att leda till att medlare fr&aring;n Medlingsinstitutet utses f&ouml;r att medla i konflikten och om m&ouml;jligt hitta en l&ouml;sning.<\/p>\n<p>Vi vill med detta l&auml;mna lite mer utf&ouml;rlig information om konflikten som s&aring;dan och konflikter i allm&auml;nhet. Se &auml;ven bifogade dokument.<\/p>\n<p>Observera att fram till den dag om konflikten bryter ut ska arbetet utf&ouml;ras p&aring; sedvanligt s&auml;tt. Arbetsgivaren ska vidta alla &aring;tg&auml;rder som kan minska effekten av den varslade konflikten.<\/p>\n<p>Om ni p&aring; n&aring;got s&auml;tt skulle uppleva att arbetet hos er p&aring; n&aring;got s&auml;tt st&ouml;rs med anledning av den varslade konflikten innan den dag den ska tr&auml;da i kraft kontakta omg&aring;ende oss.<\/p>\n<p>Vi kommer att f&ouml;rs&ouml;ka l&ouml;sa denna situation s&aring; snabbt som m&ouml;jligt och kommer att &auml;gna v&aring;r kraft &aring;t detta. Detta inneb&auml;r att ber&ouml;rda f&ouml;rhandlare kommer att vara sv&aring;ra att n&aring;. Anv&auml;nd g&auml;rna v&aring;r mail <a href=\"mailto:konflikt@almega.se\">konflikt@almega.se<\/a> <strong>f&ouml;r fr&aring;gor om f&ouml;rhandlingsl&auml;get och den varslade konflikten<\/strong>. Ni &auml;r &auml;ven v&auml;lkommen att ringa <strong>Almegas konfliktjour: 0730 874&nbsp;675<\/strong> &nbsp;om ni har fr&aring;gor kring f&ouml;rhandlingarna och konflikten.<\/p>\n<p>L&ouml;pande information l&auml;ggs ut p&aring; <a href=\"e7206b6f3c8941caa0123b7be0ea4915?expanded_accordions=acc_2,acc_1&amp;EmailedPage=811bfc4d-c726-4949-9525-56f3dea77301\" target=\"_blank\" rel=\"noopener\">Almegas hemsida<\/a>.<\/p>\n<p><strong>Vad h&auml;nder nu?<\/strong><br \/>  En varslad konflikt&aring;tg&auml;rd f&aring;r inte tr&auml;da ikraft tidigare &auml;n sju arbetsdagar fr&aring;n det att varslet &ouml;verl&auml;mnats. I detta fall tr&auml;der strids&aring;tg&auml;rderna inte ikraft f&ouml;rr&auml;n torsdagen den 18 maj klockan 14.00 respektive m&aring;ndagen den 22 maj klockan 12.00.<\/p>\n<p>Fram till dess (under varseltiden) g&auml;ller samma villkor och regler som vanligt. Arbetsgivaren har samma m&ouml;jligheter som n&auml;r konflikt inte r&aring;der att leda och f&ouml;rdela arbetet, beordra &ouml;vertid m m. Alla anst&auml;llda, oavsett om de &auml;r medlemmar i SEKO eller inte, ska arbeta som vanligt och samtliga &auml;r skyldiga att delta i det f&ouml;rebyggande arbete arbetsgivaren vidtar i anledning av konfliktvarslet.<\/p>\n<p><strong>Fackligt arbete<\/strong><br \/>  Lagen om facklig f&ouml;rtroendeman g&auml;ller men SEKO:s fackliga f&ouml;retr&auml;dare har inte r&auml;tt att f&aring; ledigt med betalning f&ouml;r facklig verksamhet som r&ouml;r f&ouml;rberedelse eller planering av den kommande konflikten. R&auml;tten till obetald ledighet &auml;r den samma som tidigare, vad g&auml;ller omfattning och ledighetens f&ouml;rl&auml;ggning.<\/p>\n<p>Seko har inte r&auml;tt att anv&auml;nda arbetsgivarens lokaler f&ouml;r konfliktf&ouml;rberedelse.<\/p>\n<p>Anst&auml;llda har inte r&auml;tt att p&aring; arbetsplatsen och\/eller under arbetstid delta i m&ouml;ten med anledning av konflikten.<\/p>\n<p>Inga anslag fr&aring;n facken om konflikten f&aring;r s&auml;ttas upp p&aring; arbetsplatsen. Alla anslag ska tas ner av arbetsgivaren.<\/p>\n<p>Vilka &aring;tg&auml;rder ska vidtas i anledning av varslet?<\/p>\n<p>Arbetsgivarens planering och arbete under varselperioden b&ouml;r inriktas p&aring; att, s&aring; l&aring;ng som m&ouml;jligt, minska effekterna av den kommande konflikten f&ouml;r det egna f&ouml;retaget, kunder och &ouml;vriga.<\/p>\n<p>N&auml;r ett varsel lagts f&ouml;ruts&auml;tts &ouml;verl&auml;ggningar med den lokala klubben ske. Klubben b&ouml;r l&auml;mna information om vilka, som enligt deras uppfattning, &auml;r medlemmar och s&aring;ledes kommer att tas ut i strejk. Detta f&ouml;r att arbetsgivaren, i enlighet med syftet med varselreglerna i MBL, ska kunna veta omfattningen av konflikt&aring;tg&auml;rden och kunna f&ouml;rbereda sig p&aring; densamma.<\/p>\n<p>Av erfarenhet vet vi att SEKO tidigare uppmanat sina klubbar att inte l&auml;mna ut denna typ av information. Vi rekommenderar er att fr&aring;ga era anst&auml;llda direkt om de &auml;r medlemmar eller inte (blankett f&ouml;r &auml;ndam&aring;let bifogas &ndash; <a href=\"\/app\/uploads\/imported\/Bilaga-1.pdf\" target=\"_blank\" title=\"Bilaga 1.pdf\" rel=\"noopener\"><strong>Bilaga 1 Blankett organisationstillh&ouml;righet<\/strong><\/a>). Arbetsgivaren har en r&auml;tt enligt Personuppgiftslagen att sammanst&auml;lla uppgifter om facklig tillh&ouml;righet f&ouml;r att kunna fullg&ouml;ra skyldigheter enligt lag och avtal. Ett p&aring;st&aring;ende, som vi tidigare m&ouml;tt fr&aring;n Sekos sida, om att detta skulle utg&ouml;ra brott mot &rdquo;grundlagen&rdquo; och &rdquo;&aring;siktsregistrering&rdquo; &auml;r felaktigt.<\/p>\n<p>Om SEKO uppmanat sina medlemmar att inte svara p&aring; fr&aring;gan om medlemskap b&ouml;r ni, f&ouml;r att f&aring; en uppfattning om omfattningen av den kommande strejken, anv&auml;nda er av de underlag ni har t.ex. fr&aring;n senaste l&ouml;nerevision (eller eventuella andra mer aktuella listor) som underlag f&ouml;r er planering.<\/p>\n<p><strong>Vad inneb&auml;r SEKO:s varsel?<\/strong><br \/>  SEKO har varslat om arbetsnedl&auml;ggelse, d.v.s. strejk och blockad av samtliga arbetsuppgifter p&aring; angivna arbetsplatser, samt &ouml;vertids-, mertids- och nyanst&auml;llningsblockad f&ouml;r samtliga f&ouml;retag p&aring; avtalsomr&aring;de Telekom.<\/p>\n<p>P&aring; de arbetsplatser som varslats om arbetsnedl&auml;ggelse kommer SEKO att h&auml;vda att detta inneb&auml;r att inget arbete f&aring;r bedrivas oavsett om de anst&auml;llda &auml;r medlemmar i SEKO eller ej. (Undantaget &auml;r medlemmar i andra fackliga organisationer som har g&auml;llande kollektivavtal p&aring; arbetsplatsen. Dessa &auml;r bundna av fredsplikt och f&aring;r inte strejka.) Det &auml;r inte en korrekt beskrivning. Det f&aring;r ist&auml;llet ses som SEKO:s tolkning av hur arbetsmarknadskonflikter b&ouml;r g&aring; till f&ouml;r att deras &aring;tg&auml;rder ska f&aring; s&aring; stor verkan som m&ouml;jligt.<\/p>\n<p>SEKO f&ouml;rfogar bara &ouml;ver sina egna medlemmar. Det inneb&auml;r att det enbart &auml;r SEKOs medlemmar som strejkar. Arbetsgivaren ska respektera detta. Om n&aring;gon medlem i SEKO, av n&aring;gon anledning, meddelar arbetsgivaren att han\/hon inte vill strejka ska arbetsgivaren h&auml;nvisa arbetstagaren att ta upp fr&aring;gan med SEKO. Arbetsgivaren ska f&ouml;ruts&auml;tta att medlemmar i SEKO g&aring;r i strejk.<\/p>\n<p>Under strejk anses anst&auml;llningsavtalen vara suspenderade och de som strejkar ska &aring;terl&auml;mna alla arbetsgivarens arbetsverktyg innan de g&aring;r ut i strejk t.ex. arbetskl&auml;der eller andra kl&auml;der med f&ouml;retagets logotype, datorer, mobiltelefoner, nycklar, kreditkort passerkort och tj&auml;nstebilar.<\/p>\n<p>De som strejkar har inte r&auml;tt att befinna sig p&aring; arbetsplatsen under strejken.<\/p>\n<p><strong>L&ouml;n<\/strong><br \/>  L&ouml;neavdrag ska g&ouml;ras under strejken. Om det blir aktuellt &aring;terkommer vi med ytterligare information. Om ni redan nu f&ouml;rbereder l&ouml;nebesked b&ouml;r d&auml;r anges att l&ouml;nen &auml;r prelimin&auml;r pga. strejkvarsel.<\/p>\n<p><strong>Oorganiserade arbetstagares st&auml;llning?<\/strong><br \/>  Oorganiserade arbetstagare omfattas inte av konflikten. Den r&ouml;r endast f&ouml;rh&aring;llandet mellan SEKO (och dess medlemmar) och arbetsgivaren. De oorganiserades anst&auml;llningsavtal g&auml;ller och de f&ouml;rv&auml;ntas arbeta som vanligt.<\/p>\n<p>Oorganiserade arbetstagare anses dock ha en r&auml;tt att st&auml;lla sig neutrala i en konflikt, d.v.s. ha en r&auml;tt att inte beh&ouml;va utf&ouml;ra konfliktdrabbat arbete utan att det f&ouml;r den skull anses utg&ouml;ra ett brott mot anst&auml;llningsavtalet. I den nu aktuella situationen, d&aring; allt arbete &auml;r lagt i blockad, inneb&auml;r det att oorganiserade arbetstagare som s&aring; &ouml;nskar har r&auml;tt att vara lediga fr&aring;n arbetet. Denne har givetvis inte r&auml;tt till betalning, d&aring; n&aring;got arbete inte utf&ouml;rs.<\/p>\n<p>Neutralitetsr&auml;tten &auml;r en individuell r&auml;ttighet och SEKO kan inte best&auml;mma huruvida oorganiserade arbetstagare ska arbeta eller inte. De oorganiserade arbetstagare som &ouml;nskar g&ouml;ra sin neutralitetsr&auml;tt g&auml;llande ska meddela arbetsgivaren det innan konflikten bryter ut, genom att ans&ouml;ka om tj&auml;nstledighet (blankett f&ouml;r &auml;ndam&aring;let bifogas &ndash; <a href=\"\/app\/uploads\/imported\/Bilaga-2.pdf\" target=\"_blank\" title=\"Bilaga 2.pdf\" rel=\"noopener\"><strong>Bilaga 2 Blankett tj&auml;nstledighet<\/strong><\/a>). Arbetsgivaren ska d&aring; bevilja tj&auml;nstledighet. Var tydlig i beslutet om tj&auml;nstledighet att det avser ledighet utan l&ouml;n.<\/p>\n<p><strong>Konfliktbrott och &rdquo;strejkbryteri&rdquo;?<\/strong><br \/>  SEKO kommer h&auml;vda att alla som inte f&ouml;ljer eller respekterar deras konfliktvarsel genom att forts&auml;tta arbeta &auml;r &rdquo;strejkbrytare&rdquo; och att de &aring;tg&auml;rder arbetsgivaren vidtar f&ouml;r att f&ouml;rs&ouml;ka motverka effekterna av konfliktvarslet &auml;r &rdquo;konfliktbrott&rdquo;.<\/p>\n<p>Det &auml;r viktigt att veta att det inte finns n&aring;gra r&auml;ttsliga konsekvenser av &rdquo;strejkbryteri&rdquo; eller &rdquo;konfliktbrott&rdquo;. Den konsekvens som kan drabba f&ouml;retaget av att arbetstagare forts&auml;tter att arbeta eller att f&ouml;retaget vidtar &aring;tg&auml;rder f&ouml;r att motverka konfliktens verkningar, &auml;r att SEKO kan trappa upp konflikten genom att varsla om ytterligare strids&aring;tg&auml;rder.<\/p>\n<p>I denna fr&aring;ga brukar tonl&auml;get bli h&ouml;gt och moraliserande. P&aring;tryckningar mot enskilda kan f&ouml;rekomma. D&auml;rf&ouml;r &auml;r det viktigt med saklig information.<\/p>\n<p>SEKO har ingen r&auml;tt att hindra arbetstagare tilltr&auml;de till arbetsplatsen. S&aring; kallade strejkvakter f&aring;r inte befinna sig i arbetsgivaren lokaler eller mark. En strejkvakt som fysiskt hindar n&aring;gon att komma in p&aring; en arbetsplats beg&aring;r ett brott och kan straffas med b&ouml;ter eller f&auml;ngelse.<\/p>\n<p><strong>Dispensf&ouml;rfarande<\/strong><br \/>  Dispensf&ouml;rfarande &auml;r ingenting som &auml;r reglerat vare sig i lag eller i avtal mellan parterna. Dispens &auml;r n&aring;gonting som den varslande parten sj&auml;lv best&auml;mmer formerna f&ouml;r och &auml;ven beslutar om.<\/p>\n<p>D&auml;rav f&ouml;ljer att endast den som varslat\/beslutat om strids&aring;tg&auml;rden kan fatta beslut om densamma och dispens ska d&aring; f&ouml;ljaktligen s&ouml;kas hos aktuell facklig organisation vid strejk och hos oss om arbetsgivarsidan beslutat om lockout eller annan strids&aring;tg&auml;rd.<\/p>\n<p>Vid en konflikt kommer parterna att vara &aring;terh&aring;llsamma med beviljande av dispenser. Det som kan vara aktuellt &auml;r undantag f&ouml;r synnerligen viktiga funktioner som inte redan undantagits i varslet.<\/p>\n<p>Generella dispenser f&ouml;r hela, eller stora delar av, verksamheter torde i stort sett vara uteslutet. Ju mer preciserad och v&auml;l avgr&auml;nsad en dispensans&ouml;kan &auml;r, desto st&ouml;rre &auml;r m&ouml;jligheten till framg&aring;ng (&auml;ven om den inte ska &ouml;verskattas). En dispensans&ouml;kan till facket i anledning av strejk inneb&auml;r ocks&aring; ett kvitto till den fackliga organisationen att deras strids&aring;tg&auml;rd har fungerat v&auml;l och haft den verkan som facket efterstr&auml;vat.<\/p>\n<p>Observera att dispens inte ska s&ouml;kas f&ouml;r skyddsarbete. Detta arbete &auml;r arbetstagaren skyldiga att utf&ouml;ra oavsett konfliktens omfattning.<\/p>\n<p>Om en arbetsgivare vid en strejk vill ans&ouml;ka om dispens ska detta hanteras av Almega. Kontakta oss via mail <a href=\"mailto:konflikt@almega.se\">konflikt@almega.se<\/a> f&ouml;r dispensans&ouml;kningar. Ni &auml;r &auml;ven v&auml;lkommen att ringa Almegas konfliktjour: 0730 874&nbsp;675.<\/p>\n<p><strong>Ytterligare information<\/strong><br \/>  Mer utf&ouml;rlig information hittar du i <a href=\"\/app\/uploads\/imported\/K8---Q---A-om-konflikt-Telekom-varslade-foretag-20170510.pdf\" title=\"K8 - Q - A om konflikt Telekom varslade f\u00f6retag 20170510.pdf\">Q&amp;A om konflikt inom bransch Telekom<\/a>.<\/p>\n<p>PM &rdquo;Praktisk konflikthantering &#8211; information till ber&ouml;rda f&ouml;retag&rdquo; samt checklistor <a href=\"e7206b6f3c8941caa0123b7be0ea4915?expanded_accordions=acc_2,acc_1&amp;EmailedPage=811bfc4d-c726-4949-9525-56f3dea77301\" target=\"_blank\" rel=\"noopener\">finner du h&auml;r<\/a>.<\/p>\n<p><strong>Bilagor<\/strong><br \/>  <a href=\"\/app\/uploads\/imported\/Bilaga-1.pdf\" target=\"_blank\" title=\"Bilaga 1.pdf\" rel=\"noopener\">Blankett organisationstillh&ouml;righet<\/a><\/p>\n<p><a href=\"\/app\/uploads\/imported\/Bilaga-2.pdf\" target=\"_blank\" title=\"Bilaga 2.pdf\" rel=\"noopener\">Blankett tj&auml;nstledighet (oorganiserades neutralitetsr&auml;tt)<\/a><\/p>\n<p>&nbsp;<\/p>\n<\/p>\n","protected":false},"excerpt":{"rendered":"<p>Vi har i v\u00e5ra f\u00f6rhandlingar med SEKO f\u00e5tt ett varsel om konflikt avseende strejk i vissa utvalda f\u00f6retag samt \u00f6vertids-, mertids- och nyanst\u00e4llningsblockad f\u00f6r samtliga f\u00f6retag p\u00e5 avtalsomr\u00e5det. Konflikten \u00e4r varslad att tr\u00e4da i kraft enligt nedan.<\/p>\n","protected":false},"author":1,"featured_media":0,"comment_status":"closed","ping_status":"open","sticky":false,"template":"","format":"standard","meta":{"_acf_changed":false,"footnotes":""},"categories":[1],"tags":[],"article_type":[313],"agreement":[218],"class_list":["post-5350","post","type-post","status-publish","format-standard","hentry","category-okategoriserade","type-arbetsgivarnytt","agreement-99ce80f7-ff07-de11-b4e1-02bf9e69ca65"],"acf":[],"yoast_head":"<!-- This site is optimized with the Yoast SEO Premium plugin v26.8 (Yoast SEO v26.8) - https:\/\/yoast.com\/product\/yoast-seo-premium-wordpress\/ -->\n<title>SEKO varslar om strejk, \u00f6vertids-, mertids- och nyanst\u00e4llningsblockad | Almega<\/title>\n<meta name=\"robots\" content=\"index, follow, max-snippet:-1, max-image-preview:large, max-video-preview:-1\" \/>\n<link rel=\"canonical\" href=\"https:\/\/www.almega.se\/2017\/05\/seko-varslar-om-strejk-overtids-mertids-och-nyanstallningsblockad\/\" \/>\n<meta property=\"og:locale\" content=\"sv_SE\" \/>\n<meta property=\"og:type\" content=\"article\" \/>\n<meta property=\"og:title\" content=\"SEKO varslar om strejk, \u00f6vertids-, mertids- och nyanst\u00e4llningsblockad\" \/>\n<meta property=\"og:description\" content=\"Vi har i v\u00e5ra f\u00f6rhandlingar med SEKO f\u00e5tt ett varsel om konflikt avseende strejk i vissa utvalda f\u00f6retag samt \u00f6vertids-, mertids- och nyanst\u00e4llningsblockad f\u00f6r samtliga f\u00f6retag p\u00e5 avtalsomr\u00e5det. Konflikten \u00e4r varslad att tr\u00e4da i kraft enligt nedan.\" \/>\n<meta property=\"og:url\" content=\"https:\/\/www.almega.se\/2017\/05\/seko-varslar-om-strejk-overtids-mertids-och-nyanstallningsblockad\/\" \/>\n<meta property=\"og:site_name\" content=\"Almega\" \/>\n<meta property=\"article:published_time\" content=\"2017-05-10T15:00:00+00:00\" \/>\n<meta property=\"og:image\" content=\"https:\/\/www.almega.se\/app\/uploads\/2020\/12\/almega-share-logo.png\" \/>\n\t<meta property=\"og:image:width\" content=\"1200\" \/>\n\t<meta property=\"og:image:height\" content=\"630\" \/>\n\t<meta property=\"og:image:type\" content=\"image\/png\" \/>\n<meta name=\"author\" content=\"admin\" \/>\n<meta name=\"twitter:card\" content=\"summary_large_image\" \/>\n<meta name=\"twitter:label1\" content=\"Skriven av\" \/>\n\t<meta name=\"twitter:data1\" content=\"admin\" \/>\n\t<meta name=\"twitter:label2\" content=\"Ber\u00e4knad l\u00e4stid\" \/>\n\t<meta name=\"twitter:data2\" content=\"11 minuter\" \/>\n<!-- \/ Yoast SEO Premium plugin. -->","yoast_head_json":{"title":"SEKO varslar om strejk, \u00f6vertids-, mertids- och nyanst\u00e4llningsblockad | Almega","robots":{"index":"index","follow":"follow","max-snippet":"max-snippet:-1","max-image-preview":"max-image-preview:large","max-video-preview":"max-video-preview:-1"},"canonical":"https:\/\/www.almega.se\/2017\/05\/seko-varslar-om-strejk-overtids-mertids-och-nyanstallningsblockad\/","og_locale":"sv_SE","og_type":"article","og_title":"SEKO varslar om strejk, \u00f6vertids-, mertids- och nyanst\u00e4llningsblockad","og_description":"Vi har i v\u00e5ra f\u00f6rhandlingar med SEKO f\u00e5tt ett varsel om konflikt avseende strejk i vissa utvalda f\u00f6retag samt \u00f6vertids-, mertids- och nyanst\u00e4llningsblockad f\u00f6r samtliga f\u00f6retag p\u00e5 avtalsomr\u00e5det. Konflikten \u00e4r varslad att tr\u00e4da i kraft enligt nedan.","og_url":"https:\/\/www.almega.se\/2017\/05\/seko-varslar-om-strejk-overtids-mertids-och-nyanstallningsblockad\/","og_site_name":"Almega","article_published_time":"2017-05-10T15:00:00+00:00","og_image":[{"width":1200,"height":630,"url":"https:\/\/www.almega.se\/app\/uploads\/2020\/12\/almega-share-logo.png","type":"image\/png"}],"author":"admin","twitter_card":"summary_large_image","twitter_misc":{"Skriven av":"admin","Ber\u00e4knad l\u00e4stid":"11 minuter"},"schema":{"@context":"https:\/\/schema.org","@graph":[{"@type":"NewsArticle","@id":"https:\/\/www.almega.se\/2017\/05\/seko-varslar-om-strejk-overtids-mertids-och-nyanstallningsblockad\/#article","isPartOf":{"@id":"https:\/\/www.almega.se\/2017\/05\/seko-varslar-om-strejk-overtids-mertids-och-nyanstallningsblockad\/"},"author":{"name":"admin","@id":"https:\/\/www.almega.se\/#\/schema\/person\/9c3674d192fb8b2d1d8b7a3f31c5151d"},"headline":"SEKO varslar om strejk, \u00f6vertids-, mertids- och ny&shy;anst\u00e4llningsblockad","datePublished":"2017-05-10T15:00:00+00:00","mainEntityOfPage":{"@id":"https:\/\/www.almega.se\/2017\/05\/seko-varslar-om-strejk-overtids-mertids-och-nyanstallningsblockad\/"},"wordCount":2286,"inLanguage":"sv-SE"},{"@type":"WebPage","@id":"https:\/\/www.almega.se\/2017\/05\/seko-varslar-om-strejk-overtids-mertids-och-nyanstallningsblockad\/","url":"https:\/\/www.almega.se\/2017\/05\/seko-varslar-om-strejk-overtids-mertids-och-nyanstallningsblockad\/","name":"SEKO varslar om strejk, \u00f6vertids-, mertids- och nyanst\u00e4llningsblockad | Almega","isPartOf":{"@id":"https:\/\/www.almega.se\/#website"},"datePublished":"2017-05-10T15:00:00+00:00","author":{"@id":"https:\/\/www.almega.se\/#\/schema\/person\/9c3674d192fb8b2d1d8b7a3f31c5151d"},"breadcrumb":{"@id":"https:\/\/www.almega.se\/2017\/05\/seko-varslar-om-strejk-overtids-mertids-och-nyanstallningsblockad\/#breadcrumb"},"inLanguage":"sv-SE","potentialAction":[{"@type":"ReadAction","target":["https:\/\/www.almega.se\/2017\/05\/seko-varslar-om-strejk-overtids-mertids-och-nyanstallningsblockad\/"]}]},{"@type":"BreadcrumbList","@id":"https:\/\/www.almega.se\/2017\/05\/seko-varslar-om-strejk-overtids-mertids-och-nyanstallningsblockad\/#breadcrumb","itemListElement":[{"@type":"ListItem","position":1,"name":"Home","item":"https:\/\/www.almega.se\/"},{"@type":"ListItem","position":2,"name":"SEKO varslar om strejk, \u00f6vertids-, mertids- och ny&shy;anst\u00e4llningsblockad"}]},{"@type":"WebSite","@id":"https:\/\/www.almega.se\/#website","url":"https:\/\/www.almega.se\/","name":"Almega","description":"","potentialAction":[{"@type":"SearchAction","target":{"@type":"EntryPoint","urlTemplate":"https:\/\/www.almega.se\/?s={search_term_string}"},"query-input":{"@type":"PropertyValueSpecification","valueRequired":true,"valueName":"search_term_string"}}],"inLanguage":"sv-SE"},{"@type":"Person","@id":"https:\/\/www.almega.se\/#\/schema\/person\/9c3674d192fb8b2d1d8b7a3f31c5151d","name":"admin","image":{"@type":"ImageObject","inLanguage":"sv-SE","@id":"https:\/\/www.almega.se\/#\/schema\/person\/image\/","url":"https:\/\/secure.gravatar.com\/avatar\/13aac7e7a7582f599e3ba7706cec051e12eac4ad6c2ffe6f9d24800e63294187?s=96&d=mm&r=g","contentUrl":"https:\/\/secure.gravatar.com\/avatar\/13aac7e7a7582f599e3ba7706cec051e12eac4ad6c2ffe6f9d24800e63294187?s=96&d=mm&r=g","caption":"admin"},"url":"https:\/\/www.almega.se\/person\/admin\/"}]}},"_links":{"self":[{"href":"https:\/\/www.almega.se\/api\/wp\/v2\/posts\/5350","targetHints":{"allow":["GET"]}}],"collection":[{"href":"https:\/\/www.almega.se\/api\/wp\/v2\/posts"}],"about":[{"href":"https:\/\/www.almega.se\/api\/wp\/v2\/types\/post"}],"author":[{"embeddable":true,"href":"https:\/\/www.almega.se\/api\/wp\/v2\/users\/1"}],"replies":[{"embeddable":true,"href":"https:\/\/www.almega.se\/api\/wp\/v2\/comments?post=5350"}],"version-history":[{"count":1,"href":"https:\/\/www.almega.se\/api\/wp\/v2\/posts\/5350\/revisions"}],"predecessor-version":[{"id":58154,"href":"https:\/\/www.almega.se\/api\/wp\/v2\/posts\/5350\/revisions\/58154"}],"wp:attachment":[{"href":"https:\/\/www.almega.se\/api\/wp\/v2\/media?parent=5350"}],"wp:term":[{"taxonomy":"category","embeddable":true,"href":"https:\/\/www.almega.se\/api\/wp\/v2\/categories?post=5350"},{"taxonomy":"post_tag","embeddable":true,"href":"https:\/\/www.almega.se\/api\/wp\/v2\/tags?post=5350"},{"taxonomy":"type","embeddable":true,"href":"https:\/\/www.almega.se\/api\/wp\/v2\/article_type?post=5350"},{"taxonomy":"agreement","embeddable":true,"href":"https:\/\/www.almega.se\/api\/wp\/v2\/agreement?post=5350"}],"curies":[{"name":"wp","href":"https:\/\/api.w.org\/{rel}","templated":true}]}}