{"id":5328,"date":"2017-05-19T10:00:00","date_gmt":"2017-05-19T10:00:00","guid":{"rendered":"http:\/\/almega-bento\/wp\/blog\/2017\/05\/19\/nytt-avtal-med-unionen-avseende-it-hantverkarna\/"},"modified":"2017-05-19T10:00:00","modified_gmt":"2017-05-19T10:00:00","slug":"nytt-avtal-med-unionen-avseende-it-hantverkarna","status":"publish","type":"post","link":"https:\/\/www.almega.se\/2017\/05\/nytt-avtal-med-unionen-avseende-it-hantverkarna\/","title":{"rendered":"Nytt avtal med Unionen avseende IT-hantverkarna"},"content":{"rendered":"\n<p class=\"intro\">Den 19 maj 2017 tr\u00e4ffade Almega Tj\u00e4nstef\u00f6retagen ett nytt avtal med Unionen om l\u00f6ner och allm\u00e4nna anst\u00e4llningsvillkor avseende bransch IT-hantverkarna f\u00f6r tiden 1 maj 2017 \u2013 30 april 2020.<\/p>\n<p><a href=\"\/app\/uploads\/imported\/Protokoll-IT-hantverkarna-17-20.pdf\" target=\"_blank\" title=\"Protokoll IT-hantverkarna_17-20.pdf\" rel=\"noopener\">&Ouml;verenskommelsen i sin helhet hittar du h&auml;r.<\/a><\/p>\n<h2>L&ouml;n<\/h2>\n<p>L&ouml;neavtalet utg&ouml;r bilaga 1.<br \/>  Konstruktionen &auml;r som f&ouml;ljer: Vid l&ouml;nerevisionen 2017 till&auml;mpas ett avtal som &auml;r likalydande med det tidigare g&auml;llande avtalet, dock med nya belopp samt procentsatser.<br \/>  Vid l&ouml;nerevisionerna 2018 samt 2019 till&auml;mpas ett helt nytt avtal med en mer utvecklad l&ouml;neprocess, utan siffersatt individgaranti. I undantagsfall kan dock den &rdquo;gamla&rdquo; l&ouml;neavtalskonstruktionen bli aktuell, under vissa premisser (se &ouml;verenskommelsen, Bilaga 1, under l&auml;nken ovan).<\/p>\n<p>Parterna har enats om tv&aring; l&ouml;neavtal under avtalsperioden, L&ouml;neavtal A och L&ouml;neavtal B.<br \/>  Avtalen g&auml;ller f&ouml;r medlemmar i Unionen som &auml;r anst&auml;llda i f&ouml;retag anslutna till Almega Tj&auml;nstef&ouml;retagen, avtalsomr&aring;de IT-hantverkarna.<\/p>\n<p>Avtalen till&auml;mpas enligt nedan.<\/p>\n<table border=\"1\" cellpadding=\"1\" cellspacing=\"1\" style=\"width: 500px\">\n<tbody>\n<tr>\n<td>2017<br \/>  &nbsp;<\/td>\n<td>L&ouml;neavtal &quot;A&quot; till&auml;mpas. Process f&ouml;r L&ouml;neavtal &quot;B&quot; p&aring;b&ouml;rjas.<br \/>  &nbsp;<\/td>\n<\/tr>\n<tr>\n<td>2018<br \/>  &nbsp;<\/td>\n<td>L&ouml;neavtal &quot;B&quot; till&auml;mpas.<br \/>  &nbsp;<\/td>\n<\/tr>\n<tr>\n<td>2019<\/p>\n<p>  &nbsp;<\/td>\n<td>L&ouml;neavtal &quot;B&quot; till&auml;mpas, s&aring;vida inte facklig part &aring;l&auml;gger f&ouml;retagen att ist&auml;llet till&auml;mpa L&ouml;neavtal &quot;A&quot;. F&ouml;r ett s&aring;dant &aring;l&auml;ggande kr&auml;vs att central &ouml;verl&auml;ggning enligt nedan har genomf&ouml;rts.<br \/>  &nbsp;<\/td>\n<\/tr>\n<\/tbody>\n<\/table>\n<p>Om den utv&auml;rdering som parterna ska utf&ouml;ra gemensamt visar att medlemmarna inte &auml;r n&ouml;jda med l&ouml;neprocessen, p&aring;kallas central &ouml;verl&auml;ggning h&auml;rom senast den 30 oktober 2018. Vid meddelande om ny l&ouml;n efter den 1 oktober 2018, ska p&aring;kallande av central &ouml;verl&auml;ggning ske senast en m&aring;nad efter att de nya l&ouml;nerna meddelats, dock senast den 15 december 2018.<\/p>\n<p>Parterna har ett gemensamt intresse av att st&auml;llningstagande vid &aring;l&auml;ggande, sker mot beaktande av objektiva grunder. I framst&auml;llan ska det framg&aring; p&aring; vilket s&auml;tt facklig part anser att l&ouml;nerevisionen missk&ouml;ts och i vilka delar. &Aring;l&auml;ggande att till&auml;mpa l&ouml;neavtal A f&ouml;r 2019 avser i s&aring; fall samtliga f&ouml;retag p&aring; avtalsomr&aring;det.<\/p>\n<p>Avslutas central &ouml;verl&auml;ggning i oenighet g&auml;ller den fackliga partens uppfattning.<\/p>\n<h2>Allm&auml;nna villkor:<\/h2>\n<p>I avtalet om allm&auml;nna villkor sker endast en &auml;ndring och r&ouml;r ledighet om nationaldagen 6 juni intr&auml;ffar p&aring; en l&ouml;rdag eller s&ouml;ndag. Sedan tidigare g&auml;ller dock flera st&ouml;rre &auml;ndringar som parterna kom &ouml;verens om i samband med &ouml;verenskommelsen om Flexpension m m.<\/p>\n<p><strong>Fr&aring;n och med den 1 maj 2017<\/strong><br \/>  &sect; 11 ledighet<\/p>\n<p>Ett nytt tredje stycke inf&ouml;rs i 11.1:<\/p>\n<p>&rdquo;&Aring;r d&aring; Nationaldagen infaller p&aring; en l&ouml;rdag eller s&ouml;ndag erh&aring;ller tj&auml;nstemannen i st&auml;llet annan ledig dag utan l&ouml;neavdrag. Ledigheten proportioneras f&ouml;r deltidsanst&auml;llda. Ledighet som ej uttagits under &aring;ret f&ouml;rfaller.&rdquo;<\/p>\n<p>F&ouml;r&auml;ndringen &auml;r kopplad till den nya l&ouml;neavtalskonstruktionen och om parterna inte kommer &ouml;verens i avtalsf&ouml;rhandlingarna 2020 om att forts&auml;tta med det utvecklade l&ouml;neavtalet (l&ouml;neavtal 2018-2019 i Bilaga 1) s&aring; kommer ovan skrivning tas bort ur avtalet.<\/p>\n<p><strong>Observera nya regler fr&aring;n 1 november 2017<\/strong><br \/>  Helt nya anst&auml;llningsformer och avbrytanderegler f&ouml;r dessa, nya beredskapsregler och ny f&ouml;rhandlingsordning vid tvister. Se l&auml;nk till <a href=\"03326217dbe0411994878ef7eb0b733d\" target=\"_blank\" rel=\"noopener\">flexpensions&ouml;verenskommelse av den 22 februari<\/a>&nbsp;f&ouml;r information om dessa &auml;ndringar.<\/p>\n<p>Det nya villkorsavtalet med samtliga &auml;ndringar publiceras inom kort.<\/p>\n<h2>&Ouml;vriga &ouml;verenskommelser<\/h2>\n<p>I samband med &ouml;verenskommelsen om det nya l&ouml;neavtalet och den nya l&ouml;neavtalsmodellen har &auml;ven f&ouml;ljande &ouml;verenskommelse knutits:<\/p>\n<p>&rdquo;Centralt st&ouml;d f&ouml;r utveckling av den lokala l&ouml;neprocessen inom avtalsomr&aring;de IT-hantverkarna&rdquo; (Bilaga 2)<br \/>  De centrala parterna ska genomf&ouml;ra insatser f&ouml;r att implementera det nya l&ouml;neavtalet inf&ouml;r 2018 samt &auml;ven f&ouml;lja avtalets till&auml;mpning.<\/p>\n<\/p>\n","protected":false},"excerpt":{"rendered":"<p>Den 19 maj 2017 tr\u00e4ffade Almega Tj\u00e4nstef\u00f6retagen ett nytt avtal med Unionen om l\u00f6ner och allm\u00e4nna anst\u00e4llningsvillkor avseende bransch IT-hantverkarna f\u00f6r tiden 1 maj 2017 \u2013 30 april 2020.<\/p>\n","protected":false},"author":1,"featured_media":0,"comment_status":"closed","ping_status":"open","sticky":false,"template":"","format":"standard","meta":{"_acf_changed":false,"footnotes":""},"categories":[1],"tags":[],"article_type":[313],"agreement":[170],"class_list":["post-5328","post","type-post","status-publish","format-standard","hentry","category-okategoriserade","type-arbetsgivarnytt","agreement-ff73fbfd-74c6-e111-9e82-005056b20fd8"],"acf":[],"yoast_head":"<!-- This site is optimized with the Yoast SEO Premium plugin v26.8 (Yoast SEO v26.8) - https:\/\/yoast.com\/product\/yoast-seo-premium-wordpress\/ -->\n<title>Nytt avtal med Unionen avseende IT-hantverkarna | Almega<\/title>\n<meta name=\"robots\" content=\"index, follow, max-snippet:-1, max-image-preview:large, max-video-preview:-1\" \/>\n<link rel=\"canonical\" href=\"https:\/\/www.almega.se\/2017\/05\/nytt-avtal-med-unionen-avseende-it-hantverkarna\/\" \/>\n<meta property=\"og:locale\" content=\"sv_SE\" \/>\n<meta property=\"og:type\" content=\"article\" \/>\n<meta property=\"og:title\" content=\"Nytt avtal med Unionen avseende IT-hantverkarna\" \/>\n<meta property=\"og:description\" content=\"Den 19 maj 2017 tr\u00e4ffade Almega Tj\u00e4nstef\u00f6retagen ett nytt avtal med Unionen om l\u00f6ner och allm\u00e4nna anst\u00e4llningsvillkor avseende bransch IT-hantverkarna f\u00f6r tiden 1 maj 2017 \u2013 30 april 2020.\" \/>\n<meta property=\"og:url\" content=\"https:\/\/www.almega.se\/2017\/05\/nytt-avtal-med-unionen-avseende-it-hantverkarna\/\" \/>\n<meta property=\"og:site_name\" content=\"Almega\" \/>\n<meta property=\"article:published_time\" content=\"2017-05-19T10:00:00+00:00\" \/>\n<meta property=\"og:image\" content=\"https:\/\/www.almega.se\/app\/uploads\/2020\/12\/almega-share-logo.png\" \/>\n\t<meta property=\"og:image:width\" content=\"1200\" \/>\n\t<meta property=\"og:image:height\" content=\"630\" \/>\n\t<meta property=\"og:image:type\" content=\"image\/png\" \/>\n<meta name=\"author\" content=\"admin\" \/>\n<meta name=\"twitter:card\" content=\"summary_large_image\" \/>\n<meta name=\"twitter:label1\" content=\"Skriven av\" \/>\n\t<meta name=\"twitter:data1\" content=\"admin\" \/>\n\t<meta name=\"twitter:label2\" content=\"Ber\u00e4knad l\u00e4stid\" \/>\n\t<meta name=\"twitter:data2\" content=\"4 minuter\" \/>\n<!-- \/ Yoast SEO Premium plugin. -->","yoast_head_json":{"title":"Nytt avtal med Unionen avseende IT-hantverkarna | Almega","robots":{"index":"index","follow":"follow","max-snippet":"max-snippet:-1","max-image-preview":"max-image-preview:large","max-video-preview":"max-video-preview:-1"},"canonical":"https:\/\/www.almega.se\/2017\/05\/nytt-avtal-med-unionen-avseende-it-hantverkarna\/","og_locale":"sv_SE","og_type":"article","og_title":"Nytt avtal med Unionen avseende IT-hantverkarna","og_description":"Den 19 maj 2017 tr\u00e4ffade Almega Tj\u00e4nstef\u00f6retagen ett nytt avtal med Unionen om l\u00f6ner och allm\u00e4nna anst\u00e4llningsvillkor avseende bransch IT-hantverkarna f\u00f6r tiden 1 maj 2017 \u2013 30 april 2020.","og_url":"https:\/\/www.almega.se\/2017\/05\/nytt-avtal-med-unionen-avseende-it-hantverkarna\/","og_site_name":"Almega","article_published_time":"2017-05-19T10:00:00+00:00","og_image":[{"width":1200,"height":630,"url":"https:\/\/www.almega.se\/app\/uploads\/2020\/12\/almega-share-logo.png","type":"image\/png"}],"author":"admin","twitter_card":"summary_large_image","twitter_misc":{"Skriven av":"admin","Ber\u00e4knad l\u00e4stid":"4 minuter"},"schema":{"@context":"https:\/\/schema.org","@graph":[{"@type":"NewsArticle","@id":"https:\/\/www.almega.se\/2017\/05\/nytt-avtal-med-unionen-avseende-it-hantverkarna\/#article","isPartOf":{"@id":"https:\/\/www.almega.se\/2017\/05\/nytt-avtal-med-unionen-avseende-it-hantverkarna\/"},"author":{"name":"admin","@id":"https:\/\/www.almega.se\/#\/schema\/person\/9c3674d192fb8b2d1d8b7a3f31c5151d"},"headline":"Nytt avtal med Unionen avseende IT-hantverkarna","datePublished":"2017-05-19T10:00:00+00:00","mainEntityOfPage":{"@id":"https:\/\/www.almega.se\/2017\/05\/nytt-avtal-med-unionen-avseende-it-hantverkarna\/"},"wordCount":788,"inLanguage":"sv-SE"},{"@type":"WebPage","@id":"https:\/\/www.almega.se\/2017\/05\/nytt-avtal-med-unionen-avseende-it-hantverkarna\/","url":"https:\/\/www.almega.se\/2017\/05\/nytt-avtal-med-unionen-avseende-it-hantverkarna\/","name":"Nytt avtal med Unionen avseende IT-hantverkarna | Almega","isPartOf":{"@id":"https:\/\/www.almega.se\/#website"},"datePublished":"2017-05-19T10:00:00+00:00","author":{"@id":"https:\/\/www.almega.se\/#\/schema\/person\/9c3674d192fb8b2d1d8b7a3f31c5151d"},"breadcrumb":{"@id":"https:\/\/www.almega.se\/2017\/05\/nytt-avtal-med-unionen-avseende-it-hantverkarna\/#breadcrumb"},"inLanguage":"sv-SE","potentialAction":[{"@type":"ReadAction","target":["https:\/\/www.almega.se\/2017\/05\/nytt-avtal-med-unionen-avseende-it-hantverkarna\/"]}]},{"@type":"BreadcrumbList","@id":"https:\/\/www.almega.se\/2017\/05\/nytt-avtal-med-unionen-avseende-it-hantverkarna\/#breadcrumb","itemListElement":[{"@type":"ListItem","position":1,"name":"Home","item":"https:\/\/www.almega.se\/"},{"@type":"ListItem","position":2,"name":"Nytt avtal med Unionen avseende IT-hantverkarna"}]},{"@type":"WebSite","@id":"https:\/\/www.almega.se\/#website","url":"https:\/\/www.almega.se\/","name":"Almega","description":"","potentialAction":[{"@type":"SearchAction","target":{"@type":"EntryPoint","urlTemplate":"https:\/\/www.almega.se\/?s={search_term_string}"},"query-input":{"@type":"PropertyValueSpecification","valueRequired":true,"valueName":"search_term_string"}}],"inLanguage":"sv-SE"},{"@type":"Person","@id":"https:\/\/www.almega.se\/#\/schema\/person\/9c3674d192fb8b2d1d8b7a3f31c5151d","name":"admin","image":{"@type":"ImageObject","inLanguage":"sv-SE","@id":"https:\/\/www.almega.se\/#\/schema\/person\/image\/","url":"https:\/\/secure.gravatar.com\/avatar\/13aac7e7a7582f599e3ba7706cec051e12eac4ad6c2ffe6f9d24800e63294187?s=96&d=mm&r=g","contentUrl":"https:\/\/secure.gravatar.com\/avatar\/13aac7e7a7582f599e3ba7706cec051e12eac4ad6c2ffe6f9d24800e63294187?s=96&d=mm&r=g","caption":"admin"},"url":"https:\/\/www.almega.se\/person\/admin\/"}]}},"_links":{"self":[{"href":"https:\/\/www.almega.se\/api\/wp\/v2\/posts\/5328","targetHints":{"allow":["GET"]}}],"collection":[{"href":"https:\/\/www.almega.se\/api\/wp\/v2\/posts"}],"about":[{"href":"https:\/\/www.almega.se\/api\/wp\/v2\/types\/post"}],"author":[{"embeddable":true,"href":"https:\/\/www.almega.se\/api\/wp\/v2\/users\/1"}],"replies":[{"embeddable":true,"href":"https:\/\/www.almega.se\/api\/wp\/v2\/comments?post=5328"}],"version-history":[{"count":1,"href":"https:\/\/www.almega.se\/api\/wp\/v2\/posts\/5328\/revisions"}],"predecessor-version":[{"id":58141,"href":"https:\/\/www.almega.se\/api\/wp\/v2\/posts\/5328\/revisions\/58141"}],"wp:attachment":[{"href":"https:\/\/www.almega.se\/api\/wp\/v2\/media?parent=5328"}],"wp:term":[{"taxonomy":"category","embeddable":true,"href":"https:\/\/www.almega.se\/api\/wp\/v2\/categories?post=5328"},{"taxonomy":"post_tag","embeddable":true,"href":"https:\/\/www.almega.se\/api\/wp\/v2\/tags?post=5328"},{"taxonomy":"type","embeddable":true,"href":"https:\/\/www.almega.se\/api\/wp\/v2\/article_type?post=5328"},{"taxonomy":"agreement","embeddable":true,"href":"https:\/\/www.almega.se\/api\/wp\/v2\/agreement?post=5328"}],"curies":[{"name":"wp","href":"https:\/\/api.w.org\/{rel}","templated":true}]}}