{"id":5319,"date":"2017-06-01T11:00:00","date_gmt":"2017-06-01T11:00:00","guid":{"rendered":"http:\/\/almega-bento\/wp\/blog\/2017\/06\/01\/forandringar-i-tjanstemanaavtalet-fastighetsarbetsgivarna-fran-1-juni-2017\/"},"modified":"2017-06-01T11:00:00","modified_gmt":"2017-06-01T11:00:00","slug":"forandringar-i-tjanstemanaavtalet-fastighetsarbetsgivarna-fran-1-juni-2017","status":"publish","type":"post","link":"https:\/\/www.almega.se\/2017\/06\/forandringar-i-tjanstemanaavtalet-fastighetsarbetsgivarna-fran-1-juni-2017\/","title":{"rendered":"F\u00f6r\u00e4ndringar i tj\u00e4nstemana&shy;avtalet Fastighetsarbetsgivarna fr\u00e5n 1 juni 2017"},"content":{"rendered":"\n<p class=\"intro\">Ordinarie riksavtalsf\u00f6rhandlingar med tj\u00e4nstemannafacken \u00e4r i skrivande stund inte f\u00e4rdiga varf\u00f6r denna information inte inneh\u00e5ller uppgifter om l\u00f6ne\u00f6kningar.<\/p>\n<p>I april 2017 tecknade parterna ett avtal om <a href=\"ac2a9fc477e74f1c9ea0f0b266eb344e\" target=\"_blank\" rel=\"noopener\">flexpension<\/a><\/p>\n<p>Ut&ouml;ver regler om flexpension och m&ouml;jlighet till deltidspension inf&ouml;rdes &auml;ven f&ouml;ljande f&ouml;r&auml;ndringar i kollektivavtalet:<\/p>\n<p><strong>Fr&aring;n och med den 1 juni 2017 g&auml;ller f&ouml;ljande nya regler:<\/strong><\/p>\n<ol>\n<li>Kompletterande regler vid avr&auml;kning av semesterers&auml;ttning vid uttag av semester vid sammanfallande intj&auml;nande- och uttags&aring;r<\/li>\n<li>F&ouml;r&auml;ndrade anst&auml;llningsformer<\/li>\n<li>F&ouml;r&auml;ndrade regler om beredskap<\/li>\n<li>Ny f&ouml;rhandlingsordning vid r&auml;ttstvister<br \/>  &nbsp;<\/li>\n<\/ol>\n<h2>1 Kompletterande regler vid avr&auml;kning av semesterers&auml;ttning vid uttag av semester vid sammanfallande intj&auml;nande- och uttags&aring;r.<br \/>  &nbsp;<\/h2>\n<p><strong>Kommentar<\/strong><\/p>\n<p>I avtalstexten inf&ouml;rs f&ouml;ljande f&ouml;rtydligande\/f&ouml;r&auml;ndringar i &sect; 8.2.1 och 8.4.4:<\/p>\n<p><strong>Sammanfallande intj&auml;nande- och semester&aring;r <\/strong><\/p>\n<p>Arbetsgivaren kan komma &ouml;verens med en enskild tj&auml;nsteman eller med den lokala tj&auml;nstemannaparten om att intj&auml;nande&aring;ret och semester&aring;ret ska sammanfalla.<\/p>\n<p><strong><em>Anm&auml;rkning <\/em><\/strong><\/p>\n<p><em>Det &auml;r viktigt att arbetsgivaren &auml;r tydlig med vilket intj&auml;nande- och semester&aring;r som till&auml;mpas<\/em><\/p>\n<p><strong>8.4.4 Avr&auml;kning <\/strong><\/p>\n<p>N&auml;r intj&auml;nande&aring;r och semester&aring;r sammanfaller ska erh&aring;llen semesterl&ouml;n betraktas som &agrave;-contoutbetalning och avr&auml;knas fr&aring;n s&aring;v&auml;l semesterers&auml;ttning som l&ouml;n. Tj&auml;nsteman som erh&aring;llit fler betalda semesterdagar &auml;n intj&auml;nade ska &aring;terbetala f&ouml;r mycket utbetald semesterl&ouml;n\/till&auml;gg. Motsvarande l&ouml;nekorrigering g&ouml;rs om syssels&auml;ttningsgraden &auml;ndrats under semester&aring;ret.<\/p>\n<p>L&ouml;neavr&auml;kning ska inte g&ouml;ras vid anst&auml;llningens upph&ouml;rande om det sker p&aring; grund av:<\/p>\n<p>1.&nbsp; tj&auml;nstemannens sjukdom eller<\/p>\n<p>2. tj&auml;nsteman som fr&aring;ntr&auml;der sin anst&auml;llning under f&ouml;rh&aring;llanden som avses i 4 &sect; &nbsp;&nbsp;&nbsp; tredje stycket f&ouml;rsta meningen i lagen om anst&auml;llningsskydd eller<\/p>\n<p>3. upps&auml;gning fr&aring;n arbetsgivarens sida, som beror p&aring; f&ouml;rh&aring;llande som inte h&auml;nf&ouml;r sig till tj&auml;nstemannen personligen.<\/p>\n<h2>2. F&ouml;r&auml;ndrade regler om anst&auml;llningsformer<\/h2>\n<p><strong>Kommentar:<\/strong><\/p>\n<p>Best&auml;mmelsen &auml;r f&ouml;r&auml;ndrad i sin helhet. Uppr&auml;kningen av anst&auml;llningsformerna i avtalet &auml;r utt&ouml;mmande och ers&auml;tter nu liksom tidigare anst&auml;llningsskyddslagens anst&auml;llningsformer i sin helhet. Detta inneb&auml;r att det inte &auml;r till&aring;tet att anv&auml;nda andra anst&auml;llningsformer &auml;n de som &aring;terfinns i avtalet.<\/p>\n<p>En av nyheterna &auml;r att en provanst&auml;llning avslutas efter skriftlig underr&auml;ttelse 2 veckor i st&auml;llet f&ouml;r en m&aring;nad. Ett vikariat eller en avtalad visstidsanst&auml;llning kan avslutas i f&ouml;rtid under de sex f&ouml;rsta m&aring;naderna. Anst&auml;llningen upph&ouml;r d&aring; en m&aring;nad efter det att endera parten l&auml;mnat skriftlig underr&auml;ttelse h&auml;rom.<\/p>\n<p>Om en visstidsanst&auml;llning bed&ouml;ms vara kortare en 1 m&aring;nad s&aring; beh&ouml;ver man inte erbjuda medarbetare med f&ouml;retr&auml;desr&auml;tt till &aring;teranst&auml;llning den befattningen.<\/p>\n<p>P&aring; avtalsomr&aring;de har det tidigare inte funnit n&aring;gra konverteringsregler, det vill s&auml;ga att tidsbegr&auml;nsade anst&auml;llningar &ouml;verg&aring;r till tillsvidareanst&auml;llning efter en viss tid. En regel i denna riktning har inf&ouml;rts vilket inneb&auml;r att ett vikariat eller avtalad visstid automatiskt &ouml;verg&aring;r till en tillsvidareanst&auml;llning efter 36 m&aring;nader under en fem&aring;rsperiod. F&ouml;r vikariatsanst&auml;llningar som ing&aring;tts f&ouml;re den 1 juni 2017 g&auml;ller dock de gamla reglerna. Observera att ber&auml;kningen av anst&auml;llningstid f&ouml;r konvertering g&auml;ller fr&aring;n och med 1 juni 2017 n&auml;r det g&auml;ller vikariat. Vid avtalad visstid s&aring; g&auml;ller konverteringsreglerna anst&auml;llningar som ing&aring;tts efter den 1 juni 2017.<\/p>\n<p><a href=\"\/app\/uploads\/imported\/Anstallningsavtal-Fastighet-Tjm-ny.pdf\" target=\"_blank\" title=\"Anst\u00e4llningsavtal Fastighet Tjm ny.pdf\" rel=\"noopener\">Anst&auml;llningsavtal tj&auml;nstem&auml;n<\/a><\/p>\n<p>Du hittar ocks&aring; anst&auml;llningsavtalet under arbetsgivarguiden\/ mallar och blanketter\/ anst&auml;lla<\/p>\n<p>F&ouml;r de f&ouml;retag som skriver egna anst&auml;llningsavtal &auml;r det viktigt att anv&auml;nda samma anst&auml;llningsformer som st&aring;r i kollektivavtalet.<\/p>\n<p><strong>F&ouml;ljande text inf&ouml;res i avtalet och ers&auml;tter den tidigare lydelsen<\/strong><\/p>\n<p><strong>&sect; 3 Anst&auml;llning<\/strong><\/p>\n<p>De anst&auml;llningsformer som anges nedan &auml;r en utt&ouml;mmande reglering av de anst&auml;llningsformer som &auml;r tillg&auml;ngliga p&aring; avtalsomr&aring;det. Vad det avser f&ouml;retr&auml;desr&auml;tt till &aring;teranst&auml;llning g&auml;ller lagen om anst&auml;llningsskydd s&aring; vida inte annat anges.<\/p>\n<p><strong>3.1 Anst&auml;llning tillsvidare<\/strong><\/p>\n<p>En anst&auml;llning g&auml;ller tillsvidare, om arbetsgivaren och tj&auml;nstemannen inte har kommit &ouml;verens om att anst&auml;llningen ska vara tidsbegr&auml;nsad eller p&aring; prov.<\/p>\n<p><strong>3.2 Villkor f&ouml;r tidsbegr&auml;nsade anst&auml;llningar<\/strong><\/p>\n<p>Arbetsgivaren och tj&auml;nstemannen kan komma &ouml;verens om tidsbegr&auml;nsad anst&auml;llning:<\/p>\n<ul>\n<li>Vid vikariat f&ouml;r att ers&auml;tta en tj&auml;nsteman vid dennes ledighet eller fr&aring;nvaro eller f&ouml;r att uppr&auml;tth&aring;lla en ledigf&ouml;rklarad befattning.&nbsp;<\/li>\n<li>F&ouml;r avtalad visstid<\/li>\n<\/ul>\n<p>Ett avtal om avtalad visstid ska omfatta en minsta anst&auml;llningstid om sju dagar om arbetsgivaren och tj&auml;nstemannen inte kommer &ouml;verens om kortare anst&auml;llningstid.<\/p>\n<p>Anm&auml;rkning<\/p>\n<p><em>Om den fackliga organisationen anser att m&ouml;jligheten att genom individuell &ouml;verenskommelse visstidsanst&auml;lla p&aring; kortare tid &auml;n sju dagar missbrukas kan organisationen efter lokal och central f&ouml;rhandling i saken &aring;terkalla m&ouml;jligheten f&ouml;r arbetsgivaren att forts&auml;ttningsvis tr&auml;ffa dylika individuella &ouml;verenskommelser. M&ouml;jligheten att &aring;terkalla g&auml;ller inte d&aring; lokal &ouml;verenskommelse tr&auml;ffats. Med missbruk avses att arbetsgivaren &aring;terkommande anst&auml;ller f&ouml;r kort tid trots att verksamhetens behov kunnat tillgodoses genom l&auml;ngre visstidsanst&auml;llning eller tillsvidareanst&auml;llning. Vid misstanke om missbruk har den fackliga organisationen r&auml;tt att f&aring; del av samtliga anst&auml;llningsavtal d&auml;r individuell &ouml;verenskommelse tr&auml;ffats om kortare anst&auml;llningstid &auml;n sju dagar avseende den senaste sexm&aring;nadersperioden. <\/em><\/p>\n<p>Lokala parter kan ocks&aring; tr&auml;ffa &ouml;verenskommelse om kortare anst&auml;llningstid.<\/p>\n<p><em>Anm&auml;rkning<\/em><\/p>\n<p><em>Avsikten med en lokal &ouml;verenskommelse &auml;r att arbetsgivaren och tj&auml;nstemannaparten tillsammans ser &ouml;ver i vilka typsituationer ett s&aring;dant korttidsanst&auml;llningsbehov, periodiskt eller &aring;terkommande, f&ouml;rekommer i verksamheten och p&aring; f&ouml;rhand &ouml;verenskommer om undantag avseende dessa alternativt i en enskild situation tr&auml;ffar lokal &ouml;verenskommelse.<\/em><\/p>\n<p>Studerande som &auml;r inskrivna vid universitet eller h&ouml;gskola kan alltid anst&auml;llas f&ouml;r avtalad visstid utan krav p&aring; minsta anst&auml;llningstid.<\/p>\n<ul>\n<li>F&ouml;r tj&auml;nsteman som uppn&aring;tt den ordinarie pensions&aring;ldern enligt ITP-planen (fn. 65 &aring;r).<\/li>\n<li>F&ouml;r s&auml;songsarbete.<br \/>  &nbsp;\n<p><em>Anm&auml;rkning<\/em><\/p>\n<p><em>Parterna &auml;r &ouml;verens om att definitionen av s&auml;songsarbete f&ouml;ljer av lagen om anst&auml;llningsskydd.<\/em><\/p>\n<\/li>\n<li>Doktorandtj&auml;nst, d&aring; arbete med doktorsavhandling sker helt eller delvis vid f&ouml;retag.<\/li>\n<li>F&ouml;r skolungdom samt vid praktikarbete.<\/li>\n<\/ul>\n<p>Till en tidsbegr&auml;nsad anst&auml;llning som bed&ouml;ms f&aring; en varaktighet av h&ouml;gst en m&aring;nad g&auml;ller inte f&ouml;retr&auml;desr&auml;tt till &aring;teranst&auml;llning.<\/p>\n<p><strong>3.3 Omvandlingsregel f&ouml;r vikariat och avtalad visstid<\/strong><\/p>\n<p>Ett vikariat eller en avtalad visstid &ouml;verg&aring;r i en tillsvidareanst&auml;llning n&auml;r en arbetstagare har varit anst&auml;lld hos arbetsgivaren i vikariat och\/eller avtalad visstid sammanlagt mer &auml;n i 36 m&aring;nader under en fem&aring;rsperiod.&nbsp;&nbsp;&nbsp;&nbsp;&nbsp;&nbsp;<\/p>\n<p><em>Anm&auml;rkning<\/em><\/p>\n<p><em>&nbsp;Tj&auml;nsteman kan efter det att tidpunkten f&ouml;r omvandling till tillsvidareanst&auml;llning intr&auml;tt tr&auml;ffa skriftlig &ouml;verenskommelse med arbetsgivaren om att avst&aring; den aktualiserade omvandlingen. S&aring;dan &ouml;verenskommelse g&auml;ller i sex m&aring;nader. Tj&auml;nsteman kan h&auml;refter p&aring; nytt avst&aring; fr&aring;n tillsvidareanst&auml;llning enligt denna regel. F&ouml;r den som uppn&aring;tt den ordinarie pensions&aring;ldern enligt ITP-planen (fn. 65 &aring;r) &ouml;verg&aring;r inte en avtalad visstidsanst&auml;llning eller ett vikariat till en tillsvidareanst&auml;llning.<\/em><\/p>\n<p><em>I huvudregel g&auml;ller, likt g&auml;llande r&auml;tt avseende allm&auml;n visstidsanst&auml;llning och vikariat, vid omvandling att anst&auml;llningsvillkoren kvarst&aring;r of&ouml;r&auml;ndrade om inte arbetsgivaren och tj&auml;nstemannen kommer &ouml;verens om annat. F&ouml;r det fall parterna inte kommit &ouml;verens och syssels&auml;ttningsgraden kort f&ouml;re omvandlingstidpunkten i v&auml;sentlig m&aring;n avviker fr&aring;n en genomsnittligt ber&auml;knad syssels&auml;ttningsgrad under de senaste tolv m&aring;naderna ska denna i tillsvidareanst&auml;llningen best&auml;mmas till den genomsnittliga.<\/em><\/p>\n<p><strong>3.4 Provanst&auml;llning<\/strong><\/p>\n<p>Avtal om provanst&auml;llning f&aring;r tr&auml;ffas n&auml;r syftet &auml;r att anst&auml;llningen efter pr&ouml;votiden ska &ouml;verg&aring; i en tillsvidareanst&auml;llning. N&aring;got s&auml;rskilt krav p&aring; pr&ouml;vobehov uppst&auml;lls inte. Avtalet f&aring;r dock omfatta h&ouml;gst sex m&aring;nader. Har tj&auml;nstemannen varit fr&aring;nvarande under pr&ouml;voperioden, kan anst&auml;llningen efter &ouml;verenskommelse f&ouml;rl&auml;ngas med tid som motsvarar fr&aring;nvarotiden.<\/p>\n<p>Har tj&auml;nstemannen direkt f&ouml;re provanst&auml;llningen varit anst&auml;lld i liknande befattning i f&ouml;retaget, i avtalad visstid eller vikariat, minskas provanst&auml;llningstiden i motsvarande grad.<\/p>\n<p>Om provanst&auml;llningen inte &ouml;verg&aring;r till en tillsvidareanst&auml;llning, ska arbetsgivaren motivera sitt st&auml;llningstagande, om tj&auml;nstemannen beg&auml;r det.<\/p>\n<p>Provanst&auml;llningen kan avbrytas av b&aring;de arbetsgivaren och tj&auml;nstemannen f&ouml;re pr&ouml;votidens utg&aring;ng genom skriftligt besked senast tv&aring; veckor i f&ouml;rv&auml;g.<\/p>\n<p>Vill inte arbetsgivaren eller tj&auml;nstemannen att anst&auml;llningen ska forts&auml;tta efter det att pr&ouml;votiden l&ouml;pt ut, ska skriftligt besked om detta l&auml;mnas senast tv&aring; veckor f&ouml;re pr&ouml;votidens utg&aring;ng. Har inte underr&auml;ttelse l&auml;mnats senast vid pr&ouml;votidens utg&aring;ng &ouml;verg&aring;r provanst&auml;llningen till en tillsvidareanst&auml;llning.<\/p>\n<p><strong>3.5 Pr&ouml;votid vid vikariat och avtalad visstid<\/strong><\/p>\n<p>Ett vikariat eller en avtalad visstid kan bringas upph&ouml;ra genom att arbetsgivaren eller tj&auml;nstemannen l&auml;mnar underr&auml;ttelse d&auml;rom. Anst&auml;llningen upph&ouml;r d&aring; en m&aring;nad efter det att n&aring;gondera part skriftligen underr&auml;ttat motparten om sin avsikt att avbryta anst&auml;llningen. M&ouml;jligheten att genom underr&auml;ttelse bringa anst&auml;llningen att upph&ouml;ra g&auml;ller endast fram till den tidpunkt d&aring; tj&auml;nstemannen har en sammanlagd anst&auml;llningstid om sex m&aring;nader vid f&ouml;retaget. N&auml;r ett avtal om en avtalad visstid eller ett vikariat har f&ouml;reg&aring;tts av en provanst&auml;llning i liknande befattning i f&ouml;retaget minskas pr&ouml;votiden i motsvarande grad.<\/p>\n<p>Om vikariatet eller den avtalade visstidsanst&auml;llningen upph&ouml;r att g&auml;lla genom underr&auml;ttelse fr&aring;n arbetsgivaren, ska arbetsgivaren motivera sitt st&auml;llningstagande om tj&auml;nstemannen beg&auml;r det.<\/p>\n<p><em>Anm&auml;rkning<\/em><\/p>\n<p><em>Arbetsgivaren och tj&auml;nstemannen kan skriftligen &ouml;verenskomma om att ett vikariat eller en avtalad visstid inte av n&aring;gondera parten bringas att upph&ouml;ra genom underr&auml;ttelse. <\/em><\/p>\n<p><strong>3.6 Upps&auml;gning av tidsbegr&auml;nsad anst&auml;llning<\/strong><\/p>\n<p>Om arbetsgivaren och tj&auml;nstemannen kommit &ouml;verens om att en tidsbegr&auml;nsad anst&auml;llning kan s&auml;gas upp i f&ouml;rtid kan parterna inte komma &ouml;verens om kortare upps&auml;gningstid &auml;n vad som framg&aring;r av kollektivavtalets upps&auml;gningstider.<\/p>\n<p>En &ouml;verenskommelse om upps&auml;gningsm&ouml;jlighet i f&ouml;rtid &auml;ger till&auml;mpning f&ouml;rst efter att eventuell pr&ouml;votid enligt 3.5 l&ouml;pt ut.<\/p>\n<p><strong>3.7 Regler vid avslutande av anst&auml;llning<\/strong><\/p>\n<p>Se vidare &sect; 15&nbsp;<\/p>\n<p><strong>3.8 Facklig information <\/strong><\/p>\n<p>Nyanst&auml;lld arbetstagare har r&auml;tt att, en g&aring;ng p&aring; betald tid, under en timme delta i av den lokala fackliga organisationen anordnade information om den fackliga verksamheten vid f&ouml;retaget.<\/p>\n<p><strong>3.9 &Ouml;verg&aring;ngsbest&auml;mmelse <\/strong><\/p>\n<p>Parterna &auml;r &ouml;verens om att reglerna om anst&auml;llning tr&auml;der i kraft den 1 juni 2017.<\/p>\n<p>F&ouml;r anst&auml;llningsavtal som &auml;r tr&auml;ffade f&ouml;re den 1 juni 2017 g&auml;ller tidigare regler f&ouml;r s&aring;dana anst&auml;llningar fullt ut.<\/p>\n<p>Betr&auml;ffande vikariat enligt 3.3. i kollektivavtalet g&auml;ller f&ouml;ljande s&auml;rskilda regel f&ouml;r ber&auml;kning av anst&auml;llningstid avseende omvandling till tillsvidareanst&auml;llning.<\/p>\n<p>Betr&auml;ffande vikariat beaktas i samband med omvandling enligt 3.3. &auml;ven anst&auml;llningstid i vikariat som ing&aring;tts enligt &auml;ldre regler s&aring;vitt avser anst&auml;llningstid fr&aring;n och med den 1 juni 2017.<br \/>  &nbsp;<\/p>\n<h2>3. F&ouml;r&auml;ndrade regler om beredskap<br \/>  &nbsp;<\/h2>\n<p><strong>Kommentar <\/strong><\/p>\n<p>En ny regel f&ouml;r beredskap inf&ouml;res enligt nedan. F&ouml;r&auml;ndringen inneb&auml;r &auml;ndrade f&ouml;rl&auml;ggningsregler, inf&ouml;randet av 3 olika typer av beredskap och nya ers&auml;ttningsniv&aring;er. N&aring;gra f&ouml;r&auml;ndringar ur ett arbetstidsperspektiv inneb&auml;r inte de nya reglerna.<\/p>\n<h2><a name=\"_Toc476909203\">F&ouml;ljande text ers&auml;tter de tidigare reglerna om beredskap:<\/a><\/h2>\n<h2>&nbsp;<\/h2>\n<h2>&sect; 6 Beredskap<\/h2>\n<h3><a name=\"_Toc476909204\">6. 1 Definition<\/a><\/h3>\n<p>Med beredskap avses tid d&aring; tj&auml;nstemannen inte har arbetsskyldighet men m&aring;ste vara antr&auml;ffbar f&ouml;r att kunna utf&ouml;ra arbete n&auml;r det uppst&aring;r ett behov.<\/p>\n<h3><a name=\"_Toc476909205\">6.2 Lokala avtal<\/a><\/h3>\n<p>De lokala parterna kan tr&auml;ffa &ouml;verenskommelse om beredskap d&auml;r till exempel beredskapstj&auml;nster och ers&auml;ttningsformer anpassas efter lokala f&ouml;ruts&auml;ttningar. Se bilaga 2 f&ouml;r exempel p&aring; uppst&auml;llning i ett lokalt avtal.<\/p>\n<h3><a name=\"_Toc476909206\">6.3 Beredskapstj&auml;nst<\/a><\/h3>\n<p><strong><em>Beredskapstj&auml;nst A<\/em><\/strong> inneb&auml;r att tj&auml;nstemannen via ett mobilt verktyg eller liknande ska vara antr&auml;ffbar f&ouml;r att inst&auml;lla sig i arbete. Beredskapstj&auml;nst A kr&auml;ver inte att tj&auml;nstemannen beh&ouml;ver inst&auml;lla sig p&aring; n&aring;gon angiven plats.<\/p>\n<p><strong><em>Beredskapstj&auml;nst B<\/em><\/strong> inneb&auml;r att tj&auml;nstemannen ska inst&auml;lla sig p&aring; arbetsst&auml;llet eller av arbetsgivaren annan angiven plats f&ouml;r att utf&ouml;ra arbete.<\/p>\n<p><strong><em>Beredskapstj&auml;nst C<\/em><\/strong> inneb&auml;r att tj&auml;nstemannen ska inst&auml;lla sig i hemmet f&ouml;r att utf&ouml;ra arbete.<\/p>\n<p><strong><em>Anm&auml;rkning 1<\/em><\/strong><br \/>  F&ouml;r de fall arbetsgivaren vill till&auml;mpa Beredskapstj&auml;nst C, men tj&auml;nstemannen inte anser att hemmet &auml;r en &ouml;nskv&auml;rd arbetsplats ska inst&auml;llelse i arbete ske p&aring; arbetsst&auml;llet eller p&aring; annan angiven plats. Ers&auml;ttning utg&aring;r dock enligt beredskapstj&auml;nst C.<\/p>\n<p><strong><em>Anm&auml;rkning 2<\/em><\/strong><\/p>\n<p>Vid beredskapstj&auml;nst ska arbetsgivaren ta h&auml;nsyn till sk&auml;liga inst&auml;llelsetider med beaktande av tj&auml;nstemannens typ av beredskap samt andra praktiska och objektiva relevanta f&ouml;ruts&auml;ttningar. En (1) timme f&ouml;r inst&auml;llelsetid vid Beredskapstj&auml;nst B respektive dagtid vid Beredskapstj&auml;nst C kan tj&auml;na som utg&aring;ngspunkt. Inst&auml;llelsetid kan vara b&aring;de kortare och l&auml;ngre.<\/p>\n<h3><a name=\"_Toc476909207\">6.4 Schema<\/a><\/h3>\n<p>Beredskap ska schemal&auml;ggas s&aring; att den inte osk&auml;ligt belastar enskild tj&auml;nsteman. Schema b&ouml;r uppr&auml;ttas och kommuniceras i god tid. &Auml;ndringar av schemal&auml;ggning meddelas senast tv&aring; veckor i f&ouml;rv&auml;g. Tillf&auml;lliga avvikelser som inte kunnat f&ouml;rutses vid schemal&auml;ggning r&auml;knas inte som en schema&auml;ndring.<\/p>\n<p><strong><em>Anm&auml;rkning 1<\/em><\/strong><br \/>  Med osk&auml;ligt belastar avses som exempel att beredskap inte ska schemal&auml;ggas p&aring; f&ouml;r f&aring; tj&auml;nstem&auml;n eller att beredskap schemal&auml;ggs i flera beredskapspass under samma dygn utan samband med ordinarie arbetstid.<\/p>\n<p><strong><em>Anm&auml;rkning 2<\/em><\/strong><br \/>  Lokal &ouml;verenskommelse f&ouml;rutsetts vid behov tr&auml;ffas om nattarbete och viloregler i samband med beredskapstj&auml;nst.<\/p>\n<h3><a name=\"_Toc476909208\">6.5 Avvikelse fr&aring;n arbetstidslagen <\/a><\/h3>\n<p>I anslutning till arbetstidslagens best&auml;mmelser avseende &ouml;vertid, dygns- och veckovila g&auml;ller f&ouml;ljande f&ouml;r arbetstagare som har att utf&ouml;ra beredskapstj&auml;nst.<\/p>\n<p style=\"margin-left: 1cm\">&#8211;&nbsp;&nbsp;&nbsp;&nbsp;&nbsp;&nbsp;&nbsp; &Ouml;vertid f&aring;r uttas med 75 timmar under en m&aring;nad, d&aring; beredskapstj&auml;nst utf&ouml;rs.<\/p>\n<p style=\"margin-left: 1cm\">&#8211; &nbsp;&nbsp;&nbsp;&nbsp;&nbsp;&nbsp; Arbetstagare med beredskapstj&auml;nst under l&ouml;rdag-s&ouml;ndag ska vara garanterad 60 timmars sammanh&auml;ngande ledighet under en fjortondagarsperiod.<\/p>\n<h3><a name=\"_Toc476909209\">6.6 Beredskapsers&auml;ttning<\/a><\/h3>\n<p>Om lokal &ouml;verenskommelse inte tr&auml;ffats om annat ers&auml;tts Beredskapstj&auml;nst A, B respektive C enligt f&ouml;ljande:<\/p>\n<table border=\"1\" cellpadding=\"0\" cellspacing=\"0\" width=\"623\">\n<tbody>\n<tr>\n<td style=\"width: 283px;height: 19px\">\n<p><strong>F&ouml;rl&auml;ggningstidpunkt<\/strong><\/p>\n<\/td>\n<td colspan=\"3\" style=\"width: 338px;height: 19px\">\n<p><strong>Ers&auml;ttning per timme<\/strong><\/p>\n<\/td>\n<td>\n<p>&nbsp;<\/p>\n<\/td>\n<\/tr>\n<tr>\n<td style=\"width: 283px;height: 19px\">\n<p>&nbsp;<\/p>\n<\/td>\n<td style=\"width: 121px;height: 19px\">\n<p align=\"center\"><strong>A<\/strong><\/p>\n<\/td>\n<td style=\"width: 113px;height: 19px\">\n<p align=\"center\"><strong>B<\/strong><\/p>\n<\/td>\n<td colspan=\"2\" style=\"width: 106px;height: 19px\">\n<p align=\"center\"><strong>C<\/strong><\/p>\n<\/td>\n<\/tr>\n<tr>\n<td style=\"width: 283px;height: 18px\">\n<p>m&aring;ndag kl 00 &ndash; fredag kl 18<\/p>\n<\/td>\n<td style=\"width: 121px;height: 18px\">\n<p align=\"center\"><u>M&aring;nadsl&ouml;n<\/u><\/p>\n<p align=\"center\">1750<\/p>\n<p>&nbsp;<\/p>\n<\/td>\n<td style=\"width: 113px;height: 18px\">\n<p align=\"center\"><u>M&aring;nadsl&ouml;n<\/u><\/p>\n<p align=\"center\">1400<\/p>\n<p>&nbsp;<\/p>\n<\/td>\n<td colspan=\"2\" style=\"width: 106px;height: 18px\">\n<p align=\"center\"><u>M&aring;nadsl&ouml;n<\/u><\/p>\n<p align=\"center\">1650<\/p>\n<p>&nbsp;<\/p>\n<\/td>\n<\/tr>\n<tr>\n<td style=\"width: 283px;height: 91px\">\n<p>fredag kl 18 &#8211; l&ouml;rdag kl 07, samt fr&aring;n kl 18 dagen f&ouml;re till kl 07 Trettondagen, 1 maj, Kristi Himmelsf&auml;rdsdag,1 maj, Alla Helgons dag och Nationaldagen<\/p>\n<\/td>\n<td style=\"width: 121px;height: 91px\">\n<p align=\"center\"><u>M&aring;nadsl&ouml;n<\/u><\/p>\n<p align=\"center\">1100<\/p>\n<p>&nbsp;<\/p>\n<\/td>\n<td style=\"width: 113px;height: 91px\">\n<p align=\"center\"><u>M&aring;nadsl&ouml;n<\/u><\/p>\n<p align=\"center\">900<\/p>\n<p>&nbsp;<\/p>\n<\/td>\n<td colspan=\"2\" style=\"width: 106px;height: 91px\">\n<p align=\"center\"><u>M&aring;nadsl&ouml;n<\/u><\/p>\n<p align=\"center\">1050<\/p>\n<p>&nbsp;<\/p>\n<\/td>\n<\/tr>\n<tr>\n<td style=\"width: 283px;height: 109px\">\n<p>l&ouml;rdag kl 07 &ndash; s&ouml;ndag kl 24 samt fr&aring;n kl 07 Trettondagen, 1 maj, Kristi Himmelsf&auml;rdsdag, Alla Helgons dag och Nationaldagen till kl 00 f&ouml;rsta vardagen efter respektive helg<\/p>\n<\/td>\n<td style=\"width: 121px;height: 109px\">\n<p align=\"center\"><u>M&aring;nadsl&ouml;n<\/u><\/p>\n<p align=\"center\">750<\/p>\n<p>&nbsp;<\/p>\n<\/td>\n<td style=\"width: 113px;height: 109px\">\n<p align=\"center\"><u>M&aring;nadsl&ouml;n<\/u><\/p>\n<p align=\"center\">600<\/p>\n<p>&nbsp;<\/p>\n<\/td>\n<td colspan=\"2\" style=\"width: 106px;height: 109px\">\n<p align=\"center\"><u>M&aring;nadsl&ouml;n<\/u><\/p>\n<p align=\"center\">700<\/p>\n<p>&nbsp;<\/p>\n<\/td>\n<\/tr>\n<tr>\n<td style=\"width: 283px;height: 73px\">\n<p>fr&aring;n kl 18 p&aring; Sk&auml;rtorsdagen samt fr&aring;n kl 07 p&aring; pingst-, midsommar-, jul-, och ny&aring;rsafton till kl 00 f&ouml;rsta-vardagen efter respektive helg<\/p>\n<\/td>\n<td style=\"width: 121px;height: 73px\">\n<p align=\"center\"><u>M&aring;nadsl&ouml;n<\/u><\/p>\n<p align=\"center\">450<\/p>\n<p>&nbsp;<\/p>\n<\/td>\n<td style=\"width: 113px;height: 73px\">\n<p align=\"center\"><u>M&aring;nadsl&ouml;n<\/u><\/p>\n<p align=\"center\">350<\/p>\n<p>&nbsp;<\/p>\n<\/td>\n<td colspan=\"2\" style=\"width: 106px;height: 73px\">\n<p align=\"center\"><u>M&aring;nadsl&ouml;n<\/u><\/p>\n<p align=\"center\">400<\/p>\n<p>&nbsp;<\/p>\n<\/td>\n<\/tr>\n<\/tbody>\n<\/table>\n<p>Du hittar ocks&aring; anst&auml;llningsavtalet under arbetsgivarguiden\/ mallar och blanketter\/ anst&auml;lla<\/p>\n<p>F&ouml;r de f&ouml;retag som skriver egna anst&auml;llningsavtal &auml;r det viktigt att anv&auml;nda samma anst&auml;llningsformer som st&aring;r i kollektivavtalet.<\/p>\n<p><strong>F&ouml;ljande text inf&ouml;res i avtalet och ers&auml;tter den tidigare lydelsen<\/strong><\/p>\n<p><strong>&sect; 3 Anst&auml;llning<\/strong><\/p>\n<p>De anst&auml;llningsformer som anges nedan &auml;r en utt&ouml;mmande reglering av de anst&auml;llningsformer som &auml;r tillg&auml;ngliga p&aring; avtalsomr&aring;det. Vad det avser f&ouml;retr&auml;desr&auml;tt till &aring;teranst&auml;llning g&auml;ller lagen om anst&auml;llningsskydd s&aring; vida inte annat anges.<\/p>\n<p><strong>3.1 Anst&auml;llning tillsvidare<\/strong><\/p>\n<p>En anst&auml;llning g&auml;ller tillsvidare, om arbetsgivaren och tj&auml;nstemannen inte har kommit &ouml;verens om att anst&auml;llningen ska vara tidsbegr&auml;nsad eller p&aring; prov.<\/p>\n<p><strong>3.2 Villkor f&ouml;r tidsbegr&auml;nsade anst&auml;llningar<\/strong><\/p>\n<p>Arbetsgivaren och tj&auml;nstemannen kan komma &ouml;verens om tidsbegr&auml;nsad anst&auml;llning:<\/p>\n<ul>\n<li>Vid vikariat f&ouml;r att ers&auml;tta en tj&auml;nsteman vid dennes ledighet eller fr&aring;nvaro eller f&ouml;r att uppr&auml;tth&aring;lla en ledigf&ouml;rklarad befattning.&nbsp;<\/li>\n<li>F&ouml;r avtalad visstid<\/li>\n<\/ul>\n<p>Ett avtal om avtalad visstid ska omfatta en minsta anst&auml;llningstid om sju dagar om arbetsgivaren och tj&auml;nstemannen inte kommer &ouml;verens om kortare anst&auml;llningstid.<\/p>\n<p>Anm&auml;rkning<\/p>\n<p><em>Om den fackliga organisationen anser att m&ouml;jligheten att genom individuell &ouml;verenskommelse visstidsanst&auml;lla p&aring; kortare tid &auml;n sju dagar missbrukas kan organisationen efter lokal och central f&ouml;rhandling i saken &aring;terkalla m&ouml;jligheten f&ouml;r arbetsgivaren att forts&auml;ttningsvis tr&auml;ffa dylika individuella &ouml;verenskommelser. M&ouml;jligheten att &aring;terkalla g&auml;ller inte d&aring; lokal &ouml;verenskommelse tr&auml;ffats. Med missbruk avses att arbetsgivaren &aring;terkommande anst&auml;ller f&ouml;r kort tid trots att verksamhetens behov kunnat tillgodoses genom l&auml;ngre visstidsanst&auml;llning eller tillsvidareanst&auml;llning. Vid misstanke om missbruk har den fackliga organisationen r&auml;tt att f&aring; del av samtliga anst&auml;llningsavtal d&auml;r individuell &ouml;verenskommelse tr&auml;ffats om kortare anst&auml;llningstid &auml;n sju dagar avseende den senaste sexm&aring;nadersperioden. <\/em><\/p>\n<p>Lokala parter kan ocks&aring; tr&auml;ffa &ouml;verenskommelse om kortare anst&auml;llningstid.<\/p>\n<p><em>Anm&auml;rkning<\/em><\/p>\n<p><em>Avsikten med en lokal &ouml;verenskommelse &auml;r att arbetsgivaren och tj&auml;nstemannaparten tillsammans ser &ouml;ver i vilka typsituationer ett s&aring;dant korttidsanst&auml;llningsbehov, periodiskt eller &aring;terkommande, f&ouml;rekommer i verksamheten och p&aring; f&ouml;rhand &ouml;verenskommer om undantag avseende dessa alternativt i en enskild situation tr&auml;ffar lokal &ouml;verenskommelse.<\/em><\/p>\n<p>Studerande som &auml;r inskrivna vid universitet eller h&ouml;gskola kan alltid anst&auml;llas f&ouml;r avtalad visstid utan krav p&aring; minsta anst&auml;llningstid.<\/p>\n<ul>\n<li>F&ouml;r tj&auml;nsteman som uppn&aring;tt den ordinarie pensions&aring;ldern enligt ITP-planen (fn. 65 &aring;r).<\/li>\n<li>F&ouml;r s&auml;songsarbete.<br \/>  &nbsp;\n<p><em>Anm&auml;rkning<\/em><\/p>\n<p><em>Parterna &auml;r &ouml;verens om att definitionen av s&auml;songsarbete f&ouml;ljer av lagen om anst&auml;llningsskydd.<\/em><\/p>\n<\/li>\n<li>Doktorandtj&auml;nst, d&aring; arbete med doktorsavhandling sker helt eller delvis vid f&ouml;retag.<\/li>\n<li>F&ouml;r skolungdom samt vid praktikarbete.<\/li>\n<\/ul>\n<p>Till en tidsbegr&auml;nsad anst&auml;llning som bed&ouml;ms f&aring; en varaktighet av h&ouml;gst en m&aring;nad g&auml;ller inte f&ouml;retr&auml;desr&auml;tt till &aring;teranst&auml;llning.<\/p>\n<p><strong>3.3 Omvandlingsregel f&ouml;r vikariat och avtalad visstid<\/strong><\/p>\n<p>Ett vikariat eller en avtalad visstid &ouml;verg&aring;r i en tillsvidareanst&auml;llning n&auml;r en arbetstagare har varit anst&auml;lld hos arbetsgivaren i vikariat och\/eller avtalad visstid sammanlagt mer &auml;n i 36 m&aring;nader under en fem&aring;rsperiod.&nbsp;&nbsp;&nbsp;&nbsp;&nbsp;&nbsp;<\/p>\n<p><em>Anm&auml;rkning<\/em><\/p>\n<p><em>&nbsp;Tj&auml;nsteman kan efter det att tidpunkten f&ouml;r omvandling till tillsvidareanst&auml;llning intr&auml;tt tr&auml;ffa skriftlig &ouml;verenskommelse med arbetsgivaren om att avst&aring; den aktualiserade omvandlingen. S&aring;dan &ouml;verenskommelse g&auml;ller i sex m&aring;nader. Tj&auml;nsteman kan h&auml;refter p&aring; nytt avst&aring; fr&aring;n tillsvidareanst&auml;llning enligt denna regel. F&ouml;r den som uppn&aring;tt den ordinarie pensions&aring;ldern enligt ITP-planen (fn. 65 &aring;r) &ouml;verg&aring;r inte en avtalad visstidsanst&auml;llning eller ett vikariat till en tillsvidareanst&auml;llning.<\/em><\/p>\n<p><em>I huvudregel g&auml;ller, likt g&auml;llande r&auml;tt avseende allm&auml;n visstidsanst&auml;llning och vikariat, vid omvandling att anst&auml;llningsvillkoren kvarst&aring;r of&ouml;r&auml;ndrade om inte arbetsgivaren och tj&auml;nstemannen kommer &ouml;verens om annat. F&ouml;r det fall parterna inte kommit &ouml;verens och syssels&auml;ttningsgraden kort f&ouml;re omvandlingstidpunkten i v&auml;sentlig m&aring;n avviker fr&aring;n en genomsnittligt ber&auml;knad syssels&auml;ttningsgrad under de senaste tolv m&aring;naderna ska denna i tillsvidareanst&auml;llningen best&auml;mmas till den genomsnittliga.<\/em><\/p>\n<p><strong>3.4 Provanst&auml;llning<\/strong><\/p>\n<p>Avtal om provanst&auml;llning f&aring;r tr&auml;ffas n&auml;r syftet &auml;r att anst&auml;llningen efter pr&ouml;votiden ska &ouml;verg&aring; i en tillsvidareanst&auml;llning. N&aring;got s&auml;rskilt krav p&aring; pr&ouml;vobehov uppst&auml;lls inte. Avtalet f&aring;r dock omfatta h&ouml;gst sex m&aring;nader. Har tj&auml;nstemannen varit fr&aring;nvarande under pr&ouml;voperioden, kan anst&auml;llningen efter &ouml;verenskommelse f&ouml;rl&auml;ngas med tid som motsvarar fr&aring;nvarotiden.<\/p>\n<p>Har tj&auml;nstemannen direkt f&ouml;re provanst&auml;llningen varit anst&auml;lld i liknande befattning i f&ouml;retaget, i avtalad visstid eller vikariat, minskas provanst&auml;llningstiden i motsvarande grad.<\/p>\n<p>Om provanst&auml;llningen inte &ouml;verg&aring;r till en tillsvidareanst&auml;llning, ska arbetsgivaren motivera sitt st&auml;llningstagande, om tj&auml;nstemannen beg&auml;r det.<\/p>\n<p>Provanst&auml;llningen kan avbrytas av b&aring;de arbetsgivaren och tj&auml;nstemannen f&ouml;re pr&ouml;votidens utg&aring;ng genom skriftligt besked senast tv&aring; veckor i f&ouml;rv&auml;g.<\/p>\n<p>Vill inte arbetsgivaren eller tj&auml;nstemannen att anst&auml;llningen ska forts&auml;tta efter det att pr&ouml;votiden l&ouml;pt ut, ska skriftligt besked om detta l&auml;mnas senast tv&aring; veckor f&ouml;re pr&ouml;votidens utg&aring;ng. Har inte underr&auml;ttelse l&auml;mnats senast vid pr&ouml;votidens utg&aring;ng &ouml;verg&aring;r provanst&auml;llningen till en tillsvidareanst&auml;llning.<\/p>\n<p><strong>3.5 Pr&ouml;votid vid vikariat och avtalad visstid<\/strong><\/p>\n<p>Ett vikariat eller en avtalad visstid kan bringas upph&ouml;ra genom att arbetsgivaren eller tj&auml;nstemannen l&auml;mnar underr&auml;ttelse d&auml;rom. Anst&auml;llningen upph&ouml;r d&aring; en m&aring;nad efter det att n&aring;gondera part skriftligen underr&auml;ttat motparten om sin avsikt att avbryta anst&auml;llningen. M&ouml;jligheten att genom underr&auml;ttelse bringa anst&auml;llningen att upph&ouml;ra g&auml;ller endast fram till den tidpunkt d&aring; tj&auml;nstemannen har en sammanlagd anst&auml;llningstid om sex m&aring;nader vid f&ouml;retaget. N&auml;r ett avtal om en avtalad visstid eller ett vikariat har f&ouml;reg&aring;tts av en provanst&auml;llning i liknande befattning i f&ouml;retaget minskas pr&ouml;votiden i motsvarande grad.<\/p>\n<p>Om vikariatet eller den avtalade visstidsanst&auml;llningen upph&ouml;r att g&auml;lla genom underr&auml;ttelse fr&aring;n arbetsgivaren, ska arbetsgivaren motivera sitt st&auml;llningstagande om tj&auml;nstemannen beg&auml;r det.<\/p>\n<p><em>Anm&auml;rkning<\/em><\/p>\n<p><em>Arbetsgivaren och tj&auml;nstemannen kan skriftligen &ouml;verenskomma om att ett vikariat eller en avtalad visstid inte av n&aring;gondera parten bringas att upph&ouml;ra genom underr&auml;ttelse. <\/em><\/p>\n<p><strong>3.6 Upps&auml;gning av tidsbegr&auml;nsad anst&auml;llning<\/strong><\/p>\n<p>Om arbetsgivaren och tj&auml;nstemannen kommit &ouml;verens om att en tidsbegr&auml;nsad anst&auml;llning kan s&auml;gas upp i f&ouml;rtid kan parterna inte komma &ouml;verens om kortare upps&auml;gningstid &auml;n vad som framg&aring;r av kollektivavtalets upps&auml;gningstider.<\/p>\n<p>En &ouml;verenskommelse om upps&auml;gningsm&ouml;jlighet i f&ouml;rtid &auml;ger till&auml;mpning f&ouml;rst efter att eventuell pr&ouml;votid enligt 3.5 l&ouml;pt ut.<\/p>\n<p><strong>3.7 Regler vid avslutande av anst&auml;llning<\/strong><\/p>\n<p>Se vidare &sect; 15&nbsp;<\/p>\n<p><strong>3.8 Facklig information <\/strong><\/p>\n<p>Nyanst&auml;lld arbetstagare har r&auml;tt att, en g&aring;ng p&aring; betald tid, under en timme delta i av den lokala fackliga organisationen anordnade information om den fackliga verksamheten vid f&ouml;retaget.<\/p>\n<p><strong>3.9 &Ouml;verg&aring;ngsbest&auml;mmelse <\/strong><\/p>\n<p>Parterna &auml;r &ouml;verens om att reglerna om anst&auml;llning tr&auml;der i kraft den 1 juni 2017.<\/p>\n<p>F&ouml;r anst&auml;llningsavtal som &auml;r tr&auml;ffade f&ouml;re den 1 juni 2017 g&auml;ller tidigare regler f&ouml;r s&aring;dana anst&auml;llningar fullt ut.<\/p>\n<p>Betr&auml;ffande vikariat enligt 3.3. i kollektivavtalet g&auml;ller f&ouml;ljande s&auml;rskilda regel f&ouml;r ber&auml;kning av anst&auml;llningstid avseende omvandling till tillsvidareanst&auml;llning.<\/p>\n<p>Betr&auml;ffande vikariat beaktas i samband med omvandling enligt 3.3. &auml;ven anst&auml;llningstid i vikariat som ing&aring;tts enligt &auml;ldre regler s&aring;vitt avser anst&auml;llningstid fr&aring;n och med den 1 juni 2017.<br \/>  &nbsp;<\/p>\n<h2>3. F&ouml;r&auml;ndrade regler om beredskap<br \/>  &nbsp;<\/h2>\n<p><strong>Kommentar <\/strong><\/p>\n<p>En ny regel f&ouml;r beredskap inf&ouml;res enligt nedan. F&ouml;r&auml;ndringen inneb&auml;r &auml;ndrade f&ouml;rl&auml;ggningsregler, inf&ouml;randet av 3 olika typer av beredskap och nya ers&auml;ttningsniv&aring;er. N&aring;gra f&ouml;r&auml;ndringar ur ett arbetstidsperspektiv inneb&auml;r inte de nya reglerna.<\/p>\n<h2>F&ouml;ljande text ers&auml;tter de tidigare reglerna om beredskap:<\/h2>\n<h2>&nbsp;<\/h2>\n<h2>&sect; 6 Beredskap<\/h2>\n<h2>6.1&nbsp;Definition<\/h2>\n<p>Med beredskap avses tid d&aring; tj&auml;nstemannen inte har arbetsskyldighet men m&aring;ste vara antr&auml;ffbar f&ouml;r att kunna utf&ouml;ra arbete n&auml;r det uppst&aring;r ett behov.<\/p>\n<h3>6.2 Lokala avtal<\/h3>\n<p>De lokala parterna kan tr&auml;ffa &ouml;verenskommelse om beredskap d&auml;r till exempel beredskapstj&auml;nster och ers&auml;ttningsformer anpassas efter lokala f&ouml;ruts&auml;ttningar. Se bilaga 2 f&ouml;r exempel p&aring; uppst&auml;llning i ett lokalt avtal.<\/p>\n<h3>6.3 Beredskapstj&auml;nst<\/h3>\n<p><strong><em>Beredskapstj&auml;nst A<\/em><\/strong> inneb&auml;r att tj&auml;nstemannen via ett mobilt verktyg eller liknande ska vara antr&auml;ffbar f&ouml;r att inst&auml;lla sig i arbete. Beredskapstj&auml;nst A kr&auml;ver inte att tj&auml;nstemannen beh&ouml;ver inst&auml;lla sig p&aring; n&aring;gon angiven plats.<\/p>\n<p><strong><em>Beredskapstj&auml;nst B<\/em><\/strong> inneb&auml;r att tj&auml;nstemannen ska inst&auml;lla sig p&aring; arbetsst&auml;llet eller av arbetsgivaren annan angiven plats f&ouml;r att utf&ouml;ra arbete.<\/p>\n<p><strong><em>Beredskapstj&auml;nst C<\/em><\/strong> inneb&auml;r att tj&auml;nstemannen ska inst&auml;lla sig i hemmet f&ouml;r att utf&ouml;ra arbete.<\/p>\n<p><strong><em>Anm&auml;rkning 1<\/em><\/strong><br \/>  F&ouml;r de fall arbetsgivaren vill till&auml;mpa Beredskapstj&auml;nst C, men tj&auml;nstemannen inte anser att hemmet &auml;r en &ouml;nskv&auml;rd arbetsplats ska inst&auml;llelse i arbete ske p&aring; arbetsst&auml;llet eller p&aring; annan angiven plats. Ers&auml;ttning utg&aring;r dock enligt beredskapstj&auml;nst C.<\/p>\n<p><strong><em>Anm&auml;rkning 2<\/em><\/strong><\/p>\n<p>Vid beredskapstj&auml;nst ska arbetsgivaren ta h&auml;nsyn till sk&auml;liga inst&auml;llelsetider med beaktande av tj&auml;nstemannens typ av beredskap samt andra praktiska och objektiva relevanta f&ouml;ruts&auml;ttningar. En (1) timme f&ouml;r inst&auml;llelsetid vid Beredskapstj&auml;nst B respektive dagtid vid Beredskapstj&auml;nst C kan tj&auml;na som utg&aring;ngspunkt. Inst&auml;llelsetid kan vara b&aring;de kortare och l&auml;ngre.<\/p>\n<h3>6.4 Schema<\/h3>\n<p>Beredskap ska schemal&auml;ggas s&aring; att den inte osk&auml;ligt belastar enskild tj&auml;nsteman. Schema b&ouml;r uppr&auml;ttas och kommuniceras i god tid. &Auml;ndringar av schemal&auml;ggning meddelas senast tv&aring; veckor i f&ouml;rv&auml;g. Tillf&auml;lliga avvikelser som inte kunnat f&ouml;rutses vid schemal&auml;ggning r&auml;knas inte som en schema&auml;ndring.<\/p>\n<p><strong><em>Anm&auml;rkning 1<\/em><\/strong><br \/>  Med osk&auml;ligt belastar avses som exempel att beredskap inte ska schemal&auml;ggas p&aring; f&ouml;r f&aring; tj&auml;nstem&auml;n eller att beredskap schemal&auml;ggs i flera beredskapspass under samma dygn utan samband med ordinarie arbetstid.<\/p>\n<p><strong><em>Anm&auml;rkning 2<\/em><\/strong><br \/>  Lokal &ouml;verenskommelse f&ouml;rutsetts vid behov tr&auml;ffas om nattarbete och viloregler i samband med beredskapstj&auml;nst.<\/p>\n<h3>6.5 Avvikelse fr&aring;n arbetstidslagen<\/h3>\n<p>I anslutning till arbetstidslagens best&auml;mmelser avseende &ouml;vertid, dygns- och veckovila g&auml;ller f&ouml;ljande f&ouml;r arbetstagare som har att utf&ouml;ra beredskapstj&auml;nst.<\/p>\n<p style=\"margin-left: 1cm\">&#8211;&nbsp;&nbsp;&nbsp;&nbsp;&nbsp;&nbsp;&nbsp; &Ouml;vertid f&aring;r uttas med 75 timmar under en m&aring;nad, d&aring; beredskapstj&auml;nst utf&ouml;rs.<\/p>\n<p style=\"margin-left: 1cm\">&#8211; &nbsp;&nbsp;&nbsp;&nbsp;&nbsp;&nbsp; Arbetstagare med beredskapstj&auml;nst under l&ouml;rdag-s&ouml;ndag ska vara garanterad 60 timmars sammanh&auml;ngande ledighet under en fjortondagarsperiod.<\/p>\n<h3>6.6 Beredskapsers&auml;ttning<\/h3>\n<p>Om lokal &ouml;verenskommelse inte tr&auml;ffats om annat ers&auml;tts Beredskapstj&auml;nst A, B respektive C enligt f&ouml;ljande:<\/p>\n<table border=\"1\" cellpadding=\"0\" cellspacing=\"0\" width=\"623\">\n<tbody>\n<tr>\n<td style=\"width: 283px;height: 19px\">\n<p><strong>F&ouml;rl&auml;ggningstidpunkt<\/strong><\/p>\n<\/td>\n<td colspan=\"3\" style=\"width: 338px;height: 19px\">\n<p><strong>Ers&auml;ttning per timme<\/strong><\/p>\n<\/td>\n<td>\n<p>&nbsp;<\/p>\n<\/td>\n<\/tr>\n<tr>\n<td style=\"width: 283px;height: 19px\">\n<p>&nbsp;<\/p>\n<\/td>\n<td style=\"width: 121px;height: 19px\">\n<p align=\"center\"><strong>A<\/strong><\/p>\n<\/td>\n<td style=\"width: 113px;height: 19px\">\n<p align=\"center\"><strong>B<\/strong><\/p>\n<\/td>\n<td colspan=\"2\" style=\"width: 106px;height: 19px\">\n<p align=\"center\"><strong>C<\/strong><\/p>\n<\/td>\n<\/tr>\n<tr>\n<td style=\"width: 283px;height: 18px\">\n<p>m&aring;ndag kl 00 &ndash; fredag kl 18<\/p>\n<\/td>\n<td style=\"width: 121px;height: 18px\">\n<p align=\"center\"><u>M&aring;nadsl&ouml;n<\/u><\/p>\n<p align=\"center\">1750<\/p>\n<p>&nbsp;<\/p>\n<\/td>\n<td style=\"width: 113px;height: 18px\">\n<p align=\"center\"><u>M&aring;nadsl&ouml;n<\/u><\/p>\n<p align=\"center\">1400<\/p>\n<p>&nbsp;<\/p>\n<\/td>\n<td colspan=\"2\" style=\"width: 106px;height: 18px\">\n<p align=\"center\"><u>M&aring;nadsl&ouml;n<\/u><\/p>\n<p align=\"center\">1650<\/p>\n<p>&nbsp;<\/p>\n<\/td>\n<\/tr>\n<tr>\n<td style=\"width: 283px;height: 91px\">\n<p>fredag kl 18 &#8211; l&ouml;rdag kl 07, samt fr&aring;n kl 18 dagen f&ouml;re till kl 07 Trettondagen, 1 maj, Kristi Himmelsf&auml;rdsdag,1 maj, Alla Helgons dag och Nationaldagen<\/p>\n<\/td>\n<td style=\"width: 121px;height: 91px\">\n<p align=\"center\"><u>M&aring;nadsl&ouml;n<\/u><\/p>\n<p align=\"center\">1100<\/p>\n<p>&nbsp;<\/p>\n<\/td>\n<td style=\"width: 113px;height: 91px\">\n<p align=\"center\"><u>M&aring;nadsl&ouml;n<\/u><\/p>\n<p align=\"center\">900<\/p>\n<p>&nbsp;<\/p>\n<\/td>\n<td colspan=\"2\" style=\"width: 106px;height: 91px\">\n<p align=\"center\"><u>M&aring;nadsl&ouml;n<\/u><\/p>\n<p align=\"center\">1050<\/p>\n<p>&nbsp;<\/p>\n<\/td>\n<\/tr>\n<tr>\n<td style=\"width: 283px;height: 109px\">\n<p>l&ouml;rdag kl 07 &ndash; s&ouml;ndag kl 24 samt fr&aring;n kl 07 Trettondagen, 1 maj, Kristi Himmelsf&auml;rdsdag, Alla Helgons dag och Nationaldagen till kl 00 f&ouml;rsta vardagen efter respektive helg<\/p>\n<\/td>\n<td style=\"width: 121px;height: 109px\">\n<p align=\"center\"><u>M&aring;nadsl&ouml;n<\/u><\/p>\n<p align=\"center\">750<\/p>\n<p>&nbsp;<\/p>\n<\/td>\n<td style=\"width: 113px;height: 109px\">\n<p align=\"center\"><u>M&aring;nadsl&ouml;n<\/u><\/p>\n<p align=\"center\">600<\/p>\n<p>&nbsp;<\/p>\n<\/td>\n<td colspan=\"2\" style=\"width: 106px;height: 109px\">\n<p align=\"center\"><u>M&aring;nadsl&ouml;n<\/u><\/p>\n<p align=\"center\">700<\/p>\n<p>&nbsp;<\/p>\n<\/td>\n<\/tr>\n<tr>\n<td style=\"width: 283px;height: 73px\">\n<p>fr&aring;n kl 18 p&aring; Sk&auml;rtorsdagen samt fr&aring;n kl 07 p&aring; pingst-, midsommar-, jul-, och ny&aring;rsafton till kl 00 f&ouml;rsta-vardagen efter respektive helg<\/p>\n<\/td>\n<td style=\"width: 121px;height: 73px\">\n<p align=\"center\"><u>M&aring;nadsl&ouml;n<\/u><\/p>\n<p align=\"center\">450<\/p>\n<p>&nbsp;<\/p>\n<\/td>\n<td style=\"width: 113px;height: 73px\">\n<p align=\"center\"><u>M&aring;nadsl&ouml;n<\/u><\/p>\n<p align=\"center\">350<\/p>\n<p>&nbsp;<\/p>\n<\/td>\n<td colspan=\"2\" style=\"width: 106px;height: 73px\">\n<p align=\"center\"><u>M&aring;nadsl&ouml;n<\/u><\/p>\n<p align=\"center\">400<\/p>\n<p>&nbsp;<\/p>\n<\/td>\n<\/tr>\n<tr>\n<td>&nbsp;<\/td>\n<td>&nbsp;<\/td>\n<td>&nbsp;<\/td>\n<td>&nbsp;<\/td>\n<td>&nbsp;<\/td>\n<\/tr>\n<\/tbody>\n<\/table>\n<p>F&ouml;r deltidsanst&auml;llda ska l&ouml;nen r&auml;knas upp s&aring; att den motsvarar heltidsl&ouml;n.<\/p>\n<p>Ers&auml;ttning f&ouml;r att tj&auml;nstemannen har beredskap betalas per pass f&ouml;r l&auml;gst 1 timme avseende Beredskapstj&auml;nst A, 4 timmar f&ouml;r Beredskapstj&auml;nst B och 2 timmar f&ouml;r Beredskapstj&auml;nst C, i f&ouml;rekommande fall minskad med den tid som tj&auml;nstemannen har f&aring;tt ers&auml;ttning f&ouml;r vid beordrad inst&auml;llelse i arbete enligt 6.7 nedan.&nbsp;<\/p>\n<h3><a name=\"_Toc476909210\">6.7 Ers&auml;ttning f&ouml;r arbetad tid under beredskapstj&auml;nst<\/a><\/h3>\n<p>Om lokal &ouml;verenskommelse inte tr&auml;ffats om annan ers&auml;ttning per timme ers&auml;tts arbetad tid enligt f&ouml;ljande:<\/p>\n<p style=\"margin-left: 14.2pt\">Vid beordrad inst&auml;llelse i arbete betalas &ouml;vertidsers&auml;ttning f&ouml;r faktiskt arbetad tid dock;<\/p>\n<ol>\n<li>minst 30 minuter vid utf&ouml;rt arbete enligt Beredskapstj&auml;nst A,&nbsp;<\/li>\n<li>minst f&ouml;r tre timmar vid utf&ouml;rt arbete enligt Beredskapstj&auml;nst B respektive,<\/li>\n<li>minst f&ouml;r 2 timmar vid utf&ouml;rt arbete enligt Beredskapstj&auml;nst C.<br \/>  &nbsp;<\/li>\n<\/ol>\n<p>Tj&auml;nsteman som har Beredskapstj&auml;nst B, men utf&ouml;r arbete enligt Beredskapstj&auml;nst A, ska ers&auml;ttas f&ouml;r minst en timme.<\/p>\n<p style=\"margin-left: 14.2pt\">F&ouml;r deltidsanst&auml;llda ska l&ouml;nen r&auml;knas upp s&aring; att den motsvarar heltidsl&ouml;n.<\/p>\n<p style=\"margin-left: 14.2pt\">Ers&auml;ttning f&ouml;r resekostnader i anslutning till Beredskapstj&auml;nst B betalas ut.<\/p>\n<h3><a name=\"_Toc476909211\">6.8 Enskild &ouml;verenskommelse<\/a><\/h3>\n<p>Arbetsgivaren och en enskild tj&auml;nsteman kan komma &ouml;verens om att reglerna om ers&auml;ttning enligt ovan inte ska g&auml;lla utan att tj&auml;nstemannen i st&auml;llet ska f&aring; sk&auml;lig ers&auml;ttning p&aring; annat s&auml;tt. En s&aring;dan &ouml;verenskommelse ska vara skriftlig och b&ouml;r inneh&aring;lla uppgift om den ers&auml;ttning som erh&aring;lls ist&auml;llet f&ouml;r ers&auml;ttning f&ouml;r beredskapstj&auml;nst.<\/p>\n<p>&Ouml;verenskommelsen g&auml;ller tillsvidare och kan revideras vid n&auml;sta l&ouml;nerevision.<\/p>\n<p>Den part som vill att en enskild &ouml;verenskommelse ska upph&ouml;ra ska underr&auml;tta den andra parten senast tv&aring; m&aring;nader dessf&ouml;rinnan.<\/p>\n<p><strong><em>Anm&auml;rkning 1<\/em><\/strong><\/p>\n<p>Finns lokal klubb\/f&ouml;rening &auml;r det l&auml;mpligt att parterna har diskuterat utformning av enskilda &ouml;verenskommelser. Det kan &auml;ven vara l&auml;mpligt att diskutera enskilda &ouml;verenskommelser om beredskap i samband med l&ouml;nerevisionen.<\/p>\n<p><strong><em>Anm&auml;rkning 2<\/em><\/strong><br \/>  N&auml;r en enskild &ouml;verenskommelse upph&ouml;r betalas inte l&auml;ngre den avtalade ers&auml;ttning eller annan kompensation som &ouml;verenskommits. Ers&auml;ttning utg&aring;r ist&auml;llet enligt kollektivavtalets huvudregel.<br \/>  &nbsp;<\/p>\n<h2>4.Ny f&ouml;rhandlingsordning vid r&auml;ttstvister inf&ouml;res som bilaga 1<br \/>  &nbsp;<\/h2>\n<p style=\"margin-left: 36pt\"><strong>Kommentar:<\/strong><\/p>\n<p style=\"margin-left: 18pt\">Observera att de nya reglerna avser r&auml;ttstvister och inte s&aring; kallade medbest&auml;mmandefr&aring;gor (MBL-f&ouml;rhandlingar). Tidsfristerna f&ouml;r dessa senare regleras alltj&auml;mt i Utvecklingsavtalet.<\/p>\n<p style=\"margin-left: 18pt\">I korthet inneb&auml;r det att f&ouml;rhandling nu ska genomf&ouml;ras inom tv&aring; veckor efter det att part bekr&auml;ftat mottagandet av beg&auml;ran (idag tre veckor fr&aring;n beg&auml;ran). Vid ogiltigf&ouml;rklaring av upps&auml;gning ska beg&auml;ran om central f&ouml;rhandling p&aring;kallas inom tv&aring; veckor fr&aring;n det att den lokala f&ouml;rhandlingen avslutades. Se anm&auml;rkning f&ouml;r n&auml;r och hur en f&ouml;rhandling ska anses vara avslutad.<\/p>\n<p style=\"margin-left: 18pt\">Betr&auml;ffande &ouml;vriga tvister &auml;r fristerna of&ouml;r&auml;ndrade och &auml;r som idag tv&aring; m&aring;nader<\/p>\n<h2><a name=\"_Toc476909260\"><em>Avtal om f&ouml;rhandlingsordning vid r&auml;ttstvister<\/em><\/a><\/h2>\n<p><em>Omfattning<\/em><\/p>\n<p><em>F&ouml;rhandlingsordningen omfattar samtliga tj&auml;nstem&auml;n som &auml;r anst&auml;llda i f&ouml;retag som &auml;r bundna av kollektivavtal om allm&auml;nna anst&auml;llningsvillkor med undantag f&ouml;r tj&auml;nstem&auml;n som med h&auml;nsyn till arbetsuppgifter och anst&auml;llningsvillkor f&aring;r anses ha f&ouml;retagsledande eller d&auml;rmed j&auml;mf&ouml;rlig st&auml;llning.<\/em><\/p>\n<p><em>F&ouml;rhandlingspreskription<\/em><\/p>\n<p><em>Om en part vill yrka skadest&aring;nd eller annan fullg&ouml;relse enligt lag, kollektivavtal eller enligt enskilt avtal, ska parten, om inte annan ordning anges i det aktuella kollektiv-avtalet, beg&auml;ra f&ouml;rhandling inom fyra m&aring;nader fr&aring;n det parten f&aring;tt k&auml;nnedom om den omst&auml;ndighet som anspr&aring;ket grundas p&aring;. F&ouml;rhandlingen m&aring;ste dock beg&auml;ras senast tv&aring; &aring;r efter det att denna om&shy;st&auml;ndighet intr&auml;ffat. <\/em><\/p>\n<p><em>Om en part inte beg&auml;r f&ouml;rhandling inom f&ouml;reskriven tid, f&ouml;rlorar parten r&auml;tten till f&ouml;rhandling.<\/em><\/p>\n<p style=\"margin-left: 14.2pt\"><em>Anm&auml;rkning <\/em><\/p>\n<p style=\"margin-left: 14.2pt\"><em>Parterna &auml;r &ouml;verens om att samtliga tvister d&auml;r anst&auml;llningsf&ouml;rh&aring;llandet ing&aring;r som en n&ouml;dv&auml;ndig f&ouml;ruts&auml;ttning f&ouml;r ett r&auml;ttsanspr&aring;k omfattas av f&ouml;rhandlingsordningen. <\/em><\/p>\n<p style=\"margin-left: 14.2pt\"><em>Arbetsgivare som avser att rikta r&auml;ttsliga anspr&aring;k p&aring; kollektivavtalsbunden organisation eller medlem d&auml;r anst&auml;llningsf&ouml;rh&aring;llandet utgjort en n&ouml;dv&auml;ndig f&ouml;ruts&auml;ttning m&aring;ste f&ouml;rst iaktta f&ouml;rhandlingsordningen.<\/em><\/p>\n<p style=\"margin-left: 14.2pt\"><em>Enskild tj&auml;nsteman har m&ouml;jlighet att v&auml;lja att v&auml;cka talan utan f&ouml;reg&aring;ende f&ouml;rhandling enligt f&ouml;rhandlingsordning eller utan att fullf&ouml;lja i central f&ouml;rhandling enligt f&ouml;rhandlingsordningen.<\/em><\/p>\n<p style=\"margin-left: 14.2pt\"><em>Om en tvistefr&aring;ga grundar sig p&aring; lagen om anst&auml;llningsskydd, eller grundar sig p&aring; fr&aring;ga enligt kollektivavtalad anst&auml;llningsform, ska lagen om anst&auml;llningsskydds tidsfrister g&auml;lla i st&auml;llet f&ouml;r fristerna i denna f&ouml;rhandlingsordning med de till&auml;gg som framkommer i det f&ouml;ljande avseende frister som skall iakttas mellan lokal och central f&ouml;rhandling.<\/em><\/p>\n<p><em>Lokal f&ouml;rhandling<\/em><\/p>\n<p><em>En f&ouml;rhandling ska i f&ouml;rsta hand fullg&ouml;ras mellan de lokala parterna (arbetsgivaren och den lokala fackliga organisationen).<\/em><\/p>\n<p><em>F&ouml;rhandlingen ska p&aring;b&ouml;rjas snarast m&ouml;jligt och senast inom tv&aring; veckor fr&aring;n den dag d&aring; f&ouml;rhandlingsbeg&auml;ran bekr&auml;ftats, om inte parterna har kommit &ouml;verens om annat.<\/em><\/p>\n<p><em>Central f&ouml;rhandling<\/em><\/p>\n<p><em>Efter avslutad lokal f&ouml;rhandling ska den part som p&aring;kallat den lokala f&ouml;rhandlingen och som vill fullf&ouml;lja &auml;rendet h&auml;n&shy;skjuta fr&aring;gan till central f&ouml;rhandling.<\/em><\/p>\n<p><em>Beg&auml;ran om central f&ouml;rhandling ska vara skriftlig och g&ouml;ras hos motpartens organisation inom f&ouml;ljande tider fr&aring;n den dag d&aring; den lokala f&ouml;rhandlingen avslutats;<\/em><\/p>\n<ol>\n<li><em>inom tv&aring; veckor vid tvistef&ouml;rhandling som g&auml;ller r&auml;ttstvist om ogiltigf&ouml;rklaring av en upps&auml;gning eller ett avskedande eller f&ouml;rklaring att visstidsanst&auml;llning &auml;r otill&aring;ten och att anst&auml;llningen ska g&auml;lla tills vidare<\/em> <a href=\"https:\/\/alma.almega.se\/LitiumStudio\/CMS\/PageEdit.aspx?CMS_SP_ID=bf4c944f-ad15-4ca6-8746-8bf7326de9d3&amp;CMS_STARTED=true#_ftn1\" name=\"_ftnref1\" title=\"\"><em><sup><em><strong><sup>[1]<\/sup><\/strong><\/em><\/sup><\/em><\/a> <em>och<\/em><\/li>\n<li><em>inom tv&aring; m&aring;nader i &ouml;vriga r&auml;ttstvister<\/em>\n<p><em>F&ouml;rsummas detta f&ouml;rlorar parten r&auml;tten till f&ouml;rhandling.<\/em><\/p>\n<p><em>Central f&ouml;rhandling ska p&aring;b&ouml;rjas snarast m&ouml;jligt och senast inom tv&aring; veckor fr&aring;n den dag d&aring; f&ouml;rhandlingsbeg&auml;ran bekr&auml;ftats, om inte parterna har kommit &ouml;verens om annat.<\/em><\/p>\n<p><em>Anm&auml;rkning<\/em><\/p>\n<p><em>F&ouml;rhandlingen &auml;r i normalfallet avslutad samtidigt med sammantr&auml;det f&ouml;r f&ouml;rhandlingen. Om det ska ske vid senare tidpunkt ska det uttryckligen vara &ouml;verenskommet mellan parterna. Ytterst kan f&ouml;rhandling avslutas genom att part skriftligen fr&aring;ntr&auml;der f&ouml;rhandlingen.<\/em><\/p>\n<p><em>R&auml;ttsligt avg&ouml;rande<\/em><\/p>\n<p><em>Om en r&auml;ttstvist som r&ouml;r lag, kollektivavtal eller enskilt avtal har varit f&ouml;re&shy;m&aring;l f&ouml;r central f&ouml;rhandling utan att kunna l&ouml;sas, f&aring;r part h&auml;nskjuta tvisten till r&auml;ttsligt avg&ouml;rande inom tre m&aring;nader fr&aring;n den dag d&aring; den centrala f&ouml;rhandlingen har avslutats. F&ouml;rsummas detta f&ouml;rlorar parten r&auml;tten till talan.<\/em><\/p>\n<p><em>Giltighetstid<\/em><\/p>\n<p><em>F&ouml;rhandlingsordningen g&auml;ller tills vidare med en upps&auml;gningstid av sex m&aring;nader. Upps&auml;gning kan dock tidigast ske till den tidpunkt d&aring; mellanvarande kollektivavtal om allm&auml;nna anst&auml;llningsvillkor l&ouml;per ut.<\/em><\/p>\n<p><em>Anm&auml;rkning<\/em><\/p>\n<p><em>Denna f&ouml;rhandlingsordning p&aring;verkar inte reglerna om frister och skyldig&shy;heter f&ouml;r arbetsgivaren att beg&auml;ra f&ouml;rhandling enligt 34, 35 och 37 &sect;&sect; lagen om medbest&auml;mmande i arbetslivet.<\/em><\/p>\n<\/li>\n<\/ol>\n\n<hr align=\"left\" size=\"1\" width=\"33%\" \/>\n\n<p><a href=\"https:\/\/alma.almega.se\/LitiumStudio\/CMS\/PageEdit.aspx?CMS_SP_ID=bf4c944f-ad15-4ca6-8746-8bf7326de9d3&amp;CMS_STARTED=true#_ftnref1\" name=\"_ftn1\" title=\"\">[1]<\/a> Denna regel tr&auml;der i kraft den 1 juni 2018. Fram till och med den 31 maj 2018 g&auml;ller &ouml;verg&aring;ngsvis en frist om tv&aring; m&aring;nader ist&auml;llet f&ouml;r tv&aring; veckor.<br \/>  &nbsp;<\/p>\n<\/p>\n<\/p>\n<p>&nbsp;<strong>Kontakta g&auml;rna er kontaktperson f&ouml;r ytterligare information.<\/strong><\/p>\n<\/p>\n","protected":false},"excerpt":{"rendered":"<p>Ordinarie riksavtalsf\u00f6rhandlingar med tj\u00e4nstemannafacken \u00e4r i skrivande stund inte f\u00e4rdiga varf\u00f6r denna information inte inneh\u00e5ller uppgifter om l\u00f6ne\u00f6kningar.<\/p>\n","protected":false},"author":1,"featured_media":0,"comment_status":"closed","ping_status":"open","sticky":false,"template":"","format":"standard","meta":{"_acf_changed":false,"footnotes":""},"categories":[1],"tags":[],"article_type":[313],"agreement":[142,141,143,145,144],"class_list":["post-5319","post","type-post","status-publish","format-standard","hentry","category-okategoriserade","type-arbetsgivarnytt","agreement-72ce80f7-ff07-de11-b4e1-02bf9e69ca65","agreement-6ece80f7-ff07-de11-b4e1-02bf9e69ca65","agreement-71ce80f7-ff07-de11-b4e1-02bf9e69ca65","agreement-74ce80f7-ff07-de11-b4e1-02bf9e69ca65","agreement-70ce80f7-ff07-de11-b4e1-02bf9e69ca65"],"acf":[],"yoast_head":"<!-- This site is optimized with the Yoast SEO Premium plugin v26.8 (Yoast SEO v26.8) - https:\/\/yoast.com\/product\/yoast-seo-premium-wordpress\/ -->\n<title>F\u00f6r\u00e4ndringar i tj\u00e4nstemanaavtalet Fastighetsarbetsgivarna fr\u00e5n 1 juni 2017 | Almega<\/title>\n<meta name=\"robots\" content=\"index, follow, max-snippet:-1, max-image-preview:large, max-video-preview:-1\" \/>\n<link rel=\"canonical\" href=\"https:\/\/www.almega.se\/2017\/06\/forandringar-i-tjanstemanaavtalet-fastighetsarbetsgivarna-fran-1-juni-2017\/\" \/>\n<meta property=\"og:locale\" content=\"sv_SE\" \/>\n<meta property=\"og:type\" content=\"article\" \/>\n<meta property=\"og:title\" content=\"F\u00f6r\u00e4ndringar i tj\u00e4nstemanaavtalet Fastighetsarbetsgivarna fr\u00e5n 1 juni 2017\" \/>\n<meta property=\"og:description\" content=\"Ordinarie riksavtalsf\u00f6rhandlingar med tj\u00e4nstemannafacken \u00e4r i skrivande stund inte f\u00e4rdiga varf\u00f6r denna information inte inneh\u00e5ller uppgifter om l\u00f6ne\u00f6kningar.\" \/>\n<meta property=\"og:url\" content=\"https:\/\/www.almega.se\/2017\/06\/forandringar-i-tjanstemanaavtalet-fastighetsarbetsgivarna-fran-1-juni-2017\/\" \/>\n<meta property=\"og:site_name\" content=\"Almega\" \/>\n<meta property=\"article:published_time\" content=\"2017-06-01T11:00:00+00:00\" \/>\n<meta property=\"og:image\" content=\"https:\/\/www.almega.se\/app\/uploads\/2020\/12\/almega-share-logo.png\" \/>\n\t<meta property=\"og:image:width\" content=\"1200\" \/>\n\t<meta property=\"og:image:height\" content=\"630\" \/>\n\t<meta property=\"og:image:type\" content=\"image\/png\" \/>\n<meta name=\"author\" content=\"admin\" \/>\n<meta name=\"twitter:card\" content=\"summary_large_image\" \/>\n<meta name=\"twitter:label1\" content=\"Skriven av\" \/>\n\t<meta name=\"twitter:data1\" content=\"admin\" \/>\n\t<meta name=\"twitter:label2\" content=\"Ber\u00e4knad l\u00e4stid\" \/>\n\t<meta name=\"twitter:data2\" content=\"38 minuter\" \/>\n<!-- \/ Yoast SEO Premium plugin. -->","yoast_head_json":{"title":"F\u00f6r\u00e4ndringar i tj\u00e4nstemanaavtalet Fastighetsarbetsgivarna fr\u00e5n 1 juni 2017 | Almega","robots":{"index":"index","follow":"follow","max-snippet":"max-snippet:-1","max-image-preview":"max-image-preview:large","max-video-preview":"max-video-preview:-1"},"canonical":"https:\/\/www.almega.se\/2017\/06\/forandringar-i-tjanstemanaavtalet-fastighetsarbetsgivarna-fran-1-juni-2017\/","og_locale":"sv_SE","og_type":"article","og_title":"F\u00f6r\u00e4ndringar i tj\u00e4nstemanaavtalet Fastighetsarbetsgivarna fr\u00e5n 1 juni 2017","og_description":"Ordinarie riksavtalsf\u00f6rhandlingar med tj\u00e4nstemannafacken \u00e4r i skrivande stund inte f\u00e4rdiga varf\u00f6r denna information inte inneh\u00e5ller uppgifter om l\u00f6ne\u00f6kningar.","og_url":"https:\/\/www.almega.se\/2017\/06\/forandringar-i-tjanstemanaavtalet-fastighetsarbetsgivarna-fran-1-juni-2017\/","og_site_name":"Almega","article_published_time":"2017-06-01T11:00:00+00:00","og_image":[{"width":1200,"height":630,"url":"https:\/\/www.almega.se\/app\/uploads\/2020\/12\/almega-share-logo.png","type":"image\/png"}],"author":"admin","twitter_card":"summary_large_image","twitter_misc":{"Skriven av":"admin","Ber\u00e4knad l\u00e4stid":"38 minuter"},"schema":{"@context":"https:\/\/schema.org","@graph":[{"@type":"NewsArticle","@id":"https:\/\/www.almega.se\/2017\/06\/forandringar-i-tjanstemanaavtalet-fastighetsarbetsgivarna-fran-1-juni-2017\/#article","isPartOf":{"@id":"https:\/\/www.almega.se\/2017\/06\/forandringar-i-tjanstemanaavtalet-fastighetsarbetsgivarna-fran-1-juni-2017\/"},"author":{"name":"admin","@id":"https:\/\/www.almega.se\/#\/schema\/person\/9c3674d192fb8b2d1d8b7a3f31c5151d"},"headline":"F\u00f6r\u00e4ndringar i tj\u00e4nstemana&shy;avtalet Fastighetsarbetsgivarna fr\u00e5n 1 juni 2017","datePublished":"2017-06-01T11:00:00+00:00","mainEntityOfPage":{"@id":"https:\/\/www.almega.se\/2017\/06\/forandringar-i-tjanstemanaavtalet-fastighetsarbetsgivarna-fran-1-juni-2017\/"},"wordCount":7549,"inLanguage":"sv-SE"},{"@type":"WebPage","@id":"https:\/\/www.almega.se\/2017\/06\/forandringar-i-tjanstemanaavtalet-fastighetsarbetsgivarna-fran-1-juni-2017\/","url":"https:\/\/www.almega.se\/2017\/06\/forandringar-i-tjanstemanaavtalet-fastighetsarbetsgivarna-fran-1-juni-2017\/","name":"F\u00f6r\u00e4ndringar i tj\u00e4nstemanaavtalet Fastighetsarbetsgivarna fr\u00e5n 1 juni 2017 | Almega","isPartOf":{"@id":"https:\/\/www.almega.se\/#website"},"datePublished":"2017-06-01T11:00:00+00:00","author":{"@id":"https:\/\/www.almega.se\/#\/schema\/person\/9c3674d192fb8b2d1d8b7a3f31c5151d"},"breadcrumb":{"@id":"https:\/\/www.almega.se\/2017\/06\/forandringar-i-tjanstemanaavtalet-fastighetsarbetsgivarna-fran-1-juni-2017\/#breadcrumb"},"inLanguage":"sv-SE","potentialAction":[{"@type":"ReadAction","target":["https:\/\/www.almega.se\/2017\/06\/forandringar-i-tjanstemanaavtalet-fastighetsarbetsgivarna-fran-1-juni-2017\/"]}]},{"@type":"BreadcrumbList","@id":"https:\/\/www.almega.se\/2017\/06\/forandringar-i-tjanstemanaavtalet-fastighetsarbetsgivarna-fran-1-juni-2017\/#breadcrumb","itemListElement":[{"@type":"ListItem","position":1,"name":"Home","item":"https:\/\/www.almega.se\/"},{"@type":"ListItem","position":2,"name":"F\u00f6r\u00e4ndringar i tj\u00e4nstemana&shy;avtalet Fastighetsarbetsgivarna fr\u00e5n 1 juni 2017"}]},{"@type":"WebSite","@id":"https:\/\/www.almega.se\/#website","url":"https:\/\/www.almega.se\/","name":"Almega","description":"","potentialAction":[{"@type":"SearchAction","target":{"@type":"EntryPoint","urlTemplate":"https:\/\/www.almega.se\/?s={search_term_string}"},"query-input":{"@type":"PropertyValueSpecification","valueRequired":true,"valueName":"search_term_string"}}],"inLanguage":"sv-SE"},{"@type":"Person","@id":"https:\/\/www.almega.se\/#\/schema\/person\/9c3674d192fb8b2d1d8b7a3f31c5151d","name":"admin","image":{"@type":"ImageObject","inLanguage":"sv-SE","@id":"https:\/\/www.almega.se\/#\/schema\/person\/image\/","url":"https:\/\/secure.gravatar.com\/avatar\/13aac7e7a7582f599e3ba7706cec051e12eac4ad6c2ffe6f9d24800e63294187?s=96&d=mm&r=g","contentUrl":"https:\/\/secure.gravatar.com\/avatar\/13aac7e7a7582f599e3ba7706cec051e12eac4ad6c2ffe6f9d24800e63294187?s=96&d=mm&r=g","caption":"admin"},"url":"https:\/\/www.almega.se\/person\/admin\/"}]}},"_links":{"self":[{"href":"https:\/\/www.almega.se\/api\/wp\/v2\/posts\/5319","targetHints":{"allow":["GET"]}}],"collection":[{"href":"https:\/\/www.almega.se\/api\/wp\/v2\/posts"}],"about":[{"href":"https:\/\/www.almega.se\/api\/wp\/v2\/types\/post"}],"author":[{"embeddable":true,"href":"https:\/\/www.almega.se\/api\/wp\/v2\/users\/1"}],"replies":[{"embeddable":true,"href":"https:\/\/www.almega.se\/api\/wp\/v2\/comments?post=5319"}],"version-history":[{"count":1,"href":"https:\/\/www.almega.se\/api\/wp\/v2\/posts\/5319\/revisions"}],"predecessor-version":[{"id":58135,"href":"https:\/\/www.almega.se\/api\/wp\/v2\/posts\/5319\/revisions\/58135"}],"wp:attachment":[{"href":"https:\/\/www.almega.se\/api\/wp\/v2\/media?parent=5319"}],"wp:term":[{"taxonomy":"category","embeddable":true,"href":"https:\/\/www.almega.se\/api\/wp\/v2\/categories?post=5319"},{"taxonomy":"post_tag","embeddable":true,"href":"https:\/\/www.almega.se\/api\/wp\/v2\/tags?post=5319"},{"taxonomy":"type","embeddable":true,"href":"https:\/\/www.almega.se\/api\/wp\/v2\/article_type?post=5319"},{"taxonomy":"agreement","embeddable":true,"href":"https:\/\/www.almega.se\/api\/wp\/v2\/agreement?post=5319"}],"curies":[{"name":"wp","href":"https:\/\/api.w.org\/{rel}","templated":true}]}}