{"id":5260,"date":"2017-07-05T09:00:00","date_gmt":"2017-07-05T09:00:00","guid":{"rendered":"http:\/\/almega-bento\/wp\/blog\/2017\/07\/05\/dagspressavtalet\/"},"modified":"2017-07-05T09:00:00","modified_gmt":"2017-07-05T09:00:00","slug":"dagspressavtalet","status":"publish","type":"post","link":"https:\/\/www.almega.se\/2017\/07\/dagspressavtalet\/","title":{"rendered":"Dagspress&shy;avtalet"},"content":{"rendered":"\n<p class=\"intro\">Den 30 juni 2017 tecknade Medief\u00f6retagen nytt avtal med Svenska Journalistf\u00f6rbundet f\u00f6r avtalsomr\u00e5de Dagspress f\u00f6r tiden 1 april 2017 &#8211; 31 mars 2020. <\/p>\n<p><strong>Avtalet inneh&aring;ller sammanfattningsvis bl a f&ouml;ljande:<\/strong><\/p>\n<ul>\n<li>Avtalsperiod 36 m&aring;nader med ett totalt avtalsv&auml;rde p&aring; 6,5%.<\/li>\n<li>Flexpension inf&ouml;rs p&aring; avtalsomr&aring;det, samma regelsystem och niv&aring; p&aring; avs&auml;ttningar som p&aring; Medief&ouml;retagens tj&auml;nstemannaavtal.<\/li>\n<li>L&ouml;nerna h&ouml;js med 6,1 % och avs&auml;ttning till Flexpension i Tj&auml;nstef&ouml;retag sker med 0,4 % under perioden, i likhet med Medief&ouml;retagens tj&auml;nstemannaavtal.<\/li>\n<li>L&ouml;nerevision sker enligt f&ouml;ljande: 1 april 2017: 2,0 %, 1 april 2018: 1,8 % och 1 april 2019: 2,3 %. Liksom tidigare ingen individgaranti.<\/li>\n<li>Avs&auml;ttning till Flexpension sker med 0,2 % den 1 november 2017 och med ytterligare 0,2&nbsp;% 2018. 2019 sker ingen ytterligare avs&auml;ttning ut&ouml;ver de 0,4 % som avsatts tidigare &aring;r.<\/li>\n<li>L&auml;gstl&ouml;nerna h&ouml;js som utg&aring;ende l&ouml;n.<\/li>\n<li>&Ouml;vriga ers&auml;ttningar i avtalet h&ouml;js med avtalets v&auml;rde p&aring; sammanlagt 6,1 % under avtalsperioden.<\/li>\n<li>Omfattande f&ouml;r&auml;ndringar sker i avtalets allm&auml;nna villkor, bl a r&ouml;rande upps&auml;gning. Dessa f&ouml;r&auml;ndringar tr&auml;der i kraft den 1 juli 2017.&nbsp;<\/li>\n<li>Ny f&ouml;rhandlingsordning fr&aring;n den 1 juli 2017.<\/li>\n<\/ul>\n<p><strong>Inledning<\/strong><br \/>  Nedan l&auml;mnas f&ouml;ljande information om det nya avtalet:<\/p>\n<ol>\n<li>&Ouml;verenskommelse om flexpension i tj&auml;nstef&ouml;retag<\/li>\n<li>L&ouml;ner<\/li>\n<li>&Auml;ndringar i allm&auml;nna villkor<\/li>\n<li>Partsgemensam v&auml;gledning f&ouml;r turordning vid arbetsbrist<\/li>\n<li>Avtal om f&ouml;rhandlingsordning vid r&auml;ttstvister<\/li>\n<li>&Ouml;vrigt<\/li>\n<li>Avtalstryck<\/li>\n<\/ol>\n<p>&Ouml;verenskommelsen i sin helhet <u>inklusive<\/u> bilagor angivna nedan finns <a href=\"\/app\/uploads\/imported\/Dagspress-med-bilagor-2017.pdf\" target=\"_blank\" title=\"Dagspress med bilagor 2017.pdf\" rel=\"noopener\">h&auml;r<\/a><\/p>\n<p>  <strong>De olika &auml;ndringarna b&ouml;rjar g&auml;lla olika f&ouml;ljande datum<\/strong><br \/>  <strong>Fr&aring;n och med den 1 juli 2017 g&auml;ller<\/strong><\/p>\n<p>  1. F&ouml;r&auml;ndrade regler i allm&auml;nna villkor bl a om avbrytande av tidsbegr&auml;nsad anst&auml;llning och upps&auml;gning m.m.&nbsp;<br \/>  2. Ny f&ouml;rhandlingsordning vid r&auml;ttstvister<br \/>  3. V&auml;gen fram&aring;t, Steg f&ouml;r steg, En partsgemensam v&auml;gledning f&ouml;r turordning vid arbetsbrist<\/p>\n<p><strong>Fr&aring;n och med den 1 november 2017 g&auml;ller dessutom<\/strong><br \/>  4. Avs&auml;ttning till Flexpension i Tj&auml;nstef&ouml;retag<br \/>  5. &Ouml;verenskommelse om m&ouml;jlighet till deltid i pensioneringssyfte<\/p>\n<p><strong>1. &Ouml;VERENSKOMMELSE OM FLEXPENSION I TJ&Auml;NSTEF&Ouml;RETAG <\/strong><\/p>\n<p><strong>Bakgrund<\/strong><br \/>  Under v&aring;ren 2016 varslade Unionen och Sveriges Ingenj&ouml;rer om strejk p&aring; flera avtalsomr&aring;den i Almegas f&ouml;rbund f&ouml;r att f&aring; flexpension, eftersom s&aring;dana &ouml;verenskommelser tr&auml;ffats p&aring; andra delar av den privata arbetsmarknaden. Konflikten br&ouml;t aldrig ut, eftersom Arbetsdomstolen interimistiskt f&ouml;rklarade att en strejk var otill&aring;ten. Kollektivavtal sl&ouml;ts 2016 utan flexpension. Tvistefr&aring;gan kvarstod dock. I februari 2017 kom Almegas f&ouml;rbund efter f&ouml;rhandlingar &ouml;verens med ovann&auml;mnda parter om Flexpension i Tj&auml;nstef&ouml;retag. Samtidigt kom parterna &ouml;verens om en rad andra avtals&auml;ndringar inom dessa avtalsomr&aring;den. Flexpension har d&auml;rmed f&ouml;rts in p&aring; Medief&ouml;retagets avtal med Unionen och Akademikerna.&nbsp;<\/p>\n<p><strong>Flexpension Dagspressavtalet <\/strong><\/p>\n<p>I &aring;r yrkade Journalistf&ouml;rbundet f&ouml;r f&ouml;rsta g&aring;ngen flexpension. Medief&ouml;retagen och Journalistf&ouml;rbundet har nu ocks&aring; tr&auml;ffat &ouml;verenskommelse om Flexpension i Tj&auml;nstef&ouml;retagen, som tr&auml;der i kraft den 1 november 2017, se nedan. Flexpension &auml;r vad g&auml;ller regelsystem och storlek p&aring; avs&auml;ttningar detsamma p&aring; detta avtalsomr&aring;de som p&aring; Medief&ouml;retagens tj&auml;nstemannaavtal. Det inf&ouml;rs ocks&aring; en rad f&ouml;r&auml;ndringar i allm&auml;nna villkor (anst&auml;llning och upps&auml;gning), se nedan.<\/p>\n<p>F&ouml;r dig som arbetsgivare inneb&auml;r &ouml;verenskommelsen i f&ouml;rsta skedet att du beh&ouml;ver ta st&auml;llning till om det i ditt f&ouml;retag ska vara m&ouml;jligt att avst&aring; fr&aring;n Flexpension i Tj&auml;nstef&ouml;retag. <a href=\"8a53324ab1b941a98d0e5ced8f616bdc?expanded_accordions=acc_8\" target=\"_blank\" rel=\"noopener\">F&ouml;r utf&ouml;rlig information om flexpension se vidare h&auml;r. <\/a><\/p>\n<p><strong>2. L&Ouml;NER <\/strong><\/p>\n<p><strong>L&ouml;nrevisionsdatum<\/strong><\/p>\n<p>L&ouml;nerevisionen sker per den 1 april 2017, den 1 april 2018 respektive den 1 april 2019. L&ouml;n f&ouml;r 2017 ska betalas retroaktivt fr&aring;n den 1 april 2017.&nbsp;<\/p>\n<p><strong>L&ouml;neutrymme och vilka omfattas av l&ouml;nerevision<\/strong><\/p>\n<p>Ett allm&auml;nt utrymme ber&auml;knas om 2,0 %, 1,8 % respektive 2,3 % av summan av fasta kontanta l&ouml;nerna f&ouml;r journalister den 31 mars 2017, den 31 mars 2018 respektive den 31 mars 2019. Det finns ingen individgaranti. I l&ouml;nesumman ing&aring;r inte ers&auml;ttningen enligt OB-best&auml;mmelserna.<\/p>\n<p>I ber&auml;kningsunderlaget ska ing&aring; samtliga i Journalistf&ouml;rbundet enkelorganiserade medarbetares l&ouml;ner, dock med undantag f&ouml;r medarbetare som ej omfattas av l&ouml;neavtalet eller som &auml;r redaktionschef eller motsvarande. V&aring;r rekommendation &auml;r dock att avtalet b&ouml;r till&auml;mpas ocks&aring; p&aring; &ouml;vriga journalister f&ouml;rutsatt att annat kollektivavtal inte g&auml;ller f&ouml;r dem.<\/p>\n<p>L&ouml;nerevisionen omfattar alla medarbetare som b&ouml;rjat sin anst&auml;llning i f&ouml;retaget senast den 31 mars 2017 och vars l&ouml;n inte &auml;r fastst&auml;lld i 2017-&aring;rs l&ouml;nel&auml;ge. &Aring;r 2016 togs de speciella reglerna f&ouml;r f&ouml;r&auml;ldralediga och sjukskrivna bort och dessa omfattas numera alltid av l&ouml;nerevisionen.<\/p>\n<p>Observera att parterna &auml;ven &ouml;verenskommit om &ouml;kade avs&auml;ttningar till pension (alternativt l&ouml;n efter individuellt avst&aring;ende) enligt &ouml;verenskommelse om flexpension. Det inneb&auml;r att &ouml;kade avs&auml;ttningar kommer att ske med 0,2&nbsp;% den 1 november 2017 och med ytterligare 0,2 % 2018. F&ouml;r 2019 sker ingen ytterligare &ouml;kad avs&auml;ttning. Sammantaget inneb&auml;r det att avtalet &ouml;ver tre &aring;r har ett avtalsv&auml;rde om 6,5 % inr&auml;knat l&ouml;ne&ouml;kningar och avs&auml;ttning till flexpension.<\/p>\n<p><strong>Individgaranti<\/strong><\/p>\n<p>Det finns ingen individgaranti. Liksom f&ouml;rra &aring;ret ska en medarbetare som inte f&aring;r n&aring;gon l&ouml;ne&ouml;kning eller en m&auml;rkbart l&aring;g s&aring;dan omfattas av reglerna om &aring;tg&auml;rdsplan (of&ouml;r&auml;ndrade regler, se vidare i avtalet.<\/p>\n<p><strong>L&ouml;neprocessen<\/strong><\/p>\n<p>F&ouml;rra &aring;ret inf&ouml;rdes det nya processl&ouml;neavtalet, som bl a inneh&aring;ller steg f&ouml;r hur l&ouml;neprocessen lokalt ska ske, om inte annat &ouml;verenskommes. Det f&ouml;ruts&auml;tts att f&ouml;retaget och lokal facklig organisation samverkar i l&ouml;neprocessen och anpassar processen lokalt.<\/p>\n<p>Eftersom det numera inte finns n&aring;gon individgaranti kan l&ouml;neutrymmet disponeras helt lokalt. Arbetsgivare ska d&auml;rmed l&auml;ttare kunna arbeta med l&ouml;nen som ett verktyg f&ouml;r att uppm&auml;rksamma och bel&ouml;na medarbetare som bidrar till verksamheten.<\/p>\n<p>&Ouml;vergripande m&aring;l f&ouml;r l&ouml;nebildningen och principer f&ouml;r l&ouml;nes&auml;ttning samt l&ouml;neprocessens olika steg framg&aring;r av l&ouml;neavtal (of&ouml;r&auml;ndrade regler). &Auml;ven reglerna om &aring;tg&auml;rdsplan &auml;r of&ouml;r&auml;ndrade. &nbsp;Utg&aring;ngspunkten i l&ouml;neavtalet &auml;r att alla medverkar till f&ouml;retagets verksamhet och utveckling och d&auml;rmed ska ha l&ouml;ne&ouml;kning i samband med l&ouml;nerevision. En journalist som inte uppvisar tillr&auml;cklig prestation eller inte n&aring;r uppsatta m&aring;l kan f&aring; ingen eller m&auml;rkbart l&aring;g l&ouml;ne&ouml;kning. I de fallen ska en &aring;tg&auml;rdsplan uppr&auml;ttas f&ouml;r ber&ouml;rda medarbetare med tidplan och uppf&ouml;ljning av de planerade &aring;tg&auml;rderna.<\/p>\n<p><strong>L&auml;gsta l&ouml;nerna <\/strong><\/p>\n<p>L&auml;gstal&ouml;nerna har i &aring;r r&auml;knats upp med 2,0 %. Reglerna &auml;r i &ouml;vrigt of&ouml;r&auml;ndrade g&auml;llande l&auml;gstal&ouml;ner. L&auml;gsta l&ouml;nen f&ouml;r medarbetare med viss angiven utbildning h&ouml;js till 25&nbsp;134 kronor. F&ouml;r &ouml;vriga medarbetare g&auml;ller en l&auml;gsta l&ouml;n f&ouml;r 2017 om 22&nbsp;853 kronor fr&aring;n den 1 april 2017. L&ouml;nebeloppen avser medarbetare med heltidsanst&auml;llning, f&ouml;r deltidsanst&auml;llda ska de proportioneras.<\/p>\n<p><strong>F&ouml;rhandlingsordning <\/strong><\/p>\n<p>Vid oenighet kan central f&ouml;rhandling p&aring;kallas senast en m&aring;nad efter att lokal f&ouml;rhandling avslutats. P&aring; endera lokal parts beg&auml;ran ska de centrala parterna medverka i en r&aring;dgivande l&ouml;nekonsultation i syfte att klarl&auml;gga hur avtalet &auml;r t&auml;nkt att till&auml;mpas, om inte annat &ouml;verenskommes.<\/p>\n<p><strong>3. ALLM&Auml;NNA VILLKOR&nbsp;<\/strong><\/p>\n<p><strong>Krontalsers&auml;ttningarna <\/strong>i kollektivavtalet &auml;r uppr&auml;knade med 2,0 % i &aring;r. Beloppen framg&aring;r av bilaga om allm&auml;nna villkor, <a href=\"\/app\/uploads\/imported\/Bilaga-2-Allmanna-villkor.pdf\" target=\"_blank\" title=\"Bilaga 2 Allm\u00e4nna villkor.pdf\" rel=\"noopener\">l&auml;nk.<\/a> Notera dock att en ny h&ouml;gre niv&aring; inf&ouml;rts p&aring; det s&auml;rskilda morgontill&auml;gget f&ouml;r n&auml;r arbete p&aring;b&ouml;rjas kl 04.00-06.00, se mom 7.8 nedan. Alla krontalsers&auml;ttningar ska utges fr&aring;n den 1&nbsp;april 2017 och d&auml;rmed betalas retroaktivt.<\/p>\n<p>&Ouml;vriga f&ouml;r&auml;ndringar i allm&auml;nna villkor g&auml;ller fr&aring;n den 1 juli 2017.<\/p>\n<p><strong>Anst&auml;llning &sect; 2 <\/strong><\/p>\n<p>Parterna har kommit &ouml;verens om en ny regel om avbrytande av tidsbegr&auml;nsade anst&auml;llningar i 2.4. Denna regel tr&auml;der i kraft den 1 juli 2017. Som en konsekvens&auml;ndring s&aring; omnumreras nuvarande 2.4 om f&ouml;retr&auml;desr&auml;tt till 2.5.<\/p>\n<p><strong>Avbrytande av &ouml;vriga tidsbegr&auml;nsade anst&auml;llningar, mom 2.4<\/strong><\/p>\n<p>Det inf&ouml;rs en r&auml;tt att avbryta tidsbegr&auml;nsade anst&auml;llningar med en m&aring;nads framf&ouml;rh&aring;llning (s.k. &rdquo;inbyggd provanst&auml;llning&rdquo;). Inneb&ouml;rden av den nya best&auml;mmelsen &auml;r att anst&auml;llning f&ouml;r s&auml;rskilda behov och vikariat har en inbyggd provanst&auml;llning de f&ouml;rsta sex m&aring;naderna. Regeln tr&auml;der i kraft den 1 juli 2017. &nbsp;<\/p>\n<p>Regleringen medf&ouml;r att det inte l&auml;ngre kr&auml;vs saklig grund f&ouml;r att avbryta visstidsanst&auml;llningen. Den f&aring;r dock inte avbrytas av n&aring;got diskriminerande sk&auml;l. S&aring;v&auml;l arbetsgivaren som medarbetaren kan avbryta en visstidsanst&auml;llning de f&ouml;rsta sex m&aring;naderna, inte d&auml;refter. B&aring;de anst&auml;llning f&ouml;r s&auml;rskilda behov och vikariat kan avbrytas i f&ouml;rtid. Detta oavsett om man avtalat om en upps&auml;gningstid eller inte.<\/p>\n<p>Anst&auml;llningen ska avbrytas innan sexm&aring;nadersgr&auml;nsen passerats. Om journalisten sammanlagt varit anst&auml;lld l&auml;ngre &auml;n sex m&aring;nader kan anst&auml;llningen inte avbrytas p&aring; detta s&auml;tt. Arbetsgivararen m&aring;ste l&auml;mna en skriftlig underr&auml;ttelse till medarbetaren om att den tidsbegr&auml;nsade anst&auml;llning ska upph&ouml;ra.<\/p>\n<p>Har journalisten haft en kortare visstidsanst&auml;llning och d&auml;refter anst&auml;lls p&aring; nytt kan den nya visstidsanst&auml;llningen avslutas enligt denna regel s&aring; l&auml;nge den sammanlagda anst&auml;llningstiden &auml;r h&ouml;gst sex m&aring;nader. F&ouml;r en medarbetare som en g&aring;ng f&aring;tt sin visstidsanst&auml;llning avbruten i f&ouml;rtid kan inte nytt avbrytande ske.<\/p>\n<p>Att avbryta visstidsanst&auml;llning &auml;r inte MBL-f&ouml;rhandlingspliktigt annat &auml;n om det sker som en del av en driftsinskr&auml;nkning. D&auml;remot ska arbetsgivaren varsla den fackliga organisationen som den anst&auml;llde tillh&ouml;r om sin avsikt att avbryta en visstidsanst&auml;llning. Om journalisten inte &auml;r medlem i n&aring;gon fackf&ouml;rening beh&ouml;ver varsel inte l&auml;mnas. Blankett f&ouml;r underr&auml;ttelse till journalisten och varsel till den fackliga organisationen finns p&aring; hemsidan.<\/p>\n<p>Arbetsgivaren och medarbetaren kan skriftligen komma &ouml;verens om att visstidsanst&auml;llning enligt kollektivavtalet inte kan s&auml;gas upp i f&ouml;rtid av n&aring;gon av parterna. &nbsp;<\/p>\n<p><strong>Arbetstid, mom 6.1<\/strong><\/p>\n<p>I mom 6.1 inf&ouml;rs f&ouml;ljande skrivningar, i likhet med tj&auml;nstemannaavtalen.<\/p>\n<p>&rdquo;<em>Vid arbetstidens f&ouml;rl&auml;ggning ska h&auml;nsyn tas till verksamhetens behov. Inriktningen ska vara att s&aring; l&aring;ngt m&ouml;jligt beakta medarbetarens m&ouml;jligheter att f&ouml;rena arbete med familjeliv och socialt liv i &ouml;vrigt. <\/em><\/p>\n<p><em>Med utg&aring;ngspunkt fr&aring;n verksamhetens behov har den enskilde medarbetaren r&auml;tt att f&aring; sina &ouml;nskem&aring;l om arbetstidens l&auml;ngd och f&ouml;rl&auml;ggning pr&ouml;vade av arbetsgivaren. Om medarbetarens &ouml;nskem&aring;l inte kan tillgodoses ska arbetsgivaren p&aring; beg&auml;ran ange sk&auml;len f&ouml;r detta. Den enskilde<\/em> <em>medarbetarens &ouml;nskem&aring;l ska &auml;ven v&auml;gas mot andra medarbetares behov och &ouml;nskem&aring;l. Arbetsgivaren beslutar om arbetstidens f&ouml;rl&auml;ggning.&rdquo;<\/em><\/p>\n<p>Best&auml;mmelsen inneb&auml;r att arbetsgivaren s&aring; l&aring;ngt som m&ouml;jligt ska beakta medarbetares m&ouml;jlighet att f&ouml;rena arbete med familjeliv och socialt liv i &ouml;vrigt. Utg&aring;ngspunkten vid arbetstidens f&ouml;rl&auml;ggning &auml;r verksamheters behov och det &auml;r alltid arbetsgivaren som beslutar om arbetstidens f&ouml;rl&auml;ggning. Arbetsgivaren ska dock vara beredd p&aring; att ber&auml;tta varf&ouml;r medarbetarens &ouml;nskem&aring;l inte kan tillgodoses om medarbetaren beg&auml;r det.<\/p>\n<p><strong>S&auml;rskilt morgontill&auml;gg, mom 7.8<\/strong><\/p>\n<p>Det inf&ouml;rs ett h&ouml;gre s&auml;rskilt morgontill&auml;gg, ut&ouml;ver OB-till&auml;gget, f&ouml;r arbete som p&aring;b&ouml;rjas mellan kl 04.00 och 06.00 p&aring; 42&nbsp;kronor per timme fr&nbsp;o&nbsp;m 2017-04-01. N&auml;r arbete p&aring;b&ouml;rjas mellan 01.00 och 03.59 utg&aring;r, ut&ouml;ver OB-till&auml;gget, det vanliga s&auml;rskilda morgontill&auml;gget som uppr&auml;knat uppg&aring;r till 31,44 kronor per timme fr&nbsp;o&nbsp;m 2017-04-01. Det h&ouml;gre morgontill&auml;gget utg&ouml;r en tempor&auml;r f&ouml;r&auml;ndring under avtalsperioden.<\/p>\n<p><strong>Upps&auml;gningsregler &sect; 15<\/strong><\/p>\n<p><strong>Inledning<\/strong><\/p>\n<p>Nya upps&auml;gningsregler har inf&ouml;rts som inneb&auml;r att journalistens upps&auml;gningstid ber&auml;knas efter enbart anst&auml;llningstid (f&ouml;rutom regeln om 55\/10, som kvarst&aring;r). Enligt tidigare regler ber&auml;knas upps&auml;gningstiden fr&aring;n &aring;lder och anst&auml;llningstid. De nya reglerna &auml;r en anpassning till vad som g&auml;ller enligt LAS och de flesta &ouml;vriga kollektivavtal p&aring; arbetsmarknaden. De nya reglerna g&auml;ller anst&auml;llningsavtal tr&auml;ffade efter den 1 juli 2017. F&ouml;r tidigare ing&aring;ngna anst&auml;llningsavtal g&auml;ller de upps&auml;gningsregler som g&auml;llde f&ouml;re den 1 juli 2017, &aring;terfinns i 15.2. F&ouml;r alla anst&auml;llningar sker den f&ouml;r&auml;ndringen att <strong>kravet p&aring; att<\/strong> <strong>upps&auml;gningstiden r&auml;knas i hela kalenderm&aring;nader bortfaller<\/strong>, se nedan. &Auml;ven vissa f&ouml;r&auml;ndringar i 15.3 avseende upps&auml;gningstid f&ouml;r pension&auml;rer har gjorts.<\/p>\n<p>Kortfattat kan &auml;ndringarna beskrivas som att anst&auml;llda efter den 1 juli 2017 omfattas av upps&auml;gningsreglerna i LAS, med viss f&ouml;rl&auml;ngning vid egen upps&auml;gning. Regeln om f&ouml;rl&auml;ngd upps&auml;gningstid f&ouml;r medarbetare som fyllt 55 &aring;r och har 10 &aring;rs sammanh&auml;ngande anst&auml;llningstid kvarst&aring;r. De nya reglerna inneb&auml;r att de som anst&auml;lls efter den 1 juli 2017 kommer att ha maximalt 6 m&aring;naders upps&auml;gningstid vid 10 &aring;rs anst&auml;llning (f&ouml;rutom 55\/10), j&auml;mf&ouml;rt med dagens 8 m&aring;nader. En medarbetare som varit anst&auml;lld i 10 &aring;r och har fyllt 55 &aring;r kommer enligt dessa nya regler ha 12 m&aring;naders upps&auml;gningstid mot dagens 14 m&aring;nader. Anst&auml;llda f&ouml;re den 1&nbsp;juli 2017 omfattas av de tidigare reglerna i 15.2.<\/p>\n<p><strong>Kravet p&aring; kalenderm&aring;nad vid ber&auml;kning av upps&auml;gningstid tas bort<\/strong><\/p>\n<p>Tidigare har upps&auml;gningstiden ber&auml;knats i hela kalenderm&aring;nader. Det kravet &auml;r nu borttaget och upps&auml;gningstiden r&auml;knas fr&aring;n det datum upps&auml;gningen g&ouml;rs. De nya reglerna g&auml;ller fr&aring;n den 1 juli 2017 och g&auml;ller b&aring;de anst&auml;llningar ing&aring;ngna f&ouml;re och efter den 1 juli 2017, se nedan under 15.1-15.3.<\/p>\n<p><strong>Upps&auml;gning fr&aring;n medarbetarens sida, anst&auml;llningar <u>efter<\/u> den 1 juli 2017, mom&nbsp;15.1.1 <\/strong><\/p>\n<p>N&auml;r medarbetaren s&auml;ger upp sig sj&auml;lv beror upps&auml;gningstidens l&auml;ngd p&aring; anst&auml;llningstid vid f&ouml;retaget enligt f&ouml;ljande.&nbsp;<\/p>\n<p>Upps&auml;gningstiden fr&aring;n journalistens sida &auml;r f&ouml;ljande om inte annat f&ouml;ljer av mom 15.3 i avtalet.<\/p>\n<table border=\"1\" cellpadding=\"0\" cellspacing=\"0\">\n<tbody>\n<tr>\n<td style=\"width: 227px;height: 53px\">\n<p><strong>Anst&auml;llningstid vid f&ouml;retaget <\/strong><\/p>\n<p>mindre &auml;n 2 &aring;r<\/p>\n<p>fr&aring;n och med 2 till 4 &aring;r<\/p>\n<p>fr&aring;n och med 4 &aring;r<\/p>\n<\/td>\n<td style=\"width: 227px;height: 53px\">\n<p><strong>Upps&auml;gningstid <\/strong><\/p>\n<p>1 m&aring;n<\/p>\n<p>2 m&aring;n<\/p>\n<p>3 m&aring;n<\/p>\n<\/td>\n<\/tr>\n<\/tbody>\n<\/table>\n<p>Hur anst&auml;llningstidens l&auml;ngd enligt ovan ska ber&auml;knas anges i 3 &sect; lagen om anst&auml;llningsskydd.<\/p>\n<p><strong>Kravet p&aring; kalenderm&aring;nad borttaget. <\/strong>Upps&auml;gningstiden r&auml;knas fr&aring;n det datum en upps&auml;gning g&ouml;rs. De nya reglerna g&auml;ller fr&aring;n den 1 juli och g&auml;ller b&aring;de anst&auml;llningar ing&aring;ngna f&ouml;re och efter den 1 juli 2017.<\/p>\n<p>Upps&auml;gningstid f&ouml;r medarbetare anst&auml;llda f&ouml;re den 1 juli 2017 omfattas av det gamla upps&auml;gningsreglerna i 15.2.<\/p>\n<p><strong>Upps&auml;gning fr&aring;n arbetsgivarens sida, anst&auml;llningar <u>efter<\/u> den 1 juli 2017, mom&nbsp;15.1.2<\/strong><\/p>\n<p>N&auml;r arbetsgivaren s&auml;ger upp medarbetaren beror upps&auml;gningstidens l&auml;ngd p&aring; anst&auml;llningstid vid f&ouml;retaget enligt f&ouml;ljande.&nbsp;<\/p>\n<p>Upps&auml;gningstiden fr&aring;n arbetsgivarens sida &auml;r f&ouml;ljande om inte annat f&ouml;ljer av 15.3 i avtalet.<\/p>\n<p><strong>Anst&auml;llningstid vid f&ouml;retaget&nbsp;&nbsp;&nbsp;&nbsp;&nbsp;&nbsp;&nbsp;Upps&auml;gningstid<\/strong><\/p>\n<p>mindre &auml;n 2 &aring;r &nbsp;&nbsp;&nbsp;&nbsp;&nbsp;&nbsp;&nbsp;&nbsp;&nbsp;&nbsp;&nbsp;&nbsp;&nbsp;&nbsp;&nbsp;&nbsp;&nbsp;&nbsp;&nbsp;&nbsp;&nbsp;&nbsp;&nbsp;&nbsp;&nbsp;&nbsp;&nbsp;&nbsp;&nbsp;&nbsp;&nbsp;&nbsp;&nbsp;&nbsp;&nbsp;&nbsp;&nbsp;&nbsp;&nbsp;&nbsp; 1 m&aring;n<\/p>\n<p>fr&aring;n och med 2 &aring;r till 4 &aring;r&nbsp;&nbsp;&nbsp;&nbsp;&nbsp;&nbsp;&nbsp;&nbsp;&nbsp;&nbsp;&nbsp;&nbsp;&nbsp;&nbsp;&nbsp;&nbsp;&nbsp;&nbsp;&nbsp;&nbsp;&nbsp;&nbsp;&nbsp;2 m&aring;n<\/p>\n<p>fr&aring;n och med 4 &aring;r till 6 &aring;r&nbsp;&nbsp;&nbsp;&nbsp;&nbsp;&nbsp;&nbsp;&nbsp;&nbsp;&nbsp;&nbsp;&nbsp;&nbsp;&nbsp;&nbsp;&nbsp;&nbsp;&nbsp;&nbsp;&nbsp;&nbsp;&nbsp;&nbsp;3 m&aring;n<\/p>\n<p>fr&aring;n och med 6 &aring;r till 8 &aring;r&nbsp;&nbsp;&nbsp;&nbsp;&nbsp;&nbsp;&nbsp;&nbsp;&nbsp;&nbsp;&nbsp;&nbsp;&nbsp;&nbsp;&nbsp;&nbsp;&nbsp;&nbsp;&nbsp;&nbsp;&nbsp;&nbsp;&nbsp;4 m&aring;n<\/p>\n<p>fr&aring;n och med 8 &aring;r till 10 &aring;r&nbsp;&nbsp;&nbsp;&nbsp;&nbsp;&nbsp;&nbsp;&nbsp;&nbsp;&nbsp;&nbsp;&nbsp;&nbsp;&nbsp;&nbsp;&nbsp;&nbsp;&nbsp;&nbsp;&nbsp;&nbsp;5 m&aring;n<\/p>\n<p>fr&aring;n och med 10 &aring;r &nbsp;&nbsp;&nbsp;&nbsp;&nbsp;&nbsp;&nbsp;&nbsp;&nbsp;&nbsp;&nbsp;&nbsp;&nbsp;&nbsp;&nbsp;&nbsp;&nbsp;&nbsp;&nbsp;&nbsp;&nbsp;&nbsp;&nbsp;&nbsp;&nbsp;&nbsp;&nbsp;&nbsp;&nbsp;&nbsp;&nbsp;&nbsp;&nbsp; 6 m&aring;n<\/p>\n<p>Hur anst&auml;llningstidens l&auml;ngd enligt ovan ska ber&auml;knas anges i 3 &sect; lagen om anst&auml;llningsskydd.<\/p>\n<p>Har medarbetare som sagts upp p&aring; grund av arbetsbrist, vid upps&auml;gningsdagen uppn&aring;tt 55 &aring;rs &aring;lder och d&aring; har 10 &aring;rs sammanh&auml;ngande anst&auml;llningstid skall den enligt detta avtal g&auml;llande upps&auml;gningstiden f&ouml;rl&auml;ngas med sex m&aring;nader.<\/p>\n<p><strong>Kravet p&aring; kalenderm&aring;nad borttaget. <\/strong>Upps&auml;gningstiden r&auml;knas fr&aring;n det datum en upps&auml;gning g&ouml;rs. De nya reglerna g&auml;ller fr&aring;n den 1 juli och g&auml;ller b&aring;de anst&auml;llningar ing&aring;ngna f&ouml;re och efter den 1 juli 2017.<\/p>\n<p>Medarbetare anst&auml;llda f&ouml;re den 1 juli 2017 omfattas av de gamla upps&auml;gningsreglerna i 15.2.<\/p>\n<p><strong>&Ouml;verg&aring;ng av verksamhet <\/strong><\/p>\n<p>Vid &ouml;verg&aring;ng av verksamhet uppmanar Medief&ouml;retagen f&ouml;rv&auml;rvande medlemsf&ouml;retag att uppta lokal inrangeringsf&ouml;rhandling g&auml;llande upps&auml;gningstider mot bakgrund av de nya upps&auml;gningsreglerna. Detta g&auml;ller endast verksamhets&ouml;verg&aring;ng d&auml;r b&aring;de &ouml;verl&aring;tare och f&ouml;rv&auml;rvare &auml;r bundna av Dagspressavtalet. F&ouml;retag ombeds kontakta Medief&ouml;retagen f&ouml;r r&aring;dgivning.<\/p>\n<p><strong>Upps&auml;gningstid f&ouml;r anst&auml;llningar <u>f&ouml;re<\/u> den 1 juli 2017, mom 15.2<\/strong><\/p>\n<p>F&ouml;r anst&auml;llningar f&ouml;re den 1 juli 2017 g&auml;ller tidigare upps&auml;gningsregler enligt nedan. Dock &auml;r kravet p&aring; att ber&auml;kna upps&auml;gningstiden i hela kalenderm&aring;nader borttaget &auml;ven f&ouml;r dessa anst&auml;llningar. Upps&auml;gningstiden r&auml;knas ist&auml;llet fr&aring;n det datum en upps&auml;gning g&ouml;rs. I &ouml;vrigt of&ouml;r&auml;ndrade regler.<\/p>\n<p>Medarbetare &auml;ger &aring;tnjuta den upps&auml;gningstid som framg&aring;r av nedanst&aring;ende tabell eller lika m&aring;nga m&aring;naders l&ouml;n:<\/p>\n<p><strong>Medarbetares &aring;lder&nbsp;&nbsp;&nbsp;&nbsp;Arbetsgivarens upps&auml;gningstid<\/strong><\/p>\n<p>l&auml;gre &auml;n 35 &aring;r&nbsp;&nbsp;&nbsp;&nbsp;&nbsp;&nbsp;&nbsp;&nbsp;&nbsp;&nbsp;&nbsp;&nbsp;&nbsp;&nbsp;&nbsp;&nbsp;&nbsp;&nbsp;&nbsp;&nbsp;&nbsp;3 <em>m&aring;nader<\/em><\/p>\n<p>35 &aring;r &nbsp;&nbsp;&nbsp;&nbsp;&nbsp;&nbsp;&nbsp;&nbsp;&nbsp;&nbsp;&nbsp;&nbsp;&nbsp;&nbsp;&nbsp;&nbsp;&nbsp;&nbsp;&nbsp;&nbsp;&nbsp;&nbsp;&nbsp;&nbsp;&nbsp;&nbsp;&nbsp;&nbsp;&nbsp;&nbsp;&nbsp;&nbsp;&nbsp;&nbsp; 4 <em>m&aring;nader<\/em><\/p>\n<p>40 &aring;r &nbsp;&nbsp;&nbsp;&nbsp;&nbsp;&nbsp;&nbsp;&nbsp;&nbsp;&nbsp;&nbsp;&nbsp;&nbsp;&nbsp;&nbsp;&nbsp;&nbsp;&nbsp;&nbsp;&nbsp;&nbsp;&nbsp;&nbsp;&nbsp;&nbsp;&nbsp;&nbsp;&nbsp;&nbsp;&nbsp;&nbsp;&nbsp;&nbsp;&nbsp; 5 <em>m&aring;nader<\/em><\/p>\n<p>45 &aring;r &nbsp;&nbsp;&nbsp;&nbsp;&nbsp;&nbsp;&nbsp;&nbsp;&nbsp;&nbsp;&nbsp;&nbsp;&nbsp;&nbsp;&nbsp;&nbsp;&nbsp;&nbsp;&nbsp;&nbsp;&nbsp;&nbsp;&nbsp;&nbsp;&nbsp;&nbsp;&nbsp;&nbsp;&nbsp;&nbsp;&nbsp;&nbsp;&nbsp;&nbsp; 6 <em>m&aring;nader<\/em><\/p>\n<p>Medarbetare skall iakttaga minst en <em>m&aring;nads<\/em> upps&auml;gningstid. F&ouml;r medarbetare, som varit anst&auml;lld i samma f&ouml;retag minst &aring;tta &aring;r, g&auml;ller att upps&auml;gningstiden fr&aring;n f&ouml;retagets sida skall utg&ouml;ra minst &aring;tta <em>m&aring;nader<\/em>. Medarbetare skall fr&aring;n sin sida iakttaga minst tre <em>m&aring;naders<\/em> upps&auml;gningstid.<\/p>\n<p>Har medarbetare, som sagts upp p&aring; grund av arbetsbrist, vid upps&auml;gningsdagen uppn&aring;tt 55 &aring;rs &aring;lder och d&aring; har 10 &aring;rs sammanh&auml;ngande anst&auml;llningstid skall den enligt detta avtal g&auml;llande upps&auml;gningstiden f&ouml;rl&auml;ngas med sex m&aring;nader.<\/p>\n<p><strong>Pension&auml;r, mom 15.3 <\/strong><\/p>\n<p>F&ouml;r medarbetare som kvarst&aring;r i tj&auml;nst vid f&ouml;retaget efter att ha uppn&aring;tt den f&ouml;r medarbetaren g&auml;llande ordinarie pensions&aring;ldern enligt ITP-planen (65 &aring;r) g&auml;ller upps&auml;gningstiden enligt reglerna ovan 15.1 och 15.2.<\/p>\n<p>F&ouml;r medarbetare som anst&auml;llts vid f&ouml;retaget efter det att denne har uppn&aring;tt den ordinarie pensions&aring;ldern g&auml;ller ist&auml;llet en &ouml;msesidig upps&auml;gningstid om en m&aring;nad.<\/p>\n<p>Anst&auml;llningen upph&ouml;r utan upps&auml;gningstid vid utg&aring;ngen av den m&aring;nad medarbetaren fyller 67&nbsp;&aring;r om inte arbetsgivaren och medarbetaren kommer &ouml;verens om annat. Underr&auml;ttelse enligt 33 &sect; Lagen om anst&auml;llningsskydd beh&ouml;ver inte l&auml;mnas.<\/p>\n<p><strong>4. PARTSGEMENSAM V&Auml;GLEDNING F&Ouml;R TURORDNING VID ARBETSBRIST <\/strong><\/p>\n<p>Den partsgemensamma v&auml;gledningen &rdquo;V&auml;gen fram&aring;t, Steg f&ouml;r steg, En partsgemensam v&auml;gledning f&ouml;r turordning vid arbetsbrist&rdquo; &auml;r till&auml;mplig inom avtalsomr&aring;det och ska spridas till b&aring;de f&ouml;retag och lokala fackliga f&ouml;retr&auml;dare inom avtalsomr&aring;det. Det &auml;r samma v&auml;gledning som Medief&ouml;retagen och Unionen\/Akademikerna antagit p&aring; tj&auml;nstemannaomr&aring;det. V&auml;gledningen &auml;r t&auml;nkt att underl&auml;tta f&ouml;r lokala parter f&ouml;r att tr&auml;ffa &ouml;verenskommelse om en avtalsturlista. Parterna &auml;r &ouml;verens om att v&auml;gledningen i sig inte utg&ouml;r avtalstext.<\/p>\n<p><strong>5. AVTAL OM F&Ouml;RHANDLINGSORDNING VID R&Auml;TTSTVISTER <\/strong><\/p>\n<p>Parterna har kommit &ouml;verens om en ny f&ouml;rhandlingsordning f&ouml;r r&auml;ttstvister, se bilaga 6. Lokal f&ouml;rhandling ska p&aring;b&ouml;rjas snarats m&ouml;jligt och senast inom tv&aring; veckor fr&aring;n den dag d&aring; f&ouml;rhandlingsbeg&auml;ran bekr&auml;ftats, om inte parterna har kommit &ouml;verens om annat (tidigare tre veckor fr&aring;n den dag d&aring; den beg&auml;rdes).<\/p>\n<p>Det anges vidare uttryckligen att central f&ouml;rhandling ska beg&auml;ras inom tv&aring; veckor vid r&auml;ttstvist om ogiltigf&ouml;rklaring av en upps&auml;gning eller ett avskedande eller f&ouml;rklaring att visstidsanst&auml;llning &auml;r otill&aring;ten och att anst&auml;llningen ska g&auml;lla tillsvidare. D&auml;rtill har ett antal f&ouml;rtydliganden under anm&auml;rkningar inf&ouml;rts.<\/p>\n<p><strong>6. &Ouml;VRIGT<\/strong><\/p>\n<p>&#8211; Prisbasbeloppet f&ouml;r 2017 &auml;r 44 800 kr, vilket f&ouml;rts in i &sect; 13 om f&ouml;r&auml;ldral&ouml;n.<\/p>\n<p>&#8211; I &ouml;vrigt endast redaktionella &auml;ndringar.<\/p>\n<p>&#8211; Arbetsgrupp mellan de centrala parterna om arbetstider.<\/p>\n<p><strong>7. AVTALSTRYCK<\/strong><\/p>\n<p>Avtalet kommer inte att tryckas i fysisk form. N&auml;r det &auml;r redigerat kommer det att distribueras elektroniskt i form av ett arbetsgivarnytt. Du kommer d&auml;refter &auml;ven hitta det i Arbetsgivarguiden som du kommer &aring;t via eller <a href=\"https:\/\/www.medieforetagen.se\/\" target=\"_blank\" rel=\"noopener\">www.medieforetagen.se<\/a>.<\/p>\n<\/p>\n","protected":false},"excerpt":{"rendered":"<p>Den 30 juni 2017 tecknade Medief\u00f6retagen nytt avtal med Svenska Journalistf\u00f6rbundet f\u00f6r avtalsomr\u00e5de Dagspress f\u00f6r tiden 1 april 2017 &#8211; 31 mars 2020. <\/p>\n","protected":false},"author":1,"featured_media":0,"comment_status":"closed","ping_status":"open","sticky":false,"template":"","format":"standard","meta":{"_acf_changed":false,"footnotes":""},"categories":[1],"tags":[],"article_type":[313],"agreement":[135],"class_list":["post-5260","post","type-post","status-publish","format-standard","hentry","category-okategoriserade","type-arbetsgivarnytt","agreement-a0dd9b4d-7a56-de11-bdb9-02bf9e69ca65"],"acf":[],"yoast_head":"<!-- This site is optimized with the Yoast SEO Premium plugin v26.8 (Yoast SEO v26.8) - https:\/\/yoast.com\/product\/yoast-seo-premium-wordpress\/ -->\n<title>Dagspressavtalet | Almega<\/title>\n<meta name=\"robots\" content=\"index, follow, max-snippet:-1, max-image-preview:large, max-video-preview:-1\" \/>\n<link rel=\"canonical\" href=\"https:\/\/www.almega.se\/2017\/07\/dagspressavtalet\/\" \/>\n<meta property=\"og:locale\" content=\"sv_SE\" \/>\n<meta property=\"og:type\" content=\"article\" \/>\n<meta property=\"og:title\" content=\"Dagspressavtalet\" \/>\n<meta property=\"og:description\" content=\"Den 30 juni 2017 tecknade Medief\u00f6retagen nytt avtal med Svenska Journalistf\u00f6rbundet f\u00f6r avtalsomr\u00e5de Dagspress f\u00f6r tiden 1 april 2017 - 31 mars 2020.\" \/>\n<meta property=\"og:url\" content=\"https:\/\/www.almega.se\/2017\/07\/dagspressavtalet\/\" \/>\n<meta property=\"og:site_name\" content=\"Almega\" \/>\n<meta property=\"article:published_time\" content=\"2017-07-05T09:00:00+00:00\" \/>\n<meta property=\"og:image\" content=\"https:\/\/www.almega.se\/app\/uploads\/2020\/12\/almega-share-logo.png\" \/>\n\t<meta property=\"og:image:width\" content=\"1200\" \/>\n\t<meta property=\"og:image:height\" content=\"630\" \/>\n\t<meta property=\"og:image:type\" content=\"image\/png\" \/>\n<meta name=\"author\" content=\"admin\" \/>\n<meta name=\"twitter:card\" content=\"summary_large_image\" \/>\n<meta name=\"twitter:label1\" content=\"Skriven av\" \/>\n\t<meta name=\"twitter:data1\" content=\"admin\" \/>\n\t<meta name=\"twitter:label2\" content=\"Ber\u00e4knad l\u00e4stid\" \/>\n\t<meta name=\"twitter:data2\" content=\"23 minuter\" \/>\n<!-- \/ Yoast SEO Premium plugin. -->","yoast_head_json":{"title":"Dagspressavtalet | Almega","robots":{"index":"index","follow":"follow","max-snippet":"max-snippet:-1","max-image-preview":"max-image-preview:large","max-video-preview":"max-video-preview:-1"},"canonical":"https:\/\/www.almega.se\/2017\/07\/dagspressavtalet\/","og_locale":"sv_SE","og_type":"article","og_title":"Dagspressavtalet","og_description":"Den 30 juni 2017 tecknade Medief\u00f6retagen nytt avtal med Svenska Journalistf\u00f6rbundet f\u00f6r avtalsomr\u00e5de Dagspress f\u00f6r tiden 1 april 2017 - 31 mars 2020.","og_url":"https:\/\/www.almega.se\/2017\/07\/dagspressavtalet\/","og_site_name":"Almega","article_published_time":"2017-07-05T09:00:00+00:00","og_image":[{"width":1200,"height":630,"url":"https:\/\/www.almega.se\/app\/uploads\/2020\/12\/almega-share-logo.png","type":"image\/png"}],"author":"admin","twitter_card":"summary_large_image","twitter_misc":{"Skriven av":"admin","Ber\u00e4knad l\u00e4stid":"23 minuter"},"schema":{"@context":"https:\/\/schema.org","@graph":[{"@type":"NewsArticle","@id":"https:\/\/www.almega.se\/2017\/07\/dagspressavtalet\/#article","isPartOf":{"@id":"https:\/\/www.almega.se\/2017\/07\/dagspressavtalet\/"},"author":{"name":"admin","@id":"https:\/\/www.almega.se\/#\/schema\/person\/9c3674d192fb8b2d1d8b7a3f31c5151d"},"headline":"Dagspress&shy;avtalet","datePublished":"2017-07-05T09:00:00+00:00","mainEntityOfPage":{"@id":"https:\/\/www.almega.se\/2017\/07\/dagspressavtalet\/"},"wordCount":4667,"inLanguage":"sv-SE"},{"@type":"WebPage","@id":"https:\/\/www.almega.se\/2017\/07\/dagspressavtalet\/","url":"https:\/\/www.almega.se\/2017\/07\/dagspressavtalet\/","name":"Dagspressavtalet | Almega","isPartOf":{"@id":"https:\/\/www.almega.se\/#website"},"datePublished":"2017-07-05T09:00:00+00:00","author":{"@id":"https:\/\/www.almega.se\/#\/schema\/person\/9c3674d192fb8b2d1d8b7a3f31c5151d"},"breadcrumb":{"@id":"https:\/\/www.almega.se\/2017\/07\/dagspressavtalet\/#breadcrumb"},"inLanguage":"sv-SE","potentialAction":[{"@type":"ReadAction","target":["https:\/\/www.almega.se\/2017\/07\/dagspressavtalet\/"]}]},{"@type":"BreadcrumbList","@id":"https:\/\/www.almega.se\/2017\/07\/dagspressavtalet\/#breadcrumb","itemListElement":[{"@type":"ListItem","position":1,"name":"Home","item":"https:\/\/www.almega.se\/"},{"@type":"ListItem","position":2,"name":"Dagspress&shy;avtalet"}]},{"@type":"WebSite","@id":"https:\/\/www.almega.se\/#website","url":"https:\/\/www.almega.se\/","name":"Almega","description":"","potentialAction":[{"@type":"SearchAction","target":{"@type":"EntryPoint","urlTemplate":"https:\/\/www.almega.se\/?s={search_term_string}"},"query-input":{"@type":"PropertyValueSpecification","valueRequired":true,"valueName":"search_term_string"}}],"inLanguage":"sv-SE"},{"@type":"Person","@id":"https:\/\/www.almega.se\/#\/schema\/person\/9c3674d192fb8b2d1d8b7a3f31c5151d","name":"admin","image":{"@type":"ImageObject","inLanguage":"sv-SE","@id":"https:\/\/www.almega.se\/#\/schema\/person\/image\/","url":"https:\/\/secure.gravatar.com\/avatar\/13aac7e7a7582f599e3ba7706cec051e12eac4ad6c2ffe6f9d24800e63294187?s=96&d=mm&r=g","contentUrl":"https:\/\/secure.gravatar.com\/avatar\/13aac7e7a7582f599e3ba7706cec051e12eac4ad6c2ffe6f9d24800e63294187?s=96&d=mm&r=g","caption":"admin"},"url":"https:\/\/www.almega.se\/person\/admin\/"}]}},"_links":{"self":[{"href":"https:\/\/www.almega.se\/api\/wp\/v2\/posts\/5260","targetHints":{"allow":["GET"]}}],"collection":[{"href":"https:\/\/www.almega.se\/api\/wp\/v2\/posts"}],"about":[{"href":"https:\/\/www.almega.se\/api\/wp\/v2\/types\/post"}],"author":[{"embeddable":true,"href":"https:\/\/www.almega.se\/api\/wp\/v2\/users\/1"}],"replies":[{"embeddable":true,"href":"https:\/\/www.almega.se\/api\/wp\/v2\/comments?post=5260"}],"version-history":[{"count":1,"href":"https:\/\/www.almega.se\/api\/wp\/v2\/posts\/5260\/revisions"}],"predecessor-version":[{"id":58090,"href":"https:\/\/www.almega.se\/api\/wp\/v2\/posts\/5260\/revisions\/58090"}],"wp:attachment":[{"href":"https:\/\/www.almega.se\/api\/wp\/v2\/media?parent=5260"}],"wp:term":[{"taxonomy":"category","embeddable":true,"href":"https:\/\/www.almega.se\/api\/wp\/v2\/categories?post=5260"},{"taxonomy":"post_tag","embeddable":true,"href":"https:\/\/www.almega.se\/api\/wp\/v2\/tags?post=5260"},{"taxonomy":"type","embeddable":true,"href":"https:\/\/www.almega.se\/api\/wp\/v2\/article_type?post=5260"},{"taxonomy":"agreement","embeddable":true,"href":"https:\/\/www.almega.se\/api\/wp\/v2\/agreement?post=5260"}],"curies":[{"name":"wp","href":"https:\/\/api.w.org\/{rel}","templated":true}]}}