{"id":5258,"date":"2017-07-07T12:00:00","date_gmt":"2017-07-07T12:00:00","guid":{"rendered":"http:\/\/almega-bento\/wp\/blog\/2017\/07\/07\/avtal-klart-med-akademikerna-for-bransch-kommunikation\/"},"modified":"2017-07-07T12:00:00","modified_gmt":"2017-07-07T12:00:00","slug":"avtal-klart-med-akademikerna-for-bransch-kommunikation","status":"publish","type":"post","link":"https:\/\/www.almega.se\/2017\/07\/avtal-klart-med-akademikerna-for-bransch-kommunikation\/","title":{"rendered":"Avtal klart med akademikerna f\u00f6r bransch Kommunikation"},"content":{"rendered":"\n<p class=\"intro\">Almega Kommunikationsf\u00f6retagen har nu tr\u00e4ffat avtal om l\u00f6ner och allm\u00e4nna anst\u00e4llningsvillkor med Sveriges Ingenj\u00f6rer, Jusek, SRAT och Civilekonomer-na. Avtalet \u00e4r p\u00e5 36 m\u00e5nader och g\u00e4ller fr.o.m. 1 augusti 2017 t.o.m. 31 juli 2020. <\/p>\n<p>L&auml;nkar till f&ouml;rhandlingsprotokoll, allm&auml;nna villkor och l&ouml;neavtal finns p&aring; www.almega.se under &rdquo;arbetsgivarguiden&rdquo; &ndash; &rdquo;Dina kollektivavtal&rdquo;. De nya<\/p>\n<p>avtalsuppg&ouml;relserna kommer att l&auml;ggas ut p&aring; hemsidan under veckan. F&ouml;r att f&aring; tillg&aring;ng till &rdquo;Dina kollektivavtalssidan&rdquo; kr&auml;vs att man &auml;r inloggad som medlem.<\/p>\n<h2>L&ouml;neavtal<\/h2>\n<h3>Akademikerf&ouml;rbunden Sveriges Ingenj&ouml;rer, Jusek, SRAT och Civil&shy;ekonomerna<\/h3>\n<p>Akademikerf&ouml;rbunden upptr&auml;der som <em>en <\/em>part lokalt och centralt. L&ouml;neavtalet med akademikerna &auml;r under denna avtalsperiod ett siffersatt l&ouml;nepottavtal, vilket inneb&auml;r att f&ouml;rdelningen av l&ouml;neutrymmet sker i lokala f&ouml;rhandlingar.<\/p>\n<p>Om inte de lokala parterna enas om annat ska l&ouml;ne&ouml;versynen omfatta ett lokalt l&ouml;neutrymme om 2,0 %, 2,0 % respektive 2,1 %.<\/p>\n<p>L&ouml;nerevisionsdatum &auml;r den 1 augusti respektive &aring;r om inte annat &ouml;verenskommes.<\/p>\n<h2>Allm&auml;nna anst&auml;llningsvillkor<\/h2>\n<p>F&ouml;ljande &auml;ndringar har gjorts i allm&auml;nna villkorsavtalet:<\/p>\n<h3>&sect; 9 mom 3 och &sect; 10 mom 1, Restidsers&auml;ttning och Ers&auml;ttning f&ouml;r Ob, jour och beredskap<\/h3>\n<p><strong>Restidsers&auml;ttningarna<\/strong> i det centrala avtalet h&ouml;js med 6,1 % under avtalsperioden. Det inneb&auml;r nedanst&aring;ende belopp.<\/p>\n<p>&nbsp;&nbsp;&nbsp;&nbsp; Den l&auml;gre restidsers&auml;ttningen i avtalet &auml;ndras till:<\/p>\n<table border=\"0\" cellpadding=\"0\" cellspacing=\"0\">\n<tbody>\n<tr>\n<td style=\"width: 110px\">\n<p align=\"center\">1 augusti 2017<\/p>\n<\/td>\n<td style=\"width: 110px\">\n<p align=\"center\">1 augusti 2018<\/p>\n<\/td>\n<td style=\"width: 110px\">\n<p align=\"center\">1 augusti 2019<\/p>\n<\/td>\n<\/tr>\n<tr>\n<td style=\"width: 110px\">\n<p align=\"center\">67,67 kr<\/p>\n<\/td>\n<td style=\"width: 110px\">\n<p align=\"center\">69,02 kr<\/p>\n<\/td>\n<td style=\"width: 110px\">\n<p align=\"center\">70,47 kr<\/p>\n<\/td>\n<\/tr>\n<\/tbody>\n<\/table>\n<p>&nbsp;&nbsp;&nbsp;&nbsp; Den h&ouml;gre restidsers&auml;ttningen i avtalet &auml;ndras till:&nbsp;<\/p>\n<table border=\"0\" cellpadding=\"0\" cellspacing=\"0\">\n<tbody>\n<tr>\n<td style=\"width: 110px\">\n<p align=\"center\">1 augusti 2017<\/p>\n<\/td>\n<td style=\"width: 110px\">\n<p align=\"center\">1 augusti 2018<\/p>\n<\/td>\n<td style=\"width: 110px\">\n<p align=\"center\">1 augusti 2019<\/p>\n<\/td>\n<\/tr>\n<tr>\n<td style=\"width: 110px\">\n<p align=\"center\">101,35 kr<\/p>\n<\/td>\n<td style=\"width: 110px\">\n<p align=\"center\">103,38 kr<\/p>\n<\/td>\n<td style=\"width: 110px\">\n<p align=\"center\">105,55 kr<\/p>\n<\/td>\n<\/tr>\n<\/tbody>\n<\/table>\n<p><strong>Ob-ers&auml;ttningarna<\/strong> i det centrala avtalet h&ouml;js med 6,1 % under avtalsperioden. Det inneb&auml;r nedanst&aring;ende belopp.<\/p>\n<p>&nbsp;&nbsp;&nbsp;&nbsp; &rdquo;Enkelt&rdquo; Ob &auml;ndras till:<\/p>\n<table border=\"0\" cellpadding=\"0\" cellspacing=\"0\">\n<tbody>\n<tr>\n<td style=\"width: 110px\">\n<p align=\"center\">1 augusti 2017<\/p>\n<\/td>\n<td style=\"width: 110px\">\n<p align=\"center\">1 augusti 2018<\/p>\n<\/td>\n<td style=\"width: 110px\">\n<p align=\"center\">1 augusti 2019<\/p>\n<\/td>\n<\/tr>\n<tr>\n<td style=\"width: 110px\">\n<p align=\"center\">20,30 kr<\/p>\n<\/td>\n<td style=\"width: 110px\">\n<p align=\"center\">20,71 kr<\/p>\n<\/td>\n<td style=\"width: 110px\">\n<p align=\"center\">21,14 kr<\/p>\n<\/td>\n<\/tr>\n<\/tbody>\n<\/table>\n<p style=\"margin-left: 14.2pt\">&rdquo;Kvalificerat&rdquo; Ob &auml;ndras till:<\/p>\n<table border=\"0\" cellpadding=\"0\" cellspacing=\"0\">\n<tbody>\n<tr>\n<td style=\"width: 110px\">\n<p align=\"center\">1 augusti 2017<\/p>\n<\/td>\n<td style=\"width: 110px\">\n<p align=\"center\">1 augusti 2018<\/p>\n<\/td>\n<td style=\"width: 110px\">\n<p align=\"center\">1 augusti 2019<\/p>\n<\/td>\n<\/tr>\n<tr>\n<td style=\"width: 110px\">\n<p align=\"center\">45,39 kr<\/p>\n<\/td>\n<td style=\"width: 110px\">\n<p align=\"center\">46,30 kr<\/p>\n<\/td>\n<td style=\"width: 110px\">\n<p align=\"center\">47,27 kr<\/p>\n<\/td>\n<\/tr>\n<\/tbody>\n<\/table>\n<p style=\"margin-left: 14.2pt\">&rdquo;Storhelgs-Ob&rdquo; &auml;ndras till:<\/p>\n<table border=\"0\" cellpadding=\"0\" cellspacing=\"0\">\n<tbody>\n<tr>\n<td style=\"width: 110px\">\n<p align=\"center\">1 augusti 2017<\/p>\n<\/td>\n<td style=\"width: 110px\">\n<p align=\"center\">1 augusti 2018<\/p>\n<\/td>\n<td style=\"width: 110px\">\n<p align=\"center\">1 augusti 2019<\/p>\n<\/td>\n<\/tr>\n<tr>\n<td style=\"width: 110px\">\n<p align=\"center\">101,76 kr<\/p>\n<\/td>\n<td style=\"width: 110px\">\n<p align=\"center\">103,80 kr<\/p>\n<\/td>\n<td style=\"width: 110px\">\n<p align=\"center\">105,98 kr<\/p>\n<\/td>\n<\/tr>\n<tr>\n<td style=\"width: 110px\">\n<p>&nbsp;<\/p>\n<\/td>\n<td style=\"width: 110px\">\n<p align=\"center\">&nbsp;<\/p>\n<\/td>\n<td style=\"width: 110px\">\n<p align=\"center\">&nbsp;<\/p>\n<\/td>\n<\/tr>\n<\/tbody>\n<\/table>\n<h2>&Ouml;vrigt fr&aring;n det centrala f&ouml;rhandlingsprotokollet<\/h2>\n<h2>&sect; 7 &Ouml;vertid, mom 2 Skyldighet att utf&ouml;ra &ouml;vertidsarbete<\/h2>\n<p>Det allm&auml;nna &ouml;vertidstaket, som tidigare var 200 timmar per kalender ut&ouml;kas till <strong><em>210 timmar<\/em><\/strong> per kalender&aring;r. Som tidigare f&aring;r timtalen &ouml;verskridas n&auml;r det beh&ouml;vs f&ouml;r att arbetstagaren ska kunna slutf&ouml;ra ett upp&shy;drag, som inte kan avbrytas utan stora ol&auml;genheter f&ouml;r verksamheten.<\/p>\n<h2>&sect; 8, Mertid, mom 1 Mertidsarbete<\/h2>\n<p>Arbete f&ouml;r deltidsarbetande &auml;r &ouml;vertid och ers&auml;tts enligt best&auml;mmelserna i &sect; 7 om arbetstagaren<\/p>\n<ul>\n<li>arbetar ut&ouml;ver ordinarie arbetstidsm&aring;ttet f&ouml;r heltidsarbetande under <strong><em>en kalendervecka<\/em><\/strong><\/li>\n<li>arbetar p&aring; dag som &auml;r arbetsfri f&ouml;r motsvarande heltidsarbetande<\/li>\n<li>arbetar mer &auml;n det till&aring;tna antalet mertidstimmar<\/li>\n<li>inkallas till arbete p&aring; tid som inte &auml;r ordinarie arbetstid f&ouml;r motsvarande heltidsarbetande.<\/li>\n<\/ul>\n<h2>&sect; 8 Mertid, mom 2 Skyldighet att utf&ouml;ra mertidsarbete<\/h2>\n<p>Allm&auml;n mertid och allm&auml;n &ouml;vertid kunde tidigare tas ut sammanlagt med 250 timmar per kalender&aring;r. Det ut&ouml;kas nu till <strong><em>265 timmar<\/em><\/strong> per kalender&aring;r.<\/p>\n<p>Den allm&auml;nna &ouml;vertiden kunde tidigare tas ut med 200 timmar per kalender&aring;r. Det ut&ouml;kas nu till <strong><em>210 timmar<\/em><\/strong> per kalender&aring;r.<\/p>\n<p>Den allm&auml;nna mertiden kunde tidigare tas ut med 175 timmar per kalender&aring;r. Det minskas nu till <strong><em>160 timmar<\/em><\/strong> per kalender&aring;r.<\/p>\n<h2>&sect; 10 Ers&auml;ttning f&ouml;r Ob, jour och beredskap, mom 3 Beredskap, tredje stycket andra meningen<\/h2>\n<p>Beredskapens omfattning kan numera &ouml;verenskommelse tr&auml;ffas direkt med medarbetaren.<\/p>\n<h2>Flexpension i Tj&auml;nstef&ouml;retag<\/h2>\n<p>Extra pensionsavs&auml;ttning inom ramen f&ouml;r Flexpension i Tj&auml;nstef&ouml;retag. Pensionsavs&auml;ttningen g&auml;ller f&ouml;r alla anst&auml;llda, &auml;ven de som &auml;r i &aring;ldersintervallet 18-24 &aring;r. Avs&auml;ttningen &auml;r 0,2 % per den 1 augusti 2017 och 0,2 % per den 1 augusti 2018, totalt 0,4 % under avtalsperioden.<\/p>\n<h2>Ny bilaga 1 F&ouml;rhandlingsordning<\/h2>\n<p>Parterna &auml;r &ouml;verens om en ny f&ouml;rhandlingsordning, bilaga 1 till branschavtalet, som ers&auml;tter den tidigare f&ouml;rhandlingsordningen i sin helhet. Nyheten &auml;r att beg&auml;ran om central f&ouml;rhandling ska g&ouml;ras:&nbsp;<\/p>\n<ol>\n<li>inom <strong>tv&aring; veckor<\/strong> vid tvistef&ouml;rhandling som g&auml;ller r&auml;ttstvist om ogiltigf&ouml;rklaring av en upps&auml;gning\/avskedande eller f&ouml;rklaring att visstidsanst&auml;llning &auml;r otill&aring;ten och att anst&auml;llningen ska g&auml;lla tills vidare, och<\/li>\n<li>inom <strong>tv&aring; m&aring;nader<\/strong> i &ouml;vriga r&auml;ttstvister,\n<p>fr&aring;n den dag d&aring; den lokala f&ouml;rhandlingen avslutats.<\/p>\n<\/li>\n<\/ol>\n<h2>Tidigare f&ouml;rhandlingsprotokoll<\/h2>\n<p>Paragrafer i tidigare f&ouml;rhandlingsprotokoll som centrala parterna inte har kommit &ouml;verens om har upph&ouml;rt att g&auml;lla eller av annat sk&auml;l &auml;r avslutade har fortsatt giltighet.<\/p>\n<h2>Ytterligare upplysningar<\/h2>\n<p>Om Du har fr&aring;gor ang&aring;ende avtalen kan du v&auml;nda dig till:<\/p>\n<p>Pierre, Anders eller Madeleine.<\/p>\n<p>Du kan ocks&aring; kontakta Ditt regionkontor eller ringa Almegas telefonjour p&aring;<\/p>\n<p>08 &#8211; 762 69 90.<\/p>\n<p>&nbsp;<\/p>\n<p>Med v&auml;nlig h&auml;lsning<\/p>\n<p>Almega Tj&auml;nstef&ouml;rbunden<\/p>\n<p>Kommunikationsf&ouml;retagen<\/p>\n<p>&nbsp;<\/p>\n<\/p>\n","protected":false},"excerpt":{"rendered":"<p>Almega Kommunikationsf\u00f6retagen har nu tr\u00e4ffat avtal om l\u00f6ner och allm\u00e4nna anst\u00e4llningsvillkor med Sveriges Ingenj\u00f6rer, Jusek, SRAT och Civilekonomer-na. Avtalet \u00e4r p\u00e5 36 m\u00e5nader och g\u00e4ller fr.o.m. 1 augusti 2017 t.o.m. 31 juli 2020. <\/p>\n","protected":false},"author":1,"featured_media":0,"comment_status":"closed","ping_status":"open","sticky":false,"template":"","format":"standard","meta":{"_acf_changed":false,"footnotes":""},"categories":[1],"tags":[],"article_type":[313],"agreement":[176],"class_list":["post-5258","post","type-post","status-publish","format-standard","hentry","category-okategoriserade","type-arbetsgivarnytt","agreement-80ce80f7-ff07-de11-b4e1-02bf9e69ca65"],"acf":[],"yoast_head":"<!-- This site is optimized with the Yoast SEO Premium plugin v26.8 (Yoast SEO v26.8) - https:\/\/yoast.com\/product\/yoast-seo-premium-wordpress\/ -->\n<title>Avtal klart med akademikerna f\u00f6r bransch Kommunikation | Almega<\/title>\n<meta name=\"robots\" content=\"index, follow, max-snippet:-1, max-image-preview:large, max-video-preview:-1\" \/>\n<link rel=\"canonical\" href=\"https:\/\/www.almega.se\/2017\/07\/avtal-klart-med-akademikerna-for-bransch-kommunikation\/\" \/>\n<meta property=\"og:locale\" content=\"sv_SE\" \/>\n<meta property=\"og:type\" content=\"article\" \/>\n<meta property=\"og:title\" content=\"Avtal klart med akademikerna f\u00f6r bransch Kommunikation\" \/>\n<meta property=\"og:description\" content=\"Almega Kommunikationsf\u00f6retagen har nu tr\u00e4ffat avtal om l\u00f6ner och allm\u00e4nna anst\u00e4llningsvillkor med Sveriges Ingenj\u00f6rer, Jusek, SRAT och Civilekonomer-na. Avtalet \u00e4r p\u00e5 36 m\u00e5nader och g\u00e4ller fr.o.m. 1 augusti 2017 t.o.m. 31 juli 2020.\" \/>\n<meta property=\"og:url\" content=\"https:\/\/www.almega.se\/2017\/07\/avtal-klart-med-akademikerna-for-bransch-kommunikation\/\" \/>\n<meta property=\"og:site_name\" content=\"Almega\" \/>\n<meta property=\"article:published_time\" content=\"2017-07-07T12:00:00+00:00\" \/>\n<meta property=\"og:image\" content=\"https:\/\/www.almega.se\/app\/uploads\/2020\/12\/almega-share-logo.png\" \/>\n\t<meta property=\"og:image:width\" content=\"1200\" \/>\n\t<meta property=\"og:image:height\" content=\"630\" \/>\n\t<meta property=\"og:image:type\" content=\"image\/png\" \/>\n<meta name=\"author\" content=\"admin\" \/>\n<meta name=\"twitter:card\" content=\"summary_large_image\" \/>\n<meta name=\"twitter:label1\" content=\"Skriven av\" \/>\n\t<meta name=\"twitter:data1\" content=\"admin\" \/>\n\t<meta name=\"twitter:label2\" content=\"Ber\u00e4knad l\u00e4stid\" \/>\n\t<meta name=\"twitter:data2\" content=\"5 minuter\" \/>\n<!-- \/ Yoast SEO Premium plugin. -->","yoast_head_json":{"title":"Avtal klart med akademikerna f\u00f6r bransch Kommunikation | Almega","robots":{"index":"index","follow":"follow","max-snippet":"max-snippet:-1","max-image-preview":"max-image-preview:large","max-video-preview":"max-video-preview:-1"},"canonical":"https:\/\/www.almega.se\/2017\/07\/avtal-klart-med-akademikerna-for-bransch-kommunikation\/","og_locale":"sv_SE","og_type":"article","og_title":"Avtal klart med akademikerna f\u00f6r bransch Kommunikation","og_description":"Almega Kommunikationsf\u00f6retagen har nu tr\u00e4ffat avtal om l\u00f6ner och allm\u00e4nna anst\u00e4llningsvillkor med Sveriges Ingenj\u00f6rer, Jusek, SRAT och Civilekonomer-na. Avtalet \u00e4r p\u00e5 36 m\u00e5nader och g\u00e4ller fr.o.m. 1 augusti 2017 t.o.m. 31 juli 2020.","og_url":"https:\/\/www.almega.se\/2017\/07\/avtal-klart-med-akademikerna-for-bransch-kommunikation\/","og_site_name":"Almega","article_published_time":"2017-07-07T12:00:00+00:00","og_image":[{"width":1200,"height":630,"url":"https:\/\/www.almega.se\/app\/uploads\/2020\/12\/almega-share-logo.png","type":"image\/png"}],"author":"admin","twitter_card":"summary_large_image","twitter_misc":{"Skriven av":"admin","Ber\u00e4knad l\u00e4stid":"5 minuter"},"schema":{"@context":"https:\/\/schema.org","@graph":[{"@type":"NewsArticle","@id":"https:\/\/www.almega.se\/2017\/07\/avtal-klart-med-akademikerna-for-bransch-kommunikation\/#article","isPartOf":{"@id":"https:\/\/www.almega.se\/2017\/07\/avtal-klart-med-akademikerna-for-bransch-kommunikation\/"},"author":{"name":"admin","@id":"https:\/\/www.almega.se\/#\/schema\/person\/9c3674d192fb8b2d1d8b7a3f31c5151d"},"headline":"Avtal klart med akademikerna f\u00f6r bransch Kommunikation","datePublished":"2017-07-07T12:00:00+00:00","mainEntityOfPage":{"@id":"https:\/\/www.almega.se\/2017\/07\/avtal-klart-med-akademikerna-for-bransch-kommunikation\/"},"wordCount":950,"inLanguage":"sv-SE"},{"@type":"WebPage","@id":"https:\/\/www.almega.se\/2017\/07\/avtal-klart-med-akademikerna-for-bransch-kommunikation\/","url":"https:\/\/www.almega.se\/2017\/07\/avtal-klart-med-akademikerna-for-bransch-kommunikation\/","name":"Avtal klart med akademikerna f\u00f6r bransch Kommunikation | Almega","isPartOf":{"@id":"https:\/\/www.almega.se\/#website"},"datePublished":"2017-07-07T12:00:00+00:00","author":{"@id":"https:\/\/www.almega.se\/#\/schema\/person\/9c3674d192fb8b2d1d8b7a3f31c5151d"},"breadcrumb":{"@id":"https:\/\/www.almega.se\/2017\/07\/avtal-klart-med-akademikerna-for-bransch-kommunikation\/#breadcrumb"},"inLanguage":"sv-SE","potentialAction":[{"@type":"ReadAction","target":["https:\/\/www.almega.se\/2017\/07\/avtal-klart-med-akademikerna-for-bransch-kommunikation\/"]}]},{"@type":"BreadcrumbList","@id":"https:\/\/www.almega.se\/2017\/07\/avtal-klart-med-akademikerna-for-bransch-kommunikation\/#breadcrumb","itemListElement":[{"@type":"ListItem","position":1,"name":"Home","item":"https:\/\/www.almega.se\/"},{"@type":"ListItem","position":2,"name":"Avtal klart med akademikerna f\u00f6r bransch Kommunikation"}]},{"@type":"WebSite","@id":"https:\/\/www.almega.se\/#website","url":"https:\/\/www.almega.se\/","name":"Almega","description":"","potentialAction":[{"@type":"SearchAction","target":{"@type":"EntryPoint","urlTemplate":"https:\/\/www.almega.se\/?s={search_term_string}"},"query-input":{"@type":"PropertyValueSpecification","valueRequired":true,"valueName":"search_term_string"}}],"inLanguage":"sv-SE"},{"@type":"Person","@id":"https:\/\/www.almega.se\/#\/schema\/person\/9c3674d192fb8b2d1d8b7a3f31c5151d","name":"admin","image":{"@type":"ImageObject","inLanguage":"sv-SE","@id":"https:\/\/www.almega.se\/#\/schema\/person\/image\/","url":"https:\/\/secure.gravatar.com\/avatar\/13aac7e7a7582f599e3ba7706cec051e12eac4ad6c2ffe6f9d24800e63294187?s=96&d=mm&r=g","contentUrl":"https:\/\/secure.gravatar.com\/avatar\/13aac7e7a7582f599e3ba7706cec051e12eac4ad6c2ffe6f9d24800e63294187?s=96&d=mm&r=g","caption":"admin"},"url":"https:\/\/www.almega.se\/person\/admin\/"}]}},"_links":{"self":[{"href":"https:\/\/www.almega.se\/api\/wp\/v2\/posts\/5258","targetHints":{"allow":["GET"]}}],"collection":[{"href":"https:\/\/www.almega.se\/api\/wp\/v2\/posts"}],"about":[{"href":"https:\/\/www.almega.se\/api\/wp\/v2\/types\/post"}],"author":[{"embeddable":true,"href":"https:\/\/www.almega.se\/api\/wp\/v2\/users\/1"}],"replies":[{"embeddable":true,"href":"https:\/\/www.almega.se\/api\/wp\/v2\/comments?post=5258"}],"version-history":[{"count":1,"href":"https:\/\/www.almega.se\/api\/wp\/v2\/posts\/5258\/revisions"}],"predecessor-version":[{"id":58088,"href":"https:\/\/www.almega.se\/api\/wp\/v2\/posts\/5258\/revisions\/58088"}],"wp:attachment":[{"href":"https:\/\/www.almega.se\/api\/wp\/v2\/media?parent=5258"}],"wp:term":[{"taxonomy":"category","embeddable":true,"href":"https:\/\/www.almega.se\/api\/wp\/v2\/categories?post=5258"},{"taxonomy":"post_tag","embeddable":true,"href":"https:\/\/www.almega.se\/api\/wp\/v2\/tags?post=5258"},{"taxonomy":"type","embeddable":true,"href":"https:\/\/www.almega.se\/api\/wp\/v2\/article_type?post=5258"},{"taxonomy":"agreement","embeddable":true,"href":"https:\/\/www.almega.se\/api\/wp\/v2\/agreement?post=5258"}],"curies":[{"name":"wp","href":"https:\/\/api.w.org\/{rel}","templated":true}]}}