{"id":5241,"date":"2017-08-18T14:00:00","date_gmt":"2017-08-18T14:00:00","guid":{"rendered":"http:\/\/almega-bento\/wp\/blog\/2017\/08\/18\/vardforetagarna-och-kommunal-aterupptar-forhandlingarna-for-personlig-assistans\/"},"modified":"2017-08-18T14:00:00","modified_gmt":"2017-08-18T14:00:00","slug":"vardforetagarna-och-kommunal-aterupptar-forhandlingarna-for-personlig-assistans","status":"publish","type":"post","link":"https:\/\/www.almega.se\/2017\/08\/vardforetagarna-och-kommunal-aterupptar-forhandlingarna-for-personlig-assistans\/","title":{"rendered":"V\u00e5rd&shy;f\u00f6retagarna och Kommunal \u00e5terupptar f\u00f6rhandlingarna f\u00f6r personlig assistans"},"content":{"rendered":"\n<p class=\"intro\">Efter att f\u00f6rhandlingarna pausades i slutet av juni har parterna \u00e5ter tr\u00e4ffats denna vecka f\u00f6r att f\u00f6rs\u00f6ka teckna ett nytt avtal. F\u00f6rhandlingarna forts\u00e4tter n\u00e4sta vecka.<\/p>\n<p>F&ouml;rhandlingarna mellan V&aring;rdf&ouml;retagarna inom Almega och Kommunal om ett nytt kollektivavtal f&ouml;r personlig assistans p&aring;g&aring;r. F&ouml;rhandlingarna f&ouml;rsv&aring;ras av att regeringen beslutar om ers&auml;ttningsniv&aring;erna f&ouml;rst i samband med h&ouml;stbudgeten, som kommer under h&ouml;sten. Det stora problemet &auml;r att regeringen de senaste &aring;ren inte har h&ouml;jt assistansers&auml;ttningen i takt med de kollektivavtalade l&ouml;nerna. V&aring;rdf&ouml;retagarna har g&aring;ng p&aring; g&aring;ng uppvaktat regeringen f&ouml;r att p&aring;tala detta problem och beskrivit det besv&auml;rliga l&auml;get f&ouml;r branschen. Kollektivavtalet f&ouml;r bransch personlig assistans mellan Kommunal och V&aring;rdf&ouml;retagarna l&ouml;pte ut den 30 juni.<\/p>\n<p>Tills dess att nytt avtal tecknas forts&auml;tter det gamla avtalet med dess allm&auml;nna villkor att g&auml;lla.<\/p>\n<p>Ny information om avtalet och f&ouml;rhandlingarna kommer l&ouml;pande att skickas till medlemsf&ouml;retagen n&auml;r information finns att f&ouml;rmedlas.<\/p>\n<p><strong>Fr&aring;gor<\/strong><br \/>  Har du n&aring;gra fr&aring;gor &auml;r du v&auml;lkommen att kontakta Daniel Andersson, &nbsp;p&aring; telefon 08 &ndash; 762 66 29 eller via e-post <a href=\"mailto:daniel.andersson@almega.se\">daniel.andersson@almega.se<\/a>, eller n&aring;gon av &ouml;vriga f&ouml;rhandlare p&aring; V&aring;rdf&ouml;retagarna som du hittar p&aring; <a href=\"812de84f647c4986a6461fe5263b4476\" target=\"_blank\" rel=\"noopener\">www.vardforetagarna.se<\/a> under fliken Kontakt och fliken Kontaktpersoner:<br \/>  f&ouml;rhandlingsansvar och avtalsansvar.<\/p>\n<\/p>\n","protected":false},"excerpt":{"rendered":"<p>Efter att f\u00f6rhandlingarna pausades i slutet av juni har parterna \u00e5ter tr\u00e4ffats denna vecka f\u00f6r att f\u00f6rs\u00f6ka teckna ett nytt avtal. F\u00f6rhandlingarna forts\u00e4tter n\u00e4sta vecka.<\/p>\n","protected":false},"author":1,"featured_media":0,"comment_status":"closed","ping_status":"open","sticky":false,"template":"","format":"standard","meta":{"_acf_changed":false,"footnotes":""},"categories":[1],"tags":[],"article_type":[313],"agreement":[191],"class_list":["post-5241","post","type-post","status-publish","format-standard","hentry","category-okategoriserade","type-arbetsgivarnytt","agreement-c5cd80f7-ff07-de11-b4e1-02bf9e69ca65"],"acf":[],"yoast_head":"<!-- This site is optimized with the Yoast SEO Premium plugin v26.8 (Yoast SEO v26.8) - https:\/\/yoast.com\/product\/yoast-seo-premium-wordpress\/ -->\n<title>V\u00e5rdf\u00f6retagarna och Kommunal \u00e5terupptar f\u00f6rhandlingarna f\u00f6r personlig assistans | Almega<\/title>\n<meta name=\"robots\" content=\"index, follow, max-snippet:-1, max-image-preview:large, max-video-preview:-1\" \/>\n<link rel=\"canonical\" href=\"https:\/\/www.almega.se\/2017\/08\/vardforetagarna-och-kommunal-aterupptar-forhandlingarna-for-personlig-assistans\/\" \/>\n<meta property=\"og:locale\" content=\"sv_SE\" \/>\n<meta property=\"og:type\" content=\"article\" \/>\n<meta property=\"og:title\" content=\"V\u00e5rdf\u00f6retagarna och Kommunal \u00e5terupptar f\u00f6rhandlingarna f\u00f6r personlig assistans\" \/>\n<meta property=\"og:description\" content=\"Efter att f\u00f6rhandlingarna pausades i slutet av juni har parterna \u00e5ter tr\u00e4ffats denna vecka f\u00f6r att f\u00f6rs\u00f6ka teckna ett nytt avtal. F\u00f6rhandlingarna forts\u00e4tter n\u00e4sta vecka.\" \/>\n<meta property=\"og:url\" content=\"https:\/\/www.almega.se\/2017\/08\/vardforetagarna-och-kommunal-aterupptar-forhandlingarna-for-personlig-assistans\/\" \/>\n<meta property=\"og:site_name\" content=\"Almega\" \/>\n<meta property=\"article:published_time\" content=\"2017-08-18T14:00:00+00:00\" \/>\n<meta property=\"og:image\" content=\"https:\/\/www.almega.se\/app\/uploads\/2020\/12\/almega-share-logo.png\" \/>\n\t<meta property=\"og:image:width\" content=\"1200\" \/>\n\t<meta property=\"og:image:height\" content=\"630\" \/>\n\t<meta property=\"og:image:type\" content=\"image\/png\" \/>\n<meta name=\"author\" content=\"admin\" \/>\n<meta name=\"twitter:card\" content=\"summary_large_image\" \/>\n<meta name=\"twitter:label1\" content=\"Skriven av\" \/>\n\t<meta name=\"twitter:data1\" content=\"admin\" \/>\n\t<meta name=\"twitter:label2\" content=\"Ber\u00e4knad l\u00e4stid\" \/>\n\t<meta name=\"twitter:data2\" content=\"1 minut\" \/>\n<!-- \/ Yoast SEO Premium plugin. -->","yoast_head_json":{"title":"V\u00e5rdf\u00f6retagarna och Kommunal \u00e5terupptar f\u00f6rhandlingarna f\u00f6r personlig assistans | Almega","robots":{"index":"index","follow":"follow","max-snippet":"max-snippet:-1","max-image-preview":"max-image-preview:large","max-video-preview":"max-video-preview:-1"},"canonical":"https:\/\/www.almega.se\/2017\/08\/vardforetagarna-och-kommunal-aterupptar-forhandlingarna-for-personlig-assistans\/","og_locale":"sv_SE","og_type":"article","og_title":"V\u00e5rdf\u00f6retagarna och Kommunal \u00e5terupptar f\u00f6rhandlingarna f\u00f6r personlig assistans","og_description":"Efter att f\u00f6rhandlingarna pausades i slutet av juni har parterna \u00e5ter tr\u00e4ffats denna vecka f\u00f6r att f\u00f6rs\u00f6ka teckna ett nytt avtal. F\u00f6rhandlingarna forts\u00e4tter n\u00e4sta vecka.","og_url":"https:\/\/www.almega.se\/2017\/08\/vardforetagarna-och-kommunal-aterupptar-forhandlingarna-for-personlig-assistans\/","og_site_name":"Almega","article_published_time":"2017-08-18T14:00:00+00:00","og_image":[{"width":1200,"height":630,"url":"https:\/\/www.almega.se\/app\/uploads\/2020\/12\/almega-share-logo.png","type":"image\/png"}],"author":"admin","twitter_card":"summary_large_image","twitter_misc":{"Skriven av":"admin","Ber\u00e4knad l\u00e4stid":"1 minut"},"schema":{"@context":"https:\/\/schema.org","@graph":[{"@type":"NewsArticle","@id":"https:\/\/www.almega.se\/2017\/08\/vardforetagarna-och-kommunal-aterupptar-forhandlingarna-for-personlig-assistans\/#article","isPartOf":{"@id":"https:\/\/www.almega.se\/2017\/08\/vardforetagarna-och-kommunal-aterupptar-forhandlingarna-for-personlig-assistans\/"},"author":{"name":"admin","@id":"https:\/\/www.almega.se\/#\/schema\/person\/9c3674d192fb8b2d1d8b7a3f31c5151d"},"headline":"V\u00e5rd&shy;f\u00f6retagarna och Kommunal \u00e5terupptar f\u00f6rhandlingarna f\u00f6r personlig assistans","datePublished":"2017-08-18T14:00:00+00:00","mainEntityOfPage":{"@id":"https:\/\/www.almega.se\/2017\/08\/vardforetagarna-och-kommunal-aterupptar-forhandlingarna-for-personlig-assistans\/"},"wordCount":309,"inLanguage":"sv-SE"},{"@type":"WebPage","@id":"https:\/\/www.almega.se\/2017\/08\/vardforetagarna-och-kommunal-aterupptar-forhandlingarna-for-personlig-assistans\/","url":"https:\/\/www.almega.se\/2017\/08\/vardforetagarna-och-kommunal-aterupptar-forhandlingarna-for-personlig-assistans\/","name":"V\u00e5rdf\u00f6retagarna och Kommunal \u00e5terupptar f\u00f6rhandlingarna f\u00f6r personlig assistans | Almega","isPartOf":{"@id":"https:\/\/www.almega.se\/#website"},"datePublished":"2017-08-18T14:00:00+00:00","author":{"@id":"https:\/\/www.almega.se\/#\/schema\/person\/9c3674d192fb8b2d1d8b7a3f31c5151d"},"breadcrumb":{"@id":"https:\/\/www.almega.se\/2017\/08\/vardforetagarna-och-kommunal-aterupptar-forhandlingarna-for-personlig-assistans\/#breadcrumb"},"inLanguage":"sv-SE","potentialAction":[{"@type":"ReadAction","target":["https:\/\/www.almega.se\/2017\/08\/vardforetagarna-och-kommunal-aterupptar-forhandlingarna-for-personlig-assistans\/"]}]},{"@type":"BreadcrumbList","@id":"https:\/\/www.almega.se\/2017\/08\/vardforetagarna-och-kommunal-aterupptar-forhandlingarna-for-personlig-assistans\/#breadcrumb","itemListElement":[{"@type":"ListItem","position":1,"name":"Home","item":"https:\/\/www.almega.se\/"},{"@type":"ListItem","position":2,"name":"V\u00e5rd&shy;f\u00f6retagarna och Kommunal \u00e5terupptar f\u00f6rhandlingarna f\u00f6r personlig assistans"}]},{"@type":"WebSite","@id":"https:\/\/www.almega.se\/#website","url":"https:\/\/www.almega.se\/","name":"Almega","description":"","potentialAction":[{"@type":"SearchAction","target":{"@type":"EntryPoint","urlTemplate":"https:\/\/www.almega.se\/?s={search_term_string}"},"query-input":{"@type":"PropertyValueSpecification","valueRequired":true,"valueName":"search_term_string"}}],"inLanguage":"sv-SE"},{"@type":"Person","@id":"https:\/\/www.almega.se\/#\/schema\/person\/9c3674d192fb8b2d1d8b7a3f31c5151d","name":"admin","image":{"@type":"ImageObject","inLanguage":"sv-SE","@id":"https:\/\/www.almega.se\/#\/schema\/person\/image\/","url":"https:\/\/secure.gravatar.com\/avatar\/13aac7e7a7582f599e3ba7706cec051e12eac4ad6c2ffe6f9d24800e63294187?s=96&d=mm&r=g","contentUrl":"https:\/\/secure.gravatar.com\/avatar\/13aac7e7a7582f599e3ba7706cec051e12eac4ad6c2ffe6f9d24800e63294187?s=96&d=mm&r=g","caption":"admin"},"url":"https:\/\/www.almega.se\/person\/admin\/"}]}},"_links":{"self":[{"href":"https:\/\/www.almega.se\/api\/wp\/v2\/posts\/5241","targetHints":{"allow":["GET"]}}],"collection":[{"href":"https:\/\/www.almega.se\/api\/wp\/v2\/posts"}],"about":[{"href":"https:\/\/www.almega.se\/api\/wp\/v2\/types\/post"}],"author":[{"embeddable":true,"href":"https:\/\/www.almega.se\/api\/wp\/v2\/users\/1"}],"replies":[{"embeddable":true,"href":"https:\/\/www.almega.se\/api\/wp\/v2\/comments?post=5241"}],"version-history":[{"count":1,"href":"https:\/\/www.almega.se\/api\/wp\/v2\/posts\/5241\/revisions"}],"predecessor-version":[{"id":58081,"href":"https:\/\/www.almega.se\/api\/wp\/v2\/posts\/5241\/revisions\/58081"}],"wp:attachment":[{"href":"https:\/\/www.almega.se\/api\/wp\/v2\/media?parent=5241"}],"wp:term":[{"taxonomy":"category","embeddable":true,"href":"https:\/\/www.almega.se\/api\/wp\/v2\/categories?post=5241"},{"taxonomy":"post_tag","embeddable":true,"href":"https:\/\/www.almega.se\/api\/wp\/v2\/tags?post=5241"},{"taxonomy":"type","embeddable":true,"href":"https:\/\/www.almega.se\/api\/wp\/v2\/article_type?post=5241"},{"taxonomy":"agreement","embeddable":true,"href":"https:\/\/www.almega.se\/api\/wp\/v2\/agreement?post=5241"}],"curies":[{"name":"wp","href":"https:\/\/api.w.org\/{rel}","templated":true}]}}