{"id":5240,"date":"2017-06-12T13:00:00","date_gmt":"2017-06-12T13:00:00","guid":{"rendered":"http:\/\/almega-bento\/wp\/blog\/2017\/06\/12\/nyheter-angaende-kollektivavtalet-for-personal-i-gym-och-friskvardsforetag\/"},"modified":"2017-06-12T13:00:00","modified_gmt":"2017-06-12T13:00:00","slug":"nyheter-angaende-kollektivavtalet-for-personal-i-gym-och-friskvardsforetag","status":"publish","type":"post","link":"https:\/\/www.almega.se\/2017\/06\/nyheter-angaende-kollektivavtalet-for-personal-i-gym-och-friskvardsforetag\/","title":{"rendered":"Nyheter ang\u00e5ende kollektiv&shy;avtalet f\u00f6r personal i gym- och friskv\u00e5rds&shy;f\u00f6retag"},"content":{"rendered":"\n<p class=\"intro\">Den 31 maj 2017 tr\u00e4ffade Almega Tj\u00e4nstef\u00f6retagen ett nytt avtal med SRAT och, som ny part i avtalet, Unionen om l\u00f6ner och allm\u00e4nna anst\u00e4llningsvillkor f\u00f6r personal i gym- och friskv\u00e5rdsf\u00f6retag f\u00f6r tiden 1 september 2017 &#8211; 31 augusti 2020.<\/p>\n<p>Unionen har intr&auml;tt som ny part p&aring; avtalsomr&aring;det avseende Gym- och friskv&aring;rdsf&ouml;retag.<br \/>  Tj&auml;nstef&ouml;retagen har sedan l&auml;nge haft en ambition att teckna ett branschavtal med Unionen men parterna har tidigare inte kunnat enats om l&auml;mpliga villkor. Efter det att SRAT och Unionen gjort en gr&auml;nsdragnings&ouml;verenskommelse och kommit &ouml;verens om en uppdelning av avtalsomr&aring;det, inleddes nya f&ouml;rhandlingar med b&aring;de SRAT och Unionen i april 2017.<br \/>  Almega har nu tillsammans med SRAT och Unionen enats om gemensamma allm&auml;nna villkor som bygger p&aring; v&aring;rt hittillsvarande kollektivavtal.<\/p>\n<p>  Att Unionen tr&auml;der in som part i kollektivavtalet inneb&auml;r att ni som f&ouml;retag kommer att ha ytterligare en motpart vid t ex MBL-f&ouml;rhandlingar, men det f&ouml;ruts&auml;tter att kollektivavtalet &auml;ven kopplas in p&aring; f&ouml;retaget.<\/p>\n<p>Parterna har &auml;ven den 31 maj 2017 tr&auml;ffat &rdquo;&Ouml;verenskommelse om Flexpension i Tj&auml;nstef&ouml;retag&rdquo; och &rdquo;&Ouml;verenskommelse om avtalsf&ouml;r&auml;ndringar&rdquo; fr&aring;n och med den 1 september 2017.<br \/>  Separat information om Flexpension skickas ut inom kort.<\/p>\n<p>Parterna tr&auml;ffar &ouml;verenskommelse om l&ouml;ner enligt <a href=\"\/app\/uploads\/imported\/0613-GymFriskvard-LoneavtalBilaga-1.pdf\" target=\"_blank\" title=\"0613_GymFriskvard_L\u00f6neavtalBilaga 1.pdf\" rel=\"noopener\">bilaga 1<\/a>.<br \/>  L&ouml;nerevision sker enligt f&ouml;ljande: 1 september 2017: 2,0 %, 1 september 2018: 1,8 % och 1 september 2019: 2,3 %. Det &auml;r separata l&ouml;neavtal f&ouml;r <a href=\"\/app\/uploads\/imported\/Protokoll-SRAT.pdf\" target=\"_blank\" title=\"Protokoll_SRAT.pdf\" rel=\"noopener\">SRAT<\/a>&nbsp;och <a href=\"\/app\/uploads\/imported\/Loneavtal-unionen-0613.pdf\" target=\"_blank\" title=\"L\u00f6neavtal_unionen_0613.pdf\" rel=\"noopener\">Unionen<\/a>.<\/p>\n<p>(H&auml;r hittar ni&nbsp;uppg&ouml;relse f&ouml;r <a href=\"\/app\/uploads\/imported\/0613-Unionen-Uppgorelse-Flexpension-Gym-o-Friskvardsforetag-SRAT-Unionen.pdf\" target=\"_blank\" title=\"0613_Unionen_Uppg\u00f6relse Flexpension Gym o Friskv\u00e5rdsf\u00f6retag SRAT Unionen.pdf\" rel=\"noopener\">flexpension Unionen\/SRAT<\/a>&nbsp;samt&nbsp;f&ouml;rhandlingsprotokollen f&ouml;r <a href=\"\/app\/uploads\/imported\/0613-SRAT-Forhandlingsprotokoll-Gym-o-Friskvardsforetag-Loner-och-allmanna-villkor-2017-2020.pdf\" target=\"_blank\" title=\"0613_SRAT_F\u00f6rhandlingsprotokoll Gym o Friskv\u00e5rdsf\u00f6retag L\u00f6ner och allm\u00e4nna villkor 2017-2020.pdf\" rel=\"noopener\">SRAT<\/a>&nbsp;och <a href=\"\/app\/uploads\/imported\/0613-Unionen-Forhandlingsprotokoll-Gym-o-Friskvardsforetag-Loner-och-allmanna-villkor-2017-2020.pdf\" target=\"_blank\" title=\"0613_Unionen_F\u00f6rhandlingsprotokoll Gym o Friskv\u00e5rdsf\u00f6retag L\u00f6ner och allm\u00e4nna villkor 2017-2020.pdf\" rel=\"noopener\">Unionen<\/a> i sin helhet.)<\/p>\n<p>L&ouml;nerna h&ouml;js med 6,1 % och avs&auml;ttning till Flexpension i Tj&auml;nstef&ouml;retag sker med 0,4 % under perioden.<\/p>\n<p>Allm&auml;nna villkors&auml;ndring enligt <a href=\"\/app\/uploads\/imported\/Bilaga2-ny-allmanna-lonevillkor-0613.pdf\" target=\"_blank\" title=\"Bilaga2_ny_allm\u00e4nna_l\u00f6nevillkor_0613.pdf\" rel=\"noopener\">bilaga 2<\/a>. Bland annat inf&ouml;rs f&ouml;rb&auml;ttrade anst&auml;llningsformer<br \/>  fr o m den 1 september 2017.<\/p>\n<p>Avtalsperioden &auml;r 36 m&aring;nader med ett totalt avtalsv&auml;rde om 6,5 %. Det tredje &aring;ret &auml;r upps&auml;gningsbart under f&ouml;ruts&auml;ttning att avtalen inom industrin s&auml;gs upp f&ouml;r det tredje &aring;ret.<\/p>\n<p><strong>Nytt pensionssystem inf&ouml;rs<\/strong><br \/>  Nuvarande pensionsl&ouml;sning i Skandia ers&auml;tts med&nbsp;ITP. Mer information om bytet av pensionsl&ouml;sning kommer. Bytet sker i samband med &aring;rets l&ouml;nerevision 1 september 2017.<\/p>\n<\/p>\n","protected":false},"excerpt":{"rendered":"<p>Den 31 maj 2017 tr\u00e4ffade Almega Tj\u00e4nstef\u00f6retagen ett nytt avtal med SRAT och, som ny part i avtalet, Unionen om l\u00f6ner och allm\u00e4nna anst\u00e4llningsvillkor f\u00f6r personal i gym- och friskv\u00e5rdsf\u00f6retag f\u00f6r tiden 1 september 2017 &#8211; 31 augusti 2020.<\/p>\n","protected":false},"author":1,"featured_media":0,"comment_status":"closed","ping_status":"open","sticky":false,"template":"","format":"standard","meta":{"_acf_changed":false,"footnotes":""},"categories":[1],"tags":[],"article_type":[313],"agreement":[161],"class_list":["post-5240","post","type-post","status-publish","format-standard","hentry","category-okategoriserade","type-arbetsgivarnytt","agreement-5dce80f7-ff07-de11-b4e1-02bf9e69ca65"],"acf":[],"yoast_head":"<!-- This site is optimized with the Yoast SEO Premium plugin v26.8 (Yoast SEO v26.8) - https:\/\/yoast.com\/product\/yoast-seo-premium-wordpress\/ -->\n<title>Nyheter ang\u00e5ende kollektivavtalet f\u00f6r personal i gym- och friskv\u00e5rdsf\u00f6retag | Almega<\/title>\n<meta name=\"robots\" content=\"index, follow, max-snippet:-1, max-image-preview:large, max-video-preview:-1\" \/>\n<link rel=\"canonical\" href=\"https:\/\/www.almega.se\/2017\/06\/nyheter-angaende-kollektivavtalet-for-personal-i-gym-och-friskvardsforetag\/\" \/>\n<meta property=\"og:locale\" content=\"sv_SE\" \/>\n<meta property=\"og:type\" content=\"article\" \/>\n<meta property=\"og:title\" content=\"Nyheter ang\u00e5ende kollektivavtalet f\u00f6r personal i gym- och friskv\u00e5rdsf\u00f6retag\" \/>\n<meta property=\"og:description\" content=\"Den 31 maj 2017 tr\u00e4ffade Almega Tj\u00e4nstef\u00f6retagen ett nytt avtal med SRAT och, som ny part i avtalet, Unionen om l\u00f6ner och allm\u00e4nna anst\u00e4llningsvillkor f\u00f6r personal i gym- och friskv\u00e5rdsf\u00f6retag f\u00f6r tiden 1 september 2017 - 31 augusti 2020.\" \/>\n<meta property=\"og:url\" content=\"https:\/\/www.almega.se\/2017\/06\/nyheter-angaende-kollektivavtalet-for-personal-i-gym-och-friskvardsforetag\/\" \/>\n<meta property=\"og:site_name\" content=\"Almega\" \/>\n<meta property=\"article:published_time\" content=\"2017-06-12T13:00:00+00:00\" \/>\n<meta property=\"og:image\" content=\"https:\/\/www.almega.se\/app\/uploads\/2020\/12\/almega-share-logo.png\" \/>\n\t<meta property=\"og:image:width\" content=\"1200\" \/>\n\t<meta property=\"og:image:height\" content=\"630\" \/>\n\t<meta property=\"og:image:type\" content=\"image\/png\" \/>\n<meta name=\"author\" content=\"admin\" \/>\n<meta name=\"twitter:card\" content=\"summary_large_image\" \/>\n<meta name=\"twitter:label1\" content=\"Skriven av\" \/>\n\t<meta name=\"twitter:data1\" content=\"admin\" \/>\n\t<meta name=\"twitter:label2\" content=\"Ber\u00e4knad l\u00e4stid\" \/>\n\t<meta name=\"twitter:data2\" content=\"2 minuter\" \/>\n<!-- \/ Yoast SEO Premium plugin. -->","yoast_head_json":{"title":"Nyheter ang\u00e5ende kollektivavtalet f\u00f6r personal i gym- och friskv\u00e5rdsf\u00f6retag | Almega","robots":{"index":"index","follow":"follow","max-snippet":"max-snippet:-1","max-image-preview":"max-image-preview:large","max-video-preview":"max-video-preview:-1"},"canonical":"https:\/\/www.almega.se\/2017\/06\/nyheter-angaende-kollektivavtalet-for-personal-i-gym-och-friskvardsforetag\/","og_locale":"sv_SE","og_type":"article","og_title":"Nyheter ang\u00e5ende kollektivavtalet f\u00f6r personal i gym- och friskv\u00e5rdsf\u00f6retag","og_description":"Den 31 maj 2017 tr\u00e4ffade Almega Tj\u00e4nstef\u00f6retagen ett nytt avtal med SRAT och, som ny part i avtalet, Unionen om l\u00f6ner och allm\u00e4nna anst\u00e4llningsvillkor f\u00f6r personal i gym- och friskv\u00e5rdsf\u00f6retag f\u00f6r tiden 1 september 2017 - 31 augusti 2020.","og_url":"https:\/\/www.almega.se\/2017\/06\/nyheter-angaende-kollektivavtalet-for-personal-i-gym-och-friskvardsforetag\/","og_site_name":"Almega","article_published_time":"2017-06-12T13:00:00+00:00","og_image":[{"width":1200,"height":630,"url":"https:\/\/www.almega.se\/app\/uploads\/2020\/12\/almega-share-logo.png","type":"image\/png"}],"author":"admin","twitter_card":"summary_large_image","twitter_misc":{"Skriven av":"admin","Ber\u00e4knad l\u00e4stid":"2 minuter"},"schema":{"@context":"https:\/\/schema.org","@graph":[{"@type":"NewsArticle","@id":"https:\/\/www.almega.se\/2017\/06\/nyheter-angaende-kollektivavtalet-for-personal-i-gym-och-friskvardsforetag\/#article","isPartOf":{"@id":"https:\/\/www.almega.se\/2017\/06\/nyheter-angaende-kollektivavtalet-for-personal-i-gym-och-friskvardsforetag\/"},"author":{"name":"admin","@id":"https:\/\/www.almega.se\/#\/schema\/person\/9c3674d192fb8b2d1d8b7a3f31c5151d"},"headline":"Nyheter ang\u00e5ende kollektiv&shy;avtalet f\u00f6r personal i gym- och friskv\u00e5rds&shy;f\u00f6retag","datePublished":"2017-06-12T13:00:00+00:00","mainEntityOfPage":{"@id":"https:\/\/www.almega.se\/2017\/06\/nyheter-angaende-kollektivavtalet-for-personal-i-gym-och-friskvardsforetag\/"},"wordCount":464,"inLanguage":"sv-SE"},{"@type":"WebPage","@id":"https:\/\/www.almega.se\/2017\/06\/nyheter-angaende-kollektivavtalet-for-personal-i-gym-och-friskvardsforetag\/","url":"https:\/\/www.almega.se\/2017\/06\/nyheter-angaende-kollektivavtalet-for-personal-i-gym-och-friskvardsforetag\/","name":"Nyheter ang\u00e5ende kollektivavtalet f\u00f6r personal i gym- och friskv\u00e5rdsf\u00f6retag | Almega","isPartOf":{"@id":"https:\/\/www.almega.se\/#website"},"datePublished":"2017-06-12T13:00:00+00:00","author":{"@id":"https:\/\/www.almega.se\/#\/schema\/person\/9c3674d192fb8b2d1d8b7a3f31c5151d"},"breadcrumb":{"@id":"https:\/\/www.almega.se\/2017\/06\/nyheter-angaende-kollektivavtalet-for-personal-i-gym-och-friskvardsforetag\/#breadcrumb"},"inLanguage":"sv-SE","potentialAction":[{"@type":"ReadAction","target":["https:\/\/www.almega.se\/2017\/06\/nyheter-angaende-kollektivavtalet-for-personal-i-gym-och-friskvardsforetag\/"]}]},{"@type":"BreadcrumbList","@id":"https:\/\/www.almega.se\/2017\/06\/nyheter-angaende-kollektivavtalet-for-personal-i-gym-och-friskvardsforetag\/#breadcrumb","itemListElement":[{"@type":"ListItem","position":1,"name":"Home","item":"https:\/\/www.almega.se\/"},{"@type":"ListItem","position":2,"name":"Nyheter ang\u00e5ende kollektiv&shy;avtalet f\u00f6r personal i gym- och friskv\u00e5rds&shy;f\u00f6retag"}]},{"@type":"WebSite","@id":"https:\/\/www.almega.se\/#website","url":"https:\/\/www.almega.se\/","name":"Almega","description":"","potentialAction":[{"@type":"SearchAction","target":{"@type":"EntryPoint","urlTemplate":"https:\/\/www.almega.se\/?s={search_term_string}"},"query-input":{"@type":"PropertyValueSpecification","valueRequired":true,"valueName":"search_term_string"}}],"inLanguage":"sv-SE"},{"@type":"Person","@id":"https:\/\/www.almega.se\/#\/schema\/person\/9c3674d192fb8b2d1d8b7a3f31c5151d","name":"admin","image":{"@type":"ImageObject","inLanguage":"sv-SE","@id":"https:\/\/www.almega.se\/#\/schema\/person\/image\/","url":"https:\/\/secure.gravatar.com\/avatar\/13aac7e7a7582f599e3ba7706cec051e12eac4ad6c2ffe6f9d24800e63294187?s=96&d=mm&r=g","contentUrl":"https:\/\/secure.gravatar.com\/avatar\/13aac7e7a7582f599e3ba7706cec051e12eac4ad6c2ffe6f9d24800e63294187?s=96&d=mm&r=g","caption":"admin"},"url":"https:\/\/www.almega.se\/person\/admin\/"}]}},"_links":{"self":[{"href":"https:\/\/www.almega.se\/api\/wp\/v2\/posts\/5240","targetHints":{"allow":["GET"]}}],"collection":[{"href":"https:\/\/www.almega.se\/api\/wp\/v2\/posts"}],"about":[{"href":"https:\/\/www.almega.se\/api\/wp\/v2\/types\/post"}],"author":[{"embeddable":true,"href":"https:\/\/www.almega.se\/api\/wp\/v2\/users\/1"}],"replies":[{"embeddable":true,"href":"https:\/\/www.almega.se\/api\/wp\/v2\/comments?post=5240"}],"version-history":[{"count":1,"href":"https:\/\/www.almega.se\/api\/wp\/v2\/posts\/5240\/revisions"}],"predecessor-version":[{"id":58123,"href":"https:\/\/www.almega.se\/api\/wp\/v2\/posts\/5240\/revisions\/58123"}],"wp:attachment":[{"href":"https:\/\/www.almega.se\/api\/wp\/v2\/media?parent=5240"}],"wp:term":[{"taxonomy":"category","embeddable":true,"href":"https:\/\/www.almega.se\/api\/wp\/v2\/categories?post=5240"},{"taxonomy":"post_tag","embeddable":true,"href":"https:\/\/www.almega.se\/api\/wp\/v2\/tags?post=5240"},{"taxonomy":"type","embeddable":true,"href":"https:\/\/www.almega.se\/api\/wp\/v2\/article_type?post=5240"},{"taxonomy":"agreement","embeddable":true,"href":"https:\/\/www.almega.se\/api\/wp\/v2\/agreement?post=5240"}],"curies":[{"name":"wp","href":"https:\/\/api.w.org\/{rel}","templated":true}]}}