{"id":5238,"date":"2017-08-23T13:00:00","date_gmt":"2017-08-23T11:00:00","guid":{"rendered":"http:\/\/almega-bento\/wp\/blog\/2017\/08\/23\/samtliga-avtal-klara-i-bransch-spartrafik\/"},"modified":"2017-08-23T13:00:00","modified_gmt":"2017-08-23T11:00:00","slug":"samtliga-avtal-klara-i-bransch-spartrafik","status":"publish","type":"post","link":"https:\/\/www.almega.se\/2017\/08\/samtliga-avtal-klara-i-bransch-spartrafik\/","title":{"rendered":"Samtliga avtal klara i bransch Sp\u00e5rtrafik"},"content":{"rendered":"\n<p class=\"intro\">Almega Tj\u00e4nstef\u00f6rbunden bransch Sp\u00e5rtrafik har nu tr\u00e4ffat avtal om l\u00f6ner och allm\u00e4nna anst\u00e4llningsvillkor med samtliga motparter Seko, ST, Saco-TJ och Sveriges Ingenj\u00f6rer. <\/p>\n<p>Allm&auml;nna villkorsvtalet &auml;r p&aring; trettiosex m&aring;nader och g&auml;ller fr.o.m. 1 maj 2017 t.o.m. 30 april 2020. Tredje &aring;ret &auml;r upps&auml;gningsbart under f&ouml;ruts&auml;ttning att Teknikavtalet har sagts upp dessf&ouml;rinnan.<\/p>\n<p>L&auml;nkar till f&ouml;rhandlingsprotokoll, allm&auml;nna villkor och l&ouml;neavtal kommer att finnas p&aring; www.almega.se under &rdquo;arbetsgivarguiden&rdquo; &ndash; &rdquo;Dina kollektivavtal&rdquo; och den nya avtalsuppg&ouml;relsen kommer att l&auml;ggas ut p&aring; hemsidan. F&ouml;r att f&aring; tillg&aring;ng till &rdquo;Dina kollektivavtalssidan&rdquo; kr&auml;vs att man &auml;r inloggad som medlem.<\/p>\n<h2>L&ouml;neavtalen<\/h2>\n<p><strong>1. Seko<\/strong><\/p>\n<p><strong>L&ouml;nerevision Seko<\/strong><\/p>\n<p>Om inte de lokala parterna enas om annat ska l&ouml;nerevision ske per den<\/p>\n<p>1 maj 2017, 1 maj 2018 och 1 maj 2019 och omfatta ett utrymme om 2,1 %, 1,9 % och 2,0 % att f&ouml;rhandla lokalt om.<\/p>\n<p>Utrymmet ber&auml;knas p&aring; fast kontant m&aring;nadsl&ouml;n, dock att den l&auml;gsta m&aring;nadsl&ouml;nen som anv&auml;nds vid ber&auml;kningen &aring;ren 2017, 2018 resp. 2019 ska vara 24&nbsp;000 kr, 24&nbsp;528 kr resp. 25&nbsp;043 kr och eventuella fasta l&ouml;netill&auml;gg som utbetalas per m&aring;nad, dagen f&ouml;re revisions&shy;tidpunkten eller enligt tidigare praxis.<\/p>\n<p>Om inte lokala parter enas om annat ska lokalt kollektivavtalsreglerade l&ouml;nesteg, l&ouml;neniv&aring;er och\/eller l&ouml;netariffer (individuellt satta l&ouml;ner undantagna) som &aring;ren 2017, 2018 resp. 2019 understiger 24&nbsp;000 kr, 24&nbsp;528 kr resp. 25&nbsp;043 kr h&ouml;jas med f&ouml;ljande krontal: 504 kr, 466 kr resp. 501 kr.<\/p>\n<p>Enas inte de lokala parterna om annat ska heltidsanst&auml;lld arbets&shy;tagare ha f&aring;tt en l&ouml;ne&ouml;kning om 245 kr f&ouml;r &aring;r 2017, 250 kr f&ouml;r &aring;r 2018 samt 256 kr f&ouml;r &aring;r 2019.<\/p>\n<p><strong>L&auml;gstl&ouml;ner Seko<\/strong><\/p>\n<p>L&auml;gsta l&ouml;ner g&auml;ller och kopplas till anst&auml;llningstid i f&ouml;retaget.<\/p>\n<p>Om lokala parter inte enas om annat ska, f&ouml;r tillsvidareanst&auml;lld arbetstagare (heltid) som fyllt 18 &aring;r, l&auml;gsta l&ouml;n per m&aring;nad vara<\/p>\n<p>&nbsp;&nbsp;&nbsp;&nbsp;&nbsp;&nbsp; 17&nbsp;953 kr fr.o.m. 1 maj 2017,<\/p>\n<p>&nbsp;&nbsp;&nbsp;&nbsp;&nbsp;&nbsp; 18 294 kr fr.o.m den 1 maj 2018 samt<\/p>\n<p>&nbsp;&nbsp;&nbsp;&nbsp;&nbsp;&nbsp; 18&nbsp;660 kr fr.o.m. den 1 maj 2019.<\/p>\n<p>Om lokala parter inte enas om annat ska, f&ouml;r tillsvidareanst&auml;lld arbetstagare (heltid) som fyllt 18 &aring;r <em>och som har tv&aring; &aring;rs relevant yrkeserfarenhet,<\/em> l&auml;gsta l&ouml;n per m&aring;nad vara<\/p>\n<p>&nbsp;&nbsp;&nbsp;&nbsp;&nbsp;&nbsp; 19&nbsp;916 kr fr.o.m. 1 maj 2017,<\/p>\n<p>&nbsp;&nbsp;&nbsp;&nbsp;&nbsp;&nbsp; 20 294 kr fr.o.m. den 1 maj 2018 samt<\/p>\n<p>&nbsp;&nbsp;&nbsp;&nbsp;&nbsp;&nbsp; 20 700 kr fr.o.meden 1 maj 2019.<\/p>\n<p>Med relevant yrkeserfarenhet avser parterna att erfarenhet fr&aring;n liknande arbetsuppgifter kan tillgodor&auml;knas, &auml;ven om arbetet utf&ouml;rts p&aring; annat kollektivavtalsomr&aring;de. Exempelvis ska st&auml;dning\/lokalv&aring;rd p&aring; Serviceentreprenadavtalet anses utg&ouml;ra relevant yrkeserfarenhet f&ouml;r st&auml;dning p&aring; Sp&aring;rtrafikavtalet.<\/p>\n<p>Enas inte de lokala parterna om annat ska heltidsanst&auml;lld arbets&shy;tagare ha f&aring;tt en l&ouml;ne&ouml;kning om 245 kr f&ouml;r &aring;r 2017, 250 kr f&ouml;r &aring;r 2018 samt 256 kr f&ouml;r &aring;r 2019.<\/p>\n<p><strong>2. ST<\/strong><\/p>\n<p><strong>L&ouml;nerevision ST<\/strong><\/p>\n<p>Om inte de lokala parterna enas om annat ska l&ouml;nerevision ske per den<\/p>\n<p>1 maj 2017, 1 maj 2018 och 1 maj 2019 och omfatta ett utrymme om 2,1 %, 1,9 % och 2,0 % att f&ouml;rhandla lokalt om.<\/p>\n<p>Utrymmet ber&auml;knas p&aring; fast kontant m&aring;nadsl&ouml;n, dock att den l&auml;gsta m&aring;nadsl&ouml;nen som anv&auml;nds vid ber&auml;kningen &aring;ren 2017, 2018 resp. 2019 ska vara 24&nbsp;000 kr, 24&nbsp;528 kr resp. 25&nbsp;043 kr och eventuella fasta l&ouml;netill&auml;gg som utbetalas per m&aring;nad, dagen f&ouml;re revisions&shy;tidpunkten eller enligt tidigare praxis.<\/p>\n<p>Om inte lokala parter enas om annat ska lokalt kollektivavtalsreglerade l&ouml;nesteg, l&ouml;neniv&aring;er och\/eller l&ouml;netariffer (individuellt satta l&ouml;ner undantagna) som &aring;ren 2017, 2018 resp. 2019 understiger 24&nbsp;000 kr, 24&nbsp;528 kr resp. 25&nbsp;043 kr h&ouml;jas med f&ouml;ljande krontal: 504 kr, 466 kr resp. 501 kr.<\/p>\n<p>Enas inte de lokala parterna om annat ska heltidsanst&auml;lld arbets&shy;tagare ha f&aring;tt en l&ouml;ne&ouml;kning om 245 kr f&ouml;r &aring;r 2017, 250 kr f&ouml;r &aring;r 2018 samt 256 kr f&ouml;r &aring;r 2019.<\/p>\n<p><strong>L&auml;gstl&ouml;ner ST<\/strong><\/p>\n<p>L&auml;gsta l&ouml;ner g&auml;ller och kopplas till anst&auml;llningstid i f&ouml;retaget.<\/p>\n<p>Om lokala parter inte enas om annat ska, f&ouml;r tillsvidareanst&auml;lld arbetstagare (heltid) som fyllt 18 &aring;r, l&auml;gsta l&ouml;n per m&aring;nad vara<\/p>\n<p>&nbsp;&nbsp;&nbsp;&nbsp;&nbsp;&nbsp; 17&nbsp;953 kr fr.o.m. 1 maj 2017,<\/p>\n<p>&nbsp;&nbsp;&nbsp;&nbsp;&nbsp;&nbsp; 18 294 kr fr.o.m den 1 maj 2018 samt<\/p>\n<p>&nbsp;&nbsp;&nbsp;&nbsp;&nbsp;&nbsp; 18&nbsp;660 kr fr.o.m. den 1 maj 2019.<\/p>\n<p>Om lokala parter inte enas om annat ska, f&ouml;r tillsvidareanst&auml;lld arbetstagare (heltid) som fyllt 18 &aring;r <em>och som har tv&aring; &aring;rs relevant yrkeserfarenhet,<\/em> l&auml;gsta l&ouml;n per m&aring;nad vara<\/p>\n<p>&nbsp;&nbsp;&nbsp;&nbsp;&nbsp;&nbsp; 19&nbsp;916 kr fr.o.m. 1 maj 2017,<\/p>\n<p>&nbsp;&nbsp;&nbsp;&nbsp;&nbsp;&nbsp; 20 294 kr fr.o.m. den 1 maj 2018 samt<\/p>\n<p>&nbsp;&nbsp;&nbsp;&nbsp;&nbsp;&nbsp; 20 700 kr fr.o.meden 1 maj 2019.<\/p>\n<p>Med relevant yrkeserfarenhet avser parterna att erfarenhet fr&aring;n liknande arbetsuppgifter kan tillgodor&auml;knas, &auml;ven om arbetet utf&ouml;rts p&aring; annat kollektivavtalsomr&aring;de. Exempelvis ska st&auml;dning\/lokalv&aring;rd p&aring; Serviceentreprenadavtalet anses utg&ouml;ra relevant yrkeserfarenhet f&ouml;r st&auml;dning p&aring; Sp&aring;rtrafikavtalet.<\/p>\n<p>Enas inte de lokala parterna om annat ska heltidsanst&auml;lld arbets&shy;tagare ha f&aring;tt en l&ouml;ne&ouml;kning om 245 kr f&ouml;r &aring;r 2017, 250 kr f&ouml;r &aring;r 2018 samt 256 kr f&ouml;r &aring;r 2019.<\/p>\n<h3>En ny tredje punkt i ST:s l&ouml;neavtal har inf&ouml;rts och lyder enligt f&ouml;ljande:<\/h3>\n<p><strong>3. Avst&auml;mning<\/strong><\/p>\n<p>De lokala parterna ska i anslutning till slutf&ouml;rd l&ouml;nerevision g&ouml;ra en gemensam avst&auml;mning av det genomf&ouml;rda l&ouml;nebildningsarbetet. Lokala parter ska h&auml;rvid &auml;ven analysera om och i s&aring; fall vilka f&ouml;r&auml;ndringar av l&ouml;nebildningsprocessen som beh&ouml;ver g&ouml;ras. I arbetet b&ouml;r &auml;ven tidigare &aring;rs erfarenheter tas tillvara.<\/p>\n<p><strong>3. Akademikerna<br \/>  L&ouml;nerevision Akademikerna<\/strong><\/p>\n<p>L&ouml;neavtalet med TJ och Sveriges Ingenj&ouml;rer &auml;r forts&auml;ttningsvis ett sifferl&ouml;st lokalt l&ouml;nebildningsavtal, vilket inneb&auml;r att &ouml;verenskommelse om l&ouml;nerna bygger p&aring; samtal med enskilda arbetstagare och tr&auml;ffas p&aring; f&ouml;retaget utifr&aring;n bl a f&ouml;retagets ekonomiska och marknadsm&auml;ssiga f&ouml;ruts&auml;ttningar.<\/p>\n<p>L&ouml;nerevisionsdatum &auml;r den 1 maj &aring;rligen om inte annat &ouml;verenskommes lokalt. L&ouml;neavtalet l&ouml;per tillsvidare med en &ouml;msesidig upps&auml;gningstid om tre m&aring;nader.<\/p>\n<p>Nytt f&aring;r i &aring;r &auml;r att det sifferl&ouml;sa l&ouml;nebildningsavtalet har tillf&ouml;rts en stupstock:<\/p>\n<p>&rdquo;Om parterna, trots intentionerna i l&ouml;neprocessavtalet, inte kan enas om l&ouml;neutrymmets l&auml;mpliga niv&aring; &ouml;kas den gemensamma l&ouml;nesumman f&ouml;r de Saco-medlemmar vid f&ouml;retaget som omfattas av l&ouml;nerevisionen med 2,1 % f&ouml;r &aring;r 2017, 1,9 % f&ouml;r &aring;r 2018 respektive 2,0 % f&ouml;r &aring;r 2019.<\/p>\n<p>Parterna &auml;r &ouml;verens om att medarbetare som har omplacerats p&aring; grund av medicinska eller organisatoriska orsaker och d&auml;rvid med st&ouml;d av lokala kollektivavtalsregler har f&aring;tt beh&aring;lla sin tidigare l&ouml;n trots nya arbetsuppgifter som vanligen skulle ha inneburit en l&ouml;nes&auml;nkning, inte ska medr&auml;knas n&auml;r utfallet av l&ouml;nerevisionen analyseras i f&ouml;rh&aring;llande till aktuellt &aring;rs l&ouml;nestupstock enligt ovan.&rdquo;<\/p>\n<p>Detta betyder att lokala parter m&aring;ste vara eniga om att det sifferl&ouml;sa l&ouml;nebildningsavtalet fortsatt ska till&auml;mpas. Vid oenighet lokalt om detta intr&auml;der stupstocken, efter att branschavtalets regler om konsultation och central f&ouml;rhandling har till&auml;mpats, n&auml;r s&aring; beg&auml;rs av endera parten.<\/p>\n<h2>Allm&auml;nna anst&auml;llningsvillkor<\/h2>\n<p>Allm&auml;nna villkorsavtalet prolongeras med f&ouml;ljande &auml;ndring:<\/p>\n<p>Fr. o. m. 1 maj 2018 tas &sect; 15 mom. 4:1:2 bort i sin helhet mot att f&ouml;retagen avs&auml;tter ett belopp uppg&aring;ende till 0,02 % av l&ouml;ne&shy;summan per den 1 maj 2018 till den kollektivavtalsstiftelse f&ouml;r inf&ouml;rande av omst&auml;llningsers&auml;ttning i samband med f&ouml;rlust av s&auml;kerhetsklassificering som parterna &auml;r &ouml;verens om. F&ouml;r mer info se nedan.<\/p>\n<p><strong>Ers&auml;ttningar i det centrala avtalet<\/strong><\/p>\n<p><strong>Restidsers&auml;ttningarna<\/strong> i &sect; 9 mom 3 i det centrala avtalet h&ouml;js med 6,0 % under avtalsperioden.<\/p>\n<p>Restidsers&auml;ttning betalas per timme enligt f&ouml;ljande.<\/p>\n<table border=\"1\" cellpadding=\"1\" cellspacing=\"1\" style=\"width: 667px;height: 74px\">\n<tbody>\n<tr>\n<td style=\"text-align: center\"><strong>Seko<\/strong><\/td>\n<td style=\"text-align: center\"><strong>Seko<\/strong><\/td>\n<td style=\"text-align: center\"><strong>Seko <\/strong><\/td>\n<\/tr>\n<tr>\n<td style=\"text-align: center\">1 maj 2017<\/td>\n<td style=\"text-align: center\">1 maj 2018<\/td>\n<td style=\"text-align: center\">1 maj 2019<\/td>\n<\/tr>\n<tr>\n<td style=\"text-align: center\">67,59 kr<\/td>\n<td style=\"text-align: center\">68,87 kr<\/td>\n<td style=\"text-align: center\">70,25 kr<\/td>\n<\/tr>\n<\/tbody>\n<\/table>\n<table border=\"1\" cellpadding=\"1\" cellspacing=\"1\" style=\"width: 667px;height: 56px\">\n<tbody>\n<tr>\n<td style=\"text-align: center\"><strong>ST, TJ, Sveriges Ingenj&ouml;rer<\/strong><\/td>\n<td style=\"text-align: center\"><strong>ST, TJ, Sveriges Ingenj&ouml;rer<\/strong><\/td>\n<td style=\"text-align: center\"><strong>ST, TJ, Sveriges Ingenj&ouml;rer<\/strong><\/td>\n<\/tr>\n<tr>\n<td style=\"text-align: center\">1 maj&nbsp; 2017<\/td>\n<td style=\"text-align: center\">1 maj 2018<\/td>\n<td style=\"text-align: center\">1 maj 2019<\/td>\n<\/tr>\n<tr>\n<td style=\"text-align: center\"><strong>67,69 kr<\/strong><\/td>\n<td style=\"text-align: center\">68, 98 kr<\/td>\n<td style=\"text-align: center\">70,36 kr<\/td>\n<\/tr>\n<\/tbody>\n<\/table>\n<p>F&ouml;r tid fr&aring;n klockan 19.00 dag f&ouml;re tj&auml;nstg&ouml;ringsfritt kalenderdygn till klockan 07.00 p&aring;f&ouml;ljande tj&auml;nstg&ouml;ringsdag &auml;r dock till&auml;gget per timme enligt f&ouml;ljande:<\/p>\n<table border=\"1\" cellpadding=\"1\" cellspacing=\"1\" style=\"width: 664px;height: 77px\">\n<tbody>\n<tr>\n<td style=\"text-align: center\"><strong>Seko<\/strong><\/td>\n<td style=\"text-align: center\"><strong>Seko<\/strong><\/td>\n<td style=\"text-align: center\"><strong>Seko <\/strong><\/td>\n<\/tr>\n<tr>\n<td style=\"text-align: center\">1 maj 2017<\/td>\n<td style=\"text-align: center\">1 maj 2018<\/td>\n<td style=\"text-align: center\">1 maj 2019<\/td>\n<\/tr>\n<tr>\n<td style=\"text-align: center\">101,32 kr<\/td>\n<td style=\"text-align: center\">103,25 kr<\/td>\n<td style=\"text-align: center\">105,32 kr<\/td>\n<\/tr>\n<\/tbody>\n<\/table>\n<table border=\"1\" cellpadding=\"1\" cellspacing=\"1\" style=\"width: 667px;height: 48px\">\n<tbody>\n<tr>\n<td style=\"text-align: center\"><strong>ST, TJ, Sveriges Ingenj&ouml;rer<\/strong><\/td>\n<td style=\"text-align: center\"><strong>ST, TJ, Sveriges Ingenj&ouml;rer<\/strong><\/td>\n<td style=\"text-align: center\"><strong>ST, TJ, Sveriges Ingenj&ouml;rer<\/strong><\/td>\n<\/tr>\n<tr>\n<td style=\"text-align: center\">1 maj 2017<\/td>\n<td style=\"text-align: center\">1 maj 2018<\/td>\n<td style=\"text-align: center\">1 maj 2019<\/td>\n<\/tr>\n<tr>\n<td style=\"text-align: center\">101,47 kr<\/td>\n<td style=\"text-align: center\">103,40 kr<\/td>\n<td style=\"text-align: center\">105,47 kr<\/td>\n<\/tr>\n<\/tbody>\n<\/table>\n<p><strong>OB-ers&auml;ttningarna<\/strong> i &sect; 10 mom 1 i det centrala avtalet h&ouml;js med 6,0 % under avtalsperioden.<\/p>\n<p>Obekv&auml;mtidstill&auml;gg utg&aring;r f&ouml;r timme enligt f&ouml;ljande:<\/p>\n<table border=\"1\" cellpadding=\"1\" cellspacing=\"1\" style=\"width: 742px;height: 112px\">\n<tbody>\n<tr>\n<td>&nbsp;<\/td>\n<td style=\"text-align: center\"><strong>Seko<\/strong><\/td>\n<td style=\"text-align: center\"><strong>Seko<\/strong><\/td>\n<td style=\"text-align: center\"><strong>Seko<\/strong><\/td>\n<\/tr>\n<tr>\n<td style=\"text-align: center\">&nbsp;<\/td>\n<td style=\"text-align: center\">1 maj 2017<\/td>\n<td style=\"text-align: center\">1 maj 2018<\/td>\n<td style=\"text-align: center\">1 maj 2019<\/td>\n<\/tr>\n<tr>\n<td>Enkel<\/td>\n<td style=\"text-align: center\">19,75 kr<\/td>\n<td style=\"text-align: center\">20,13 kr<\/td>\n<td style=\"text-align: center\">20,53 kr<\/td>\n<\/tr>\n<tr>\n<td>Kvalificerat<\/td>\n<td style=\"text-align: center\"><strong>44,11 kr<\/strong><\/td>\n<td style=\"text-align: center\">44,95 kr<\/td>\n<td style=\"text-align: center\">45,85 kr<\/td>\n<\/tr>\n<tr>\n<td>Storhelg<\/td>\n<td style=\"text-align: center\">99,12 kr<\/td>\n<td style=\"text-align: center\">101,00 kr<\/td>\n<td style=\"text-align: center\">103,02 kr<\/td>\n<\/tr>\n<\/tbody>\n<\/table>\n<table border=\"1\" cellpadding=\"1\" cellspacing=\"1\" style=\"width: 747px;height: 107px\">\n<tbody>\n<tr>\n<td style=\"text-align: center\">&nbsp;<\/td>\n<td style=\"text-align: center\"><strong>ST, TJ, Sveriges Ingenj&ouml;rer<\/strong><\/td>\n<td style=\"text-align: center\"><strong>ST, TJ, Sveriges Ingenj&ouml;rer<\/strong><\/td>\n<td style=\"text-align: center\"><strong>ST, TJ, Sveriges Ingenj&ouml;rer<\/strong><\/td>\n<\/tr>\n<tr>\n<td style=\"text-align: center\">&nbsp;<\/td>\n<td style=\"text-align: center\">1 maj 2017<\/td>\n<td style=\"text-align: center\">1 maj 2018<\/td>\n<td style=\"text-align: center\">1 maj 2019<\/td>\n<\/tr>\n<tr>\n<td>Enkel<\/td>\n<td style=\"text-align: center\">19,79 kr<\/td>\n<td style=\"text-align: center\">20,17 kr<\/td>\n<td style=\"text-align: center\">20,57 kr<\/td>\n<\/tr>\n<tr>\n<td>Kvalificerat<\/td>\n<td style=\"text-align: center\">44,18 kr<\/td>\n<td style=\"text-align: center\">45,02 kr<\/td>\n<td style=\"text-align: center\">45,92 kr<\/td>\n<\/tr>\n<tr>\n<td>Storhelg<\/td>\n<td style=\"text-align: center\"><strong>99,27 kr<\/strong><\/td>\n<td style=\"text-align: center\">101,16 kr<\/td>\n<td style=\"text-align: center\">103,18 kr<\/td>\n<\/tr>\n<\/tbody>\n<\/table>\n<h2>Flexpension i Tj&auml;nstef&ouml;retag<\/h2>\n<p>Extra pensionsavs&auml;ttning inom ramen f&ouml;r Flexpension i Tj&auml;nstef&ouml;retag. Pensionsavs&auml;ttningen g&auml;ller f&ouml;r alla anst&auml;llda, &auml;ven de som &auml;r i &aring;ldersintervallet 18-24 &aring;r. Avs&auml;ttningen &auml;r 0,2 % per den 1 maj 2017 och 0,2 % per den 1 maj 2018, totalt 0,4 % under avtalsperioden.<\/p>\n<h2>Omst&auml;llningsers&auml;ttning i samband med f&ouml;rlust av <strong>s&auml;kerhetsklassificering<\/strong><\/h2>\n<p>Parterna &auml;r &ouml;verens om att p&aring;b&ouml;rja en kapitalisering av en kollektivavtalsstiftelse f&ouml;r avsett inf&ouml;rande av omst&auml;llningsers&auml;ttning i samband med f&ouml;rlust av s&auml;kerhetsklassificering. F&ouml;r detta avr&auml;knar Seko 0,1 % fr&aring;n l&ouml;neutrymmet per den 1 maj 2017.<\/p>\n<p>Innan det f&ouml;rsta avtals&aring;rets utg&aring;ng ska parterna uppr&auml;tta stadgar och andra erforderliga handlingar f&ouml;r stiftelsens tillkomst samt tills&auml;tta styrelse f&ouml;r kollektivavtalsstiftelsen. Senast vid start av det andra avtals&aring;ret ska kollektivavtalsstiftelsen vara fullt verksam. Parterna &auml;r &ouml;verens om att &sect; 15 mom. 4:1:2 d&aring; tas bort i sin helhet mot att f&ouml;retagen avs&auml;tter ett belopp uppg&aring;ende till 0,02 % av l&ouml;ne&shy;summan till kollektivavtalsstiftelsen.<\/p>\n<p>Medarbetare som av kollektivavtalsstiftelsen beviljas omst&auml;llningsers&auml;ttning ska, f&ouml;r att erh&aring;lla s&aring;dan r&auml;tt, ing&aring; &ouml;verenskommelse om att acceptera att upps&auml;gningen &auml;r sakligt grundad. Medarbetaren avs&auml;ger sig d&auml;rmed samtidigt r&auml;tten att ogiltigf&ouml;rklara upps&auml;gningen, kr&auml;va skadest&aring;nd och\/eller framst&auml;lla annat fordringsanspr&aring;k pga. upps&auml;gningen.<\/p>\n<p><em>Upps&auml;gningstiden ber&auml;ttigar inte till l&ouml;n eller andra anst&auml;llningsf&ouml;rm&aring;ner enligt g&auml;llande r&auml;ttspraxis.<\/em><\/p>\n<h2>Hantering av eventuell &ouml;verg&aring;ng av verksamhet avseende P&aring;gat&aring;gen och Kr&ouml;sat&aring;gen<\/h2>\n<p>Parterna &auml;r &ouml;verens om att, i samband med byte av entrepren&ouml;r r&ouml;rande trafikavtalen f&ouml;r P&aring;gat&aring;gen och Kr&ouml;sat&aring;gen, under f&ouml;ruts&auml;ttning att s&aring;dant entrepren&ouml;rsbyte uppfyller kriterierna f&ouml;r en lagenlig verksamhets&ouml;verg&aring;ng enligt anst&auml;llningsskyddslagen &sect; 6 b, ska den nya entrepren&ouml;ren vara bunden av den tidigare entrepren&ouml;rens lokala allm&auml;nna anst&auml;llningsvillkorsavtal avseende den via verksamhets&ouml;verg&aring;ngen &ouml;vertagna personalen. Denna bundenhet g&auml;ller till och med den 30 april 2020 och upph&ouml;r utan upps&auml;gning vid samma datum. Ber&ouml;rd medarbetare ska d&auml;rvid ges m&ouml;jlighet att bibeh&aring;lla f&ouml;rm&aring;nsbest&auml;md ITP-l&ouml;sning.<\/p>\n<h2>Ny bilaga 1 F&ouml;rhandlingsordning<\/h2>\n<p>Parterna &auml;r &ouml;verens om en ny f&ouml;rhandlingsordning, bilaga 1 till branschavtalet, som ers&auml;tter den tidigare f&ouml;rhandlingsordningen i sin helhet. Nyheten &auml;r att beg&auml;ran om central f&ouml;rhandling ska g&ouml;ras:&nbsp;<\/p>\n<ol>\n<li>inom <strong>tv&aring; veckor<\/strong> vid tvistef&ouml;rhandling som g&auml;ller r&auml;ttstvist om ogiltigf&ouml;rklaring av en upps&auml;gning\/avskedande eller f&ouml;rklaring att visstidsanst&auml;llning &auml;r otill&aring;ten och att anst&auml;llningen ska g&auml;lla tills vidare, och<\/li>\n<li>inom <strong>tv&aring; m&aring;nader<\/strong> i &ouml;vriga r&auml;ttstvister,\n<p>fr&aring;n den dag d&aring; den lokala f&ouml;rhandlingen avslutats.<\/p>\n<\/li>\n<\/ol>\n<h2>Bilaga 4 Arbetstidsregler f&ouml;r fj&auml;rrtrafik<br \/>  &nbsp;<\/h2>\n<p>Prolongeras till att g&auml;lla under avtalsperioden.<\/p>\n<h2>Arbetsgruppen &rdquo;Nytt central branschavtal&rdquo;<\/h2>\n<p>Parterna &auml;r &ouml;verens om att under avtalsperioden forts&auml;tta arbetet i arbetsgruppen &rdquo;Nytt centralt branschavtal&rdquo; med m&aring;ls&auml;ttningen att skapa ett nytt centralt branschavtal med stabila avtalsvillkor som l&aring;ngsiktigt och effektivt kan till&auml;mpas p&aring; alla sp&aring;rtrafikf&ouml;retag. Parterna &auml;r &ouml;verens om att det fortsatta arbetet i f&ouml;rsta hand inriktar sig p&aring; sektorn st&auml;dverksamhet.<\/p>\n<p>Samtliga f&ouml;rhandlingsprotokoll med bilagor kommer att finnas p&aring; v&aring;r hemsida <a href=\"http:\/\/www.almega.se\/\">www.almega.se<\/a> inom kort.<\/p>\n<h2>Ytterligare upplysningar<\/h2>\n<p>Om Du har fr&aring;gor ang&aring;ende avtalen kan du v&auml;nda dig till:<\/p>\n<p>Pierre, Madeleine, Anders<\/p>\n<p>Du kan ocks&aring; kontakta Ditt regionkontor eller ringa Almegas jour p&aring; telefon 08 &#8211; 762 69 90.<\/p>\n<\/p>\n","protected":false},"excerpt":{"rendered":"<p>Almega Tj\u00e4nstef\u00f6rbunden bransch Sp\u00e5rtrafik har nu tr\u00e4ffat avtal om l\u00f6ner och allm\u00e4nna anst\u00e4llningsvillkor med samtliga motparter Seko, ST, Saco-TJ och Sveriges Ingenj\u00f6rer. <\/p>\n","protected":false},"author":1,"featured_media":0,"comment_status":"closed","ping_status":"open","sticky":false,"template":"","format":"standard","meta":{"_acf_changed":false,"footnotes":""},"categories":[1],"tags":[],"article_type":[313],"agreement":[475],"class_list":["post-5238","post","type-post","status-publish","format-standard","hentry","category-okategoriserade","type-arbetsgivarnytt","agreement-f3ee7667-590c-ea11-8160-003dd8b71d64"],"acf":[],"yoast_head":"<!-- This site is optimized with the Yoast SEO Premium plugin v26.8 (Yoast SEO v26.8) - https:\/\/yoast.com\/product\/yoast-seo-premium-wordpress\/ -->\n<title>Samtliga avtal klara i bransch Sp\u00e5rtrafik | Almega<\/title>\n<meta name=\"robots\" content=\"index, follow, max-snippet:-1, max-image-preview:large, max-video-preview:-1\" \/>\n<link rel=\"canonical\" href=\"https:\/\/www.almega.se\/2017\/08\/samtliga-avtal-klara-i-bransch-spartrafik\/\" \/>\n<meta property=\"og:locale\" content=\"sv_SE\" \/>\n<meta property=\"og:type\" content=\"article\" \/>\n<meta property=\"og:title\" content=\"Samtliga avtal klara i bransch Sp\u00e5rtrafik\" \/>\n<meta property=\"og:description\" content=\"Almega Tj\u00e4nstef\u00f6rbunden bransch Sp\u00e5rtrafik har nu tr\u00e4ffat avtal om l\u00f6ner och allm\u00e4nna anst\u00e4llningsvillkor med samtliga motparter Seko, ST, Saco-TJ och Sveriges Ingenj\u00f6rer.\" \/>\n<meta property=\"og:url\" content=\"https:\/\/www.almega.se\/2017\/08\/samtliga-avtal-klara-i-bransch-spartrafik\/\" \/>\n<meta property=\"og:site_name\" content=\"Almega\" \/>\n<meta property=\"article:published_time\" content=\"2017-08-23T11:00:00+00:00\" \/>\n<meta property=\"og:image\" content=\"https:\/\/www.almega.se\/app\/uploads\/2020\/12\/almega-share-logo.png\" \/>\n\t<meta property=\"og:image:width\" content=\"1200\" \/>\n\t<meta property=\"og:image:height\" content=\"630\" \/>\n\t<meta property=\"og:image:type\" content=\"image\/png\" \/>\n<meta name=\"author\" content=\"admin\" \/>\n<meta name=\"twitter:card\" content=\"summary_large_image\" \/>\n<meta name=\"twitter:label1\" content=\"Skriven av\" \/>\n\t<meta name=\"twitter:data1\" content=\"admin\" \/>\n\t<meta name=\"twitter:label2\" content=\"Ber\u00e4knad l\u00e4stid\" \/>\n\t<meta name=\"twitter:data2\" content=\"13 minuter\" \/>\n<!-- \/ Yoast SEO Premium plugin. -->","yoast_head_json":{"title":"Samtliga avtal klara i bransch Sp\u00e5rtrafik | Almega","robots":{"index":"index","follow":"follow","max-snippet":"max-snippet:-1","max-image-preview":"max-image-preview:large","max-video-preview":"max-video-preview:-1"},"canonical":"https:\/\/www.almega.se\/2017\/08\/samtliga-avtal-klara-i-bransch-spartrafik\/","og_locale":"sv_SE","og_type":"article","og_title":"Samtliga avtal klara i bransch Sp\u00e5rtrafik","og_description":"Almega Tj\u00e4nstef\u00f6rbunden bransch Sp\u00e5rtrafik har nu tr\u00e4ffat avtal om l\u00f6ner och allm\u00e4nna anst\u00e4llningsvillkor med samtliga motparter Seko, ST, Saco-TJ och Sveriges Ingenj\u00f6rer.","og_url":"https:\/\/www.almega.se\/2017\/08\/samtliga-avtal-klara-i-bransch-spartrafik\/","og_site_name":"Almega","article_published_time":"2017-08-23T11:00:00+00:00","og_image":[{"width":1200,"height":630,"url":"https:\/\/www.almega.se\/app\/uploads\/2020\/12\/almega-share-logo.png","type":"image\/png"}],"author":"admin","twitter_card":"summary_large_image","twitter_misc":{"Skriven av":"admin","Ber\u00e4knad l\u00e4stid":"13 minuter"},"schema":{"@context":"https:\/\/schema.org","@graph":[{"@type":"NewsArticle","@id":"https:\/\/www.almega.se\/2017\/08\/samtliga-avtal-klara-i-bransch-spartrafik\/#article","isPartOf":{"@id":"https:\/\/www.almega.se\/2017\/08\/samtliga-avtal-klara-i-bransch-spartrafik\/"},"author":{"name":"admin","@id":"https:\/\/www.almega.se\/#\/schema\/person\/9c3674d192fb8b2d1d8b7a3f31c5151d"},"headline":"Samtliga avtal klara i bransch Sp\u00e5rtrafik","datePublished":"2017-08-23T11:00:00+00:00","mainEntityOfPage":{"@id":"https:\/\/www.almega.se\/2017\/08\/samtliga-avtal-klara-i-bransch-spartrafik\/"},"wordCount":2623,"inLanguage":"sv-SE"},{"@type":"WebPage","@id":"https:\/\/www.almega.se\/2017\/08\/samtliga-avtal-klara-i-bransch-spartrafik\/","url":"https:\/\/www.almega.se\/2017\/08\/samtliga-avtal-klara-i-bransch-spartrafik\/","name":"Samtliga avtal klara i bransch Sp\u00e5rtrafik | Almega","isPartOf":{"@id":"https:\/\/www.almega.se\/#website"},"datePublished":"2017-08-23T11:00:00+00:00","author":{"@id":"https:\/\/www.almega.se\/#\/schema\/person\/9c3674d192fb8b2d1d8b7a3f31c5151d"},"breadcrumb":{"@id":"https:\/\/www.almega.se\/2017\/08\/samtliga-avtal-klara-i-bransch-spartrafik\/#breadcrumb"},"inLanguage":"sv-SE","potentialAction":[{"@type":"ReadAction","target":["https:\/\/www.almega.se\/2017\/08\/samtliga-avtal-klara-i-bransch-spartrafik\/"]}]},{"@type":"BreadcrumbList","@id":"https:\/\/www.almega.se\/2017\/08\/samtliga-avtal-klara-i-bransch-spartrafik\/#breadcrumb","itemListElement":[{"@type":"ListItem","position":1,"name":"Home","item":"https:\/\/www.almega.se\/"},{"@type":"ListItem","position":2,"name":"Samtliga avtal klara i bransch Sp\u00e5rtrafik"}]},{"@type":"WebSite","@id":"https:\/\/www.almega.se\/#website","url":"https:\/\/www.almega.se\/","name":"Almega","description":"","potentialAction":[{"@type":"SearchAction","target":{"@type":"EntryPoint","urlTemplate":"https:\/\/www.almega.se\/?s={search_term_string}"},"query-input":{"@type":"PropertyValueSpecification","valueRequired":true,"valueName":"search_term_string"}}],"inLanguage":"sv-SE"},{"@type":"Person","@id":"https:\/\/www.almega.se\/#\/schema\/person\/9c3674d192fb8b2d1d8b7a3f31c5151d","name":"admin","image":{"@type":"ImageObject","inLanguage":"sv-SE","@id":"https:\/\/www.almega.se\/#\/schema\/person\/image\/","url":"https:\/\/secure.gravatar.com\/avatar\/13aac7e7a7582f599e3ba7706cec051e12eac4ad6c2ffe6f9d24800e63294187?s=96&d=mm&r=g","contentUrl":"https:\/\/secure.gravatar.com\/avatar\/13aac7e7a7582f599e3ba7706cec051e12eac4ad6c2ffe6f9d24800e63294187?s=96&d=mm&r=g","caption":"admin"},"url":"https:\/\/www.almega.se\/person\/admin\/"}]}},"_links":{"self":[{"href":"https:\/\/www.almega.se\/api\/wp\/v2\/posts\/5238","targetHints":{"allow":["GET"]}}],"collection":[{"href":"https:\/\/www.almega.se\/api\/wp\/v2\/posts"}],"about":[{"href":"https:\/\/www.almega.se\/api\/wp\/v2\/types\/post"}],"author":[{"embeddable":true,"href":"https:\/\/www.almega.se\/api\/wp\/v2\/users\/1"}],"replies":[{"embeddable":true,"href":"https:\/\/www.almega.se\/api\/wp\/v2\/comments?post=5238"}],"version-history":[{"count":1,"href":"https:\/\/www.almega.se\/api\/wp\/v2\/posts\/5238\/revisions"}],"predecessor-version":[{"id":58079,"href":"https:\/\/www.almega.se\/api\/wp\/v2\/posts\/5238\/revisions\/58079"}],"wp:attachment":[{"href":"https:\/\/www.almega.se\/api\/wp\/v2\/media?parent=5238"}],"wp:term":[{"taxonomy":"category","embeddable":true,"href":"https:\/\/www.almega.se\/api\/wp\/v2\/categories?post=5238"},{"taxonomy":"post_tag","embeddable":true,"href":"https:\/\/www.almega.se\/api\/wp\/v2\/tags?post=5238"},{"taxonomy":"type","embeddable":true,"href":"https:\/\/www.almega.se\/api\/wp\/v2\/article_type?post=5238"},{"taxonomy":"agreement","embeddable":true,"href":"https:\/\/www.almega.se\/api\/wp\/v2\/agreement?post=5238"}],"curies":[{"name":"wp","href":"https:\/\/api.w.org\/{rel}","templated":true}]}}