{"id":5206,"date":"2017-09-08T15:45:00","date_gmt":"2017-09-08T15:45:00","guid":{"rendered":"http:\/\/almega-bento\/wp\/blog\/2017\/09\/08\/nytt-kollektivavtal-med-kommunal-for-bransch-personlig-assistans-g\/"},"modified":"2017-09-08T15:45:00","modified_gmt":"2017-09-08T15:45:00","slug":"nytt-kollektivavtal-med-kommunal-for-bransch-personlig-assistans-g","status":"publish","type":"post","link":"https:\/\/www.almega.se\/2017\/09\/nytt-kollektivavtal-med-kommunal-for-bransch-personlig-assistans-g\/","title":{"rendered":"Nytt kollektivavtal med Kommunal f\u00f6r bransch Personlig assistans (G)"},"content":{"rendered":"\n<p class=\"intro\">Efter l\u00e5nga och sv\u00e5ra f\u00f6rhandlingar har V\u00e5rdf\u00f6retagarna och Kommunal tecknat ett 36-m\u00e5nadersavtal om l\u00f6ner och allm\u00e4nna villkor f\u00f6r bransch Personlig assistans (G). Avtalet g\u00e4ller fr\u00e5n den 1 juli 2017 till den 30 juni 2020. Avtalet \u00e4r upps\u00e4gningsbart det sista avtals\u00e5ret.  Avtalsv\u00e4rdet \u00e4r i samma niv\u00e5 som \u00f6vriga avtal som tecknats p\u00e5 arbetsmarknaden 2017.  <\/p>\n<p>Vi har under en l&auml;ngre tid f&ouml;rt f&ouml;rhandlingar med Kommunal f&ouml;r att l&ouml;sa ett avtal f&ouml;r branschen. Kommunal meddelade under torsdagen att de sade upp kollektivavtalet f&ouml;r hela branschen.&nbsp;Inf&ouml;r hotet att helt st&aring; utan kollektivavtal valde V&aring;rdf&ouml;retagarna att acceptera ett kollektivavtal enligt det s&aring; kallade m&auml;rket, trots att regeringen inte h&ouml;jer f&ouml;retagens ers&auml;ttning i motsvarande niv&aring;. Det nu tecknade avtalet har flera positiva inslag bl.a. f&ouml;rskjuten l&ouml;nerevision alla avtals&aring;r&nbsp;som ur kostnadssynpunkt &auml;r f&ouml;rdelaktigt f&ouml;r f&ouml;retagen. Det nytecknade avtalet &auml;r upps&auml;gningsbart vilket &auml;r viktigt d&aring; branschens f&ouml;retag inte vet hur en kommande regering, efter riksdagsvalet 2018, kommer hantera ers&auml;ttningsniv&aring;n f&ouml;r personlig assistans. Vi kommer att beh&ouml;va forts&auml;tta v&aring;rt p&aring;verkansarbete mot regeringen f&ouml;r att skapa f&ouml;rst&aring;else f&ouml;r att ers&auml;ttningsniv&aring;n m&aring;ste r&auml;knas upp mer, s&auml;ger Inga-Kari Fryklund, f&ouml;rbundsdirekt&ouml;r V&aring;rdf&ouml;retagarna.<\/p>\n<p>V&aring;rdf&ouml;retagarna kommer inom kort att bjuda in till avtalskonferenser d&aring; det nya avtalet presenteras och f&ouml;rklaras.<\/p>\n<h2>Nytt l&ouml;neavtal<\/h2>\n<p>  <strong>L&ouml;nerevisonsdatum<\/strong><br \/>  L&ouml;neavtalet anger att l&ouml;nerevision ska ske den 1 oktober 2017. Notera att ingen retroaktiv h&ouml;jning ska ske f&ouml;r perioden 1 juli 2017 till 1 oktober 2017. &Aring;r tv&aring; och tre i avtalsperioden har &auml;ven de framskjutning av revisionsdatum till 1\/10. Framskjutningen av l&ouml;nerevisionsdatum &auml;r en del av det samlade avtalsv&auml;rdet som inneb&auml;r en viktig f&ouml;ruts&auml;ttning f&ouml;r branschen.<\/p>\n<p><strong>L&ouml;ne&ouml;kningsutrymme<\/strong><br \/>  Avtalat l&ouml;ne&ouml;kningsutrymme till den allm&auml;nna potten &auml;r 535 kronor f&ouml;r 2017, 548 kronor f&ouml;r 2018 samt 559 kronor f&ouml;r 2019. Deltidsanst&auml;lld bidrar i proportion till arbetstidsm&aring;ttet Potten f&ouml;rdelas individuellt av arbetsgivaren. Inga individgarantier finns i avtalet.<\/p>\n<p><strong>L&auml;gstal&ouml;ner<\/strong><br \/>  L&auml;gstal&ouml;nen f&ouml;r medarbetare som har fyllt 19 &aring;r ska uppg&aring; till 18343 kronor fr&aring;n och med 2017-10-01, uppg&aring; till 18710 kronor fr&aring;n och med 2018-10-01 samt uppg&aring; till 19140 kronor och fr&aring;n och med 2019-10-01.<\/p>\n<h2>Allm&auml;nna villkor &auml;ndringar<\/h2>\n<p>  <strong>Ny best&auml;mmelse har tillf&ouml;rts avtalets &sect; 4 mom 4 a.<br \/>  Ordningsregler vid avslut av anst&auml;llningen har tillf&ouml;rts avtalet f&ouml;r att tydligg&ouml;ra vilka steg som ska vidtag innan anst&auml;llningen avslutas av p&aring; brukarens initiativ eller av arbetsgivaren.<\/strong><\/p>\n<p><strong>Ny skrivning som tillf&ouml;rs avtalet:<\/strong><br \/>  <em>Efter sex m&aring;naders anst&auml;llningstid hos brukaren g&auml;ller vid avbrytande av assistents anst&auml;llning att:<\/em><\/p>\n<p><em>I de fall assistenten inte l&auml;ngre fungerar tillsammans med brukaren skall arbetsgivaren unders&ouml;ka m&ouml;jlighet att erbjuda assistenten anst&auml;llning hos annan brukare inom avtalsomr&aring;det.<\/em><\/p>\n<p><em>Arbetsgivaren ska unders&ouml;ka och ange orsaken som ligger till grund f&ouml;r beslutet att anst&auml;llningen ska upph&ouml;ra.<\/em><\/p>\n<p><em>Avslut av anst&auml;llning f&aring;r inte grundas enbart p&aring; omst&auml;ndigheter som arbetsgivaren k&auml;nt till mer &auml;n tv&aring; m&aring;nader innan beslut om att avsluta anst&auml;llningen.<\/em><\/p>\n<p><em>Arbetsgivaren ska innan upps&auml;gning vidtas efterh&ouml;ra samt dokumentera arbetstagarens uppfattning av det som &auml;r orsaken till arbetsgivarens beslut om att anst&auml;llningen ska upph&ouml;ra. Om m&ouml;jligt ska arbetsgivaren s&ouml;ka undanr&ouml;ja orsaken till problemet.<\/em><\/p>\n<p><em>Anm&auml;rkning:<br \/>  Regeln g&auml;ller fr&aring;n 2018-01-01<\/em><\/p>\n<p><strong>Viktig f&ouml;r&auml;ndring g&auml;llande individuella &ouml;verenskommelser om undantag fr&aring;n vissa ers&auml;ttningar<\/strong><br \/>  Tr&auml;ffas individuell &ouml;verenskommelse mellan arbetsgivare och medarbetare om undantag fr&aring;n ers&auml;ttning f&ouml;r ob-tid, &ouml;vertid, beredskap eller jour, ska det forts&auml;ttningsvis av &ouml;verenskommelsen framg&aring; hur medarbetaren kompenseras.<\/p>\n<p><strong>Ny skrivning som tillf&ouml;rs avtalet:<\/strong><\/p>\n<p><strong>&sect; 6 Mom 1.1 L&ouml;nes&auml;ttning vid nyanst&auml;llning<\/strong><\/p>\n<p><em>Den &ouml;verenskomna l&ouml;nen kan efter &ouml;verenskommelse &auml;ven inkludera ers&auml;ttningar f&ouml;r &ouml;vertid, mertid, restid, beredskap, jour och ob.<\/em><\/p>\n<p><em>S&aring;dana &ouml;verenskommelser ska vara skriftliga och det ska framg&aring; av &ouml;verenskommelsen hur assistenten kompenseras f&ouml;r &ouml;vertid, mertid, restid, beredskap, jour eller ob.<\/em><\/p>\n<p><em>&Ouml;verenskommelser enligt ovan g&auml;ller tillsvidare och b&ouml;r beaktas i samband med l&ouml;nerevisionerna (se l&ouml;neavtalet bil 1 punkt 2:3). Om en part vill att en s&aring;dan &ouml;verenskommelse ska upph&ouml;ra, ska den andra parten underr&auml;ttas senast 2 m&aring;nader dessf&ouml;rinnan.<\/em><\/p>\n<p><em>Regeln g&auml;ller nyanst&auml;llda fr&aring;n 2018-01-01<\/em><\/p>\n<p><em>Anh&ouml;riganst&auml;llda enligt detta avtal omfattas inte av denna regel.<\/em><\/p>\n<p><strong>&sect; 6 mom 1 och 3 &sect; Ob-ers&auml;ttning och ers&auml;ttning f&ouml;rskjuten<\/strong><br \/>  Ob-ers&auml;ttning r&auml;knas upp med m&auml;rket under avtalsperioden till f&ouml;ljande niv&aring;er.<\/p>\n<table border=\"1\" cellpadding=\"1\" cellspacing=\"1\" style=\"width: 500px\">\n<tbody>\n<tr>\n<td>&nbsp;<\/td>\n<td>Kr\/tim fr o m<\/td>\n<td>Kr\/tim fr o m<\/td>\n<td>Kr\/tim fr o m<\/td>\n<\/tr>\n<tr>\n<td>&nbsp;<\/td>\n<td>2017-10-01<\/td>\n<td>2018-10-01<\/td>\n<td>2019-10-01<\/td>\n<\/tr>\n<tr>\n<td>1 OB-till&auml;ggstid A<\/td>\n<td>105:03<\/td>\n<td>107:13<\/td>\n<td>109:59<\/td>\n<\/tr>\n<tr>\n<td>2 OB-till&auml;ggstid B<\/td>\n<td>52:47<\/td>\n<td>53:52<\/td>\n<td>54:75<\/td>\n<\/tr>\n<tr>\n<td>3 OB-till&auml;ggstid C<\/td>\n<td>42:54<\/td>\n<td>43:39<\/td>\n<td>44:39<\/td>\n<\/tr>\n<tr>\n<td>4 OB-till&auml;ggstid D<\/td>\n<td>21:08<\/td>\n<td>21:50<\/td>\n<td>21:91<\/td>\n<\/tr>\n<\/tbody>\n<\/table>\n<p>Ers&auml;ttning f&ouml;r f&ouml;rskjuten arbetstid h&ouml;js fr&aring;n den 1 oktober 2017 till 16:20 per timme och fr&aring;n den 1 oktober 2018 till 16:52 kronor per timme och fr&aring;n den 1 oktober 2019 till 16:90 kronor per timme.<\/p>\n<p><strong>Beredskap och ers&auml;ttning<\/strong><br \/>  Ers&auml;ttning f&ouml;r beredskap utges med 10,78 kr per timme fr&aring;n 2017-10-01, 11:00 kr fr&aring;n 2018-10-01, 11:25 kr fr&aring;n 2019-10-01 inklusive semester-\/l&ouml;n\/ers&auml;ttning.<\/p>\n<p>F&ouml;r beredskapstj&auml;nst eller del d&auml;rav som infaller mellan kl 22.00 dag f&ouml;re l&ouml;rdag\/helgdagsafton och kl 06.00 dag efter s&ouml;n- och helgdag utges ers&auml;ttning med 21,55 kr per timme fr&aring;n 2017-10-01, 21:98 kr per timme fr&aring;n 2018-10-01, 22:49 kr per timme fr&aring;n 2019-10-01 inklusive semester-\/l&ouml;n\/ers&auml;ttning.<\/p>\n<p><strong>Jourers&auml;ttning<\/strong><br \/>  Ers&auml;ttningen utges fr&aring;n och med 2017-10-01 med 28,13 kronor per jourtimme, fr&aring;n och med 2018-10-01 med 28,69 kronor per jourtimme, fr&aring;n och med 2019-10-01 med 29,35 kronor per jourtimme inklusive semesterl&ouml;n\/- ers&auml;ttning.<\/p>\n<p>F&ouml;r jour eller del d&auml;rav som infaller mellan kl. 22.00 dag f&ouml;re l&ouml;rdag\/helgdagsafton och kl. 06.00 dag efter s&ouml;n- och helgdag utges ers&auml;ttning fr&aring;n och med 2017-10-01 med 56,32 kronor, fr&aring;n och med 2018-10-01 med 57,45 kronor, fr&aring;n och med 2019-10-01 med 58,77 kronor per jourtimme inklusive semesterl&ouml;n\/- ers&auml;ttning.<\/p>\n<p><strong>&sect; 11&nbsp;Restidsers&auml;ttning<\/strong><br \/>  Restidsers&auml;ttning utges med 46 kronor per timme fr&aring;n 2017-10-01, 46,90 kronor per timme fr&aring;n 2018-10-01, 47,98 kronor per timme fr&aring;n 2019-10-01&nbsp; inklusive semesterl&ouml;n f&ouml;r h&ouml;gst 6 timmar per kalenderdygn.<\/p>\n<p>F&ouml;r resa som infaller mellan kl 18.00 dag f&ouml;re l&ouml;rdag\/helgdagsafton och kl 06.00 dag efter s&ouml;n- och helgdag utges ers&auml;ttning med 51,10 kr per timme fr o m 2017-10-01, med 52,12 kr per timme fr o m 2018-10-01, med 53,32 kr per timme fr o m 2019-10-01 in&shy;klusive semester-\/l&ouml;n\/ers&auml;ttning<\/p>\n<p><strong>Arbetsgrupper<\/strong><br \/>  Centrala parter kommer under avtalsperioden i arbetsgrupp se &ouml;ver m&ouml;jligheten att och kostnaden f&ouml;r att inf&ouml;r m&aring;nadsl&ouml;n som huvudregel i avtalet. Kostnaden f&ouml;r inf&ouml;rande ska avr&auml;knas i framtida avtalsf&ouml;rhandlingar om inf&ouml;randet &auml;r m&ouml;jligt. Parterna ska &auml;ven i arbetsgrupp p&aring;verka externa f&ouml;ruts&auml;ttningar f&ouml;r personlig assistans av h&ouml;g kvalitet d&auml;r ers&auml;ttningsfr&aring;gan &auml;r en stor del.<\/p>\n<p>Avtalet &auml;r upps&auml;gningsbart tredje &aring;ret vilket varit av stor vikt f&ouml;r branschen om de politiska beslut p&aring;verkar ers&auml;ttningsniv&aring;n.<\/p>\n<p><strong>Protokoll med bilagor<\/strong><br \/>  Fullst&auml;ndigt protokoll och bilagor inneh&aring;llande l&ouml;neavtal och &auml;ndringar av allm&auml;nna anst&auml;llningsvillkor hittar du <a href=\"https:\/\/www.almega.se\/app\/uploads\/imported\/PROTOKOLL-2017-persass-slutvers.pdf\" target=\"_blank\" rel=\"noopener\">h&auml;r<\/a>.<\/p>\n<p><strong>Fr&aring;gor<\/strong><br \/>  Har du n&aring;gra fr&aring;gor &auml;r du v&auml;lkommen att kontakta&nbsp;avtalsansvarig, Daniel Andersson p&aring; telefon 08-762 66 29 eller via e-post <a href=\"mailto:daniel.andersson@almega.se\">daniel.andersson@almega.se <\/a>eller n&aring;gon av &ouml;vriga f&ouml;rhandlare p&aring; V&aring;rdf&ouml;retagarna som du hittar p&aring; www.vardforetagarna.se under fliken Kontakt och fliken Dina avtalskontaktpersoner.<\/p>\n<\/p>\n","protected":false},"excerpt":{"rendered":"<p>Efter l\u00e5nga och sv\u00e5ra f\u00f6rhandlingar har V\u00e5rdf\u00f6retagarna och Kommunal tecknat ett 36-m\u00e5nadersavtal om l\u00f6ner och allm\u00e4nna villkor f\u00f6r bransch Personlig assistans (G). Avtalet g\u00e4ller fr\u00e5n den 1 juli 2017 till den 30 juni 2020. Avtalet \u00e4r upps\u00e4gningsbart det sista avtals\u00e5ret.  Avtalsv\u00e4rdet \u00e4r i samma niv\u00e5 som \u00f6vriga avtal som tecknats p\u00e5 arbetsmarknaden 2017.  <\/p>\n","protected":false},"author":1,"featured_media":0,"comment_status":"closed","ping_status":"open","sticky":false,"template":"","format":"standard","meta":{"_acf_changed":false,"footnotes":""},"categories":[1],"tags":[],"article_type":[313],"agreement":[191],"class_list":["post-5206","post","type-post","status-publish","format-standard","hentry","category-okategoriserade","type-arbetsgivarnytt","agreement-c5cd80f7-ff07-de11-b4e1-02bf9e69ca65"],"acf":[],"yoast_head":"<!-- This site is optimized with the Yoast SEO Premium plugin v26.8 (Yoast SEO v26.8) - https:\/\/yoast.com\/product\/yoast-seo-premium-wordpress\/ -->\n<title>Nytt kollektivavtal med Kommunal f\u00f6r bransch Personlig assistans (G) | Almega<\/title>\n<meta name=\"robots\" content=\"index, follow, max-snippet:-1, max-image-preview:large, max-video-preview:-1\" \/>\n<link rel=\"canonical\" href=\"https:\/\/www.almega.se\/2017\/09\/nytt-kollektivavtal-med-kommunal-for-bransch-personlig-assistans-g\/\" \/>\n<meta property=\"og:locale\" content=\"sv_SE\" \/>\n<meta property=\"og:type\" content=\"article\" \/>\n<meta property=\"og:title\" content=\"Nytt kollektivavtal med Kommunal f\u00f6r bransch Personlig assistans (G)\" \/>\n<meta property=\"og:description\" content=\"Efter l\u00e5nga och sv\u00e5ra f\u00f6rhandlingar har V\u00e5rdf\u00f6retagarna och Kommunal tecknat ett 36-m\u00e5nadersavtal om l\u00f6ner och allm\u00e4nna villkor f\u00f6r bransch Personlig assistans (G). Avtalet g\u00e4ller fr\u00e5n den 1 juli 2017 till den 30 juni 2020. Avtalet \u00e4r upps\u00e4gningsbart det sista avtals\u00e5ret. Avtalsv\u00e4rdet \u00e4r i samma niv\u00e5 som \u00f6vriga avtal som tecknats p\u00e5 arbetsmarknaden 2017.\" \/>\n<meta property=\"og:url\" content=\"https:\/\/www.almega.se\/2017\/09\/nytt-kollektivavtal-med-kommunal-for-bransch-personlig-assistans-g\/\" \/>\n<meta property=\"og:site_name\" content=\"Almega\" \/>\n<meta property=\"article:published_time\" content=\"2017-09-08T15:45:00+00:00\" \/>\n<meta property=\"og:image\" content=\"https:\/\/www.almega.se\/app\/uploads\/2020\/12\/almega-share-logo.png\" \/>\n\t<meta property=\"og:image:width\" content=\"1200\" \/>\n\t<meta property=\"og:image:height\" content=\"630\" \/>\n\t<meta property=\"og:image:type\" content=\"image\/png\" \/>\n<meta name=\"author\" content=\"admin\" \/>\n<meta name=\"twitter:card\" content=\"summary_large_image\" \/>\n<meta name=\"twitter:label1\" content=\"Skriven av\" \/>\n\t<meta name=\"twitter:data1\" content=\"admin\" \/>\n\t<meta name=\"twitter:label2\" content=\"Ber\u00e4knad l\u00e4stid\" \/>\n\t<meta name=\"twitter:data2\" content=\"8 minuter\" \/>\n<!-- \/ Yoast SEO Premium plugin. -->","yoast_head_json":{"title":"Nytt kollektivavtal med Kommunal f\u00f6r bransch Personlig assistans (G) | Almega","robots":{"index":"index","follow":"follow","max-snippet":"max-snippet:-1","max-image-preview":"max-image-preview:large","max-video-preview":"max-video-preview:-1"},"canonical":"https:\/\/www.almega.se\/2017\/09\/nytt-kollektivavtal-med-kommunal-for-bransch-personlig-assistans-g\/","og_locale":"sv_SE","og_type":"article","og_title":"Nytt kollektivavtal med Kommunal f\u00f6r bransch Personlig assistans (G)","og_description":"Efter l\u00e5nga och sv\u00e5ra f\u00f6rhandlingar har V\u00e5rdf\u00f6retagarna och Kommunal tecknat ett 36-m\u00e5nadersavtal om l\u00f6ner och allm\u00e4nna villkor f\u00f6r bransch Personlig assistans (G). Avtalet g\u00e4ller fr\u00e5n den 1 juli 2017 till den 30 juni 2020. Avtalet \u00e4r upps\u00e4gningsbart det sista avtals\u00e5ret. Avtalsv\u00e4rdet \u00e4r i samma niv\u00e5 som \u00f6vriga avtal som tecknats p\u00e5 arbetsmarknaden 2017.","og_url":"https:\/\/www.almega.se\/2017\/09\/nytt-kollektivavtal-med-kommunal-for-bransch-personlig-assistans-g\/","og_site_name":"Almega","article_published_time":"2017-09-08T15:45:00+00:00","og_image":[{"width":1200,"height":630,"url":"https:\/\/www.almega.se\/app\/uploads\/2020\/12\/almega-share-logo.png","type":"image\/png"}],"author":"admin","twitter_card":"summary_large_image","twitter_misc":{"Skriven av":"admin","Ber\u00e4knad l\u00e4stid":"8 minuter"},"schema":{"@context":"https:\/\/schema.org","@graph":[{"@type":"NewsArticle","@id":"https:\/\/www.almega.se\/2017\/09\/nytt-kollektivavtal-med-kommunal-for-bransch-personlig-assistans-g\/#article","isPartOf":{"@id":"https:\/\/www.almega.se\/2017\/09\/nytt-kollektivavtal-med-kommunal-for-bransch-personlig-assistans-g\/"},"author":{"name":"admin","@id":"https:\/\/www.almega.se\/#\/schema\/person\/9c3674d192fb8b2d1d8b7a3f31c5151d"},"headline":"Nytt kollektivavtal med Kommunal f\u00f6r bransch Personlig assistans (G)","datePublished":"2017-09-08T15:45:00+00:00","mainEntityOfPage":{"@id":"https:\/\/www.almega.se\/2017\/09\/nytt-kollektivavtal-med-kommunal-for-bransch-personlig-assistans-g\/"},"wordCount":1638,"inLanguage":"sv-SE"},{"@type":"WebPage","@id":"https:\/\/www.almega.se\/2017\/09\/nytt-kollektivavtal-med-kommunal-for-bransch-personlig-assistans-g\/","url":"https:\/\/www.almega.se\/2017\/09\/nytt-kollektivavtal-med-kommunal-for-bransch-personlig-assistans-g\/","name":"Nytt kollektivavtal med Kommunal f\u00f6r bransch Personlig assistans (G) | Almega","isPartOf":{"@id":"https:\/\/www.almega.se\/#website"},"datePublished":"2017-09-08T15:45:00+00:00","author":{"@id":"https:\/\/www.almega.se\/#\/schema\/person\/9c3674d192fb8b2d1d8b7a3f31c5151d"},"breadcrumb":{"@id":"https:\/\/www.almega.se\/2017\/09\/nytt-kollektivavtal-med-kommunal-for-bransch-personlig-assistans-g\/#breadcrumb"},"inLanguage":"sv-SE","potentialAction":[{"@type":"ReadAction","target":["https:\/\/www.almega.se\/2017\/09\/nytt-kollektivavtal-med-kommunal-for-bransch-personlig-assistans-g\/"]}]},{"@type":"BreadcrumbList","@id":"https:\/\/www.almega.se\/2017\/09\/nytt-kollektivavtal-med-kommunal-for-bransch-personlig-assistans-g\/#breadcrumb","itemListElement":[{"@type":"ListItem","position":1,"name":"Home","item":"https:\/\/www.almega.se\/"},{"@type":"ListItem","position":2,"name":"Nytt kollektivavtal med Kommunal f\u00f6r bransch Personlig assistans (G)"}]},{"@type":"WebSite","@id":"https:\/\/www.almega.se\/#website","url":"https:\/\/www.almega.se\/","name":"Almega","description":"","potentialAction":[{"@type":"SearchAction","target":{"@type":"EntryPoint","urlTemplate":"https:\/\/www.almega.se\/?s={search_term_string}"},"query-input":{"@type":"PropertyValueSpecification","valueRequired":true,"valueName":"search_term_string"}}],"inLanguage":"sv-SE"},{"@type":"Person","@id":"https:\/\/www.almega.se\/#\/schema\/person\/9c3674d192fb8b2d1d8b7a3f31c5151d","name":"admin","image":{"@type":"ImageObject","inLanguage":"sv-SE","@id":"https:\/\/www.almega.se\/#\/schema\/person\/image\/","url":"https:\/\/secure.gravatar.com\/avatar\/13aac7e7a7582f599e3ba7706cec051e12eac4ad6c2ffe6f9d24800e63294187?s=96&d=mm&r=g","contentUrl":"https:\/\/secure.gravatar.com\/avatar\/13aac7e7a7582f599e3ba7706cec051e12eac4ad6c2ffe6f9d24800e63294187?s=96&d=mm&r=g","caption":"admin"},"url":"https:\/\/www.almega.se\/person\/admin\/"}]}},"_links":{"self":[{"href":"https:\/\/www.almega.se\/api\/wp\/v2\/posts\/5206","targetHints":{"allow":["GET"]}}],"collection":[{"href":"https:\/\/www.almega.se\/api\/wp\/v2\/posts"}],"about":[{"href":"https:\/\/www.almega.se\/api\/wp\/v2\/types\/post"}],"author":[{"embeddable":true,"href":"https:\/\/www.almega.se\/api\/wp\/v2\/users\/1"}],"replies":[{"embeddable":true,"href":"https:\/\/www.almega.se\/api\/wp\/v2\/comments?post=5206"}],"version-history":[{"count":1,"href":"https:\/\/www.almega.se\/api\/wp\/v2\/posts\/5206\/revisions"}],"predecessor-version":[{"id":58060,"href":"https:\/\/www.almega.se\/api\/wp\/v2\/posts\/5206\/revisions\/58060"}],"wp:attachment":[{"href":"https:\/\/www.almega.se\/api\/wp\/v2\/media?parent=5206"}],"wp:term":[{"taxonomy":"category","embeddable":true,"href":"https:\/\/www.almega.se\/api\/wp\/v2\/categories?post=5206"},{"taxonomy":"post_tag","embeddable":true,"href":"https:\/\/www.almega.se\/api\/wp\/v2\/tags?post=5206"},{"taxonomy":"type","embeddable":true,"href":"https:\/\/www.almega.se\/api\/wp\/v2\/article_type?post=5206"},{"taxonomy":"agreement","embeddable":true,"href":"https:\/\/www.almega.se\/api\/wp\/v2\/agreement?post=5206"}],"curies":[{"name":"wp","href":"https:\/\/api.w.org\/{rel}","templated":true}]}}