{"id":5200,"date":"2017-09-13T14:00:00","date_gmt":"2017-09-13T14:00:00","guid":{"rendered":"http:\/\/almega-bento\/wp\/blog\/2017\/09\/13\/nytt-avtal-traffat-for-asylboendeforetag\/"},"modified":"2017-09-13T14:00:00","modified_gmt":"2017-09-13T14:00:00","slug":"nytt-avtal-traffat-for-asylboendeforetag","status":"publish","type":"post","link":"https:\/\/www.almega.se\/2017\/09\/nytt-avtal-traffat-for-asylboendeforetag\/","title":{"rendered":"Nytt avtal tr\u00e4ffat f\u00f6r Asylboende&shy;f\u00f6retag"},"content":{"rendered":"\n<p class=\"intro\">Almega Tj\u00e4nstef\u00f6retagen och Fastighetsanst\u00e4lldas f\u00f6rbund tr\u00e4ffade den 30 augusti 2017 ett nytt avtal f\u00f6r anst\u00e4llda vid Asylboendef\u00f6retag f\u00f6r perioden 1 juni 2017- 31 augusti 2020<\/p>\n<h2>Utg&aring;ende l&ouml;ner i avtalet h&ouml;js f&ouml;r heltidsanst&auml;lld personal enligt f&ouml;ljande:<\/h2>\n<p>1 juli 2017 500:-\/m&aring;n<br \/>  1 juli 2018 525:-\/m&aring;n<br \/>  1 juli 2019 670:-\/m&aring;n<\/p>\n<p>&Ouml;vriga ers&auml;ttningar h&ouml;js den 1 juni 2017 med 2,2 %, den 1 juni 2018 med 2,2 % samt den 1 juni 2019 med 2,1 %.<\/p>\n<p>  F&ouml;rhandlingsprotokoll med det nya l&ouml;neavtalet &auml;ndring i de allm&auml;nna villkoren hittar du <a href=\"\/app\/uploads\/imported\/oK-Asylboendeforetag-2017.pdf\" target=\"_blank\" title=\"\u00d6K_Asylboendef\u00f6retag_2017.pdf\" rel=\"noopener\">h&auml;r<\/a>.<\/p>\n<h2>&Auml;ndringar i allm&auml;nna villkoren<\/h2>\n<p>Under &sect; 8 Arbetstid har det i best&auml;mmelse 8.6 gjorts m&ouml;jligt att efter lokal &ouml;verenskommelse f&ouml;rl&auml;gga fler &auml;n tre 10-timmars pass per tv&aring;veckorsperiod.<\/p>\n<p><strong>8.6&nbsp;Arbetstid per 24-timmarsperiod<\/strong><br \/>  Arbetstiden per 24-timmarsperiod f&aring;r inte &ouml;verstiga 10 timmar. 10-timmarspass f&aring;r inte f&ouml;rekomma oftare &auml;n tre g&aring;nger per tv&aring;veckorsperiod i genomsnitt<em> om inte lokal &ouml;verenskommelse tr&auml;ffas om annat<\/em>.<\/p>\n<\/p>\n","protected":false},"excerpt":{"rendered":"<p>Almega Tj\u00e4nstef\u00f6retagen och Fastighetsanst\u00e4lldas f\u00f6rbund tr\u00e4ffade den 30 augusti 2017 ett nytt avtal f\u00f6r anst\u00e4llda vid Asylboendef\u00f6retag f\u00f6r perioden 1 juni 2017- 31 augusti 2020<\/p>\n","protected":false},"author":1,"featured_media":0,"comment_status":"closed","ping_status":"open","sticky":false,"template":"","format":"standard","meta":{"_acf_changed":false,"footnotes":""},"categories":[1],"tags":[],"article_type":[313],"agreement":[190],"class_list":["post-5200","post","type-post","status-publish","format-standard","hentry","category-okategoriserade","type-arbetsgivarnytt","agreement-a6e84646-06ab-e611-8108-003dd8b71e47"],"acf":[],"yoast_head":"<!-- This site is optimized with the Yoast SEO Premium plugin v26.8 (Yoast SEO v26.8) - https:\/\/yoast.com\/product\/yoast-seo-premium-wordpress\/ -->\n<title>Nytt avtal tr\u00e4ffat f\u00f6r Asylboendef\u00f6retag | Almega<\/title>\n<meta name=\"robots\" content=\"index, follow, max-snippet:-1, max-image-preview:large, max-video-preview:-1\" \/>\n<link rel=\"canonical\" href=\"https:\/\/www.almega.se\/2017\/09\/nytt-avtal-traffat-for-asylboendeforetag\/\" \/>\n<meta property=\"og:locale\" content=\"sv_SE\" \/>\n<meta property=\"og:type\" content=\"article\" \/>\n<meta property=\"og:title\" content=\"Nytt avtal tr\u00e4ffat f\u00f6r Asylboendef\u00f6retag\" \/>\n<meta property=\"og:description\" content=\"Almega Tj\u00e4nstef\u00f6retagen och Fastighetsanst\u00e4lldas f\u00f6rbund tr\u00e4ffade den 30 augusti 2017 ett nytt avtal f\u00f6r anst\u00e4llda vid Asylboendef\u00f6retag f\u00f6r perioden 1 juni 2017- 31 augusti 2020\" \/>\n<meta property=\"og:url\" content=\"https:\/\/www.almega.se\/2017\/09\/nytt-avtal-traffat-for-asylboendeforetag\/\" \/>\n<meta property=\"og:site_name\" content=\"Almega\" \/>\n<meta property=\"article:published_time\" content=\"2017-09-13T14:00:00+00:00\" \/>\n<meta property=\"og:image\" content=\"https:\/\/www.almega.se\/app\/uploads\/2020\/12\/almega-share-logo.png\" \/>\n\t<meta property=\"og:image:width\" content=\"1200\" \/>\n\t<meta property=\"og:image:height\" content=\"630\" \/>\n\t<meta property=\"og:image:type\" content=\"image\/png\" \/>\n<meta name=\"author\" content=\"admin\" \/>\n<meta name=\"twitter:card\" content=\"summary_large_image\" \/>\n<meta name=\"twitter:label1\" content=\"Skriven av\" \/>\n\t<meta name=\"twitter:data1\" content=\"admin\" \/>\n\t<meta name=\"twitter:label2\" content=\"Ber\u00e4knad l\u00e4stid\" \/>\n\t<meta name=\"twitter:data2\" content=\"1 minut\" \/>\n<!-- \/ Yoast SEO Premium plugin. -->","yoast_head_json":{"title":"Nytt avtal tr\u00e4ffat f\u00f6r Asylboendef\u00f6retag | Almega","robots":{"index":"index","follow":"follow","max-snippet":"max-snippet:-1","max-image-preview":"max-image-preview:large","max-video-preview":"max-video-preview:-1"},"canonical":"https:\/\/www.almega.se\/2017\/09\/nytt-avtal-traffat-for-asylboendeforetag\/","og_locale":"sv_SE","og_type":"article","og_title":"Nytt avtal tr\u00e4ffat f\u00f6r Asylboendef\u00f6retag","og_description":"Almega Tj\u00e4nstef\u00f6retagen och Fastighetsanst\u00e4lldas f\u00f6rbund tr\u00e4ffade den 30 augusti 2017 ett nytt avtal f\u00f6r anst\u00e4llda vid Asylboendef\u00f6retag f\u00f6r perioden 1 juni 2017- 31 augusti 2020","og_url":"https:\/\/www.almega.se\/2017\/09\/nytt-avtal-traffat-for-asylboendeforetag\/","og_site_name":"Almega","article_published_time":"2017-09-13T14:00:00+00:00","og_image":[{"width":1200,"height":630,"url":"https:\/\/www.almega.se\/app\/uploads\/2020\/12\/almega-share-logo.png","type":"image\/png"}],"author":"admin","twitter_card":"summary_large_image","twitter_misc":{"Skriven av":"admin","Ber\u00e4knad l\u00e4stid":"1 minut"},"schema":{"@context":"https:\/\/schema.org","@graph":[{"@type":"NewsArticle","@id":"https:\/\/www.almega.se\/2017\/09\/nytt-avtal-traffat-for-asylboendeforetag\/#article","isPartOf":{"@id":"https:\/\/www.almega.se\/2017\/09\/nytt-avtal-traffat-for-asylboendeforetag\/"},"author":{"name":"admin","@id":"https:\/\/www.almega.se\/#\/schema\/person\/9c3674d192fb8b2d1d8b7a3f31c5151d"},"headline":"Nytt avtal tr\u00e4ffat f\u00f6r Asylboende&shy;f\u00f6retag","datePublished":"2017-09-13T14:00:00+00:00","mainEntityOfPage":{"@id":"https:\/\/www.almega.se\/2017\/09\/nytt-avtal-traffat-for-asylboendeforetag\/"},"wordCount":199,"inLanguage":"sv-SE"},{"@type":"WebPage","@id":"https:\/\/www.almega.se\/2017\/09\/nytt-avtal-traffat-for-asylboendeforetag\/","url":"https:\/\/www.almega.se\/2017\/09\/nytt-avtal-traffat-for-asylboendeforetag\/","name":"Nytt avtal tr\u00e4ffat f\u00f6r Asylboendef\u00f6retag | Almega","isPartOf":{"@id":"https:\/\/www.almega.se\/#website"},"datePublished":"2017-09-13T14:00:00+00:00","author":{"@id":"https:\/\/www.almega.se\/#\/schema\/person\/9c3674d192fb8b2d1d8b7a3f31c5151d"},"breadcrumb":{"@id":"https:\/\/www.almega.se\/2017\/09\/nytt-avtal-traffat-for-asylboendeforetag\/#breadcrumb"},"inLanguage":"sv-SE","potentialAction":[{"@type":"ReadAction","target":["https:\/\/www.almega.se\/2017\/09\/nytt-avtal-traffat-for-asylboendeforetag\/"]}]},{"@type":"BreadcrumbList","@id":"https:\/\/www.almega.se\/2017\/09\/nytt-avtal-traffat-for-asylboendeforetag\/#breadcrumb","itemListElement":[{"@type":"ListItem","position":1,"name":"Home","item":"https:\/\/www.almega.se\/"},{"@type":"ListItem","position":2,"name":"Nytt avtal tr\u00e4ffat f\u00f6r Asylboende&shy;f\u00f6retag"}]},{"@type":"WebSite","@id":"https:\/\/www.almega.se\/#website","url":"https:\/\/www.almega.se\/","name":"Almega","description":"","potentialAction":[{"@type":"SearchAction","target":{"@type":"EntryPoint","urlTemplate":"https:\/\/www.almega.se\/?s={search_term_string}"},"query-input":{"@type":"PropertyValueSpecification","valueRequired":true,"valueName":"search_term_string"}}],"inLanguage":"sv-SE"},{"@type":"Person","@id":"https:\/\/www.almega.se\/#\/schema\/person\/9c3674d192fb8b2d1d8b7a3f31c5151d","name":"admin","image":{"@type":"ImageObject","inLanguage":"sv-SE","@id":"https:\/\/www.almega.se\/#\/schema\/person\/image\/","url":"https:\/\/secure.gravatar.com\/avatar\/13aac7e7a7582f599e3ba7706cec051e12eac4ad6c2ffe6f9d24800e63294187?s=96&d=mm&r=g","contentUrl":"https:\/\/secure.gravatar.com\/avatar\/13aac7e7a7582f599e3ba7706cec051e12eac4ad6c2ffe6f9d24800e63294187?s=96&d=mm&r=g","caption":"admin"},"url":"https:\/\/www.almega.se\/person\/admin\/"}]}},"_links":{"self":[{"href":"https:\/\/www.almega.se\/api\/wp\/v2\/posts\/5200","targetHints":{"allow":["GET"]}}],"collection":[{"href":"https:\/\/www.almega.se\/api\/wp\/v2\/posts"}],"about":[{"href":"https:\/\/www.almega.se\/api\/wp\/v2\/types\/post"}],"author":[{"embeddable":true,"href":"https:\/\/www.almega.se\/api\/wp\/v2\/users\/1"}],"replies":[{"embeddable":true,"href":"https:\/\/www.almega.se\/api\/wp\/v2\/comments?post=5200"}],"version-history":[{"count":1,"href":"https:\/\/www.almega.se\/api\/wp\/v2\/posts\/5200\/revisions"}],"predecessor-version":[{"id":58057,"href":"https:\/\/www.almega.se\/api\/wp\/v2\/posts\/5200\/revisions\/58057"}],"wp:attachment":[{"href":"https:\/\/www.almega.se\/api\/wp\/v2\/media?parent=5200"}],"wp:term":[{"taxonomy":"category","embeddable":true,"href":"https:\/\/www.almega.se\/api\/wp\/v2\/categories?post=5200"},{"taxonomy":"post_tag","embeddable":true,"href":"https:\/\/www.almega.se\/api\/wp\/v2\/tags?post=5200"},{"taxonomy":"type","embeddable":true,"href":"https:\/\/www.almega.se\/api\/wp\/v2\/article_type?post=5200"},{"taxonomy":"agreement","embeddable":true,"href":"https:\/\/www.almega.se\/api\/wp\/v2\/agreement?post=5200"}],"curies":[{"name":"wp","href":"https:\/\/api.w.org\/{rel}","templated":true}]}}