{"id":51596,"date":"2023-01-10T12:59:02","date_gmt":"2023-01-10T11:59:02","guid":{"rendered":"https:\/\/dev.almega.se\/?p=51596"},"modified":"2023-02-15T10:43:52","modified_gmt":"2023-02-15T09:43:52","slug":"ny-rapport-tillvaxten-narmar-sig-noll","status":"publish","type":"post","link":"https:\/\/www.almega.se\/2023\/01\/ny-rapport-tillvaxten-narmar-sig-noll\/","title":{"rendered":"Ny rapport: Tillv\u00e4xten n\u00e4rmar sig noll"},"content":{"rendered":"<p class=\"intro\">Tillv\u00e4xttakten i den privata tj\u00e4nstesektorn har n\u00e4stan halverats j\u00e4mf\u00f6rt med b\u00f6rjan av 2022, och avmattningen forts\u00e4tter. Det visar Almegas nya tj\u00e4nsteindikator. Bristen p\u00e5 arbetskraft minskar f\u00f6r f\u00f6rsta g\u00e5ngen p\u00e5 tv\u00e5 \u00e5r. \u201d\u00c4ven om det v\u00e4nder ner\u00e5t s\u00e5 beh\u00f6vs arbetskraft, fr\u00e4mst specialister men \u00e4ven andra yrkeskunniga\u201d, s\u00e4ger Almegas chefsekonom Patrick Joyce.<\/p>\n\n<p><\/p>\n\n\n\n<p>Enligt Almegas senaste tj\u00e4nsteindikator v\u00e4xte produktionen i den privata tj\u00e4nstesektorn med 3,9 procent i \u00e5rstakt det tredje kvartalet i \u00e5r \u2013 men tillv\u00e4xttakten har halverats j\u00e4mf\u00f6rt med b\u00f6rjan av \u00e5ret. Det var v\u00e4ntat enligt Almegas chefekonom Patrick Joyce:<\/p>\n\n\n\n<p>\u2013 Inbromsningen \u00e4r snabb, men \u00e4r n\u00e5got vi r\u00e4knat med. Inbromsningen beror dels p\u00e5 den internationella konjunkturnedg\u00e5ngen och dels p\u00e5 att hush\u00e5llens efterfr\u00e5gan p\u00e5 tj\u00e4nster minskar. Sannolikt kommer produktionen inom den privata tj\u00e4nstesektorn minska under n\u00e4sta \u00e5r, s\u00e4ger Patrick Joyce.<\/p>\n\n\n\n      <a href=\"https:\/\/www.almega.se\/app\/uploads\/2022\/12\/tjansteindikatorn-kvartal-fyra-2022-slutversion.pdf\" target=\"_blank\" class=\"Button is-button is-fullwidth is-style-fill has-primary-background-color has-primary-border-color Button--download\">\n      \n        L\u00e4s rapporten h\u00e4r\n      \n      \n                <svg class='icon icon--download'  width=\"16\" height=\"16\" viewBox=\"0 0 16 16\" fill=\"none\" xmlns=\"http:\/\/www.w3.org\/2000\/svg\">\n<path d=\"M8 -2.18557e-07L8 10M8 10L13 5M8 10L3 5\" stroke=\"black\" stroke-width=\"2\" stroke-miterlimit=\"10\"\/>\n<path d=\"M15 11.5V15H1V11.5\" stroke=\"black\" stroke-width=\"2\" stroke-miterlimit=\"10\"\/>\n<\/svg>\n\n        \n    <\/a>\n  \n\n\n<a class='Share__link Share__link--url copy-text' href='#' rel='nofollow' data-text='mattligt-okad-arbetsloshet' title='Dela url' data-confirmation='L\u00e4nken kopierades till urklipp'><svg class='icon icon--link'  width='18' height='18' viewBox='0 0 18 18' fill='none' xmlns='http:\/\/www.w3.org\/2000\/svg'>\n            <path d='M10.4142 0.514721L6.87868 4.05025L8.29289 5.46447L11.1213 2.63604L15.364 6.87868L12.5355 9.70711L13.9497 11.1213L17.4853 7.58579C17.8763 7.19476 17.8763 6.5626 17.4853 6.17158L11.8284 0.514721C11.4374 0.123691 10.8052 0.123691 10.4142 0.514721Z' fill='black'\/>\n            <path d='M9.7071 12.5355L6.87868 15.364L2.63604 11.1213L5.46446 8.2929L4.05025 6.87868L0.514716 10.4142C0.123686 10.8052 0.123686 11.4374 0.514716 11.8284L6.17157 17.4853C6.5626 17.8763 7.19475 17.8763 7.58578 17.4853L11.1213 13.9497L9.7071 12.5355Z' fill='black'\/>\n            <path d='M6.17157 11.8284C6.5626 12.2195 7.19475 12.2195 7.58578 11.8284L11.8284 7.58579C12.2195 7.19476 12.2195 6.56261 11.8284 6.17158C11.4374 5.78055 10.8052 5.78055 10.4142 6.17158L6.17157 10.4142C5.78054 10.8052 5.78054 11.4374 6.17157 11.8284Z' fill='black'\/>\n            <\/svg> <\/a>\n<h2 class=\"wp-block-heading\">M\u00e5ttligt \u00f6kad arbetsl\u00f6shet<\/h2>\n\n\n\n<p>Nedg\u00e5ngen omfattar alla tj\u00e4nstebranscher f\u00f6rutom bemanningsbranschen, som g\u00e5r fortsatt bra.<\/p>\n\n\n\n<p>\u2013 Det \u00e4r lite f\u00f6rv\u00e5nande. L\u00e4get f\u00f6r bemanningsbranschen brukar vara en tidig indikator p\u00e5 sv\u00e4ngningar i konjunkturen. Att bemanningsbranschen fortfarande utvecklas starkt kan bero p\u00e5 att bristen p\u00e5 arbetskraft fortfarande \u00e4r stor. Det g\u00e4ller s\u00e4rskilt specialiserad arbetskraft, s\u00e4ger Patrick Joyce.<\/p>\n\n\n\n<p>Enligt tj\u00e4nsteindikatorn mildras arbetskraftsbristen inom tj\u00e4nstesektorn \u2013 fr\u00e5n rekordh\u00f6ga niv\u00e5er.<\/p>\n\n\n\n<p>\u2013 \u00c4ven om behovet minskar s\u00e5 beh\u00f6vs arbetskraft, fr\u00e4mst specialister och andra yrkeskunniga. Vi r\u00e4knar inte heller med en j\u00e4ttestor \u00f6kning av arbetsl\u00f6sheten, som i nul\u00e4get ligger p\u00e5 strax under sju procent. Pessimistiskt r\u00e4knat stiger den m\u00f6jligen till \u00e5tta procent, men sannolikt inte mer men i grunden det beror s\u00e5 klart p\u00e5 hur djup konjunkturnedg\u00e5ngen blir, s\u00e4ger Patrick Joyce<\/p>\n\n\n\n<blockquote class=\"wp-block-quote is-layout-flow wp-block-quote-is-layout-flow\">\n<p>Almegas prisindikator f\u00f6r tj\u00e4nstesektorn tyder p\u00e5 att inflationen p\u00e5 tj\u00e4nstesidan kan ha toppat nu, vilket \u00e4r gl\u00e4djande,<\/p>\n<\/blockquote>\n\n\n<a class='Share__link Share__link--url copy-text' href='#' rel='nofollow' data-text='inflationen-kan-ha-toppat' title='Dela url' data-confirmation='L\u00e4nken kopierades till urklipp'><svg class='icon icon--link'  width='18' height='18' viewBox='0 0 18 18' fill='none' xmlns='http:\/\/www.w3.org\/2000\/svg'>\n            <path d='M10.4142 0.514721L6.87868 4.05025L8.29289 5.46447L11.1213 2.63604L15.364 6.87868L12.5355 9.70711L13.9497 11.1213L17.4853 7.58579C17.8763 7.19476 17.8763 6.5626 17.4853 6.17158L11.8284 0.514721C11.4374 0.123691 10.8052 0.123691 10.4142 0.514721Z' fill='black'\/>\n            <path d='M9.7071 12.5355L6.87868 15.364L2.63604 11.1213L5.46446 8.2929L4.05025 6.87868L0.514716 10.4142C0.123686 10.8052 0.123686 11.4374 0.514716 11.8284L6.17157 17.4853C6.5626 17.8763 7.19475 17.8763 7.58578 17.4853L11.1213 13.9497L9.7071 12.5355Z' fill='black'\/>\n            <path d='M6.17157 11.8284C6.5626 12.2195 7.19475 12.2195 7.58578 11.8284L11.8284 7.58579C12.2195 7.19476 12.2195 6.56261 11.8284 6.17158C11.4374 5.78055 10.8052 5.78055 10.4142 6.17158L6.17157 10.4142C5.78054 10.8052 5.78054 11.4374 6.17157 11.8284Z' fill='black'\/>\n            <\/svg> <\/a>\n<h2 class=\"wp-block-heading\">Inflationen kan ha toppat<\/h2>\n\n\n\n<p>F\u00f6retagen inom tj\u00e4nstesektorn har inte heller h\u00f6jt priserna mer \u00e4n sina kostnader. Det \u00e4r allts\u00e5 inte tj\u00e4nstesektorn som driver inflationen d\u00e5 tj\u00e4nstepriserna \u00f6kar l\u00e5ngsammare \u00e4n \u00f6vriga priser i ekonomin.<\/p>\n\n\n\n<p>\u2013 Inflationen kommer snarare utifr\u00e5n, s\u00e5som h\u00f6jda priser p\u00e5 r\u00e5varor. Almegas prisindikator f\u00f6r tj\u00e4nstesektorn tyder p\u00e5 att inflationen p\u00e5 tj\u00e4nstesidan kan ha toppat nu, vilket \u00e4r gl\u00e4djande, avslutar Patrick Joyce.<\/p>\n","protected":false},"excerpt":{"rendered":"<p>Enligt Almegas senaste tj\u00e4nsteindikator v\u00e4xte produktionen i den privata tj\u00e4nstesektorn med 3,9 procent i \u00e5rstakt det tredje kvartalet i \u00e5r \u2013 men tillv\u00e4xttakten har halverats j\u00e4mf\u00f6rt med b\u00f6rjan av \u00e5ret. Det var v\u00e4ntat enligt Almegas &hellip;<\/p>\n","protected":false},"author":6058,"featured_media":51604,"comment_status":"closed","ping_status":"closed","sticky":false,"template":"","format":"standard","meta":{"_acf_changed":false,"footnotes":""},"categories":[1],"tags":[],"article_type":[56,42],"agreement":[],"class_list":["post-51596","post","type-post","status-publish","format-standard","has-post-thumbnail","hentry","category-okategoriserade","type-nyheter","type-rapporter"],"acf":[],"yoast_head":"<!-- This site is optimized with the Yoast SEO Premium plugin v26.8 (Yoast SEO v26.8) - https:\/\/yoast.com\/product\/yoast-seo-premium-wordpress\/ -->\n<title>Ny rapport: Tillv\u00e4xten n\u00e4rmar sig noll | Almega<\/title>\n<meta name=\"robots\" content=\"index, follow, max-snippet:-1, max-image-preview:large, max-video-preview:-1\" \/>\n<link rel=\"canonical\" href=\"https:\/\/www.almega.se\/2023\/01\/ny-rapport-tillvaxten-narmar-sig-noll\/\" \/>\n<meta property=\"og:locale\" content=\"sv_SE\" \/>\n<meta property=\"og:type\" content=\"article\" \/>\n<meta property=\"og:title\" content=\"Ny rapport: Tillv\u00e4xten n\u00e4rmar sig noll\" \/>\n<meta property=\"og:description\" content=\"Enligt Almegas senaste tj\u00e4nsteindikator v\u00e4xte produktionen i den privata tj\u00e4nstesektorn med 3,9 procent i \u00e5rstakt det tredje kvartalet i \u00e5r \u2013 men tillv\u00e4xttakten har halverats j\u00e4mf\u00f6rt med b\u00f6rjan av \u00e5ret. Det var v\u00e4ntat enligt Almegas &hellip;\" \/>\n<meta property=\"og:url\" content=\"https:\/\/www.almega.se\/2023\/01\/ny-rapport-tillvaxten-narmar-sig-noll\/\" \/>\n<meta property=\"og:site_name\" content=\"Almega\" \/>\n<meta property=\"article:published_time\" content=\"2023-01-10T11:59:02+00:00\" \/>\n<meta property=\"article:modified_time\" content=\"2023-02-15T09:43:52+00:00\" \/>\n<meta property=\"og:image\" content=\"https:\/\/www.almega.se\/app\/uploads\/2023\/01\/39C06082-8771-4868-956E-5395E2E473C3-scaled.jpeg\" \/>\n\t<meta property=\"og:image:width\" content=\"2560\" \/>\n\t<meta property=\"og:image:height\" content=\"1707\" \/>\n\t<meta property=\"og:image:type\" content=\"image\/jpeg\" \/>\n<meta name=\"author\" content=\"Shashika Sellgren\" \/>\n<meta name=\"twitter:card\" content=\"summary_large_image\" \/>\n<meta name=\"twitter:label1\" content=\"Skriven av\" \/>\n\t<meta name=\"twitter:data1\" content=\"Shashika Sellgren\" \/>\n\t<meta name=\"twitter:label2\" content=\"Ber\u00e4knad l\u00e4stid\" \/>\n\t<meta name=\"twitter:data2\" content=\"2 minuter\" \/>\n<!-- \/ Yoast SEO Premium plugin. -->","yoast_head_json":{"title":"Ny rapport: Tillv\u00e4xten n\u00e4rmar sig noll | Almega","robots":{"index":"index","follow":"follow","max-snippet":"max-snippet:-1","max-image-preview":"max-image-preview:large","max-video-preview":"max-video-preview:-1"},"canonical":"https:\/\/www.almega.se\/2023\/01\/ny-rapport-tillvaxten-narmar-sig-noll\/","og_locale":"sv_SE","og_type":"article","og_title":"Ny rapport: Tillv\u00e4xten n\u00e4rmar sig noll","og_description":"Enligt Almegas senaste tj\u00e4nsteindikator v\u00e4xte produktionen i den privata tj\u00e4nstesektorn med 3,9 procent i \u00e5rstakt det tredje kvartalet i \u00e5r \u2013 men tillv\u00e4xttakten har halverats j\u00e4mf\u00f6rt med b\u00f6rjan av \u00e5ret. Det var v\u00e4ntat enligt Almegas &hellip;","og_url":"https:\/\/www.almega.se\/2023\/01\/ny-rapport-tillvaxten-narmar-sig-noll\/","og_site_name":"Almega","article_published_time":"2023-01-10T11:59:02+00:00","article_modified_time":"2023-02-15T09:43:52+00:00","og_image":[{"width":2560,"height":1707,"url":"https:\/\/www.almega.se\/app\/uploads\/2023\/01\/39C06082-8771-4868-956E-5395E2E473C3-scaled.jpeg","type":"image\/jpeg"}],"author":"Shashika Sellgren","twitter_card":"summary_large_image","twitter_misc":{"Skriven av":"Shashika Sellgren","Ber\u00e4knad l\u00e4stid":"2 minuter"},"schema":{"@context":"https:\/\/schema.org","@graph":[{"@type":"NewsArticle","@id":"https:\/\/www.almega.se\/2023\/01\/ny-rapport-tillvaxten-narmar-sig-noll\/#article","isPartOf":{"@id":"https:\/\/www.almega.se\/2023\/01\/ny-rapport-tillvaxten-narmar-sig-noll\/"},"author":{"name":"Shashika Sellgren","@id":"https:\/\/www.almega.se\/#\/schema\/person\/38c6b37b81c530c93246c3d1993d5662"},"headline":"Ny rapport: Tillv\u00e4xten n\u00e4rmar sig noll","datePublished":"2023-01-10T11:59:02+00:00","dateModified":"2023-02-15T09:43:52+00:00","mainEntityOfPage":{"@id":"https:\/\/www.almega.se\/2023\/01\/ny-rapport-tillvaxten-narmar-sig-noll\/"},"wordCount":345,"image":{"@id":"https:\/\/www.almega.se\/2023\/01\/ny-rapport-tillvaxten-narmar-sig-noll\/#primaryimage"},"thumbnailUrl":"https:\/\/www.almega.se\/app\/uploads\/2023\/01\/39C06082-8771-4868-956E-5395E2E473C3-scaled.jpeg","inLanguage":"sv-SE"},{"@type":"WebPage","@id":"https:\/\/www.almega.se\/2023\/01\/ny-rapport-tillvaxten-narmar-sig-noll\/","url":"https:\/\/www.almega.se\/2023\/01\/ny-rapport-tillvaxten-narmar-sig-noll\/","name":"Ny rapport: Tillv\u00e4xten n\u00e4rmar sig noll | Almega","isPartOf":{"@id":"https:\/\/www.almega.se\/#website"},"primaryImageOfPage":{"@id":"https:\/\/www.almega.se\/2023\/01\/ny-rapport-tillvaxten-narmar-sig-noll\/#primaryimage"},"image":{"@id":"https:\/\/www.almega.se\/2023\/01\/ny-rapport-tillvaxten-narmar-sig-noll\/#primaryimage"},"thumbnailUrl":"https:\/\/www.almega.se\/app\/uploads\/2023\/01\/39C06082-8771-4868-956E-5395E2E473C3-scaled.jpeg","datePublished":"2023-01-10T11:59:02+00:00","dateModified":"2023-02-15T09:43:52+00:00","author":{"@id":"https:\/\/www.almega.se\/#\/schema\/person\/38c6b37b81c530c93246c3d1993d5662"},"breadcrumb":{"@id":"https:\/\/www.almega.se\/2023\/01\/ny-rapport-tillvaxten-narmar-sig-noll\/#breadcrumb"},"inLanguage":"sv-SE","potentialAction":[{"@type":"ReadAction","target":["https:\/\/www.almega.se\/2023\/01\/ny-rapport-tillvaxten-narmar-sig-noll\/"]}]},{"@type":"ImageObject","inLanguage":"sv-SE","@id":"https:\/\/www.almega.se\/2023\/01\/ny-rapport-tillvaxten-narmar-sig-noll\/#primaryimage","url":"https:\/\/www.almega.se\/app\/uploads\/2023\/01\/39C06082-8771-4868-956E-5395E2E473C3-scaled.jpeg","contentUrl":"https:\/\/www.almega.se\/app\/uploads\/2023\/01\/39C06082-8771-4868-956E-5395E2E473C3-scaled.jpeg","width":2560,"height":1707},{"@type":"BreadcrumbList","@id":"https:\/\/www.almega.se\/2023\/01\/ny-rapport-tillvaxten-narmar-sig-noll\/#breadcrumb","itemListElement":[{"@type":"ListItem","position":1,"name":"Home","item":"https:\/\/www.almega.se\/"},{"@type":"ListItem","position":2,"name":"Ny rapport: Tillv\u00e4xten n\u00e4rmar sig noll"}]},{"@type":"WebSite","@id":"https:\/\/www.almega.se\/#website","url":"https:\/\/www.almega.se\/","name":"Almega","description":"","potentialAction":[{"@type":"SearchAction","target":{"@type":"EntryPoint","urlTemplate":"https:\/\/www.almega.se\/?s={search_term_string}"},"query-input":{"@type":"PropertyValueSpecification","valueRequired":true,"valueName":"search_term_string"}}],"inLanguage":"sv-SE"},{"@type":"Person","@id":"https:\/\/www.almega.se\/#\/schema\/person\/38c6b37b81c530c93246c3d1993d5662","name":"Shashika Sellgren","image":{"@type":"ImageObject","inLanguage":"sv-SE","@id":"https:\/\/www.almega.se\/#\/schema\/person\/image\/","url":"https:\/\/secure.gravatar.com\/avatar\/b225c479880df9eb82d1501dd105dd8040f27c8563f3d4bf5dd62ce0a1630abd?s=96&d=mm&r=g","contentUrl":"https:\/\/secure.gravatar.com\/avatar\/b225c479880df9eb82d1501dd105dd8040f27c8563f3d4bf5dd62ce0a1630abd?s=96&d=mm&r=g","caption":"Shashika Sellgren"},"url":"https:\/\/www.almega.se\/person\/shashikasellgren\/"}]}},"_links":{"self":[{"href":"https:\/\/www.almega.se\/api\/wp\/v2\/posts\/51596","targetHints":{"allow":["GET"]}}],"collection":[{"href":"https:\/\/www.almega.se\/api\/wp\/v2\/posts"}],"about":[{"href":"https:\/\/www.almega.se\/api\/wp\/v2\/types\/post"}],"author":[{"embeddable":true,"href":"https:\/\/www.almega.se\/api\/wp\/v2\/users\/6058"}],"replies":[{"embeddable":true,"href":"https:\/\/www.almega.se\/api\/wp\/v2\/comments?post=51596"}],"version-history":[{"count":25,"href":"https:\/\/www.almega.se\/api\/wp\/v2\/posts\/51596\/revisions"}],"predecessor-version":[{"id":59005,"href":"https:\/\/www.almega.se\/api\/wp\/v2\/posts\/51596\/revisions\/59005"}],"wp:featuredmedia":[{"embeddable":true,"href":"https:\/\/www.almega.se\/api\/wp\/v2\/media\/51604"}],"wp:attachment":[{"href":"https:\/\/www.almega.se\/api\/wp\/v2\/media?parent=51596"}],"wp:term":[{"taxonomy":"category","embeddable":true,"href":"https:\/\/www.almega.se\/api\/wp\/v2\/categories?post=51596"},{"taxonomy":"post_tag","embeddable":true,"href":"https:\/\/www.almega.se\/api\/wp\/v2\/tags?post=51596"},{"taxonomy":"type","embeddable":true,"href":"https:\/\/www.almega.se\/api\/wp\/v2\/article_type?post=51596"},{"taxonomy":"agreement","embeddable":true,"href":"https:\/\/www.almega.se\/api\/wp\/v2\/agreement?post=51596"}],"curies":[{"name":"wp","href":"https:\/\/api.w.org\/{rel}","templated":true}]}}