{"id":49241,"date":"2022-12-16T09:36:04","date_gmt":"2022-12-16T08:36:04","guid":{"rendered":"https:\/\/www.almega.se\/?p=49241"},"modified":"2023-01-12T17:43:22","modified_gmt":"2023-01-12T16:43:22","slug":"oppettider-for-arbetsgivarjouren","status":"publish","type":"post","link":"https:\/\/www.almega.se\/2022\/12\/oppettider-for-arbetsgivarjouren\/","title":{"rendered":"\u00d6ppettider f\u00f6r arbetsgivar&shy;jouren"},"content":{"rendered":"<p class=\"intro\">Jul, ny\u00e5r och ledighet till trots \u2013 som medlem i Almega \u00e4r du v\u00e4lkommen att ringa arbetsgivarjouren med dina fr\u00e5gor.<\/p>\n\n<p>I jouren arbetar arbetsr\u00e4ttsjurister, avtalsexperter och f\u00f6rhandlare med m\u00e5nga \u00e5rs erfarenhet. Almegas arbetsgivarjour (telefonr\u00e5dgivningen) har \u00f6ppet som vanligt alla vardagar under jul och ny\u00e5r. Du n\u00e5r arbetsgivarjouren p\u00e5 telefonnummer: 08-762 69 90.<\/p>\n\n\n\n<figure class=\"wp-block-table is-style-stripes has-normal-font-size\"><table><tbody><tr><td><strong>Fredag 23 december<\/strong><\/td><td>08.30\u201317.00<\/td><\/tr><tr><td><strong>Julafton<\/strong><\/td><td>St\u00e4ngt<\/td><\/tr><tr><td><strong>Juldagen<\/strong><\/td><td>St\u00e4ngt<\/td><\/tr><tr><td><strong>Annandag jul<\/strong><\/td><td>St\u00e4ngt<\/td><\/tr><tr><td><strong>Tisdag 27 december<\/strong><\/td><td>08.30\u201317.00<\/td><\/tr><tr><td><strong>Onsdag 28 december<\/strong><\/td><td>08.30\u201317.00<\/td><\/tr><tr><td><strong>Torsdag 29 december<\/strong><\/td><td>08.30\u201317.00<\/td><\/tr><tr><td><strong>Fredag 30 december<\/strong><\/td><td>08.30\u201317.00<\/td><\/tr><tr><td><strong>Ny\u00e5rsafton<\/strong><\/td><td>St\u00e4ngt<\/td><\/tr><tr><td><strong>Ny\u00e5rsdagen<\/strong><\/td><td>St\u00e4ngt<\/td><\/tr><tr><td><strong>M\u00e5ndag 2 januari<\/strong><\/td><td>08.30\u201317.00<\/td><\/tr><tr><td><strong>Tisdag 3 januari<\/strong><\/td><td>08.30\u201317.00<\/td><\/tr><tr><td><strong>Onsdag 4 januari<\/strong><\/td><td>08.30\u201317.00<\/td><\/tr><tr><td><strong>Trettondagsafton<\/strong><\/td><td>08.30\u201317.00<\/td><\/tr><tr><td><strong>Fredag 6 januari<\/strong><\/td><td>St\u00e4ngt<\/td><\/tr><\/tbody><\/table><\/figure>\n\n\n\n<p><\/p>\n\n\n\n<p>Som medlem i Almega har du ocks\u00e5 st\u00f6d dygnet runt i form av v\u00e5r kunskapsbank p\u00e5 webben \u2013 Arbetsgivarguiden. H\u00e4r hittar du som arbetsgivare eller chef juridisk r\u00e5dgivning och snabb och aktuell information om ditt eller dina kollektivavtal. H\u00e4r finns \u00e4ven anv\u00e4ndbara mallar, checklistor och blanketter, samt svar p\u00e5 dina fr\u00e5gor kring pension, f\u00f6rs\u00e4kringar, l\u00f6n, lagar, arbetsmilj\u00f6 och allt annat som r\u00f6r dig i din roll som arbetsgivare och chef.<\/p>\n\n\n\n<p>Logga in p\u00e5&nbsp;<a href=\"https:\/\/sso.arbetsgivarguiden.se\/login?signin=68d577c0d08c2e209fb64040af7974bc\">Arbetsgivarguiden<\/a>&nbsp;och l\u00e4s mer.<\/p>\n","protected":false},"excerpt":{"rendered":"<p>I jouren arbetar arbetsr\u00e4ttsjurister, avtalsexperter och f\u00f6rhandlare med m\u00e5nga \u00e5rs erfarenhet. Almegas arbetsgivarjour (telefonr\u00e5dgivningen) har \u00f6ppet som vanligt alla vardagar under jul och ny\u00e5r. Du n\u00e5r arbetsgivarjouren p\u00e5 telefonnummer: 08-762 69 90. Fredag 23 december &hellip;<\/p>\n","protected":false},"author":10030,"featured_media":20863,"comment_status":"closed","ping_status":"closed","sticky":false,"template":"","format":"standard","meta":{"_acf_changed":false,"footnotes":""},"categories":[603,451],"tags":[],"article_type":[56],"agreement":[],"class_list":["post-49241","post","type-post","status-publish","format-standard","has-post-thumbnail","hentry","category-almega","category-arbetsgivarfragor","type-nyheter"],"acf":[],"yoast_head":"<!-- This site is optimized with the Yoast SEO Premium plugin v26.8 (Yoast SEO v26.8) - https:\/\/yoast.com\/product\/yoast-seo-premium-wordpress\/ -->\n<title>\u00d6ppettider f\u00f6r arbetsgivarjouren | Almega<\/title>\n<meta name=\"description\" content=\"Jul, ny\u00e5r och ledighet till trots \u2013 som medlem i Almega \u00e4r du v\u00e4lkommen att ringa till arbetsgivarjouren med dina fr\u00e5gor. L\u00e4s mer p\u00e5 almega.se\" \/>\n<meta name=\"robots\" content=\"index, follow, max-snippet:-1, max-image-preview:large, max-video-preview:-1\" \/>\n<link rel=\"canonical\" href=\"https:\/\/www.almega.se\/2022\/12\/oppettider-for-arbetsgivarjouren\/\" \/>\n<meta property=\"og:locale\" content=\"sv_SE\" \/>\n<meta property=\"og:type\" content=\"article\" \/>\n<meta property=\"og:title\" content=\"\u00d6ppettider f\u00f6r arbetsgivarjouren\" \/>\n<meta property=\"og:description\" content=\"Jul, ny\u00e5r och ledighet till trots \u2013 som medlem i Almega \u00e4r du v\u00e4lkommen att ringa till arbetsgivarjouren med dina fr\u00e5gor. L\u00e4s mer p\u00e5 almega.se\" \/>\n<meta property=\"og:url\" content=\"https:\/\/www.almega.se\/2022\/12\/oppettider-for-arbetsgivarjouren\/\" \/>\n<meta property=\"og:site_name\" content=\"Almega\" \/>\n<meta property=\"article:published_time\" content=\"2022-12-16T08:36:04+00:00\" \/>\n<meta property=\"article:modified_time\" content=\"2023-01-12T16:43:22+00:00\" \/>\n<meta property=\"og:image\" content=\"https:\/\/www.almega.se\/app\/uploads\/2018\/12\/telefonjour-jul.jpg\" \/>\n\t<meta property=\"og:image:width\" content=\"1000\" \/>\n\t<meta property=\"og:image:height\" content=\"600\" \/>\n\t<meta property=\"og:image:type\" content=\"image\/jpeg\" \/>\n<meta name=\"author\" content=\"Jenny Svensson\" \/>\n<meta name=\"twitter:card\" content=\"summary_large_image\" \/>\n<meta name=\"twitter:label1\" content=\"Skriven av\" \/>\n\t<meta name=\"twitter:data1\" content=\"Jenny Svensson\" \/>\n\t<meta name=\"twitter:label2\" content=\"Ber\u00e4knad l\u00e4stid\" \/>\n\t<meta name=\"twitter:data2\" content=\"1 minut\" \/>\n<!-- \/ Yoast SEO Premium plugin. -->","yoast_head_json":{"title":"\u00d6ppettider f\u00f6r arbetsgivarjouren | Almega","description":"Jul, ny\u00e5r och ledighet till trots \u2013 som medlem i Almega \u00e4r du v\u00e4lkommen att ringa till arbetsgivarjouren med dina fr\u00e5gor. L\u00e4s mer p\u00e5 almega.se","robots":{"index":"index","follow":"follow","max-snippet":"max-snippet:-1","max-image-preview":"max-image-preview:large","max-video-preview":"max-video-preview:-1"},"canonical":"https:\/\/www.almega.se\/2022\/12\/oppettider-for-arbetsgivarjouren\/","og_locale":"sv_SE","og_type":"article","og_title":"\u00d6ppettider f\u00f6r arbetsgivarjouren","og_description":"Jul, ny\u00e5r och ledighet till trots \u2013 som medlem i Almega \u00e4r du v\u00e4lkommen att ringa till arbetsgivarjouren med dina fr\u00e5gor. L\u00e4s mer p\u00e5 almega.se","og_url":"https:\/\/www.almega.se\/2022\/12\/oppettider-for-arbetsgivarjouren\/","og_site_name":"Almega","article_published_time":"2022-12-16T08:36:04+00:00","article_modified_time":"2023-01-12T16:43:22+00:00","og_image":[{"width":1000,"height":600,"url":"https:\/\/www.almega.se\/app\/uploads\/2018\/12\/telefonjour-jul.jpg","type":"image\/jpeg"}],"author":"Jenny Svensson","twitter_card":"summary_large_image","twitter_misc":{"Skriven av":"Jenny Svensson","Ber\u00e4knad l\u00e4stid":"1 minut"},"schema":{"@context":"https:\/\/schema.org","@graph":[{"@type":"NewsArticle","@id":"https:\/\/www.almega.se\/2022\/12\/oppettider-for-arbetsgivarjouren\/#article","isPartOf":{"@id":"https:\/\/www.almega.se\/2022\/12\/oppettider-for-arbetsgivarjouren\/"},"author":{"name":"Jenny Svensson","@id":"https:\/\/www.almega.se\/#\/schema\/person\/32354de9d0afff6f7b172d707f6df43e"},"headline":"\u00d6ppettider f\u00f6r arbetsgivar&shy;jouren","datePublished":"2022-12-16T08:36:04+00:00","dateModified":"2023-01-12T16:43:22+00:00","mainEntityOfPage":{"@id":"https:\/\/www.almega.se\/2022\/12\/oppettider-for-arbetsgivarjouren\/"},"wordCount":170,"image":{"@id":"https:\/\/www.almega.se\/2022\/12\/oppettider-for-arbetsgivarjouren\/#primaryimage"},"thumbnailUrl":"https:\/\/www.almega.se\/app\/uploads\/2018\/12\/telefonjour-jul.jpg","articleSection":["Almega","Arbetsgivarfr\u00e5gor"],"inLanguage":"sv-SE"},{"@type":"WebPage","@id":"https:\/\/www.almega.se\/2022\/12\/oppettider-for-arbetsgivarjouren\/","url":"https:\/\/www.almega.se\/2022\/12\/oppettider-for-arbetsgivarjouren\/","name":"\u00d6ppettider f\u00f6r arbetsgivarjouren | Almega","isPartOf":{"@id":"https:\/\/www.almega.se\/#website"},"primaryImageOfPage":{"@id":"https:\/\/www.almega.se\/2022\/12\/oppettider-for-arbetsgivarjouren\/#primaryimage"},"image":{"@id":"https:\/\/www.almega.se\/2022\/12\/oppettider-for-arbetsgivarjouren\/#primaryimage"},"thumbnailUrl":"https:\/\/www.almega.se\/app\/uploads\/2018\/12\/telefonjour-jul.jpg","datePublished":"2022-12-16T08:36:04+00:00","dateModified":"2023-01-12T16:43:22+00:00","author":{"@id":"https:\/\/www.almega.se\/#\/schema\/person\/32354de9d0afff6f7b172d707f6df43e"},"description":"Jul, ny\u00e5r och ledighet till trots \u2013 som medlem i Almega \u00e4r du v\u00e4lkommen att ringa till arbetsgivarjouren med dina fr\u00e5gor. L\u00e4s mer p\u00e5 almega.se","breadcrumb":{"@id":"https:\/\/www.almega.se\/2022\/12\/oppettider-for-arbetsgivarjouren\/#breadcrumb"},"inLanguage":"sv-SE","potentialAction":[{"@type":"ReadAction","target":["https:\/\/www.almega.se\/2022\/12\/oppettider-for-arbetsgivarjouren\/"]}]},{"@type":"ImageObject","inLanguage":"sv-SE","@id":"https:\/\/www.almega.se\/2022\/12\/oppettider-for-arbetsgivarjouren\/#primaryimage","url":"https:\/\/www.almega.se\/app\/uploads\/2018\/12\/telefonjour-jul.jpg","contentUrl":"https:\/\/www.almega.se\/app\/uploads\/2018\/12\/telefonjour-jul.jpg","width":1000,"height":600},{"@type":"BreadcrumbList","@id":"https:\/\/www.almega.se\/2022\/12\/oppettider-for-arbetsgivarjouren\/#breadcrumb","itemListElement":[{"@type":"ListItem","position":1,"name":"Home","item":"https:\/\/www.almega.se\/"},{"@type":"ListItem","position":2,"name":"\u00d6ppettider f\u00f6r arbetsgivar&shy;jouren"}]},{"@type":"WebSite","@id":"https:\/\/www.almega.se\/#website","url":"https:\/\/www.almega.se\/","name":"Almega","description":"","potentialAction":[{"@type":"SearchAction","target":{"@type":"EntryPoint","urlTemplate":"https:\/\/www.almega.se\/?s={search_term_string}"},"query-input":{"@type":"PropertyValueSpecification","valueRequired":true,"valueName":"search_term_string"}}],"inLanguage":"sv-SE"},{"@type":"Person","@id":"https:\/\/www.almega.se\/#\/schema\/person\/32354de9d0afff6f7b172d707f6df43e","name":"Jenny Svensson","image":{"@type":"ImageObject","inLanguage":"sv-SE","@id":"https:\/\/www.almega.se\/#\/schema\/person\/image\/","url":"https:\/\/secure.gravatar.com\/avatar\/a0d3ec7fcaaaedd234f398082389cb242215e1e11f1bcde256daee3275bab387?s=96&d=mm&r=g","contentUrl":"https:\/\/secure.gravatar.com\/avatar\/a0d3ec7fcaaaedd234f398082389cb242215e1e11f1bcde256daee3275bab387?s=96&d=mm&r=g","caption":"Jenny Svensson"},"url":"https:\/\/www.almega.se\/person\/jennysvensson\/"}]}},"_links":{"self":[{"href":"https:\/\/www.almega.se\/api\/wp\/v2\/posts\/49241","targetHints":{"allow":["GET"]}}],"collection":[{"href":"https:\/\/www.almega.se\/api\/wp\/v2\/posts"}],"about":[{"href":"https:\/\/www.almega.se\/api\/wp\/v2\/types\/post"}],"author":[{"embeddable":true,"href":"https:\/\/www.almega.se\/api\/wp\/v2\/users\/10030"}],"replies":[{"embeddable":true,"href":"https:\/\/www.almega.se\/api\/wp\/v2\/comments?post=49241"}],"version-history":[{"count":11,"href":"https:\/\/www.almega.se\/api\/wp\/v2\/posts\/49241\/revisions"}],"predecessor-version":[{"id":54681,"href":"https:\/\/www.almega.se\/api\/wp\/v2\/posts\/49241\/revisions\/54681"}],"wp:featuredmedia":[{"embeddable":true,"href":"https:\/\/www.almega.se\/api\/wp\/v2\/media\/20863"}],"wp:attachment":[{"href":"https:\/\/www.almega.se\/api\/wp\/v2\/media?parent=49241"}],"wp:term":[{"taxonomy":"category","embeddable":true,"href":"https:\/\/www.almega.se\/api\/wp\/v2\/categories?post=49241"},{"taxonomy":"post_tag","embeddable":true,"href":"https:\/\/www.almega.se\/api\/wp\/v2\/tags?post=49241"},{"taxonomy":"type","embeddable":true,"href":"https:\/\/www.almega.se\/api\/wp\/v2\/article_type?post=49241"},{"taxonomy":"agreement","embeddable":true,"href":"https:\/\/www.almega.se\/api\/wp\/v2\/agreement?post=49241"}],"curies":[{"name":"wp","href":"https:\/\/api.w.org\/{rel}","templated":true}]}}