{"id":49213,"date":"2022-12-14T11:19:14","date_gmt":"2022-12-14T10:19:14","guid":{"rendered":"https:\/\/www.almega.se\/?p=49213"},"modified":"2023-01-05T15:34:36","modified_gmt":"2023-01-05T14:34:36","slug":"almegas-roll-att-trycka-pa-politiken","status":"publish","type":"post","link":"https:\/\/www.almega.se\/2022\/12\/almegas-roll-att-trycka-pa-politiken\/","title":{"rendered":"Almegas roll att trycka p\u00e5 politiken"},"content":{"rendered":"<p class=\"intro\">Ett omv\u00e4lvande \u00e5r med pandemi, krig, ny regering och rekordh\u00f6g inflation. Almegas n\u00e4ringspolitiske chef, Fredrik \u00d6stbom, sammanfattar \u00e5ret som g\u00e5tt och blickar fram\u00e5t.<\/p>\n\n<p><\/p>\n\n\n<a class='Share__link Share__link--url copy-text' href='#' rel='nofollow' data-text='inflationen-arets-storsta-utmaning' title='Dela url' data-confirmation='L\u00e4nken kopierades till urklipp'><svg class='icon icon--link'  width='18' height='18' viewBox='0 0 18 18' fill='none' xmlns='http:\/\/www.w3.org\/2000\/svg'>\n            <path d='M10.4142 0.514721L6.87868 4.05025L8.29289 5.46447L11.1213 2.63604L15.364 6.87868L12.5355 9.70711L13.9497 11.1213L17.4853 7.58579C17.8763 7.19476 17.8763 6.5626 17.4853 6.17158L11.8284 0.514721C11.4374 0.123691 10.8052 0.123691 10.4142 0.514721Z' fill='black'\/>\n            <path d='M9.7071 12.5355L6.87868 15.364L2.63604 11.1213L5.46446 8.2929L4.05025 6.87868L0.514716 10.4142C0.123686 10.8052 0.123686 11.4374 0.514716 11.8284L6.17157 17.4853C6.5626 17.8763 7.19475 17.8763 7.58578 17.4853L11.1213 13.9497L9.7071 12.5355Z' fill='black'\/>\n            <path d='M6.17157 11.8284C6.5626 12.2195 7.19475 12.2195 7.58578 11.8284L11.8284 7.58579C12.2195 7.19476 12.2195 6.56261 11.8284 6.17158C11.4374 5.78055 10.8052 5.78055 10.4142 6.17158L6.17157 10.4142C5.78054 10.8052 5.78054 11.4374 6.17157 11.8284Z' fill='black'\/>\n            <\/svg> <\/a>\n<h2 class=\"wp-block-heading\">Inflationen \u00e5rets st\u00f6rsta utmaning<\/h2>\n\n\n\n<p>Ett h\u00e4ndelserikt 2022 b\u00f6rjade med omfattande restriktioner, vilket p\u00e5verkade m\u00e5nga f\u00f6retag. Restriktionerna sl\u00e4pptes i februari \u2013 men d\u00e5 kom n\u00e4sta sm\u00e4ll.<br><br>\u2013 N\u00e4r f\u00f6retagen b\u00f6rjade v\u00e4dra morgonluft efter flera tuffa \u00e5r invaderade Ryssland Ukraina. Det har inneburit\u00a0 h\u00f6jda el- och matpriser, stigande inflation, centralbanker som h\u00f6jer styrr\u00e4ntan och b\u00f6rser som faller. Kriget har p\u00e5verkat och kommer att p\u00e5verka hush\u00e5ll och f\u00f6retag, s\u00e4ger Fredrik \u00d6stbom.<br><br>Just nu har Sverige den h\u00f6gsta inflationen p\u00e5 \u00f6ver 30 \u00e5r.<br><br>\u2013 Ett ekonomiskt l\u00e4ge d\u00e4r styrr\u00e4ntor chockh\u00f6js f\u00f6r att f\u00e5 ned inflationen samtidigt som v\u00e4rldsekonomin \u00e4r p\u00e5 v\u00e4g in i en l\u00e5gkonjunktur \u00e4r den besv\u00e4rligaste situation vi har haft p\u00e5 m\u00e5nga \u00e5r, s\u00e4ger Fredrik \u00d6stbom.<br><br>Efter valet i september tilltr\u00e4dde en ny regering, som ser ut att beh\u00f6va forts\u00e4tta hantera en h\u00f6g inflation, menar Fredrik \u00d6stbom.<br><br>\u2013 I vanliga fall brukar regeringen via finanspolitiken stimulera ekonomin n\u00e4r den g\u00e5r in i en l\u00e5gkonjunktur. Men nu \u00e4r regeringen r\u00e4dd f\u00f6r att sp\u00e4 p\u00e5 inflationen. Om finanspolitiken \u00e4r f\u00f6r expansiv motverkas effekterna av den \u00e5tstramande penningpolitiken. Det h\u00e4r kommer att vara ett dilemma \u00e4ven kommande \u00e5r f\u00f6r regeringen. Fr\u00e5gan alla st\u00e4ller sig \u00e4r hur djup och l\u00e5ngvarig den l\u00e5gkonjunktur som prognosmakarna f\u00f6rutsp\u00e5r kommer att bli. Vi har under de senaste m\u00e5naderna sett alltmer pessimistiska prognoser, \u00e4ven om de flesta \u00e4r \u00f6verens om att det trots allt f\u00f6rv\u00e4ntas bli en relativt mild l\u00e5gkonjunktur. Men mycket beror p\u00e5 vad som h\u00e4nder i omv\u00e4rlden, s\u00e5 osvuret \u00e4r b\u00e4st, s\u00e4ger Fredrik \u00d6stbom.<\/p>\n\n\n\n<blockquote class=\"wp-block-quote is-layout-flow wp-block-quote-is-layout-flow\">\n<p>&#8221;V\u00e5ra medlemsf\u00f6retag skapar jobb och bidrar till b\u00e5de v\u00e4lf\u00e4rd och \u00f6kad integration. Det h\u00e4r ska vi bli b\u00e4ttre p\u00e5 att ber\u00e4tta f\u00f6r politikerna.&#8221;<\/p>\n<cite>Fredrik \u00d6stbom, Almegas n\u00e4ringspolitiske chef<\/cite><\/blockquote>\n\n\n<a class='Share__link Share__link--url copy-text' href='#' rel='nofollow' data-text='almega-satter-tryck-pa-den-nya-regeringen' title='Dela url' data-confirmation='L\u00e4nken kopierades till urklipp'><svg class='icon icon--link'  width='18' height='18' viewBox='0 0 18 18' fill='none' xmlns='http:\/\/www.w3.org\/2000\/svg'>\n            <path d='M10.4142 0.514721L6.87868 4.05025L8.29289 5.46447L11.1213 2.63604L15.364 6.87868L12.5355 9.70711L13.9497 11.1213L17.4853 7.58579C17.8763 7.19476 17.8763 6.5626 17.4853 6.17158L11.8284 0.514721C11.4374 0.123691 10.8052 0.123691 10.4142 0.514721Z' fill='black'\/>\n            <path d='M9.7071 12.5355L6.87868 15.364L2.63604 11.1213L5.46446 8.2929L4.05025 6.87868L0.514716 10.4142C0.123686 10.8052 0.123686 11.4374 0.514716 11.8284L6.17157 17.4853C6.5626 17.8763 7.19475 17.8763 7.58578 17.4853L11.1213 13.9497L9.7071 12.5355Z' fill='black'\/>\n            <path d='M6.17157 11.8284C6.5626 12.2195 7.19475 12.2195 7.58578 11.8284L11.8284 7.58579C12.2195 7.19476 12.2195 6.56261 11.8284 6.17158C11.4374 5.78055 10.8052 5.78055 10.4142 6.17158L6.17157 10.4142C5.78054 10.8052 5.78054 11.4374 6.17157 11.8284Z' fill='black'\/>\n            <\/svg> <\/a>\n<h2 class=\"wp-block-heading\">Almega s\u00e4tter tryck p\u00e5 den nya regeringen<\/h2>\n\n\n\n<p>F\u00f6rv\u00e4ntningarna p\u00e5 den nya regeringen \u00e4r f\u00f6rsiktigt positiva. Det finns l\u00f6ftesrika skrivningar och f\u00f6rslag i s\u00e5v\u00e4l Tid\u00f6avtalet som regeringsf\u00f6rklaringen.<br><br>\u2013\u00a0 F\u00f6r oss \u00e4r det avg\u00f6rande att se till att de positiva f\u00f6rslag som n\u00e4mns i de olika dokumenten faktiskt blir genomf\u00f6rda \u2013 men ocks\u00e5 trycka p\u00e5 f\u00f6r \u201dn\u00e4sta steg\u201d. Det finns alltid en risk f\u00f6r att sittande regeringar \u00e4ts upp av sj\u00e4lva regerandet och inte hinner med s\u00e5 mycket politikutveckling. Regeringen har dessv\u00e4rre presenterat vissa f\u00f6rslag som inte g\u00e5r i r\u00e4tt riktning f\u00f6r Almega och v\u00e5ra medlemmar. De ska vi sj\u00e4lvklart i f\u00f6rsta hand f\u00f6rs\u00f6ka motverka, men om de \u00e4nd\u00e5 blir verklighet ska vi arbeta f\u00f6r att minimera deras negativa p\u00e5verkan, s\u00e4ger Fredrik \u00d6stbom.<\/p>\n\n\n<a class='Share__link Share__link--url copy-text' href='#' rel='nofollow' data-text='almega-en-tung-och-viktig-opinionsbildare' title='Dela url' data-confirmation='L\u00e4nken kopierades till urklipp'><svg class='icon icon--link'  width='18' height='18' viewBox='0 0 18 18' fill='none' xmlns='http:\/\/www.w3.org\/2000\/svg'>\n            <path d='M10.4142 0.514721L6.87868 4.05025L8.29289 5.46447L11.1213 2.63604L15.364 6.87868L12.5355 9.70711L13.9497 11.1213L17.4853 7.58579C17.8763 7.19476 17.8763 6.5626 17.4853 6.17158L11.8284 0.514721C11.4374 0.123691 10.8052 0.123691 10.4142 0.514721Z' fill='black'\/>\n            <path d='M9.7071 12.5355L6.87868 15.364L2.63604 11.1213L5.46446 8.2929L4.05025 6.87868L0.514716 10.4142C0.123686 10.8052 0.123686 11.4374 0.514716 11.8284L6.17157 17.4853C6.5626 17.8763 7.19475 17.8763 7.58578 17.4853L11.1213 13.9497L9.7071 12.5355Z' fill='black'\/>\n            <path d='M6.17157 11.8284C6.5626 12.2195 7.19475 12.2195 7.58578 11.8284L11.8284 7.58579C12.2195 7.19476 12.2195 6.56261 11.8284 6.17158C11.4374 5.78055 10.8052 5.78055 10.4142 6.17158L6.17157 10.4142C5.78054 10.8052 5.78054 11.4374 6.17157 11.8284Z' fill='black'\/>\n            <\/svg> <\/a>\n<h2 class=\"wp-block-heading\">Almega en tung och viktig opinionsbildare<\/h2>\n\n\n\n<p>Att Almega syns och h\u00f6rs i den offentliga debatten \u00e4r en viktig pusselbit i arbetet f\u00f6r att lyfta tj\u00e4nstesektorns roll i samh\u00e4llet. Almega \u00e4r redan en tung och viktig opinionsbildare.<br><br>\u2013 Det ser vi flera bevis p\u00e5. Vi har en \u00e5terkommande synlighet i nyhetsmedia med utspel och kommentarer i allt fr\u00e5n Dagens Industri till Arbetet. Genom v\u00e5ra m\u00e5natliga och egenproducerade rapporter presenterar vi dels fakta och insikter, dels bra policyf\u00f6rslag som skulle f\u00f6rb\u00e4ttra m\u00f6jligheterna att etablera, \u00e4ga, driva och utveckla tj\u00e4nstef\u00f6retag, s\u00e4ger Fredrik \u00d6stbom.<br><br>En central del i Almegas n\u00e4ringspolitiska arbete kommande \u00e5r \u00e4r att \u00e4n mer lyfta tj\u00e4nstesektorns betydelse f\u00f6r Sveriges tillv\u00e4xt och konkurrenskraft. H\u00e4lften av arbetskraften arbetar i den privata tj\u00e4nstesektorn och tv\u00e5 av tre nya jobb som skapats i n\u00e4ringslivet de senaste fem \u00e5ren har tillkommit i den privata tj\u00e4nstesektorn.<br><br>\u2013 Det \u00e4r i f\u00f6retagen inom tj\u00e4nstesektorn som m\u00e5nga svar finns p\u00e5 s\u00e5v\u00e4l dagens som morgondagens stora fr\u00e5gor. V\u00e5ra medlemsf\u00f6retag skapar jobb och bidrar till b\u00e5de v\u00e4lf\u00e4rd och \u00f6kad integration. Det h\u00e4r ska vi bli b\u00e4ttre p\u00e5 att ber\u00e4tta f\u00f6r politikerna s\u00e5 att de b\u00e4ttre f\u00f6rst\u00e5r tj\u00e4nstef\u00f6retagens betydelse f\u00f6r Sveriges fortsatta utveckling, s\u00e4ger Fredrik \u00d6stbom.<br><br>Om tj\u00e4nstef\u00f6retagen fortsatt ska kunna bidra med att skapa jobb, tillv\u00e4xt och v\u00e4lf\u00e4rd beh\u00f6vs politik som underl\u00e4ttar och f\u00f6renklar deras vardag.<br><br>\u2013\u00a0Vi f\u00f6rser politikerna med f\u00f6rslag\u00a0som f\u00f6rb\u00e4ttrar tj\u00e4nstef\u00f6retagens kompetensf\u00f6rs\u00f6rjning, skapar fler och b\u00e4ttre fungerande marknader och st\u00e4rker drivkrafterna f\u00f6r jobb och f\u00f6retagande, avslutar Fredrik \u00d6stbom.<\/p>\n","protected":false},"excerpt":{"rendered":"<p>Inflationen \u00e5rets st\u00f6rsta utmaning Ett h\u00e4ndelserikt 2022 b\u00f6rjade med omfattande restriktioner, vilket p\u00e5verkade m\u00e5nga f\u00f6retag. Restriktionerna sl\u00e4pptes i februari \u2013 men d\u00e5 kom n\u00e4sta sm\u00e4ll. \u2013 N\u00e4r f\u00f6retagen b\u00f6rjade v\u00e4dra morgonluft efter flera tuffa \u00e5r &hellip;<\/p>\n","protected":false},"author":6058,"featured_media":49224,"comment_status":"closed","ping_status":"closed","sticky":false,"template":"","format":"standard","meta":{"_acf_changed":false,"footnotes":""},"categories":[603,419,581],"tags":[610,50],"article_type":[55],"agreement":[],"class_list":["post-49213","post","type-post","status-publish","format-standard","has-post-thumbnail","hentry","category-almega","category-kompetensforsorjning","category-tjanstesektorns-betydelse","tag-kompetensforsorjning","tag-tjanstesektorns-utveckling","type-artiklar"],"acf":[],"yoast_head":"<!-- This site is optimized with the Yoast SEO Premium plugin v26.8 (Yoast SEO v26.8) - https:\/\/yoast.com\/product\/yoast-seo-premium-wordpress\/ -->\n<title>Almegas roll att trycka p\u00e5 politiken | Almega<\/title>\n<meta name=\"description\" content=\"Almegas roll m\u00e5ste vara att trycka p\u00e5 politiken. Almegas n\u00e4ringspolitiske chef kommenterar \u00e5ret som g\u00e5tt och vart vi \u00e4r p\u00e5 v\u00e4g.\" \/>\n<meta name=\"robots\" content=\"index, follow, max-snippet:-1, max-image-preview:large, max-video-preview:-1\" \/>\n<link rel=\"canonical\" href=\"https:\/\/www.almega.se\/2022\/12\/almegas-roll-att-trycka-pa-politiken\/\" \/>\n<meta property=\"og:locale\" content=\"sv_SE\" \/>\n<meta property=\"og:type\" content=\"article\" \/>\n<meta property=\"og:title\" content=\"Almegas roll att trycka p\u00e5 politiken\" \/>\n<meta property=\"og:description\" content=\"Almegas roll m\u00e5ste vara att trycka p\u00e5 politiken. Almegas n\u00e4ringspolitiske chef kommenterar \u00e5ret som g\u00e5tt och vart vi \u00e4r p\u00e5 v\u00e4g.\" \/>\n<meta property=\"og:url\" content=\"https:\/\/www.almega.se\/2022\/12\/almegas-roll-att-trycka-pa-politiken\/\" \/>\n<meta property=\"og:site_name\" content=\"Almega\" \/>\n<meta property=\"article:published_time\" content=\"2022-12-14T10:19:14+00:00\" \/>\n<meta property=\"article:modified_time\" content=\"2023-01-05T14:34:36+00:00\" \/>\n<meta property=\"og:image\" content=\"https:\/\/www.almega.se\/app\/uploads\/2022\/12\/9293-scaled.jpg\" \/>\n\t<meta property=\"og:image:width\" content=\"2560\" \/>\n\t<meta property=\"og:image:height\" content=\"1707\" \/>\n\t<meta property=\"og:image:type\" content=\"image\/jpeg\" \/>\n<meta name=\"author\" content=\"Shashika Sellgren\" \/>\n<meta name=\"twitter:card\" content=\"summary_large_image\" \/>\n<meta name=\"twitter:label1\" content=\"Skriven av\" \/>\n\t<meta name=\"twitter:data1\" content=\"Shashika Sellgren\" \/>\n\t<meta name=\"twitter:label2\" content=\"Ber\u00e4knad l\u00e4stid\" \/>\n\t<meta name=\"twitter:data2\" content=\"4 minuter\" \/>\n<!-- \/ Yoast SEO Premium plugin. -->","yoast_head_json":{"title":"Almegas roll att trycka p\u00e5 politiken | Almega","description":"Almegas roll m\u00e5ste vara att trycka p\u00e5 politiken. Almegas n\u00e4ringspolitiske chef kommenterar \u00e5ret som g\u00e5tt och vart vi \u00e4r p\u00e5 v\u00e4g.","robots":{"index":"index","follow":"follow","max-snippet":"max-snippet:-1","max-image-preview":"max-image-preview:large","max-video-preview":"max-video-preview:-1"},"canonical":"https:\/\/www.almega.se\/2022\/12\/almegas-roll-att-trycka-pa-politiken\/","og_locale":"sv_SE","og_type":"article","og_title":"Almegas roll att trycka p\u00e5 politiken","og_description":"Almegas roll m\u00e5ste vara att trycka p\u00e5 politiken. Almegas n\u00e4ringspolitiske chef kommenterar \u00e5ret som g\u00e5tt och vart vi \u00e4r p\u00e5 v\u00e4g.","og_url":"https:\/\/www.almega.se\/2022\/12\/almegas-roll-att-trycka-pa-politiken\/","og_site_name":"Almega","article_published_time":"2022-12-14T10:19:14+00:00","article_modified_time":"2023-01-05T14:34:36+00:00","og_image":[{"width":2560,"height":1707,"url":"https:\/\/www.almega.se\/app\/uploads\/2022\/12\/9293-scaled.jpg","type":"image\/jpeg"}],"author":"Shashika Sellgren","twitter_card":"summary_large_image","twitter_misc":{"Skriven av":"Shashika Sellgren","Ber\u00e4knad l\u00e4stid":"4 minuter"},"schema":{"@context":"https:\/\/schema.org","@graph":[{"@type":"NewsArticle","@id":"https:\/\/www.almega.se\/2022\/12\/almegas-roll-att-trycka-pa-politiken\/#article","isPartOf":{"@id":"https:\/\/www.almega.se\/2022\/12\/almegas-roll-att-trycka-pa-politiken\/"},"author":{"name":"Shashika Sellgren","@id":"https:\/\/www.almega.se\/#\/schema\/person\/38c6b37b81c530c93246c3d1993d5662"},"headline":"Almegas roll att trycka p\u00e5 politiken","datePublished":"2022-12-14T10:19:14+00:00","dateModified":"2023-01-05T14:34:36+00:00","mainEntityOfPage":{"@id":"https:\/\/www.almega.se\/2022\/12\/almegas-roll-att-trycka-pa-politiken\/"},"wordCount":796,"image":{"@id":"https:\/\/www.almega.se\/2022\/12\/almegas-roll-att-trycka-pa-politiken\/#primaryimage"},"thumbnailUrl":"https:\/\/www.almega.se\/app\/uploads\/2022\/12\/9293-scaled.jpg","keywords":["Kompetensf\u00f6rs\u00f6rjning","Tj\u00e4nstesektorns utveckling"],"articleSection":["Almega","Kompetensf\u00f6rs\u00f6rjning","Tj\u00e4nstesektorns betydelse"],"inLanguage":"sv-SE"},{"@type":"WebPage","@id":"https:\/\/www.almega.se\/2022\/12\/almegas-roll-att-trycka-pa-politiken\/","url":"https:\/\/www.almega.se\/2022\/12\/almegas-roll-att-trycka-pa-politiken\/","name":"Almegas roll att trycka p\u00e5 politiken | Almega","isPartOf":{"@id":"https:\/\/www.almega.se\/#website"},"primaryImageOfPage":{"@id":"https:\/\/www.almega.se\/2022\/12\/almegas-roll-att-trycka-pa-politiken\/#primaryimage"},"image":{"@id":"https:\/\/www.almega.se\/2022\/12\/almegas-roll-att-trycka-pa-politiken\/#primaryimage"},"thumbnailUrl":"https:\/\/www.almega.se\/app\/uploads\/2022\/12\/9293-scaled.jpg","datePublished":"2022-12-14T10:19:14+00:00","dateModified":"2023-01-05T14:34:36+00:00","author":{"@id":"https:\/\/www.almega.se\/#\/schema\/person\/38c6b37b81c530c93246c3d1993d5662"},"description":"Almegas roll m\u00e5ste vara att trycka p\u00e5 politiken. Almegas n\u00e4ringspolitiske chef kommenterar \u00e5ret som g\u00e5tt och vart vi \u00e4r p\u00e5 v\u00e4g.","breadcrumb":{"@id":"https:\/\/www.almega.se\/2022\/12\/almegas-roll-att-trycka-pa-politiken\/#breadcrumb"},"inLanguage":"sv-SE","potentialAction":[{"@type":"ReadAction","target":["https:\/\/www.almega.se\/2022\/12\/almegas-roll-att-trycka-pa-politiken\/"]}]},{"@type":"ImageObject","inLanguage":"sv-SE","@id":"https:\/\/www.almega.se\/2022\/12\/almegas-roll-att-trycka-pa-politiken\/#primaryimage","url":"https:\/\/www.almega.se\/app\/uploads\/2022\/12\/9293-scaled.jpg","contentUrl":"https:\/\/www.almega.se\/app\/uploads\/2022\/12\/9293-scaled.jpg","width":2560,"height":1707},{"@type":"BreadcrumbList","@id":"https:\/\/www.almega.se\/2022\/12\/almegas-roll-att-trycka-pa-politiken\/#breadcrumb","itemListElement":[{"@type":"ListItem","position":1,"name":"Home","item":"https:\/\/www.almega.se\/"},{"@type":"ListItem","position":2,"name":"Almegas roll att trycka p\u00e5 politiken"}]},{"@type":"WebSite","@id":"https:\/\/www.almega.se\/#website","url":"https:\/\/www.almega.se\/","name":"Almega","description":"","potentialAction":[{"@type":"SearchAction","target":{"@type":"EntryPoint","urlTemplate":"https:\/\/www.almega.se\/?s={search_term_string}"},"query-input":{"@type":"PropertyValueSpecification","valueRequired":true,"valueName":"search_term_string"}}],"inLanguage":"sv-SE"},{"@type":"Person","@id":"https:\/\/www.almega.se\/#\/schema\/person\/38c6b37b81c530c93246c3d1993d5662","name":"Shashika Sellgren","image":{"@type":"ImageObject","inLanguage":"sv-SE","@id":"https:\/\/www.almega.se\/#\/schema\/person\/image\/","url":"https:\/\/secure.gravatar.com\/avatar\/b225c479880df9eb82d1501dd105dd8040f27c8563f3d4bf5dd62ce0a1630abd?s=96&d=mm&r=g","contentUrl":"https:\/\/secure.gravatar.com\/avatar\/b225c479880df9eb82d1501dd105dd8040f27c8563f3d4bf5dd62ce0a1630abd?s=96&d=mm&r=g","caption":"Shashika Sellgren"},"url":"https:\/\/www.almega.se\/person\/shashikasellgren\/"}]}},"_links":{"self":[{"href":"https:\/\/www.almega.se\/api\/wp\/v2\/posts\/49213","targetHints":{"allow":["GET"]}}],"collection":[{"href":"https:\/\/www.almega.se\/api\/wp\/v2\/posts"}],"about":[{"href":"https:\/\/www.almega.se\/api\/wp\/v2\/types\/post"}],"author":[{"embeddable":true,"href":"https:\/\/www.almega.se\/api\/wp\/v2\/users\/6058"}],"replies":[{"embeddable":true,"href":"https:\/\/www.almega.se\/api\/wp\/v2\/comments?post=49213"}],"version-history":[{"count":7,"href":"https:\/\/www.almega.se\/api\/wp\/v2\/posts\/49213\/revisions"}],"predecessor-version":[{"id":52950,"href":"https:\/\/www.almega.se\/api\/wp\/v2\/posts\/49213\/revisions\/52950"}],"wp:featuredmedia":[{"embeddable":true,"href":"https:\/\/www.almega.se\/api\/wp\/v2\/media\/49224"}],"wp:attachment":[{"href":"https:\/\/www.almega.se\/api\/wp\/v2\/media?parent=49213"}],"wp:term":[{"taxonomy":"category","embeddable":true,"href":"https:\/\/www.almega.se\/api\/wp\/v2\/categories?post=49213"},{"taxonomy":"post_tag","embeddable":true,"href":"https:\/\/www.almega.se\/api\/wp\/v2\/tags?post=49213"},{"taxonomy":"type","embeddable":true,"href":"https:\/\/www.almega.se\/api\/wp\/v2\/article_type?post=49213"},{"taxonomy":"agreement","embeddable":true,"href":"https:\/\/www.almega.se\/api\/wp\/v2\/agreement?post=49213"}],"curies":[{"name":"wp","href":"https:\/\/api.w.org\/{rel}","templated":true}]}}