{"id":49182,"date":"2022-12-13T17:07:58","date_gmt":"2022-12-13T16:07:58","guid":{"rendered":"https:\/\/www.almega.se\/?p=49182"},"modified":"2023-01-05T15:43:17","modified_gmt":"2023-01-05T14:43:17","slug":"almegas-chefsekonom-nasta-ar-kommer-bli-tufft","status":"publish","type":"post","link":"https:\/\/www.almega.se\/2022\/12\/almegas-chefsekonom-nasta-ar-kommer-bli-tufft\/","title":{"rendered":"Almegas chefsekonom: \u201dN\u00e4sta \u00e5r kommer bli tufft\u201d"},"content":{"rendered":"<p class=\"intro\">Fr\u00e5n en stark \u00e5terh\u00e4mtning efter pandemin till ett krig i Ukraina som resulterade i stigande inflation och h\u00f6ga elpriser. \u00c5r 2022 har minst sagt varit en berg- och dalbana. Vi har intervjuat v\u00e5r chefsekonom Patrick Joyce f\u00f6r en genomg\u00e5ng av \u00e5ret och en framtidsspaning.<\/p>\n\n<p><\/p>\n\n\n\n<p>Vid b\u00f6rjan av \u00e5ret hade tj\u00e4nstesektorn 81 000 fler medarbetare \u00e4n f\u00f6re pandemin. Industrin gick bra, vilket gynnade f\u00f6retagstj\u00e4nster som v\u00e4xte snabbt. N\u00e4r pandemirestriktionerna togs bort v\u00e4xte tj\u00e4nster \u2013 som bes\u00f6ksn\u00e4ringen \u2013v\u00e4ldigt snabbt under v\u00e5ren.<br><br>\u2013 \u00c5ret b\u00f6rjade v\u00e4ldigt bra med en tj\u00e4nstesektor som utvecklades mycket stadigt. Efter halv\u00e5rsskiftet har det dock skett en kraftig inbromsning, vilket beror b\u00e5de p\u00e5 att industrin har tappat fart och att inflationen b\u00f6rjar m\u00e4rkas i hush\u00e5llens pl\u00e5nb\u00f6cker, s\u00e4ger Patrick Joyce.<\/p>\n\n\n<a class='Share__link Share__link--url copy-text' href='#' rel='nofollow' data-text='hogsta-inflationen-pa-30-ar-och-komptensbrist' title='Dela url' data-confirmation='L\u00e4nken kopierades till urklipp'><svg class='icon icon--link'  width='18' height='18' viewBox='0 0 18 18' fill='none' xmlns='http:\/\/www.w3.org\/2000\/svg'>\n            <path d='M10.4142 0.514721L6.87868 4.05025L8.29289 5.46447L11.1213 2.63604L15.364 6.87868L12.5355 9.70711L13.9497 11.1213L17.4853 7.58579C17.8763 7.19476 17.8763 6.5626 17.4853 6.17158L11.8284 0.514721C11.4374 0.123691 10.8052 0.123691 10.4142 0.514721Z' fill='black'\/>\n            <path d='M9.7071 12.5355L6.87868 15.364L2.63604 11.1213L5.46446 8.2929L4.05025 6.87868L0.514716 10.4142C0.123686 10.8052 0.123686 11.4374 0.514716 11.8284L6.17157 17.4853C6.5626 17.8763 7.19475 17.8763 7.58578 17.4853L11.1213 13.9497L9.7071 12.5355Z' fill='black'\/>\n            <path d='M6.17157 11.8284C6.5626 12.2195 7.19475 12.2195 7.58578 11.8284L11.8284 7.58579C12.2195 7.19476 12.2195 6.56261 11.8284 6.17158C11.4374 5.78055 10.8052 5.78055 10.4142 6.17158L6.17157 10.4142C5.78054 10.8052 5.78054 11.4374 6.17157 11.8284Z' fill='black'\/>\n            <\/svg> <\/a>\n<h2 class=\"wp-block-heading\">H\u00f6gsta inflationen p\u00e5 30 \u00e5r och komptensbrist<\/h2>\n\n\n\n<p>Kriget i Ukraina och andra faktorer har lett till att Sverige just nu upplever den h\u00f6gsta inflationen p\u00e5 \u00f6ver 30 \u00e5r; en inflation som ber\u00e4knas bli tv\u00e5siffrig till \u00e5rsskiftet.<br><br>\u2013 Den h\u00f6ga inflationen beror b\u00e5de p\u00e5 kriget och p\u00e5 de stimulanser som h\u00f6ll uppe ekonomin under pandemin. Pandemin hotade att skapa en djup ekonomisk kris och massarbetsl\u00f6shet. Kraftiga ekonomiska stimulanser f\u00f6rhindrade detta men det innebar att det fanns mer pengar \u00e4n varor i ekonomin, s\u00e4ger Patrick Joyce<br><br>\u2013 Ekonomin visade sig fungera b\u00e4ttre \u00e4n v\u00e4ntat under pandemin, bland annat st\u00e4llde m\u00e5nga tj\u00e4nstebranscher om till distansarbete och kunde genomf\u00f6ra sina uppgifter \u00e4nd\u00e5. De \u00e5terh\u00e4mtade sig d\u00e4rf\u00f6r l\u00e5ngt innan pandemin var \u00f6ver, vilket \u00e4r imponerande, s\u00e4ger Patrick Joyce.<br><br>Den starka \u00e5terh\u00e4mtningen har dock ocks\u00e5 lett till att tj\u00e4nstesektorns st\u00f6rsta utmaning i \u00e5r har varit kompetensbristen.<br><br>\u2013 M\u00e5nga inom tech-, konsult- och bemanningsbranschen har haft problem att rekrytera. Andra halv\u00e5ret 2021 hade f\u00f6retagen sv\u00e5rt att fylla lediga platser och bristen p\u00e5 arbetskraft har best\u00e5tt under 2022, s\u00e4ger Patrick Joyce.<\/p>\n\n\n<a class='Share__link Share__link--url copy-text' href='#' rel='nofollow' data-text='avtalsrorelse,-bostadspriser-och-omvarldsfaktorer-avgorande-for-konjunkturen' title='Dela url' data-confirmation='L\u00e4nken kopierades till urklipp'><svg class='icon icon--link'  width='18' height='18' viewBox='0 0 18 18' fill='none' xmlns='http:\/\/www.w3.org\/2000\/svg'>\n            <path d='M10.4142 0.514721L6.87868 4.05025L8.29289 5.46447L11.1213 2.63604L15.364 6.87868L12.5355 9.70711L13.9497 11.1213L17.4853 7.58579C17.8763 7.19476 17.8763 6.5626 17.4853 6.17158L11.8284 0.514721C11.4374 0.123691 10.8052 0.123691 10.4142 0.514721Z' fill='black'\/>\n            <path d='M9.7071 12.5355L6.87868 15.364L2.63604 11.1213L5.46446 8.2929L4.05025 6.87868L0.514716 10.4142C0.123686 10.8052 0.123686 11.4374 0.514716 11.8284L6.17157 17.4853C6.5626 17.8763 7.19475 17.8763 7.58578 17.4853L11.1213 13.9497L9.7071 12.5355Z' fill='black'\/>\n            <path d='M6.17157 11.8284C6.5626 12.2195 7.19475 12.2195 7.58578 11.8284L11.8284 7.58579C12.2195 7.19476 12.2195 6.56261 11.8284 6.17158C11.4374 5.78055 10.8052 5.78055 10.4142 6.17158L6.17157 10.4142C5.78054 10.8052 5.78054 11.4374 6.17157 11.8284Z' fill='black'\/>\n            <\/svg> <\/a>\n<h2 class=\"wp-block-heading\">Avtalsr\u00f6relse, bostadspriser och omv\u00e4rldsfaktorer avg\u00f6rande f\u00f6r konjunkturen<\/h2>\n\n\n\n<p>Siffror fr\u00e5n tredje kvartalet visar att tillv\u00e4xten har halverat fr\u00e5n en \u00e5rstakt p\u00e5 sju procent till knappt fyra procent \u00e5rstakt och mycket talar f\u00f6r att f\u00f6retagen b\u00f6rjar planera att dra ner p\u00e5 sin produktion.<br><br>\u2013 \u00c5r 2023 kommer att bli ett jobbigt \u00e5r. Vi kommer att se ett BNP-fall p\u00e5 \u00e5tminstone en procent genom minskad export p\u00e5 b\u00e5de industrivaror och tj\u00e4nster. Tj\u00e4nstef\u00f6retagen kommer att sluta nyanst\u00e4lla, en del kommer \u00e4ven att beh\u00f6va minska sin personal. De h\u00f6ga r\u00e4ntorna g\u00f6r det sv\u00e5rare f\u00f6r f\u00f6retag att investera och f\u00f6r nystartade f\u00f6retag att f\u00e5 kapital, s\u00e4ger Patrick Joyce.<br><br>Trots detta finns det goda tecken p\u00e5 att krisen inte beh\u00f6ver bli l\u00e5ngvarig \u2013 men allt beror p\u00e5 hur olika omv\u00e4rldsfaktorer utvecklas under 2023.<br><br>\u2013 Om de internationella energipriserna forts\u00e4tter att falla kommer \u00e4ven inflationen att sjunka under n\u00e4sta \u00e5r, vilket inneb\u00e4r att r\u00e4ntan kan s\u00e4nkas och d\u00e4rmed v\u00e4nda konjunkturen relativt snabbt. Men om kriget eskalerar och priserna p\u00e5 gas och olja g\u00e5r upp igen, kan inflation f\u00e5 en skjuts upp\u00e5t, s\u00e4ger Patrick Joyce.<br><br>Det som ocks\u00e5 oroar Patrick Joyce \u00e4r bostadsmarknaderna. Priserna p\u00e5 bost\u00e4derna har fallit med tre procent den senaste m\u00e5naden och med 14 procent i \u00e5r.<br><br>\u2013 Det \u00e4r ingen katastrof d\u00e5 priserna nu ligger p\u00e5 samma niv\u00e5er som innan pandemin. Men om det forts\u00e4tter, kommer fler hush\u00e5ll att beh\u00f6va amortera mer p\u00e5 sina bostadsl\u00e5n och drar ned sin konsumtion ytterligare, vilket pressar konjunkturen. Under 90-talskrisen sj\u00f6nk priserna med 30\u201340 procent och arbetsl\u00f6sheten tredubblades, s\u00e5 en bostadskris skulle vara illa, s\u00e4ger Patrick Joyce.<\/p>\n\n\n<a class='Share__link Share__link--url copy-text' href='#' rel='nofollow' data-text='laga-loneokningar-en-forutsattning' title='Dela url' data-confirmation='L\u00e4nken kopierades till urklipp'><svg class='icon icon--link'  width='18' height='18' viewBox='0 0 18 18' fill='none' xmlns='http:\/\/www.w3.org\/2000\/svg'>\n            <path d='M10.4142 0.514721L6.87868 4.05025L8.29289 5.46447L11.1213 2.63604L15.364 6.87868L12.5355 9.70711L13.9497 11.1213L17.4853 7.58579C17.8763 7.19476 17.8763 6.5626 17.4853 6.17158L11.8284 0.514721C11.4374 0.123691 10.8052 0.123691 10.4142 0.514721Z' fill='black'\/>\n            <path d='M9.7071 12.5355L6.87868 15.364L2.63604 11.1213L5.46446 8.2929L4.05025 6.87868L0.514716 10.4142C0.123686 10.8052 0.123686 11.4374 0.514716 11.8284L6.17157 17.4853C6.5626 17.8763 7.19475 17.8763 7.58578 17.4853L11.1213 13.9497L9.7071 12.5355Z' fill='black'\/>\n            <path d='M6.17157 11.8284C6.5626 12.2195 7.19475 12.2195 7.58578 11.8284L11.8284 7.58579C12.2195 7.19476 12.2195 6.56261 11.8284 6.17158C11.4374 5.78055 10.8052 5.78055 10.4142 6.17158L6.17157 10.4142C5.78054 10.8052 5.78054 11.4374 6.17157 11.8284Z' fill='black'\/>\n            <\/svg> <\/a>\n<h2 class=\"wp-block-heading\">L\u00e5ga l\u00f6ne\u00f6kningar en f\u00f6ruts\u00e4ttning<\/h2>\n\n\n\n<p>Almega f\u00f6rbereder sig \u00e4ven f\u00f6r en avtalsr\u00f6relse n\u00e4sta \u00e5r. Enligt Patrick Joyce \u00e4r l\u00e5ga l\u00f6ne\u00f6kningar en f\u00f6ruts\u00e4ttning f\u00f6r att ta oss igenom krisen.<br><br>\u2013 Ska vi f\u00e5 ned inflationen och s\u00e4kra att l\u00e5gkonjunkturen blir kort och inte s\u00e5 djup, s\u00e5 m\u00e5ste utfallet av avtalsr\u00f6relsen bli l\u00f6ne\u00f6kningar som tj\u00e4nstef\u00f6retagen kan b\u00e4ra, avslutar Patrick Joyce.<\/p>\n","protected":false},"excerpt":{"rendered":"<p>Vid b\u00f6rjan av \u00e5ret hade tj\u00e4nstesektorn 81 000 fler medarbetare \u00e4n f\u00f6re pandemin. Industrin gick bra, vilket gynnade f\u00f6retagstj\u00e4nster som v\u00e4xte snabbt. N\u00e4r pandemirestriktionerna togs bort v\u00e4xte tj\u00e4nster \u2013 som bes\u00f6ksn\u00e4ringen \u2013v\u00e4ldigt snabbt under v\u00e5ren. &hellip;<\/p>\n","protected":false},"author":6058,"featured_media":49129,"comment_status":"closed","ping_status":"closed","sticky":false,"template":"","format":"standard","meta":{"_acf_changed":false,"footnotes":""},"categories":[419,581],"tags":[610,50],"article_type":[56],"agreement":[],"class_list":["post-49182","post","type-post","status-publish","format-standard","has-post-thumbnail","hentry","category-kompetensforsorjning","category-tjanstesektorns-betydelse","tag-kompetensforsorjning","tag-tjanstesektorns-utveckling","type-nyheter"],"acf":[],"yoast_head":"<!-- This site is optimized with the Yoast SEO Premium plugin v26.8 (Yoast SEO v26.8) - https:\/\/yoast.com\/product\/yoast-seo-premium-wordpress\/ -->\n<title>Almegas chefsekonom: \u201dN\u00e4sta \u00e5r kommer bli tufft\u201d | Almega<\/title>\n<meta name=\"description\" content=\"Fr\u00e5n en stark \u00e5terh\u00e4mtning efter pandemin till stigande inflation och h\u00f6ga elpriser. Intervju med Almegas chefsekonom Patrick Joyce.\" \/>\n<meta name=\"robots\" content=\"index, follow, max-snippet:-1, max-image-preview:large, max-video-preview:-1\" \/>\n<link rel=\"canonical\" href=\"https:\/\/www.almega.se\/2022\/12\/almegas-chefsekonom-nasta-ar-kommer-bli-tufft\/\" \/>\n<meta property=\"og:locale\" content=\"sv_SE\" \/>\n<meta property=\"og:type\" content=\"article\" \/>\n<meta property=\"og:title\" content=\"Almegas chefsekonom: \u201dN\u00e4sta \u00e5r kommer bli tufft\u201d\" \/>\n<meta property=\"og:description\" content=\"Fr\u00e5n en stark \u00e5terh\u00e4mtning efter pandemin till stigande inflation och h\u00f6ga elpriser. Intervju med Almegas chefsekonom Patrick Joyce.\" \/>\n<meta property=\"og:url\" content=\"https:\/\/www.almega.se\/2022\/12\/almegas-chefsekonom-nasta-ar-kommer-bli-tufft\/\" \/>\n<meta property=\"og:site_name\" content=\"Almega\" \/>\n<meta property=\"article:published_time\" content=\"2022-12-13T16:07:58+00:00\" \/>\n<meta property=\"article:modified_time\" content=\"2023-01-05T14:43:17+00:00\" \/>\n<meta property=\"og:image\" content=\"https:\/\/www.almega.se\/app\/uploads\/2022\/12\/c1cf3931-6f98-44c5-941c-ec60d919b5cb.jpg\" \/>\n\t<meta property=\"og:image:width\" content=\"2264\" \/>\n\t<meta property=\"og:image:height\" content=\"1280\" \/>\n\t<meta property=\"og:image:type\" content=\"image\/jpeg\" \/>\n<meta name=\"author\" content=\"Shashika Sellgren\" \/>\n<meta name=\"twitter:card\" content=\"summary_large_image\" \/>\n<meta name=\"twitter:label1\" content=\"Skriven av\" \/>\n\t<meta name=\"twitter:data1\" content=\"Shashika Sellgren\" \/>\n\t<meta name=\"twitter:label2\" content=\"Ber\u00e4knad l\u00e4stid\" \/>\n\t<meta name=\"twitter:data2\" content=\"3 minuter\" \/>\n<!-- \/ Yoast SEO Premium plugin. -->","yoast_head_json":{"title":"Almegas chefsekonom: \u201dN\u00e4sta \u00e5r kommer bli tufft\u201d | Almega","description":"Fr\u00e5n en stark \u00e5terh\u00e4mtning efter pandemin till stigande inflation och h\u00f6ga elpriser. Intervju med Almegas chefsekonom Patrick Joyce.","robots":{"index":"index","follow":"follow","max-snippet":"max-snippet:-1","max-image-preview":"max-image-preview:large","max-video-preview":"max-video-preview:-1"},"canonical":"https:\/\/www.almega.se\/2022\/12\/almegas-chefsekonom-nasta-ar-kommer-bli-tufft\/","og_locale":"sv_SE","og_type":"article","og_title":"Almegas chefsekonom: \u201dN\u00e4sta \u00e5r kommer bli tufft\u201d","og_description":"Fr\u00e5n en stark \u00e5terh\u00e4mtning efter pandemin till stigande inflation och h\u00f6ga elpriser. Intervju med Almegas chefsekonom Patrick Joyce.","og_url":"https:\/\/www.almega.se\/2022\/12\/almegas-chefsekonom-nasta-ar-kommer-bli-tufft\/","og_site_name":"Almega","article_published_time":"2022-12-13T16:07:58+00:00","article_modified_time":"2023-01-05T14:43:17+00:00","og_image":[{"width":2264,"height":1280,"url":"https:\/\/www.almega.se\/app\/uploads\/2022\/12\/c1cf3931-6f98-44c5-941c-ec60d919b5cb.jpg","type":"image\/jpeg"}],"author":"Shashika Sellgren","twitter_card":"summary_large_image","twitter_misc":{"Skriven av":"Shashika Sellgren","Ber\u00e4knad l\u00e4stid":"3 minuter"},"schema":{"@context":"https:\/\/schema.org","@graph":[{"@type":"NewsArticle","@id":"https:\/\/www.almega.se\/2022\/12\/almegas-chefsekonom-nasta-ar-kommer-bli-tufft\/#article","isPartOf":{"@id":"https:\/\/www.almega.se\/2022\/12\/almegas-chefsekonom-nasta-ar-kommer-bli-tufft\/"},"author":{"name":"Shashika Sellgren","@id":"https:\/\/www.almega.se\/#\/schema\/person\/38c6b37b81c530c93246c3d1993d5662"},"headline":"Almegas chefsekonom: \u201dN\u00e4sta \u00e5r kommer bli tufft\u201d","datePublished":"2022-12-13T16:07:58+00:00","dateModified":"2023-01-05T14:43:17+00:00","mainEntityOfPage":{"@id":"https:\/\/www.almega.se\/2022\/12\/almegas-chefsekonom-nasta-ar-kommer-bli-tufft\/"},"wordCount":678,"image":{"@id":"https:\/\/www.almega.se\/2022\/12\/almegas-chefsekonom-nasta-ar-kommer-bli-tufft\/#primaryimage"},"thumbnailUrl":"https:\/\/www.almega.se\/app\/uploads\/2022\/12\/c1cf3931-6f98-44c5-941c-ec60d919b5cb.jpg","keywords":["Kompetensf\u00f6rs\u00f6rjning","Tj\u00e4nstesektorns utveckling"],"articleSection":["Kompetensf\u00f6rs\u00f6rjning","Tj\u00e4nstesektorns betydelse"],"inLanguage":"sv-SE"},{"@type":"WebPage","@id":"https:\/\/www.almega.se\/2022\/12\/almegas-chefsekonom-nasta-ar-kommer-bli-tufft\/","url":"https:\/\/www.almega.se\/2022\/12\/almegas-chefsekonom-nasta-ar-kommer-bli-tufft\/","name":"Almegas chefsekonom: \u201dN\u00e4sta \u00e5r kommer bli tufft\u201d | Almega","isPartOf":{"@id":"https:\/\/www.almega.se\/#website"},"primaryImageOfPage":{"@id":"https:\/\/www.almega.se\/2022\/12\/almegas-chefsekonom-nasta-ar-kommer-bli-tufft\/#primaryimage"},"image":{"@id":"https:\/\/www.almega.se\/2022\/12\/almegas-chefsekonom-nasta-ar-kommer-bli-tufft\/#primaryimage"},"thumbnailUrl":"https:\/\/www.almega.se\/app\/uploads\/2022\/12\/c1cf3931-6f98-44c5-941c-ec60d919b5cb.jpg","datePublished":"2022-12-13T16:07:58+00:00","dateModified":"2023-01-05T14:43:17+00:00","author":{"@id":"https:\/\/www.almega.se\/#\/schema\/person\/38c6b37b81c530c93246c3d1993d5662"},"description":"Fr\u00e5n en stark \u00e5terh\u00e4mtning efter pandemin till stigande inflation och h\u00f6ga elpriser. Intervju med Almegas chefsekonom Patrick Joyce.","breadcrumb":{"@id":"https:\/\/www.almega.se\/2022\/12\/almegas-chefsekonom-nasta-ar-kommer-bli-tufft\/#breadcrumb"},"inLanguage":"sv-SE","potentialAction":[{"@type":"ReadAction","target":["https:\/\/www.almega.se\/2022\/12\/almegas-chefsekonom-nasta-ar-kommer-bli-tufft\/"]}]},{"@type":"ImageObject","inLanguage":"sv-SE","@id":"https:\/\/www.almega.se\/2022\/12\/almegas-chefsekonom-nasta-ar-kommer-bli-tufft\/#primaryimage","url":"https:\/\/www.almega.se\/app\/uploads\/2022\/12\/c1cf3931-6f98-44c5-941c-ec60d919b5cb.jpg","contentUrl":"https:\/\/www.almega.se\/app\/uploads\/2022\/12\/c1cf3931-6f98-44c5-941c-ec60d919b5cb.jpg","width":2264,"height":1280,"caption":"Patrick Joyce, chefekonom p\u00e5 Almega"},{"@type":"BreadcrumbList","@id":"https:\/\/www.almega.se\/2022\/12\/almegas-chefsekonom-nasta-ar-kommer-bli-tufft\/#breadcrumb","itemListElement":[{"@type":"ListItem","position":1,"name":"Home","item":"https:\/\/www.almega.se\/"},{"@type":"ListItem","position":2,"name":"Almegas chefsekonom: \u201dN\u00e4sta \u00e5r kommer bli tufft\u201d"}]},{"@type":"WebSite","@id":"https:\/\/www.almega.se\/#website","url":"https:\/\/www.almega.se\/","name":"Almega","description":"","potentialAction":[{"@type":"SearchAction","target":{"@type":"EntryPoint","urlTemplate":"https:\/\/www.almega.se\/?s={search_term_string}"},"query-input":{"@type":"PropertyValueSpecification","valueRequired":true,"valueName":"search_term_string"}}],"inLanguage":"sv-SE"},{"@type":"Person","@id":"https:\/\/www.almega.se\/#\/schema\/person\/38c6b37b81c530c93246c3d1993d5662","name":"Shashika Sellgren","image":{"@type":"ImageObject","inLanguage":"sv-SE","@id":"https:\/\/www.almega.se\/#\/schema\/person\/image\/","url":"https:\/\/secure.gravatar.com\/avatar\/b225c479880df9eb82d1501dd105dd8040f27c8563f3d4bf5dd62ce0a1630abd?s=96&d=mm&r=g","contentUrl":"https:\/\/secure.gravatar.com\/avatar\/b225c479880df9eb82d1501dd105dd8040f27c8563f3d4bf5dd62ce0a1630abd?s=96&d=mm&r=g","caption":"Shashika Sellgren"},"url":"https:\/\/www.almega.se\/person\/shashikasellgren\/"}]}},"_links":{"self":[{"href":"https:\/\/www.almega.se\/api\/wp\/v2\/posts\/49182","targetHints":{"allow":["GET"]}}],"collection":[{"href":"https:\/\/www.almega.se\/api\/wp\/v2\/posts"}],"about":[{"href":"https:\/\/www.almega.se\/api\/wp\/v2\/types\/post"}],"author":[{"embeddable":true,"href":"https:\/\/www.almega.se\/api\/wp\/v2\/users\/6058"}],"replies":[{"embeddable":true,"href":"https:\/\/www.almega.se\/api\/wp\/v2\/comments?post=49182"}],"version-history":[{"count":11,"href":"https:\/\/www.almega.se\/api\/wp\/v2\/posts\/49182\/revisions"}],"predecessor-version":[{"id":52961,"href":"https:\/\/www.almega.se\/api\/wp\/v2\/posts\/49182\/revisions\/52961"}],"wp:featuredmedia":[{"embeddable":true,"href":"https:\/\/www.almega.se\/api\/wp\/v2\/media\/49129"}],"wp:attachment":[{"href":"https:\/\/www.almega.se\/api\/wp\/v2\/media?parent=49182"}],"wp:term":[{"taxonomy":"category","embeddable":true,"href":"https:\/\/www.almega.se\/api\/wp\/v2\/categories?post=49182"},{"taxonomy":"post_tag","embeddable":true,"href":"https:\/\/www.almega.se\/api\/wp\/v2\/tags?post=49182"},{"taxonomy":"type","embeddable":true,"href":"https:\/\/www.almega.se\/api\/wp\/v2\/article_type?post=49182"},{"taxonomy":"agreement","embeddable":true,"href":"https:\/\/www.almega.se\/api\/wp\/v2\/agreement?post=49182"}],"curies":[{"name":"wp","href":"https:\/\/api.w.org\/{rel}","templated":true}]}}