{"id":49145,"date":"2022-12-06T14:19:08","date_gmt":"2022-12-06T13:19:08","guid":{"rendered":"https:\/\/www.almega.se\/?p=49145"},"modified":"2023-10-26T16:25:28","modified_gmt":"2023-10-26T14:25:28","slug":"parterna-overens-om-etableringsjobb","status":"publish","type":"post","link":"https:\/\/www.almega.se\/2022\/12\/parterna-overens-om-etableringsjobb\/","title":{"rendered":"Parterna \u00f6verens om etableringsjobb"},"content":{"rendered":"<p class=\"intro\">Svenskt N\u00e4ringsliv, Unionen och LO har enats om ett avtal avseende etableringsjobb, en s\u00e4rskild anst\u00e4llning d\u00e4r arbetsgivaren och staten delar p\u00e5 ers\u00e4ttningskostnaden. \u201dDet viktiga har varit att skapa en reform utan en massa byr\u00e5krati\u201d, s\u00e4ger Stefan Koskinen, arbetsgivarpolitisk chef p\u00e5 Almega.<\/p>\n\n<p>Den 5 december sl\u00f6t Svenskt N\u00e4ringsliv avtal med Unionen och LO om en helt ny anst\u00e4llningsmodell \u2013 de s.k. etableringsjobben. Syftet \u00e4r att ge fler l\u00e5ngtidsarbetsl\u00f6sa och nyanl\u00e4nda en ny m\u00f6jlighet att ta sig in p\u00e5 arbetsmarknaden.<\/p>\n\n\n\n<p>\u2013 Det \u00e4r mycket positivt att det nu finns en \u00f6verenskommelse som kan underl\u00e4tta f\u00f6r m\u00e4nniskor som st\u00e5r l\u00e5ngt fr\u00e5n arbetsmarknaden att komma i jobb, s\u00e4ger Stefan Koskinen, arbetsgivarpolitisk chef p\u00e5 Almega.<\/p>\n\n\n<a class='Share__link Share__link--url copy-text' href='#' rel='nofollow' data-text='lag-kostnad-och-liten-risk' title='Dela url' data-confirmation='L\u00e4nken kopierades till urklipp'><svg class='icon icon--link'  width='18' height='18' viewBox='0 0 18 18' fill='none' xmlns='http:\/\/www.w3.org\/2000\/svg'>\n            <path d='M10.4142 0.514721L6.87868 4.05025L8.29289 5.46447L11.1213 2.63604L15.364 6.87868L12.5355 9.70711L13.9497 11.1213L17.4853 7.58579C17.8763 7.19476 17.8763 6.5626 17.4853 6.17158L11.8284 0.514721C11.4374 0.123691 10.8052 0.123691 10.4142 0.514721Z' fill='black'\/>\n            <path d='M9.7071 12.5355L6.87868 15.364L2.63604 11.1213L5.46446 8.2929L4.05025 6.87868L0.514716 10.4142C0.123686 10.8052 0.123686 11.4374 0.514716 11.8284L6.17157 17.4853C6.5626 17.8763 7.19475 17.8763 7.58578 17.4853L11.1213 13.9497L9.7071 12.5355Z' fill='black'\/>\n            <path d='M6.17157 11.8284C6.5626 12.2195 7.19475 12.2195 7.58578 11.8284L11.8284 7.58579C12.2195 7.19476 12.2195 6.56261 11.8284 6.17158C11.4374 5.78055 10.8052 5.78055 10.4142 6.17158L6.17157 10.4142C5.78054 10.8052 5.78054 11.4374 6.17157 11.8284Z' fill='black'\/>\n            <\/svg> <\/a>\n<h2 class=\"wp-block-heading\">L\u00e5g kostnad och liten risk<\/h2>\n\n\n\n<p>Enligt modellen kommer arbetsgivaren betala l\u00f6n och sociala kostnader till en sammanlagd kostnad p\u00e5 strax \u00f6ver 8 000 kronor per m\u00e5nad. D\u00e4rut\u00f6ver f\u00e5r den enskilde arbetstagaren en utfyllnad fr\u00e5n staten.<\/p>\n\n\n\n<p>\u2013 Det viktiga har varit att skapa en reform utan en massa byr\u00e5krati. F\u00f6retagen anst\u00e4ller till l\u00e5g kostnad och liten risk och hanterar den anst\u00e4llde som \u00f6vriga anst\u00e4llda. Den enskilde f\u00e5r sedan en l\u00f6neutfyllnad och en sammanlagd inkomst motsvarande l\u00e4gstal\u00f6nen i ordinarie kollektivavtal \u2013 en ers\u00e4ttning som det g\u00e5r att leva p\u00e5, s\u00e4ger Stefan Koskinen.<\/p>\n\n\n<a class='Share__link Share__link--url copy-text' href='#' rel='nofollow' data-text='fler-i-arbete' title='Dela url' data-confirmation='L\u00e4nken kopierades till urklipp'><svg class='icon icon--link'  width='18' height='18' viewBox='0 0 18 18' fill='none' xmlns='http:\/\/www.w3.org\/2000\/svg'>\n            <path d='M10.4142 0.514721L6.87868 4.05025L8.29289 5.46447L11.1213 2.63604L15.364 6.87868L12.5355 9.70711L13.9497 11.1213L17.4853 7.58579C17.8763 7.19476 17.8763 6.5626 17.4853 6.17158L11.8284 0.514721C11.4374 0.123691 10.8052 0.123691 10.4142 0.514721Z' fill='black'\/>\n            <path d='M9.7071 12.5355L6.87868 15.364L2.63604 11.1213L5.46446 8.2929L4.05025 6.87868L0.514716 10.4142C0.123686 10.8052 0.123686 11.4374 0.514716 11.8284L6.17157 17.4853C6.5626 17.8763 7.19475 17.8763 7.58578 17.4853L11.1213 13.9497L9.7071 12.5355Z' fill='black'\/>\n            <path d='M6.17157 11.8284C6.5626 12.2195 7.19475 12.2195 7.58578 11.8284L11.8284 7.58579C12.2195 7.19476 12.2195 6.56261 11.8284 6.17158C11.4374 5.78055 10.8052 5.78055 10.4142 6.17158L6.17157 10.4142C5.78054 10.8052 5.78054 11.4374 6.17157 11.8284Z' fill='black'\/>\n            <\/svg> <\/a>\n<h2 class=\"wp-block-heading\">Fler i arbete<\/h2>\n\n\n\n<p>F\u00f6rhoppningen \u00e4r att anst\u00e4llningen ska leda till en tillsvidareanst\u00e4llning p\u00e5 heltid. Etableringsjobben blir d\u00e4rmed till en viktig pusselbit f\u00f6r att l\u00f6sa den integrationsutmaning som Sverige st\u00e5r inf\u00f6r. Ytterligare en positiv effekt av modellen \u00e4r att den \u00e4ven kommer kunna bidra till f\u00f6retagens l\u00e5ngsiktiga kompetensf\u00f6rs\u00f6rjning.<\/p>\n\n\n\n<p>\u2013 M\u00e4nniskor som st\u00e5r l\u00e5ngt fr\u00e5n arbetsmarknaden har kanske i dag inte den produktivitet som kr\u00e4vs f\u00f6r ett fullskaligt jobb. Med ett etableringsjobb f\u00e5r de nu chansen att l\u00e4ra sig och utvecklas under 24 m\u00e5nader. F\u00f6rhoppningsvis kommer det att leda till m\u00e5nga fler i arbete och ett v\u00e4lkommet kompetenstillskott p\u00e5 arbetsmarknaden, s\u00e4ger Stefan Koskinen.<\/p>\n\n\n<a class='Share__link Share__link--url copy-text' href='#' rel='nofollow' data-text='\u00d6verlaggningar-aterstar' title='Dela url' data-confirmation='L\u00e4nken kopierades till urklipp'><svg class='icon icon--link'  width='18' height='18' viewBox='0 0 18 18' fill='none' xmlns='http:\/\/www.w3.org\/2000\/svg'>\n            <path d='M10.4142 0.514721L6.87868 4.05025L8.29289 5.46447L11.1213 2.63604L15.364 6.87868L12.5355 9.70711L13.9497 11.1213L17.4853 7.58579C17.8763 7.19476 17.8763 6.5626 17.4853 6.17158L11.8284 0.514721C11.4374 0.123691 10.8052 0.123691 10.4142 0.514721Z' fill='black'\/>\n            <path d='M9.7071 12.5355L6.87868 15.364L2.63604 11.1213L5.46446 8.2929L4.05025 6.87868L0.514716 10.4142C0.123686 10.8052 0.123686 11.4374 0.514716 11.8284L6.17157 17.4853C6.5626 17.8763 7.19475 17.8763 7.58578 17.4853L11.1213 13.9497L9.7071 12.5355Z' fill='black'\/>\n            <path d='M6.17157 11.8284C6.5626 12.2195 7.19475 12.2195 7.58578 11.8284L11.8284 7.58579C12.2195 7.19476 12.2195 6.56261 11.8284 6.17158C11.4374 5.78055 10.8052 5.78055 10.4142 6.17158L6.17157 10.4142C5.78054 10.8052 5.78054 11.4374 6.17157 11.8284Z' fill='black'\/>\n            <\/svg> <\/a>\n<h2 class=\"wp-block-heading\">\u00d6verl\u00e4ggningar \u00e5terst\u00e5r<\/h2>\n\n\n\n<p>Avtalet tr\u00e4der i kraft vid \u00e5rsskiftet. Det kommer dock inte kunna till\u00e4mpas innan regeringen genomf\u00f6rt vissa f\u00f6rordnings\u00e4ndringar i enlighet med parternas krav. F\u00f6r Almegas och \u00f6vriga arbetsgivares del kr\u00e4vs \u00e4ven f\u00f6rbundsvisa antaganden innan reformen blir till\u00e4mpbar fullt ut.<\/p>\n\n\n\n<p>\u2013 Vi kommer att ta kontakt med v\u00e5ra motparter och inleda \u00f6verl\u00e4ggningar. N\u00e4r detta \u00e4r klart kommer vi informera v\u00e5ra medlemsf\u00f6retag via arbetsgivarnytt. Vi kommer \u00e4ven l\u00e4gga upp anst\u00e4llningsblanketter f\u00f6r etableringsjobb och beskriva processen i v\u00e5r digitala kunskapsbank arbetsgivarguiden.se, s\u00e4ger Stefan Koskinen.<\/p>\n\n\n<a class='Share__link Share__link--url copy-text' href='#' rel='nofollow' data-text='den-svenska-modellen-levererar' title='Dela url' data-confirmation='L\u00e4nken kopierades till urklipp'><svg class='icon icon--link'  width='18' height='18' viewBox='0 0 18 18' fill='none' xmlns='http:\/\/www.w3.org\/2000\/svg'>\n            <path d='M10.4142 0.514721L6.87868 4.05025L8.29289 5.46447L11.1213 2.63604L15.364 6.87868L12.5355 9.70711L13.9497 11.1213L17.4853 7.58579C17.8763 7.19476 17.8763 6.5626 17.4853 6.17158L11.8284 0.514721C11.4374 0.123691 10.8052 0.123691 10.4142 0.514721Z' fill='black'\/>\n            <path d='M9.7071 12.5355L6.87868 15.364L2.63604 11.1213L5.46446 8.2929L4.05025 6.87868L0.514716 10.4142C0.123686 10.8052 0.123686 11.4374 0.514716 11.8284L6.17157 17.4853C6.5626 17.8763 7.19475 17.8763 7.58578 17.4853L11.1213 13.9497L9.7071 12.5355Z' fill='black'\/>\n            <path d='M6.17157 11.8284C6.5626 12.2195 7.19475 12.2195 7.58578 11.8284L11.8284 7.58579C12.2195 7.19476 12.2195 6.56261 11.8284 6.17158C11.4374 5.78055 10.8052 5.78055 10.4142 6.17158L6.17157 10.4142C5.78054 10.8052 5.78054 11.4374 6.17157 11.8284Z' fill='black'\/>\n            <\/svg> <\/a>\n<h2 class=\"wp-block-heading\">Den svenska modellen levererar<\/h2>\n\n\n\n<p>Avtalet mellan arbetsmarknadens parter \u00e4r ett utm\u00e4rkt exempel p\u00e5 kraften i den svenska modellen: Parterna levererar tillsammans l\u00f6sningen p\u00e5 ett stort samh\u00e4llsproblem.<\/p>\n\n\n\n<p>\u2013 P\u00e5 arbetsgivarsidan \u00e4r vi beredda att ta ett stort ansvar f\u00f6r att hj\u00e4lpa m\u00e4nniskor som st\u00e5r l\u00e5ngt fr\u00e5n arbetsmarknaden. Nu hoppas vi p\u00e5 samma ansvarstagande fr\u00e5n fackligt h\u00e5ll och att samtliga LO-f\u00f6rbund \u00e4r beredda att anta \u00f6verenskommelsen, s\u00e4ger Stefan Koskinen.<\/p>\n","protected":false},"excerpt":{"rendered":"<p>Den 5 december sl\u00f6t Svenskt N\u00e4ringsliv avtal med Unionen och LO om en helt ny anst\u00e4llningsmodell \u2013 de s.k. etableringsjobben. Syftet \u00e4r att ge fler l\u00e5ngtidsarbetsl\u00f6sa och nyanl\u00e4nda en ny m\u00f6jlighet att ta sig in &hellip;<\/p>\n","protected":false},"author":6356,"featured_media":48868,"comment_status":"closed","ping_status":"closed","sticky":false,"template":"","format":"standard","meta":{"_acf_changed":false,"footnotes":""},"categories":[64],"tags":[430],"article_type":[55,56],"agreement":[],"class_list":["post-49145","post","type-post","status-publish","format-standard","has-post-thumbnail","hentry","category-arbetsmarknad","tag-etableringsjobb","type-artiklar","type-nyheter"],"acf":[],"yoast_head":"<!-- This site is optimized with the Yoast SEO Premium plugin v26.8 (Yoast SEO v26.8) - https:\/\/yoast.com\/product\/yoast-seo-premium-wordpress\/ -->\n<title>Parterna \u00f6verens om etableringsjobb | Almega<\/title>\n<meta name=\"description\" content=\"Parterna har enats om ett avtal avseende etableringsjobb, en s\u00e4rskild anst\u00e4llning d\u00e4r arbetsgivaren och staten delar p\u00e5 ers\u00e4ttningskostnaden.\" \/>\n<meta name=\"robots\" content=\"index, follow, max-snippet:-1, max-image-preview:large, max-video-preview:-1\" \/>\n<link rel=\"canonical\" href=\"https:\/\/www.almega.se\/2022\/12\/parterna-overens-om-etableringsjobb\/\" \/>\n<meta property=\"og:locale\" content=\"sv_SE\" \/>\n<meta property=\"og:type\" content=\"article\" \/>\n<meta property=\"og:title\" content=\"Parterna \u00f6verens om etableringsjobb\" \/>\n<meta property=\"og:description\" content=\"Parterna har enats om ett avtal avseende etableringsjobb, en s\u00e4rskild anst\u00e4llning d\u00e4r arbetsgivaren och staten delar p\u00e5 ers\u00e4ttningskostnaden.\" \/>\n<meta property=\"og:url\" content=\"https:\/\/www.almega.se\/2022\/12\/parterna-overens-om-etableringsjobb\/\" \/>\n<meta property=\"og:site_name\" content=\"Almega\" \/>\n<meta property=\"article:published_time\" content=\"2022-12-06T13:19:08+00:00\" \/>\n<meta property=\"article:modified_time\" content=\"2023-10-26T14:25:28+00:00\" \/>\n<meta property=\"og:image\" content=\"https:\/\/www.almega.se\/app\/uploads\/2022\/11\/d18e0f1a-6066-4fed-9cb5-bc3674bb63d8-scaled.jpeg\" \/>\n\t<meta property=\"og:image:width\" content=\"2560\" \/>\n\t<meta property=\"og:image:height\" content=\"1707\" \/>\n\t<meta property=\"og:image:type\" content=\"image\/jpeg\" \/>\n<meta name=\"author\" content=\"Erik Juhlin\" \/>\n<meta name=\"twitter:card\" content=\"summary_large_image\" \/>\n<meta name=\"twitter:label1\" content=\"Skriven av\" \/>\n\t<meta name=\"twitter:data1\" content=\"Erik Juhlin\" \/>\n\t<meta name=\"twitter:label2\" content=\"Ber\u00e4knad l\u00e4stid\" \/>\n\t<meta name=\"twitter:data2\" content=\"3 minuter\" \/>\n<!-- \/ Yoast SEO Premium plugin. -->","yoast_head_json":{"title":"Parterna \u00f6verens om etableringsjobb | Almega","description":"Parterna har enats om ett avtal avseende etableringsjobb, en s\u00e4rskild anst\u00e4llning d\u00e4r arbetsgivaren och staten delar p\u00e5 ers\u00e4ttningskostnaden.","robots":{"index":"index","follow":"follow","max-snippet":"max-snippet:-1","max-image-preview":"max-image-preview:large","max-video-preview":"max-video-preview:-1"},"canonical":"https:\/\/www.almega.se\/2022\/12\/parterna-overens-om-etableringsjobb\/","og_locale":"sv_SE","og_type":"article","og_title":"Parterna \u00f6verens om etableringsjobb","og_description":"Parterna har enats om ett avtal avseende etableringsjobb, en s\u00e4rskild anst\u00e4llning d\u00e4r arbetsgivaren och staten delar p\u00e5 ers\u00e4ttningskostnaden.","og_url":"https:\/\/www.almega.se\/2022\/12\/parterna-overens-om-etableringsjobb\/","og_site_name":"Almega","article_published_time":"2022-12-06T13:19:08+00:00","article_modified_time":"2023-10-26T14:25:28+00:00","og_image":[{"width":2560,"height":1707,"url":"https:\/\/www.almega.se\/app\/uploads\/2022\/11\/d18e0f1a-6066-4fed-9cb5-bc3674bb63d8-scaled.jpeg","type":"image\/jpeg"}],"author":"Erik Juhlin","twitter_card":"summary_large_image","twitter_misc":{"Skriven av":"Erik Juhlin","Ber\u00e4knad l\u00e4stid":"3 minuter"},"schema":{"@context":"https:\/\/schema.org","@graph":[{"@type":"NewsArticle","@id":"https:\/\/www.almega.se\/2022\/12\/parterna-overens-om-etableringsjobb\/#article","isPartOf":{"@id":"https:\/\/www.almega.se\/2022\/12\/parterna-overens-om-etableringsjobb\/"},"author":{"name":"Erik Juhlin","@id":"https:\/\/www.almega.se\/#\/schema\/person\/3c181ea7ead5ab7b14c61584637720f5"},"headline":"Parterna \u00f6verens om etableringsjobb","datePublished":"2022-12-06T13:19:08+00:00","dateModified":"2023-10-26T14:25:28+00:00","mainEntityOfPage":{"@id":"https:\/\/www.almega.se\/2022\/12\/parterna-overens-om-etableringsjobb\/"},"wordCount":497,"image":{"@id":"https:\/\/www.almega.se\/2022\/12\/parterna-overens-om-etableringsjobb\/#primaryimage"},"thumbnailUrl":"https:\/\/www.almega.se\/app\/uploads\/2022\/11\/d18e0f1a-6066-4fed-9cb5-bc3674bb63d8-scaled.jpeg","keywords":["Etableringsjobb"],"articleSection":["Arbetsmarknad"],"inLanguage":"sv-SE"},{"@type":"WebPage","@id":"https:\/\/www.almega.se\/2022\/12\/parterna-overens-om-etableringsjobb\/","url":"https:\/\/www.almega.se\/2022\/12\/parterna-overens-om-etableringsjobb\/","name":"Parterna \u00f6verens om etableringsjobb | Almega","isPartOf":{"@id":"https:\/\/www.almega.se\/#website"},"primaryImageOfPage":{"@id":"https:\/\/www.almega.se\/2022\/12\/parterna-overens-om-etableringsjobb\/#primaryimage"},"image":{"@id":"https:\/\/www.almega.se\/2022\/12\/parterna-overens-om-etableringsjobb\/#primaryimage"},"thumbnailUrl":"https:\/\/www.almega.se\/app\/uploads\/2022\/11\/d18e0f1a-6066-4fed-9cb5-bc3674bb63d8-scaled.jpeg","datePublished":"2022-12-06T13:19:08+00:00","dateModified":"2023-10-26T14:25:28+00:00","author":{"@id":"https:\/\/www.almega.se\/#\/schema\/person\/3c181ea7ead5ab7b14c61584637720f5"},"description":"Parterna har enats om ett avtal avseende etableringsjobb, en s\u00e4rskild anst\u00e4llning d\u00e4r arbetsgivaren och staten delar p\u00e5 ers\u00e4ttningskostnaden.","breadcrumb":{"@id":"https:\/\/www.almega.se\/2022\/12\/parterna-overens-om-etableringsjobb\/#breadcrumb"},"inLanguage":"sv-SE","potentialAction":[{"@type":"ReadAction","target":["https:\/\/www.almega.se\/2022\/12\/parterna-overens-om-etableringsjobb\/"]}]},{"@type":"ImageObject","inLanguage":"sv-SE","@id":"https:\/\/www.almega.se\/2022\/12\/parterna-overens-om-etableringsjobb\/#primaryimage","url":"https:\/\/www.almega.se\/app\/uploads\/2022\/11\/d18e0f1a-6066-4fed-9cb5-bc3674bb63d8-scaled.jpeg","contentUrl":"https:\/\/www.almega.se\/app\/uploads\/2022\/11\/d18e0f1a-6066-4fed-9cb5-bc3674bb63d8-scaled.jpeg","width":2560,"height":1707,"caption":"Stefan Koskinen, F\u00f6rbundsdir. Almega tj\u00e4nstef\u00f6retagen. Foto: Johan Jeppsson"},{"@type":"BreadcrumbList","@id":"https:\/\/www.almega.se\/2022\/12\/parterna-overens-om-etableringsjobb\/#breadcrumb","itemListElement":[{"@type":"ListItem","position":1,"name":"Home","item":"https:\/\/www.almega.se\/"},{"@type":"ListItem","position":2,"name":"Parterna \u00f6verens om etableringsjobb"}]},{"@type":"WebSite","@id":"https:\/\/www.almega.se\/#website","url":"https:\/\/www.almega.se\/","name":"Almega","description":"","potentialAction":[{"@type":"SearchAction","target":{"@type":"EntryPoint","urlTemplate":"https:\/\/www.almega.se\/?s={search_term_string}"},"query-input":{"@type":"PropertyValueSpecification","valueRequired":true,"valueName":"search_term_string"}}],"inLanguage":"sv-SE"},{"@type":"Person","@id":"https:\/\/www.almega.se\/#\/schema\/person\/3c181ea7ead5ab7b14c61584637720f5","name":"Erik Juhlin","image":{"@type":"ImageObject","inLanguage":"sv-SE","@id":"https:\/\/www.almega.se\/#\/schema\/person\/image\/","url":"https:\/\/secure.gravatar.com\/avatar\/ef0e97454357041724f27ea1630fa5bf78b30eea6fc56998e6a03142ad5b1370?s=96&d=mm&r=g","contentUrl":"https:\/\/secure.gravatar.com\/avatar\/ef0e97454357041724f27ea1630fa5bf78b30eea6fc56998e6a03142ad5b1370?s=96&d=mm&r=g","caption":"Erik Juhlin"},"url":"https:\/\/www.almega.se\/person\/erikjuhlin\/"}]}},"_links":{"self":[{"href":"https:\/\/www.almega.se\/api\/wp\/v2\/posts\/49145","targetHints":{"allow":["GET"]}}],"collection":[{"href":"https:\/\/www.almega.se\/api\/wp\/v2\/posts"}],"about":[{"href":"https:\/\/www.almega.se\/api\/wp\/v2\/types\/post"}],"author":[{"embeddable":true,"href":"https:\/\/www.almega.se\/api\/wp\/v2\/users\/6356"}],"replies":[{"embeddable":true,"href":"https:\/\/www.almega.se\/api\/wp\/v2\/comments?post=49145"}],"version-history":[{"count":3,"href":"https:\/\/www.almega.se\/api\/wp\/v2\/posts\/49145\/revisions"}],"predecessor-version":[{"id":52839,"href":"https:\/\/www.almega.se\/api\/wp\/v2\/posts\/49145\/revisions\/52839"}],"wp:featuredmedia":[{"embeddable":true,"href":"https:\/\/www.almega.se\/api\/wp\/v2\/media\/48868"}],"wp:attachment":[{"href":"https:\/\/www.almega.se\/api\/wp\/v2\/media?parent=49145"}],"wp:term":[{"taxonomy":"category","embeddable":true,"href":"https:\/\/www.almega.se\/api\/wp\/v2\/categories?post=49145"},{"taxonomy":"post_tag","embeddable":true,"href":"https:\/\/www.almega.se\/api\/wp\/v2\/tags?post=49145"},{"taxonomy":"type","embeddable":true,"href":"https:\/\/www.almega.se\/api\/wp\/v2\/article_type?post=49145"},{"taxonomy":"agreement","embeddable":true,"href":"https:\/\/www.almega.se\/api\/wp\/v2\/agreement?post=49145"}],"curies":[{"name":"wp","href":"https:\/\/api.w.org\/{rel}","templated":true}]}}