{"id":49088,"date":"2022-11-30T16:08:56","date_gmt":"2022-11-30T15:08:56","guid":{"rendered":"https:\/\/www.almega.se\/?p=49088"},"modified":"2023-02-17T11:52:09","modified_gmt":"2023-02-17T10:52:09","slug":"fel-med-statlig-minimilon-for-arbetstillstand","status":"publish","type":"post","link":"https:\/\/www.almega.se\/2022\/11\/fel-med-statlig-minimilon-for-arbetstillstand\/","title":{"rendered":"Fel med statlig minimil\u00f6n f\u00f6r arbetstillst\u00e5nd"},"content":{"rendered":"\n<p class=\"intro\">Riksdagen r\u00f6stade i dag igenom den tidigare regeringens f\u00f6rslag om h\u00f6jt f\u00f6rs\u00f6rjningskrav f\u00f6r arbetskraftsinvandrare fr\u00e5n l\u00e4nder utanf\u00f6r EU. \u201dEtt d\u00e5ligt f\u00f6rslag\u201d, konstaterar Patrick Joyce, chefekonom p\u00e5 tj\u00e4nstef\u00f6retagens organisation Almega.<\/p>\n<h2>L\u00f6ner best\u00e4ms inte av staten<\/h2>\n<p>I framtiden kommer det att kr\u00e4vas en inkomst som garanterar en \u201dgod f\u00f6rs\u00f6rjning\u201d f\u00f6r att som arbetskraftsinvandrare fr\u00e5n tredje land f\u00e5 arbetstillst\u00e5nd. Hur h\u00f6g inkomst som kommer att kr\u00e4vas best\u00e4ms av regeringen, men i Tid\u00f6avtalet n\u00e4mns en l\u00f6neniv\u00e5 motsvarande medianl\u00f6nen, f\u00f6r n\u00e4rvarande 33 200 kronor per m\u00e5nad.<\/p>\n<p>\u2013 Detta \u00e4r ett d\u00e5ligt f\u00f6rslag. Det \u00e4r en viktig princip att l\u00f6ner best\u00e4ms i f\u00f6rhandlingar mellan arbetsgivare och fackf\u00f6rbund, inte av staten. Detta \u00e4r en central del av den svenska modellen, s\u00e4ger Patrick Joyce, chefekonom p\u00e5 tj\u00e4nstef\u00f6retagens organisation Almega.<\/p>\n<h2>Enkelt regelverk f\u00f6rdel f\u00f6r Sverige enligt OECD<\/h2>\n<p>Sveriges har sedan 2008 haft ett enkelt regelverk f\u00f6r arbetskraftsinvandring fr\u00e5n l\u00e4nder utanf\u00f6r EU. Personer som erbjuds ett arbete med l\u00f6n och villkor enligt avtal eller praxis inom yrket f\u00e5r arbetstillst\u00e5nd i tv\u00e5 \u00e5r med m\u00f6jlighet till f\u00f6rl\u00e4ngning. Enligt OECD har systemet ocks\u00e5 varit en f\u00f6rdel f\u00f6r Sverige i konkurrensen om internationella talanger.<\/p>\n<p>\u2013 Det hittillsvarande systemet garanterar redan att alla med arbetstillst\u00e5nd kan f\u00f6rs\u00f6rja sig. Vad ett statligt inkomstgolv i realiteten kommer inneb\u00e4ra \u00e4r att det blir om\u00f6jligt f\u00f6r m\u00e5nga branscher att anst\u00e4lla arbetskraftsinvandrare, s\u00e4ger Patrick Joyce.<\/p>\n<h2>Arbetskraftsinvandringen bidrar till svensk BNP och skatteint\u00e4kter<\/h2>\n<p>Almegas ber\u00e4kningar visar dessutom att med ett inkomstgolv p\u00e5 33 200 kronor i m\u00e5naden skulle drygt h\u00e4lften av de arbetskraftsinvandrare som i dag arbetar i Sverige f\u00f6rlora arbetstillst\u00e5ndet.<\/p>\n<p>\u2013 Det kommer att drabba m\u00e5nga tj\u00e4nstebranscher h\u00e5rt. Hotell och restauranger, v\u00e5rden samt st\u00e4d och service f\u00f6rlorar medarbetare och kommer inte kunna rekrytera arbetskraftsinvandrare fram\u00f6ver. Det g\u00e4ller \u00e4ven i yrken d\u00e4r det \u00e4r stor brist p\u00e5 personal, exempelvis kockar, s\u00e4ger Patrick Joyce.<\/p>\n<p>&nbsp;<\/p>\n<ul class=\"is-large\">\n<li style=\"text-align: left;\">Arbetskraftsinvandringen till Sverige uppg\u00e5r \u00e5rligen till drygt 20 000 personer, varav majoriteten arbetar inom bristyrken.<\/li>\n<li style=\"text-align: left;\">De flesta stannar i Sverige ett par \u00e5r och i princip alla f\u00f6rs\u00f6rjer sig sj\u00e4lva och medf\u00f6ljande.<\/li>\n<li style=\"text-align: left;\">Arbetskraftsinvandringen har varje \u00e5r dessutom bidragit med 34 miljarder kronor till svensk BNP och 12 miljarder kronor i skatteint\u00e4kter.<\/li>\n<\/ul>\n<p style=\"text-align: center;\">\n\n","protected":false},"excerpt":{"rendered":"<p>Riksdagen r\u00f6stade i dag igenom den tidigare regeringens f\u00f6rslag om h\u00f6jt f\u00f6rs\u00f6rjningskrav f\u00f6r arbetskraftsinvandrare fr\u00e5n l\u00e4nder utanf\u00f6r EU. \u201dEtt d\u00e5ligt f\u00f6rslag\u201d, konstaterar Patrick Joyce, chefekonom p\u00e5 tj\u00e4nstef\u00f6retagens organisation Almega. L\u00f6ner best\u00e4ms inte av staten I &hellip;<\/p>\n","protected":false},"author":6058,"featured_media":49093,"comment_status":"closed","ping_status":"closed","sticky":false,"template":"","format":"standard","meta":{"_acf_changed":false,"footnotes":""},"categories":[419],"tags":[543],"article_type":[56,93],"agreement":[],"class_list":["post-49088","post","type-post","status-publish","format-standard","has-post-thumbnail","hentry","category-kompetensforsorjning","tag-arbetskraftsinvandring","type-nyheter","type-pressmeddelanden"],"acf":[],"yoast_head":"<!-- This site is optimized with the Yoast SEO Premium plugin v26.8 (Yoast SEO v26.8) - https:\/\/yoast.com\/product\/yoast-seo-premium-wordpress\/ -->\n<title>Fel med statlig minimil\u00f6n f\u00f6r arbetstillst\u00e5nd | Almega<\/title>\n<meta name=\"description\" content=\"Riksdagen har r\u00f6stat igenom f\u00f6rslag om h\u00f6jt f\u00f6rs\u00f6rjningskrav f\u00f6r arbetskraftsinvandrare fr\u00e5n l\u00e4nder utanf\u00f6r EU. Ett d\u00e5ligt f\u00f6rslag menar Almega\" \/>\n<meta name=\"robots\" content=\"index, follow, max-snippet:-1, max-image-preview:large, max-video-preview:-1\" \/>\n<link rel=\"canonical\" href=\"https:\/\/www.almega.se\/2022\/11\/fel-med-statlig-minimilon-for-arbetstillstand\/\" \/>\n<meta property=\"og:locale\" content=\"sv_SE\" \/>\n<meta property=\"og:type\" content=\"article\" \/>\n<meta property=\"og:title\" content=\"Fel med statlig minimil\u00f6n f\u00f6r arbetstillst\u00e5nd\" \/>\n<meta property=\"og:description\" content=\"Riksdagen har r\u00f6stat igenom f\u00f6rslag om h\u00f6jt f\u00f6rs\u00f6rjningskrav f\u00f6r arbetskraftsinvandrare fr\u00e5n l\u00e4nder utanf\u00f6r EU. Ett d\u00e5ligt f\u00f6rslag menar Almega\" \/>\n<meta property=\"og:url\" content=\"https:\/\/www.almega.se\/2022\/11\/fel-med-statlig-minimilon-for-arbetstillstand\/\" \/>\n<meta property=\"og:site_name\" content=\"Almega\" \/>\n<meta property=\"article:published_time\" content=\"2022-11-30T15:08:56+00:00\" \/>\n<meta property=\"article:modified_time\" content=\"2023-02-17T10:52:09+00:00\" \/>\n<meta property=\"og:image\" content=\"https:\/\/www.almega.se\/app\/uploads\/2022\/11\/39c06082-8771-4868-956e-5395e2e473c3-scaled.jpeg\" \/>\n\t<meta property=\"og:image:width\" content=\"2560\" \/>\n\t<meta property=\"og:image:height\" content=\"1707\" \/>\n\t<meta property=\"og:image:type\" content=\"image\/jpeg\" \/>\n<meta name=\"author\" content=\"Shashika Sellgren\" \/>\n<meta name=\"twitter:card\" content=\"summary_large_image\" \/>\n<meta name=\"twitter:label1\" content=\"Skriven av\" \/>\n\t<meta name=\"twitter:data1\" content=\"Shashika Sellgren\" \/>\n\t<meta name=\"twitter:label2\" content=\"Ber\u00e4knad l\u00e4stid\" \/>\n\t<meta name=\"twitter:data2\" content=\"2 minuter\" \/>\n<!-- \/ Yoast SEO Premium plugin. -->","yoast_head_json":{"title":"Fel med statlig minimil\u00f6n f\u00f6r arbetstillst\u00e5nd | Almega","description":"Riksdagen har r\u00f6stat igenom f\u00f6rslag om h\u00f6jt f\u00f6rs\u00f6rjningskrav f\u00f6r arbetskraftsinvandrare fr\u00e5n l\u00e4nder utanf\u00f6r EU. Ett d\u00e5ligt f\u00f6rslag menar Almega","robots":{"index":"index","follow":"follow","max-snippet":"max-snippet:-1","max-image-preview":"max-image-preview:large","max-video-preview":"max-video-preview:-1"},"canonical":"https:\/\/www.almega.se\/2022\/11\/fel-med-statlig-minimilon-for-arbetstillstand\/","og_locale":"sv_SE","og_type":"article","og_title":"Fel med statlig minimil\u00f6n f\u00f6r arbetstillst\u00e5nd","og_description":"Riksdagen har r\u00f6stat igenom f\u00f6rslag om h\u00f6jt f\u00f6rs\u00f6rjningskrav f\u00f6r arbetskraftsinvandrare fr\u00e5n l\u00e4nder utanf\u00f6r EU. Ett d\u00e5ligt f\u00f6rslag menar Almega","og_url":"https:\/\/www.almega.se\/2022\/11\/fel-med-statlig-minimilon-for-arbetstillstand\/","og_site_name":"Almega","article_published_time":"2022-11-30T15:08:56+00:00","article_modified_time":"2023-02-17T10:52:09+00:00","og_image":[{"width":2560,"height":1707,"url":"https:\/\/www.almega.se\/app\/uploads\/2022\/11\/39c06082-8771-4868-956e-5395e2e473c3-scaled.jpeg","type":"image\/jpeg"}],"author":"Shashika Sellgren","twitter_card":"summary_large_image","twitter_misc":{"Skriven av":"Shashika Sellgren","Ber\u00e4knad l\u00e4stid":"2 minuter"},"schema":{"@context":"https:\/\/schema.org","@graph":[{"@type":"NewsArticle","@id":"https:\/\/www.almega.se\/2022\/11\/fel-med-statlig-minimilon-for-arbetstillstand\/#article","isPartOf":{"@id":"https:\/\/www.almega.se\/2022\/11\/fel-med-statlig-minimilon-for-arbetstillstand\/"},"author":{"name":"Shashika Sellgren","@id":"https:\/\/www.almega.se\/#\/schema\/person\/38c6b37b81c530c93246c3d1993d5662"},"headline":"Fel med statlig minimil\u00f6n f\u00f6r arbetstillst\u00e5nd","datePublished":"2022-11-30T15:08:56+00:00","dateModified":"2023-02-17T10:52:09+00:00","mainEntityOfPage":{"@id":"https:\/\/www.almega.se\/2022\/11\/fel-med-statlig-minimilon-for-arbetstillstand\/"},"wordCount":427,"image":{"@id":"https:\/\/www.almega.se\/2022\/11\/fel-med-statlig-minimilon-for-arbetstillstand\/#primaryimage"},"thumbnailUrl":"https:\/\/www.almega.se\/app\/uploads\/2022\/11\/39c06082-8771-4868-956e-5395e2e473c3-scaled.jpeg","keywords":["Arbetskraftsinvandring"],"articleSection":["Kompetensf\u00f6rs\u00f6rjning"],"inLanguage":"sv-SE"},{"@type":"WebPage","@id":"https:\/\/www.almega.se\/2022\/11\/fel-med-statlig-minimilon-for-arbetstillstand\/","url":"https:\/\/www.almega.se\/2022\/11\/fel-med-statlig-minimilon-for-arbetstillstand\/","name":"Fel med statlig minimil\u00f6n f\u00f6r arbetstillst\u00e5nd | Almega","isPartOf":{"@id":"https:\/\/www.almega.se\/#website"},"primaryImageOfPage":{"@id":"https:\/\/www.almega.se\/2022\/11\/fel-med-statlig-minimilon-for-arbetstillstand\/#primaryimage"},"image":{"@id":"https:\/\/www.almega.se\/2022\/11\/fel-med-statlig-minimilon-for-arbetstillstand\/#primaryimage"},"thumbnailUrl":"https:\/\/www.almega.se\/app\/uploads\/2022\/11\/39c06082-8771-4868-956e-5395e2e473c3-scaled.jpeg","datePublished":"2022-11-30T15:08:56+00:00","dateModified":"2023-02-17T10:52:09+00:00","author":{"@id":"https:\/\/www.almega.se\/#\/schema\/person\/38c6b37b81c530c93246c3d1993d5662"},"description":"Riksdagen har r\u00f6stat igenom f\u00f6rslag om h\u00f6jt f\u00f6rs\u00f6rjningskrav f\u00f6r arbetskraftsinvandrare fr\u00e5n l\u00e4nder utanf\u00f6r EU. Ett d\u00e5ligt f\u00f6rslag menar Almega","breadcrumb":{"@id":"https:\/\/www.almega.se\/2022\/11\/fel-med-statlig-minimilon-for-arbetstillstand\/#breadcrumb"},"inLanguage":"sv-SE","potentialAction":[{"@type":"ReadAction","target":["https:\/\/www.almega.se\/2022\/11\/fel-med-statlig-minimilon-for-arbetstillstand\/"]}]},{"@type":"ImageObject","inLanguage":"sv-SE","@id":"https:\/\/www.almega.se\/2022\/11\/fel-med-statlig-minimilon-for-arbetstillstand\/#primaryimage","url":"https:\/\/www.almega.se\/app\/uploads\/2022\/11\/39c06082-8771-4868-956e-5395e2e473c3-scaled.jpeg","contentUrl":"https:\/\/www.almega.se\/app\/uploads\/2022\/11\/39c06082-8771-4868-956e-5395e2e473c3-scaled.jpeg","width":2560,"height":1707},{"@type":"BreadcrumbList","@id":"https:\/\/www.almega.se\/2022\/11\/fel-med-statlig-minimilon-for-arbetstillstand\/#breadcrumb","itemListElement":[{"@type":"ListItem","position":1,"name":"Home","item":"https:\/\/www.almega.se\/"},{"@type":"ListItem","position":2,"name":"Fel med statlig minimil\u00f6n f\u00f6r arbetstillst\u00e5nd"}]},{"@type":"WebSite","@id":"https:\/\/www.almega.se\/#website","url":"https:\/\/www.almega.se\/","name":"Almega","description":"","potentialAction":[{"@type":"SearchAction","target":{"@type":"EntryPoint","urlTemplate":"https:\/\/www.almega.se\/?s={search_term_string}"},"query-input":{"@type":"PropertyValueSpecification","valueRequired":true,"valueName":"search_term_string"}}],"inLanguage":"sv-SE"},{"@type":"Person","@id":"https:\/\/www.almega.se\/#\/schema\/person\/38c6b37b81c530c93246c3d1993d5662","name":"Shashika Sellgren","image":{"@type":"ImageObject","inLanguage":"sv-SE","@id":"https:\/\/www.almega.se\/#\/schema\/person\/image\/","url":"https:\/\/secure.gravatar.com\/avatar\/b225c479880df9eb82d1501dd105dd8040f27c8563f3d4bf5dd62ce0a1630abd?s=96&d=mm&r=g","contentUrl":"https:\/\/secure.gravatar.com\/avatar\/b225c479880df9eb82d1501dd105dd8040f27c8563f3d4bf5dd62ce0a1630abd?s=96&d=mm&r=g","caption":"Shashika Sellgren"},"url":"https:\/\/www.almega.se\/person\/shashikasellgren\/"}]}},"_links":{"self":[{"href":"https:\/\/www.almega.se\/api\/wp\/v2\/posts\/49088","targetHints":{"allow":["GET"]}}],"collection":[{"href":"https:\/\/www.almega.se\/api\/wp\/v2\/posts"}],"about":[{"href":"https:\/\/www.almega.se\/api\/wp\/v2\/types\/post"}],"author":[{"embeddable":true,"href":"https:\/\/www.almega.se\/api\/wp\/v2\/users\/6058"}],"replies":[{"embeddable":true,"href":"https:\/\/www.almega.se\/api\/wp\/v2\/comments?post=49088"}],"version-history":[{"count":1,"href":"https:\/\/www.almega.se\/api\/wp\/v2\/posts\/49088\/revisions"}],"predecessor-version":[{"id":51137,"href":"https:\/\/www.almega.se\/api\/wp\/v2\/posts\/49088\/revisions\/51137"}],"wp:featuredmedia":[{"embeddable":true,"href":"https:\/\/www.almega.se\/api\/wp\/v2\/media\/49093"}],"wp:attachment":[{"href":"https:\/\/www.almega.se\/api\/wp\/v2\/media?parent=49088"}],"wp:term":[{"taxonomy":"category","embeddable":true,"href":"https:\/\/www.almega.se\/api\/wp\/v2\/categories?post=49088"},{"taxonomy":"post_tag","embeddable":true,"href":"https:\/\/www.almega.se\/api\/wp\/v2\/tags?post=49088"},{"taxonomy":"type","embeddable":true,"href":"https:\/\/www.almega.se\/api\/wp\/v2\/article_type?post=49088"},{"taxonomy":"agreement","embeddable":true,"href":"https:\/\/www.almega.se\/api\/wp\/v2\/agreement?post=49088"}],"curies":[{"name":"wp","href":"https:\/\/api.w.org\/{rel}","templated":true}]}}