{"id":48936,"date":"2022-11-17T09:27:50","date_gmt":"2022-11-17T08:27:50","guid":{"rendered":"https:\/\/www.almega.se\/2022\/11\/sverige-alltmer-en-tjansteekonomi-kunskapsintensiva-foretagstjanster-driver-utvecklingen\/"},"modified":"2023-01-11T08:55:35","modified_gmt":"2023-01-11T07:55:35","slug":"sverige-alltmer-en-tjansteekonomi-kunskapsintensiva-foretagstjanster-driver-utvecklingen","status":"publish","type":"post","link":"https:\/\/www.almega.se\/2022\/11\/sverige-alltmer-en-tjansteekonomi-kunskapsintensiva-foretagstjanster-driver-utvecklingen\/","title":{"rendered":"Sverige alltmer en tj\u00e4nsteekonomi \u2013 kunskapsintensiva f\u00f6retagstj\u00e4nster driver utvecklingen"},"content":{"rendered":"<p class=\"intro\">Tv\u00e5 av tre nya jobb i n\u00e4ringslivet skapas i tj\u00e4nstef\u00f6retag. Enligt en ny rapport fr\u00e5n Almega \u00e4r det tillv\u00e4xten inom f\u00f6retagstj\u00e4nster som driver utvecklingen. \u201dSverige har g\u00e5tt fr\u00e5n en utpr\u00e4glad industrination till en tj\u00e4nstebaserad ekonomi\u201d, s\u00e4ger Patrick Joyce, chefekonom p\u00e5 tj\u00e4nstef\u00f6retagens organisation Almega.<\/p>\n\n<p>\u2013 Den privata tj\u00e4nstesektorn \u00f6kar i betydelse, b\u00e5de globalt och i Sverige. \u00c5r 2020 stod den f\u00f6r n\u00e4stan 68 procent av det svenska n\u00e4ringslivets f\u00f6r\u00e4dlingsv\u00e4rde och 31 procent av exporten. Dessutom utg\u00f6rs en stor del av v\u00e5r varuexport i realiteten av tj\u00e4nster, s\u00e4ger Patrick Joyce, chefekonom p\u00e5 Almega.<\/p>\n\n\n\n<p>I den nya rapporten <em>Kunskapsintensiva f\u00f6retagstj\u00e4nster \u00e4r allt viktigare f\u00f6r Sverige <\/em>har Almega l\u00e5tit Nima Sanandaji, teknologie doktor, kartl\u00e4gga utvecklingen av svensk tj\u00e4nsteproduktion. Rapporten visar att den det fr\u00e4mst \u00e4r kunskapsintensiva f\u00f6retagstj\u00e4nster, tj\u00e4nster till andra f\u00f6retag och som ofta kr\u00e4ver medarbetare med l\u00e4ngre utbildning eller djupt yrkeskunnande, som driver utvecklingen.<\/p>\n\n\n\n<p>\u2013 Tillv\u00e4xten inom kunskapsintensiva f\u00f6retagstj\u00e4nster \u00e4r central f\u00f6r den svenska ekonomins f\u00f6r\u00e4ndring mot en alltmer kunskapsbaserad produktion. Mellan 2008 och 2020 \u00f6kade produktionen med 77 procent och de kunskapsintensiva f\u00f6retagstj\u00e4nsterna st\u00e5r numera f\u00f6r 12,3 procent av BNP i Sverige, s\u00e4ger Patrick Joyce.<\/p>\n\n\n\n<p>Tillv\u00e4xten har fr\u00e4mst skett inom programmering och konsulttj\u00e4nster d\u00e4r produktionen, i l\u00f6pande priser, mer \u00e4n f\u00f6rdubblats fr\u00e5n 2008 till 15,9 miljarder euro 2020. \u00c4ven produktionen inom arkitektur och ingenj\u00f6rsverksamhet har vuxit kraftigt. De kunskapsintensiva f\u00f6retagstj\u00e4nsterna blir ocks\u00e5 allt viktigare f\u00f6r syssels\u00e4ttningen.<\/p>\n\n\n\n<p>\u2013 Mellan 2008 och 2020 \u00f6kade antalet sysselsatta inom sektorn fr\u00e5n 502 000 till 708 000 personer. Var fj\u00e4rde, 160&nbsp;000 personer, arbetar inom programmering och konsulttj\u00e4nster. Sammantaget st\u00e5r de kunskapsintensiva f\u00f6retagstj\u00e4nsterna f\u00f6r 15 procent av svensk syssels\u00e4ttning, s\u00e4ger Patrick Joyce.<\/p>\n\n\n\n<p>I j\u00e4mf\u00f6relse med andra europeiska l\u00e4nder har kunskapsintensiva f\u00f6retagstj\u00e4nster stor betydelse f\u00f6r Sverige. Sektorn har vuxit snabbare i Sverige \u00e4n i de flesta l\u00e4nderna i Europa och Sverige placerar sig p\u00e5 sjunde plats sett till sektorns andel av BNP.<\/p>\n\n\n\n<p>\u2013 Sverige har en v\u00e4lutbildad befolkning vilket gynnar den kunskapsintensiva sektorn, trots h\u00f6ga arbetskraftskostnader j\u00e4mf\u00f6rt med \u00f6vriga Europa. Den kunskapsintensiva sektorn v\u00e4xer dock snabbt i l\u00e4nder med m\u00e5nga v\u00e4lutbildade unga och l\u00e5ga kostnader f\u00f6r arbetskraften som Bulgarien, Slovakien och Kroatien. F\u00f6r att den kunskapsintensiva sektorn ska beh\u00e5lla sin konkurrenskraft i Sverige kr\u00e4vs bland annat fortsatta satsningar p\u00e5 utbildning, s\u00e4ger Patrick Joyce.<\/p>\n\n\n\n<p><a href=\"https:\/\/via.tt.se\/data\/attachments\/00304\/ba995331-93e2-442c-be3d-92575c3de371.pdf\" target=\"_blank\" rel=\"noreferrer noopener\">L\u00e4s hela rapporten h\u00e4r<\/a>.<\/p>\n","protected":false},"excerpt":{"rendered":"<p>Tv\u00e5 av tre nya jobb i n\u00e4ringslivet skapas i tj\u00e4nstef\u00f6retag. Enligt en ny rapport fr\u00e5n Almega \u00e4r det tillv\u00e4xten inom f\u00f6retagstj\u00e4nster som driver utvecklingen. \u201dSverige har g\u00e5tt fr\u00e5n en utpr\u00e4glad industrination till en tj\u00e4nstebaserad ekonomi\u201d, s\u00e4ger Patrick Joyce, chefekonom p\u00e5 tj\u00e4nstef\u00f6retagens organisation Almega.<\/p>\n","protected":false},"author":6356,"featured_media":48937,"comment_status":"closed","ping_status":"closed","sticky":false,"template":"","format":"standard","meta":{"_acf_changed":false,"footnotes":""},"categories":[419,57],"tags":[422,543,610,50],"article_type":[93],"agreement":[],"class_list":["post-48936","post","type-post","status-publish","format-standard","has-post-thumbnail","hentry","category-kompetensforsorjning","category-skatter","tag-arbetsgivaravgift","tag-arbetskraftsinvandring","tag-kompetensforsorjning","tag-tjanstesektorns-utveckling","type-pressmeddelanden"],"acf":[],"yoast_head":"<!-- This site is optimized with the Yoast SEO Premium plugin v26.8 (Yoast SEO v26.8) - https:\/\/yoast.com\/product\/yoast-seo-premium-wordpress\/ -->\n<title>Sverige alltmer en tj\u00e4nsteekonomi \u2013 kunskapsintensiva f\u00f6retagstj\u00e4nster driver utvecklingen | Almega<\/title>\n<meta name=\"robots\" content=\"index, follow, max-snippet:-1, max-image-preview:large, max-video-preview:-1\" \/>\n<link rel=\"canonical\" href=\"https:\/\/www.almega.se\/2022\/11\/sverige-alltmer-en-tjansteekonomi-kunskapsintensiva-foretagstjanster-driver-utvecklingen\/\" \/>\n<meta property=\"og:locale\" content=\"sv_SE\" \/>\n<meta property=\"og:type\" content=\"article\" \/>\n<meta property=\"og:title\" content=\"Sverige alltmer en tj\u00e4nsteekonomi \u2013 kunskapsintensiva f\u00f6retagstj\u00e4nster driver utvecklingen\" \/>\n<meta property=\"og:description\" content=\"Tv\u00e5 av tre nya jobb i n\u00e4ringslivet skapas i tj\u00e4nstef\u00f6retag. Enligt en ny rapport fr\u00e5n Almega \u00e4r det tillv\u00e4xten inom f\u00f6retagstj\u00e4nster som driver utvecklingen. \u201dSverige har g\u00e5tt fr\u00e5n en utpr\u00e4glad industrination till en tj\u00e4nstebaserad ekonomi\u201d, s\u00e4ger Patrick Joyce, chefekonom p\u00e5 tj\u00e4nstef\u00f6retagens organisation Almega.\" \/>\n<meta property=\"og:url\" content=\"https:\/\/www.almega.se\/2022\/11\/sverige-alltmer-en-tjansteekonomi-kunskapsintensiva-foretagstjanster-driver-utvecklingen\/\" \/>\n<meta property=\"og:site_name\" content=\"Almega\" \/>\n<meta property=\"article:published_time\" content=\"2022-11-17T08:27:50+00:00\" \/>\n<meta property=\"article:modified_time\" content=\"2023-01-11T07:55:35+00:00\" \/>\n<meta property=\"og:image\" content=\"https:\/\/www.almega.se\/app\/uploads\/2022\/11\/ed1bb452-d588-4cad-bd32-bfb2ce498c56-scaled.jpg\" \/>\n\t<meta property=\"og:image:width\" content=\"2560\" \/>\n\t<meta property=\"og:image:height\" content=\"1920\" \/>\n\t<meta property=\"og:image:type\" content=\"image\/jpeg\" \/>\n<meta name=\"author\" content=\"Erik Juhlin\" \/>\n<meta name=\"twitter:card\" content=\"summary_large_image\" \/>\n<meta name=\"twitter:label1\" content=\"Skriven av\" \/>\n\t<meta name=\"twitter:data1\" content=\"Erik Juhlin\" \/>\n\t<meta name=\"twitter:label2\" content=\"Ber\u00e4knad l\u00e4stid\" \/>\n\t<meta name=\"twitter:data2\" content=\"2 minuter\" \/>\n<!-- \/ Yoast SEO Premium plugin. -->","yoast_head_json":{"title":"Sverige alltmer en tj\u00e4nsteekonomi \u2013 kunskapsintensiva f\u00f6retagstj\u00e4nster driver utvecklingen | Almega","robots":{"index":"index","follow":"follow","max-snippet":"max-snippet:-1","max-image-preview":"max-image-preview:large","max-video-preview":"max-video-preview:-1"},"canonical":"https:\/\/www.almega.se\/2022\/11\/sverige-alltmer-en-tjansteekonomi-kunskapsintensiva-foretagstjanster-driver-utvecklingen\/","og_locale":"sv_SE","og_type":"article","og_title":"Sverige alltmer en tj\u00e4nsteekonomi \u2013 kunskapsintensiva f\u00f6retagstj\u00e4nster driver utvecklingen","og_description":"Tv\u00e5 av tre nya jobb i n\u00e4ringslivet skapas i tj\u00e4nstef\u00f6retag. Enligt en ny rapport fr\u00e5n Almega \u00e4r det tillv\u00e4xten inom f\u00f6retagstj\u00e4nster som driver utvecklingen. \u201dSverige har g\u00e5tt fr\u00e5n en utpr\u00e4glad industrination till en tj\u00e4nstebaserad ekonomi\u201d, s\u00e4ger Patrick Joyce, chefekonom p\u00e5 tj\u00e4nstef\u00f6retagens organisation Almega.","og_url":"https:\/\/www.almega.se\/2022\/11\/sverige-alltmer-en-tjansteekonomi-kunskapsintensiva-foretagstjanster-driver-utvecklingen\/","og_site_name":"Almega","article_published_time":"2022-11-17T08:27:50+00:00","article_modified_time":"2023-01-11T07:55:35+00:00","og_image":[{"width":2560,"height":1920,"url":"https:\/\/www.almega.se\/app\/uploads\/2022\/11\/ed1bb452-d588-4cad-bd32-bfb2ce498c56-scaled.jpg","type":"image\/jpeg"}],"author":"Erik Juhlin","twitter_card":"summary_large_image","twitter_misc":{"Skriven av":"Erik Juhlin","Ber\u00e4knad l\u00e4stid":"2 minuter"},"schema":{"@context":"https:\/\/schema.org","@graph":[{"@type":"NewsArticle","@id":"https:\/\/www.almega.se\/2022\/11\/sverige-alltmer-en-tjansteekonomi-kunskapsintensiva-foretagstjanster-driver-utvecklingen\/#article","isPartOf":{"@id":"https:\/\/www.almega.se\/2022\/11\/sverige-alltmer-en-tjansteekonomi-kunskapsintensiva-foretagstjanster-driver-utvecklingen\/"},"author":{"name":"Erik Juhlin","@id":"https:\/\/www.almega.se\/#\/schema\/person\/3c181ea7ead5ab7b14c61584637720f5"},"headline":"Sverige alltmer en tj\u00e4nsteekonomi \u2013 kunskapsintensiva f\u00f6retagstj\u00e4nster driver utvecklingen","datePublished":"2022-11-17T08:27:50+00:00","dateModified":"2023-01-11T07:55:35+00:00","mainEntityOfPage":{"@id":"https:\/\/www.almega.se\/2022\/11\/sverige-alltmer-en-tjansteekonomi-kunskapsintensiva-foretagstjanster-driver-utvecklingen\/"},"wordCount":395,"image":{"@id":"https:\/\/www.almega.se\/2022\/11\/sverige-alltmer-en-tjansteekonomi-kunskapsintensiva-foretagstjanster-driver-utvecklingen\/#primaryimage"},"thumbnailUrl":"https:\/\/www.almega.se\/app\/uploads\/2022\/11\/ed1bb452-d588-4cad-bd32-bfb2ce498c56-scaled.jpg","keywords":["Arbetsgivaravgift","Arbetskraftsinvandring","Kompetensf\u00f6rs\u00f6rjning","Tj\u00e4nstesektorns utveckling"],"articleSection":["Kompetensf\u00f6rs\u00f6rjning","Skatter"],"inLanguage":"sv-SE"},{"@type":"WebPage","@id":"https:\/\/www.almega.se\/2022\/11\/sverige-alltmer-en-tjansteekonomi-kunskapsintensiva-foretagstjanster-driver-utvecklingen\/","url":"https:\/\/www.almega.se\/2022\/11\/sverige-alltmer-en-tjansteekonomi-kunskapsintensiva-foretagstjanster-driver-utvecklingen\/","name":"Sverige alltmer en tj\u00e4nsteekonomi \u2013 kunskapsintensiva f\u00f6retagstj\u00e4nster driver utvecklingen | Almega","isPartOf":{"@id":"https:\/\/www.almega.se\/#website"},"primaryImageOfPage":{"@id":"https:\/\/www.almega.se\/2022\/11\/sverige-alltmer-en-tjansteekonomi-kunskapsintensiva-foretagstjanster-driver-utvecklingen\/#primaryimage"},"image":{"@id":"https:\/\/www.almega.se\/2022\/11\/sverige-alltmer-en-tjansteekonomi-kunskapsintensiva-foretagstjanster-driver-utvecklingen\/#primaryimage"},"thumbnailUrl":"https:\/\/www.almega.se\/app\/uploads\/2022\/11\/ed1bb452-d588-4cad-bd32-bfb2ce498c56-scaled.jpg","datePublished":"2022-11-17T08:27:50+00:00","dateModified":"2023-01-11T07:55:35+00:00","author":{"@id":"https:\/\/www.almega.se\/#\/schema\/person\/3c181ea7ead5ab7b14c61584637720f5"},"breadcrumb":{"@id":"https:\/\/www.almega.se\/2022\/11\/sverige-alltmer-en-tjansteekonomi-kunskapsintensiva-foretagstjanster-driver-utvecklingen\/#breadcrumb"},"inLanguage":"sv-SE","potentialAction":[{"@type":"ReadAction","target":["https:\/\/www.almega.se\/2022\/11\/sverige-alltmer-en-tjansteekonomi-kunskapsintensiva-foretagstjanster-driver-utvecklingen\/"]}]},{"@type":"ImageObject","inLanguage":"sv-SE","@id":"https:\/\/www.almega.se\/2022\/11\/sverige-alltmer-en-tjansteekonomi-kunskapsintensiva-foretagstjanster-driver-utvecklingen\/#primaryimage","url":"https:\/\/www.almega.se\/app\/uploads\/2022\/11\/ed1bb452-d588-4cad-bd32-bfb2ce498c56-scaled.jpg","contentUrl":"https:\/\/www.almega.se\/app\/uploads\/2022\/11\/ed1bb452-d588-4cad-bd32-bfb2ce498c56-scaled.jpg","width":2560,"height":1920,"caption":"Patrick Joyce, chefekonom p\u00e5 Almega"},{"@type":"BreadcrumbList","@id":"https:\/\/www.almega.se\/2022\/11\/sverige-alltmer-en-tjansteekonomi-kunskapsintensiva-foretagstjanster-driver-utvecklingen\/#breadcrumb","itemListElement":[{"@type":"ListItem","position":1,"name":"Home","item":"https:\/\/www.almega.se\/"},{"@type":"ListItem","position":2,"name":"Sverige alltmer en tj\u00e4nsteekonomi \u2013 kunskapsintensiva f\u00f6retagstj\u00e4nster driver utvecklingen"}]},{"@type":"WebSite","@id":"https:\/\/www.almega.se\/#website","url":"https:\/\/www.almega.se\/","name":"Almega","description":"","potentialAction":[{"@type":"SearchAction","target":{"@type":"EntryPoint","urlTemplate":"https:\/\/www.almega.se\/?s={search_term_string}"},"query-input":{"@type":"PropertyValueSpecification","valueRequired":true,"valueName":"search_term_string"}}],"inLanguage":"sv-SE"},{"@type":"Person","@id":"https:\/\/www.almega.se\/#\/schema\/person\/3c181ea7ead5ab7b14c61584637720f5","name":"Erik Juhlin","image":{"@type":"ImageObject","inLanguage":"sv-SE","@id":"https:\/\/www.almega.se\/#\/schema\/person\/image\/","url":"https:\/\/secure.gravatar.com\/avatar\/ef0e97454357041724f27ea1630fa5bf78b30eea6fc56998e6a03142ad5b1370?s=96&d=mm&r=g","contentUrl":"https:\/\/secure.gravatar.com\/avatar\/ef0e97454357041724f27ea1630fa5bf78b30eea6fc56998e6a03142ad5b1370?s=96&d=mm&r=g","caption":"Erik Juhlin"},"url":"https:\/\/www.almega.se\/person\/erikjuhlin\/"}]}},"_links":{"self":[{"href":"https:\/\/www.almega.se\/api\/wp\/v2\/posts\/48936","targetHints":{"allow":["GET"]}}],"collection":[{"href":"https:\/\/www.almega.se\/api\/wp\/v2\/posts"}],"about":[{"href":"https:\/\/www.almega.se\/api\/wp\/v2\/types\/post"}],"author":[{"embeddable":true,"href":"https:\/\/www.almega.se\/api\/wp\/v2\/users\/6356"}],"replies":[{"embeddable":true,"href":"https:\/\/www.almega.se\/api\/wp\/v2\/comments?post=48936"}],"version-history":[{"count":7,"href":"https:\/\/www.almega.se\/api\/wp\/v2\/posts\/48936\/revisions"}],"predecessor-version":[{"id":52890,"href":"https:\/\/www.almega.se\/api\/wp\/v2\/posts\/48936\/revisions\/52890"}],"wp:featuredmedia":[{"embeddable":true,"href":"https:\/\/www.almega.se\/api\/wp\/v2\/media\/48937"}],"wp:attachment":[{"href":"https:\/\/www.almega.se\/api\/wp\/v2\/media?parent=48936"}],"wp:term":[{"taxonomy":"category","embeddable":true,"href":"https:\/\/www.almega.se\/api\/wp\/v2\/categories?post=48936"},{"taxonomy":"post_tag","embeddable":true,"href":"https:\/\/www.almega.se\/api\/wp\/v2\/tags?post=48936"},{"taxonomy":"type","embeddable":true,"href":"https:\/\/www.almega.se\/api\/wp\/v2\/article_type?post=48936"},{"taxonomy":"agreement","embeddable":true,"href":"https:\/\/www.almega.se\/api\/wp\/v2\/agreement?post=48936"}],"curies":[{"name":"wp","href":"https:\/\/api.w.org\/{rel}","templated":true}]}}