{"id":48914,"date":"2022-11-17T09:27:46","date_gmt":"2022-11-17T08:27:46","guid":{"rendered":"https:\/\/www.almega.se\/?p=48914"},"modified":"2023-05-10T11:42:27","modified_gmt":"2023-05-10T09:42:27","slug":"ny-rapport-sverige-alltmer-en-tjansteekonomi","status":"publish","type":"post","link":"https:\/\/www.almega.se\/2022\/11\/ny-rapport-sverige-alltmer-en-tjansteekonomi\/","title":{"rendered":"Ny rapport \u2013 Sverige alltmer en tj\u00e4nsteekonomi"},"content":{"rendered":"<p class=\"intro\">Tv\u00e5 av tre nya jobb inom n\u00e4ringslivet skapas i tj\u00e4nstef\u00f6retag. Rapporten visar att kunskapsintensiva f\u00f6retagstj\u00e4nster inom tj\u00e4nstesektorn som v\u00e4xer snabbast. \u201dMen utbildningsniv\u00e5n \u00f6kar snabbt bland de yngre i Europa, s\u00e5 vi tappar v\u00e5rt f\u00f6rspr\u00e5ng. P\u00e5 sikt kan det leda till att f\u00f6retag v\u00e4ljer att etablera sig utanf\u00f6r Sverige\u201d, s\u00e4ger Patrick Joyce, Almegas chefsekonom.<\/p>\n\n<p>Sverige har g\u00e5tt fr\u00e5n en utpr\u00e4glad industrination till en tj\u00e4nstebaserad ekonomi.<\/p>\n\n\n\n<p class=\"has-normal-font-size\">\u2013 Den privata tj\u00e4nstesektorn \u00f6kar i betydelse, i Sverige och \u00e4ven globalt. \u00c5r 2020 stod den f\u00f6r n\u00e4stan 68 procent av det svenska n\u00e4ringslivets f\u00f6r\u00e4dlingsv\u00e4rde och 31 procent av v\u00e5r export. Dessutom utg\u00f6rs en stor del av v\u00e5r varuexport av tj\u00e4nster, s\u00e4ger Patrick Joyce, chefsekonom p\u00e5 Almega.<\/p>\n\n\n<a class='Share__link Share__link--url copy-text' href='#' rel='nofollow' data-text='kunskapsintensiva-tjanster-driver-ekonomin-och-sysselsattningen' title='Dela url' data-confirmation='L\u00e4nken kopierades till urklipp'><svg class='icon icon--link'  width='18' height='18' viewBox='0 0 18 18' fill='none' xmlns='http:\/\/www.w3.org\/2000\/svg'>\n            <path d='M10.4142 0.514721L6.87868 4.05025L8.29289 5.46447L11.1213 2.63604L15.364 6.87868L12.5355 9.70711L13.9497 11.1213L17.4853 7.58579C17.8763 7.19476 17.8763 6.5626 17.4853 6.17158L11.8284 0.514721C11.4374 0.123691 10.8052 0.123691 10.4142 0.514721Z' fill='black'\/>\n            <path d='M9.7071 12.5355L6.87868 15.364L2.63604 11.1213L5.46446 8.2929L4.05025 6.87868L0.514716 10.4142C0.123686 10.8052 0.123686 11.4374 0.514716 11.8284L6.17157 17.4853C6.5626 17.8763 7.19475 17.8763 7.58578 17.4853L11.1213 13.9497L9.7071 12.5355Z' fill='black'\/>\n            <path d='M6.17157 11.8284C6.5626 12.2195 7.19475 12.2195 7.58578 11.8284L11.8284 7.58579C12.2195 7.19476 12.2195 6.56261 11.8284 6.17158C11.4374 5.78055 10.8052 5.78055 10.4142 6.17158L6.17157 10.4142C5.78054 10.8052 5.78054 11.4374 6.17157 11.8284Z' fill='black'\/>\n            <\/svg> <\/a>\n<h2 class=\"wp-block-heading\">Kunskapsintensiva tj\u00e4nster driver ekonomin och syssels\u00e4ttningen<\/h2>\n\n\n\n<p>I Almegas nya rapport <a href=\"https:\/\/www.almega.se\/app\/uploads\/2022\/11\/kunskapsintensiva-tjanster-slutversion35.pdf\" target=\"_blank\" rel=\"noreferrer noopener\">Kunskapsintensiva f\u00f6retagstj\u00e4nster \u00e4r allt viktigare f\u00f6r Sverige<\/a> framg\u00e5r att det fr\u00e4mst \u00e4r kunskapsintensiva f\u00f6retagstj\u00e4nster \u2013 tj\u00e4nster till andra f\u00f6retag och som ofta kr\u00e4ver medarbetare med l\u00e4ngre utbildning eller djupt yrkeskunnande \u2013 som driver utvecklingen av svensk tj\u00e4nsteproduktion.<\/p>\n\n\n\n<p>\u2013 Tillv\u00e4xten inom kunskapsintensiva f\u00f6retagstj\u00e4nster \u00e4r central f\u00f6r den svenska ekonomins f\u00f6r\u00e4ndring mot en alltmer kunskapsbaserad produktion. Mellan 2008 och 2020 \u00f6kade produktionen med 77 procent och de kunskapsintensiva f\u00f6retagstj\u00e4nsterna st\u00e5r numera f\u00f6r 12,3 procent av BNP i Sverige, s\u00e4ger Patrick Joyce.<\/p>\n\n\n\n<p>De kunskapsintensiva f\u00f6retagstj\u00e4nsterna blir ocks\u00e5 allt viktigare f\u00f6r syssels\u00e4ttningen.<\/p>\n\n\n\n<p>\u2013 Mellan 2008 och 2020 \u00f6kade antalet sysselsatta inom sektorn fr\u00e5n 502 000 till 708 000 personer. Var fj\u00e4rde medarbetare, 160 000 personer, arbetar inom programmering och konsulttj\u00e4nster. Sammantaget st\u00e5r de kunskapsintensiva f\u00f6retagstj\u00e4nsterna f\u00f6r 15 procent av svensk syssels\u00e4ttning, s\u00e4ger Patrick Joyce.<\/p>\n\n\n<a class='Share__link Share__link--url copy-text' href='#' rel='nofollow' data-text='utan-politiska-reformer-stannar-utvecklingen' title='Dela url' data-confirmation='L\u00e4nken kopierades till urklipp'><svg class='icon icon--link'  width='18' height='18' viewBox='0 0 18 18' fill='none' xmlns='http:\/\/www.w3.org\/2000\/svg'>\n            <path d='M10.4142 0.514721L6.87868 4.05025L8.29289 5.46447L11.1213 2.63604L15.364 6.87868L12.5355 9.70711L13.9497 11.1213L17.4853 7.58579C17.8763 7.19476 17.8763 6.5626 17.4853 6.17158L11.8284 0.514721C11.4374 0.123691 10.8052 0.123691 10.4142 0.514721Z' fill='black'\/>\n            <path d='M9.7071 12.5355L6.87868 15.364L2.63604 11.1213L5.46446 8.2929L4.05025 6.87868L0.514716 10.4142C0.123686 10.8052 0.123686 11.4374 0.514716 11.8284L6.17157 17.4853C6.5626 17.8763 7.19475 17.8763 7.58578 17.4853L11.1213 13.9497L9.7071 12.5355Z' fill='black'\/>\n            <path d='M6.17157 11.8284C6.5626 12.2195 7.19475 12.2195 7.58578 11.8284L11.8284 7.58579C12.2195 7.19476 12.2195 6.56261 11.8284 6.17158C11.4374 5.78055 10.8052 5.78055 10.4142 6.17158L6.17157 10.4142C5.78054 10.8052 5.78054 11.4374 6.17157 11.8284Z' fill='black'\/>\n            <\/svg> <\/a>\n<h2 class=\"wp-block-heading\">Utan politiska reformer stannar utvecklingen<\/h2>\n\n\n\n<p>I j\u00e4mf\u00f6relse med andra europeiska l\u00e4nder har kunskapsintensiva f\u00f6retagstj\u00e4nster stor betydelse f\u00f6r Sverige. Sektorn har vuxit snabbare i Sverige \u00e4n i de flesta l\u00e4nderna i Europa.<\/p>\n\n\n\n<p>\u2013 Sverige har en v\u00e4lutbildad befolkning, vilket gynnar den kunskapsintensiva sektorn, detta trots h\u00f6ga arbetskraftskostnader j\u00e4mf\u00f6rt med \u00f6vriga Europa, s\u00e4ger Patrick Joyce.<\/p>\n\n\n\n<p>Samtidigt v\u00e4xer den kunskapsintensiva sektorn ocks\u00e5 snabbt i l\u00e4nder som exempelvis Bulgarien, Slovakien och Kroatien, d\u00e4r det finns m\u00e5nga v\u00e4lutbildade unga och arbetskraftskostnader \u00e4r l\u00e4gre.<\/p>\n\n\n\n<p>\u2013 Att andra europeiska l\u00e4nder nu b\u00f6rjar komma i kapp vilket p\u00e5 sikt kan leda till att kunskapsintensiva tj\u00e4nstef\u00f6retag v\u00e4ljer att etablera sig utanf\u00f6r Sverige. D\u00e4rf\u00f6r m\u00e5ste vi utbilda fler unga till de yrken som den kunskapsintensiva sektorn beh\u00f6ver. Ingenj\u00f6rer \u00e4r en nyckelgrupp, s\u00e4ger Patrick Joyce.<\/p>\n\n\n\n<p>F\u00f6r att sektorn fortsatt ska kunna bidra till Sveriges tillv\u00e4xt och syssels\u00e4ttning beh\u00f6vs d\u00e4rf\u00f6r politiska reformer f\u00f6r att s\u00e4kra kompetensf\u00f6rs\u00f6rjningen.<\/p>\n\n\n\n<p>\u2013&nbsp; <a href=\"https:\/\/www.almega.se\/underlattad-arbetskraftsinvandring\/\">Arbetskraftsinvandring<\/a> beh\u00f6vs f\u00f6r att vi ska kunna locka till oss nyckelkompetens. En \u00e5tstramning av systemet f\u00f6r arbetskraftsinvandring \u00e4r fel. Dessutom m\u00e5ste det bli billigare att anst\u00e4lla och d\u00e5 \u00e4r en <a href=\"https:\/\/www.almega.se\/sankta-arbetsgivaravgifter\/\">bred s\u00e4nkning av arbetsgivaravgifterna<\/a> en angel\u00e4gen reform, s\u00e4ger Patrick Joyce.<\/p>\n","protected":false},"excerpt":{"rendered":"<p>Sverige har g\u00e5tt fr\u00e5n en utpr\u00e4glad industrination till en tj\u00e4nstebaserad ekonomi. \u2013 Den privata tj\u00e4nstesektorn \u00f6kar i betydelse, i Sverige och \u00e4ven globalt. \u00c5r 2020 stod den f\u00f6r n\u00e4stan 68 procent av det svenska n\u00e4ringslivets &hellip;<\/p>\n","protected":false},"author":6058,"featured_media":48923,"comment_status":"closed","ping_status":"closed","sticky":false,"template":"","format":"standard","meta":{"_acf_changed":false,"footnotes":""},"categories":[419,57],"tags":[422,543,610,50],"article_type":[56,42],"agreement":[],"class_list":["post-48914","post","type-post","status-publish","format-standard","has-post-thumbnail","hentry","category-kompetensforsorjning","category-skatter","tag-arbetsgivaravgift","tag-arbetskraftsinvandring","tag-kompetensforsorjning","tag-tjanstesektorns-utveckling","type-nyheter","type-rapporter"],"acf":[],"yoast_head":"<!-- This site is optimized with the Yoast SEO Premium plugin v26.8 (Yoast SEO v26.8) - https:\/\/yoast.com\/product\/yoast-seo-premium-wordpress\/ -->\n<title>Ny rapport \u2013 Sverige alltmer en tj\u00e4nsteekonomi | Almega<\/title>\n<meta name=\"description\" content=\"Ny rappport visar att kunskapsintensiva f\u00f6retagstj\u00e4nster inom tj\u00e4nstesektorn som v\u00e4xer snabbast men Sverige tappar sitt f\u00f6rspr\u00e5ng.\" \/>\n<meta name=\"robots\" content=\"index, follow, max-snippet:-1, max-image-preview:large, max-video-preview:-1\" \/>\n<link rel=\"canonical\" href=\"https:\/\/www.almega.se\/2022\/11\/ny-rapport-sverige-alltmer-en-tjansteekonomi\/\" \/>\n<meta property=\"og:locale\" content=\"sv_SE\" \/>\n<meta property=\"og:type\" content=\"article\" \/>\n<meta property=\"og:title\" content=\"Ny rapport \u2013 Sverige alltmer en tj\u00e4nsteekonomi\" \/>\n<meta property=\"og:description\" content=\"Ny rappport visar att kunskapsintensiva f\u00f6retagstj\u00e4nster inom tj\u00e4nstesektorn som v\u00e4xer snabbast men Sverige tappar sitt f\u00f6rspr\u00e5ng.\" \/>\n<meta property=\"og:url\" content=\"https:\/\/www.almega.se\/2022\/11\/ny-rapport-sverige-alltmer-en-tjansteekonomi\/\" \/>\n<meta property=\"og:site_name\" content=\"Almega\" \/>\n<meta property=\"article:published_time\" content=\"2022-11-17T08:27:46+00:00\" \/>\n<meta property=\"article:modified_time\" content=\"2023-05-10T09:42:27+00:00\" \/>\n<meta property=\"og:image\" content=\"https:\/\/www.almega.se\/app\/uploads\/2022\/11\/gettyimages-672153817-scaled.jpg\" \/>\n\t<meta property=\"og:image:width\" content=\"2560\" \/>\n\t<meta property=\"og:image:height\" content=\"1920\" \/>\n\t<meta property=\"og:image:type\" content=\"image\/jpeg\" \/>\n<meta name=\"author\" content=\"Shashika Sellgren\" \/>\n<meta name=\"twitter:card\" content=\"summary_large_image\" \/>\n<meta name=\"twitter:label1\" content=\"Skriven av\" \/>\n\t<meta name=\"twitter:data1\" content=\"Shashika Sellgren\" \/>\n\t<meta name=\"twitter:label2\" content=\"Ber\u00e4knad l\u00e4stid\" \/>\n\t<meta name=\"twitter:data2\" content=\"2 minuter\" \/>\n<!-- \/ Yoast SEO Premium plugin. -->","yoast_head_json":{"title":"Ny rapport \u2013 Sverige alltmer en tj\u00e4nsteekonomi | Almega","description":"Ny rappport visar att kunskapsintensiva f\u00f6retagstj\u00e4nster inom tj\u00e4nstesektorn som v\u00e4xer snabbast men Sverige tappar sitt f\u00f6rspr\u00e5ng.","robots":{"index":"index","follow":"follow","max-snippet":"max-snippet:-1","max-image-preview":"max-image-preview:large","max-video-preview":"max-video-preview:-1"},"canonical":"https:\/\/www.almega.se\/2022\/11\/ny-rapport-sverige-alltmer-en-tjansteekonomi\/","og_locale":"sv_SE","og_type":"article","og_title":"Ny rapport \u2013 Sverige alltmer en tj\u00e4nsteekonomi","og_description":"Ny rappport visar att kunskapsintensiva f\u00f6retagstj\u00e4nster inom tj\u00e4nstesektorn som v\u00e4xer snabbast men Sverige tappar sitt f\u00f6rspr\u00e5ng.","og_url":"https:\/\/www.almega.se\/2022\/11\/ny-rapport-sverige-alltmer-en-tjansteekonomi\/","og_site_name":"Almega","article_published_time":"2022-11-17T08:27:46+00:00","article_modified_time":"2023-05-10T09:42:27+00:00","og_image":[{"width":2560,"height":1920,"url":"https:\/\/www.almega.se\/app\/uploads\/2022\/11\/gettyimages-672153817-scaled.jpg","type":"image\/jpeg"}],"author":"Shashika Sellgren","twitter_card":"summary_large_image","twitter_misc":{"Skriven av":"Shashika Sellgren","Ber\u00e4knad l\u00e4stid":"2 minuter"},"schema":{"@context":"https:\/\/schema.org","@graph":[{"@type":"NewsArticle","@id":"https:\/\/www.almega.se\/2022\/11\/ny-rapport-sverige-alltmer-en-tjansteekonomi\/#article","isPartOf":{"@id":"https:\/\/www.almega.se\/2022\/11\/ny-rapport-sverige-alltmer-en-tjansteekonomi\/"},"author":{"name":"Shashika Sellgren","@id":"https:\/\/www.almega.se\/#\/schema\/person\/38c6b37b81c530c93246c3d1993d5662"},"headline":"Ny rapport \u2013 Sverige alltmer en tj\u00e4nsteekonomi","datePublished":"2022-11-17T08:27:46+00:00","dateModified":"2023-05-10T09:42:27+00:00","mainEntityOfPage":{"@id":"https:\/\/www.almega.se\/2022\/11\/ny-rapport-sverige-alltmer-en-tjansteekonomi\/"},"wordCount":469,"image":{"@id":"https:\/\/www.almega.se\/2022\/11\/ny-rapport-sverige-alltmer-en-tjansteekonomi\/#primaryimage"},"thumbnailUrl":"https:\/\/www.almega.se\/app\/uploads\/2022\/11\/gettyimages-672153817-scaled.jpg","keywords":["Arbetsgivaravgift","Arbetskraftsinvandring","Kompetensf\u00f6rs\u00f6rjning","Tj\u00e4nstesektorns utveckling"],"articleSection":["Kompetensf\u00f6rs\u00f6rjning","Skatter"],"inLanguage":"sv-SE"},{"@type":"WebPage","@id":"https:\/\/www.almega.se\/2022\/11\/ny-rapport-sverige-alltmer-en-tjansteekonomi\/","url":"https:\/\/www.almega.se\/2022\/11\/ny-rapport-sverige-alltmer-en-tjansteekonomi\/","name":"Ny rapport \u2013 Sverige alltmer en tj\u00e4nsteekonomi | Almega","isPartOf":{"@id":"https:\/\/www.almega.se\/#website"},"primaryImageOfPage":{"@id":"https:\/\/www.almega.se\/2022\/11\/ny-rapport-sverige-alltmer-en-tjansteekonomi\/#primaryimage"},"image":{"@id":"https:\/\/www.almega.se\/2022\/11\/ny-rapport-sverige-alltmer-en-tjansteekonomi\/#primaryimage"},"thumbnailUrl":"https:\/\/www.almega.se\/app\/uploads\/2022\/11\/gettyimages-672153817-scaled.jpg","datePublished":"2022-11-17T08:27:46+00:00","dateModified":"2023-05-10T09:42:27+00:00","author":{"@id":"https:\/\/www.almega.se\/#\/schema\/person\/38c6b37b81c530c93246c3d1993d5662"},"description":"Ny rappport visar att kunskapsintensiva f\u00f6retagstj\u00e4nster inom tj\u00e4nstesektorn som v\u00e4xer snabbast men Sverige tappar sitt f\u00f6rspr\u00e5ng.","breadcrumb":{"@id":"https:\/\/www.almega.se\/2022\/11\/ny-rapport-sverige-alltmer-en-tjansteekonomi\/#breadcrumb"},"inLanguage":"sv-SE","potentialAction":[{"@type":"ReadAction","target":["https:\/\/www.almega.se\/2022\/11\/ny-rapport-sverige-alltmer-en-tjansteekonomi\/"]}]},{"@type":"ImageObject","inLanguage":"sv-SE","@id":"https:\/\/www.almega.se\/2022\/11\/ny-rapport-sverige-alltmer-en-tjansteekonomi\/#primaryimage","url":"https:\/\/www.almega.se\/app\/uploads\/2022\/11\/gettyimages-672153817-scaled.jpg","contentUrl":"https:\/\/www.almega.se\/app\/uploads\/2022\/11\/gettyimages-672153817-scaled.jpg","width":2560,"height":1920,"caption":"Indian architect using laptop in empty warehouse"},{"@type":"BreadcrumbList","@id":"https:\/\/www.almega.se\/2022\/11\/ny-rapport-sverige-alltmer-en-tjansteekonomi\/#breadcrumb","itemListElement":[{"@type":"ListItem","position":1,"name":"Home","item":"https:\/\/www.almega.se\/"},{"@type":"ListItem","position":2,"name":"Ny rapport \u2013 Sverige alltmer en tj\u00e4nsteekonomi"}]},{"@type":"WebSite","@id":"https:\/\/www.almega.se\/#website","url":"https:\/\/www.almega.se\/","name":"Almega","description":"","potentialAction":[{"@type":"SearchAction","target":{"@type":"EntryPoint","urlTemplate":"https:\/\/www.almega.se\/?s={search_term_string}"},"query-input":{"@type":"PropertyValueSpecification","valueRequired":true,"valueName":"search_term_string"}}],"inLanguage":"sv-SE"},{"@type":"Person","@id":"https:\/\/www.almega.se\/#\/schema\/person\/38c6b37b81c530c93246c3d1993d5662","name":"Shashika Sellgren","image":{"@type":"ImageObject","inLanguage":"sv-SE","@id":"https:\/\/www.almega.se\/#\/schema\/person\/image\/","url":"https:\/\/secure.gravatar.com\/avatar\/b225c479880df9eb82d1501dd105dd8040f27c8563f3d4bf5dd62ce0a1630abd?s=96&d=mm&r=g","contentUrl":"https:\/\/secure.gravatar.com\/avatar\/b225c479880df9eb82d1501dd105dd8040f27c8563f3d4bf5dd62ce0a1630abd?s=96&d=mm&r=g","caption":"Shashika Sellgren"},"url":"https:\/\/www.almega.se\/person\/shashikasellgren\/"}]}},"_links":{"self":[{"href":"https:\/\/www.almega.se\/api\/wp\/v2\/posts\/48914","targetHints":{"allow":["GET"]}}],"collection":[{"href":"https:\/\/www.almega.se\/api\/wp\/v2\/posts"}],"about":[{"href":"https:\/\/www.almega.se\/api\/wp\/v2\/types\/post"}],"author":[{"embeddable":true,"href":"https:\/\/www.almega.se\/api\/wp\/v2\/users\/6058"}],"replies":[{"embeddable":true,"href":"https:\/\/www.almega.se\/api\/wp\/v2\/comments?post=48914"}],"version-history":[{"count":22,"href":"https:\/\/www.almega.se\/api\/wp\/v2\/posts\/48914\/revisions"}],"predecessor-version":[{"id":54522,"href":"https:\/\/www.almega.se\/api\/wp\/v2\/posts\/48914\/revisions\/54522"}],"wp:featuredmedia":[{"embeddable":true,"href":"https:\/\/www.almega.se\/api\/wp\/v2\/media\/48923"}],"wp:attachment":[{"href":"https:\/\/www.almega.se\/api\/wp\/v2\/media?parent=48914"}],"wp:term":[{"taxonomy":"category","embeddable":true,"href":"https:\/\/www.almega.se\/api\/wp\/v2\/categories?post=48914"},{"taxonomy":"post_tag","embeddable":true,"href":"https:\/\/www.almega.se\/api\/wp\/v2\/tags?post=48914"},{"taxonomy":"type","embeddable":true,"href":"https:\/\/www.almega.se\/api\/wp\/v2\/article_type?post=48914"},{"taxonomy":"agreement","embeddable":true,"href":"https:\/\/www.almega.se\/api\/wp\/v2\/agreement?post=48914"}],"curies":[{"name":"wp","href":"https:\/\/api.w.org\/{rel}","templated":true}]}}