{"id":48826,"date":"2022-11-08T14:32:52","date_gmt":"2022-11-08T13:32:52","guid":{"rendered":"https:\/\/www.almega.se\/2022\/11\/budgeten-saknar-langsiktiga-strukturreformer\/"},"modified":"2023-01-05T12:53:26","modified_gmt":"2023-01-05T11:53:26","slug":"budgeten-saknar-langsiktiga-strukturreformer","status":"publish","type":"post","link":"https:\/\/www.almega.se\/2022\/11\/budgeten-saknar-langsiktiga-strukturreformer\/","title":{"rendered":"Budgeten saknar l\u00e5ngsiktiga strukturreformer"},"content":{"rendered":"<p class=\"intro\">I dag presenterade regeringen sin budget f\u00f6r n\u00e4sta \u00e5r. Dessv\u00e4rre lyser de l\u00e5ngsiktiga strukturreformerna med sin fr\u00e5nvaro. \u201dSpeciellt bekymmersamt givet att vi \u00e4r p\u00e5 v\u00e4g in i en l\u00e5gkonjunktur\u201d, s\u00e4ger Fredrik \u00d6stbom, n\u00e4ringspolitisk chef p\u00e5 Almega.<\/p>\n\n<p>\u2013 Det \u00e4r bra att regeringen vill kompensera f\u00f6retag och hush\u00e5ll f\u00f6r de h\u00f6ga elpriserna. \u00c4ven satsningarna p\u00e5 utbildning och omst\u00e4llning, investeringar i ny infrastruktur och bredbandsutbyggnad \u00e4r bra eftersom de \u00f6kar Sveriges konkurrenskraft p\u00e5 l\u00e5ng sikt, s\u00e4ger Fredrik \u00d6stbom, n\u00e4ringspolitisk chef p\u00e5 Almega.<\/p>\n\n\n\n<p>Dessv\u00e4rre visar Almegas genomg\u00e5ng av budgeten att den ut\u00f6ver dessa punkter \u00e4r tunns\u00e5dd p\u00e5 konkreta f\u00f6rslag f\u00f6r att fr\u00e4mja arbete och f\u00f6retagande.<\/p>\n\n\n\n<p>\u2013 Det \u00e4r orov\u00e4ckande att regeringen inte presenterar n\u00e5gra l\u00e5ngsiktiga strukturreformer f\u00f6r att st\u00e4rka Sverige. F\u00f6retagsfr\u00e4mjande \u00e5tg\u00e4rder \u00e4r s\u00e4rskilt viktiga n\u00e4r vi nu g\u00e5r in i en l\u00e5gkonjunktur, s\u00e4ger Fredrik \u00d6stbom.<\/p>\n\n\n\n<p>Han saknar ocks\u00e5 konkreta f\u00f6rslag som syftar till att st\u00e4rka arbetslinjen.<\/p>\n\n\n\n<p>\u2013 Det ska alltid l\u00f6na sig att arbeta. H\u00e4r g\u00e5r regeringen snarare i motsatt riktning genom att bibeh\u00e5lla a-kassan p\u00e5 dagens h\u00f6gre niv\u00e5, s\u00e4ger Fredrik \u00d6stbom.<\/p>\n\n\n\n<p>Almega har inte heller hittat n\u00e5gra f\u00f6rslag som g\u00f6r det enklare och mindre kostsamt att anst\u00e4lla, exempelvis i form av s\u00e4nkta arbetsgivaravgifter. I st\u00e4llet h\u00f6js arbetsgivaravgifterna n\u00e5got genom att den tillf\u00e4lliga s\u00e4nkningen av arbetsgivaravgifterna f\u00f6r ungdomar inte f\u00f6rl\u00e4ngs n\u00e4r den l\u00f6per ut den 31 mars n\u00e4sta \u00e5r.<\/p>\n\n\n\n<p>\u2013 Alla \u00e5tg\u00e4rder som minskar kostnaderna f\u00f6r att anst\u00e4lla skulle f\u00e5 stor betydelse f\u00f6r tj\u00e4nstesektorn och Sverige. Det \u00e4r tj\u00e4nstef\u00f6retagen som skapar majoriteten av alla nya jobb och som kan motverka en \u00f6kande arbetsl\u00f6shet, s\u00e4ger Fredrik \u00d6stbom:<\/p>\n\n\n\n<p>\u2013 Om det ska finnas utrymme f\u00f6r ytterligare reformer under resten av mandatperioden, beh\u00f6ver f\u00f6ruts\u00e4ttningarna f\u00f6r tillv\u00e4xt och nya jobb st\u00e4rkas. Vi beh\u00f6ver se en effektivare kompetensf\u00f6rs\u00f6rjning, s\u00e4nkt skatt p\u00e5 jobb och f\u00f6retagande och en fortsatt reformering av Arbetsf\u00f6rmedlingen, s\u00e4ger Fredrik \u00d6stbom.<\/p>\n","protected":false},"excerpt":{"rendered":"<p>I dag presenterade regeringen sin budget f\u00f6r n\u00e4sta \u00e5r. Dessv\u00e4rre lyser de l\u00e5ngsiktiga strukturreformerna med sin fr\u00e5nvaro. \u201dSpeciellt bekymmersamt givet att vi \u00e4r p\u00e5 v\u00e4g in i en l\u00e5gkonjunktur\u201d, s\u00e4ger Fredrik \u00d6stbom, n\u00e4ringspolitisk chef p\u00e5 Almega.<\/p>\n","protected":false},"author":6356,"featured_media":48827,"comment_status":"closed","ping_status":"closed","sticky":false,"template":"","format":"standard","meta":{"_acf_changed":false,"footnotes":""},"categories":[451,64,581],"tags":[65,67],"article_type":[93],"agreement":[],"class_list":["post-48826","post","type-post","status-publish","format-standard","has-post-thumbnail","hentry","category-arbetsgivarfragor","category-arbetsmarknad","category-tjanstesektorns-betydelse","tag-arbetsloshet","tag-utbildning-och-kompetens","type-pressmeddelanden"],"acf":[],"yoast_head":"<!-- This site is optimized with the Yoast SEO Premium plugin v26.8 (Yoast SEO v26.8) - https:\/\/yoast.com\/product\/yoast-seo-premium-wordpress\/ -->\n<title>Budgeten saknar l\u00e5ngsiktiga strukturreformer | Almega<\/title>\n<meta name=\"robots\" content=\"index, follow, max-snippet:-1, max-image-preview:large, max-video-preview:-1\" \/>\n<link rel=\"canonical\" href=\"https:\/\/www.almega.se\/2022\/11\/budgeten-saknar-langsiktiga-strukturreformer\/\" \/>\n<meta property=\"og:locale\" content=\"sv_SE\" \/>\n<meta property=\"og:type\" content=\"article\" \/>\n<meta property=\"og:title\" content=\"Budgeten saknar l\u00e5ngsiktiga strukturreformer\" \/>\n<meta property=\"og:description\" content=\"I dag presenterade regeringen sin budget f\u00f6r n\u00e4sta \u00e5r. Dessv\u00e4rre lyser de l\u00e5ngsiktiga strukturreformerna med sin fr\u00e5nvaro. \u201dSpeciellt bekymmersamt givet att vi \u00e4r p\u00e5 v\u00e4g in i en l\u00e5gkonjunktur\u201d, s\u00e4ger Fredrik \u00d6stbom, n\u00e4ringspolitisk chef p\u00e5 Almega.\" \/>\n<meta property=\"og:url\" content=\"https:\/\/www.almega.se\/2022\/11\/budgeten-saknar-langsiktiga-strukturreformer\/\" \/>\n<meta property=\"og:site_name\" content=\"Almega\" \/>\n<meta property=\"article:published_time\" content=\"2022-11-08T13:32:52+00:00\" \/>\n<meta property=\"article:modified_time\" content=\"2023-01-05T11:53:26+00:00\" \/>\n<meta property=\"og:image\" content=\"https:\/\/www.almega.se\/app\/uploads\/2022\/11\/01c45770-9b6f-4d73-854f-774c10a11299-scaled.jpg\" \/>\n\t<meta property=\"og:image:width\" content=\"2560\" \/>\n\t<meta property=\"og:image:height\" content=\"1672\" \/>\n\t<meta property=\"og:image:type\" content=\"image\/jpeg\" \/>\n<meta name=\"author\" content=\"Erik Juhlin\" \/>\n<meta name=\"twitter:card\" content=\"summary_large_image\" \/>\n<meta name=\"twitter:label1\" content=\"Skriven av\" \/>\n\t<meta name=\"twitter:data1\" content=\"Erik Juhlin\" \/>\n\t<meta name=\"twitter:label2\" content=\"Ber\u00e4knad l\u00e4stid\" \/>\n\t<meta name=\"twitter:data2\" content=\"2 minuter\" \/>\n<!-- \/ Yoast SEO Premium plugin. -->","yoast_head_json":{"title":"Budgeten saknar l\u00e5ngsiktiga strukturreformer | Almega","robots":{"index":"index","follow":"follow","max-snippet":"max-snippet:-1","max-image-preview":"max-image-preview:large","max-video-preview":"max-video-preview:-1"},"canonical":"https:\/\/www.almega.se\/2022\/11\/budgeten-saknar-langsiktiga-strukturreformer\/","og_locale":"sv_SE","og_type":"article","og_title":"Budgeten saknar l\u00e5ngsiktiga strukturreformer","og_description":"I dag presenterade regeringen sin budget f\u00f6r n\u00e4sta \u00e5r. Dessv\u00e4rre lyser de l\u00e5ngsiktiga strukturreformerna med sin fr\u00e5nvaro. \u201dSpeciellt bekymmersamt givet att vi \u00e4r p\u00e5 v\u00e4g in i en l\u00e5gkonjunktur\u201d, s\u00e4ger Fredrik \u00d6stbom, n\u00e4ringspolitisk chef p\u00e5 Almega.","og_url":"https:\/\/www.almega.se\/2022\/11\/budgeten-saknar-langsiktiga-strukturreformer\/","og_site_name":"Almega","article_published_time":"2022-11-08T13:32:52+00:00","article_modified_time":"2023-01-05T11:53:26+00:00","og_image":[{"width":2560,"height":1672,"url":"https:\/\/www.almega.se\/app\/uploads\/2022\/11\/01c45770-9b6f-4d73-854f-774c10a11299-scaled.jpg","type":"image\/jpeg"}],"author":"Erik Juhlin","twitter_card":"summary_large_image","twitter_misc":{"Skriven av":"Erik Juhlin","Ber\u00e4knad l\u00e4stid":"2 minuter"},"schema":{"@context":"https:\/\/schema.org","@graph":[{"@type":"NewsArticle","@id":"https:\/\/www.almega.se\/2022\/11\/budgeten-saknar-langsiktiga-strukturreformer\/#article","isPartOf":{"@id":"https:\/\/www.almega.se\/2022\/11\/budgeten-saknar-langsiktiga-strukturreformer\/"},"author":{"name":"Erik Juhlin","@id":"https:\/\/www.almega.se\/#\/schema\/person\/3c181ea7ead5ab7b14c61584637720f5"},"headline":"Budgeten saknar l\u00e5ngsiktiga strukturreformer","datePublished":"2022-11-08T13:32:52+00:00","dateModified":"2023-01-05T11:53:26+00:00","mainEntityOfPage":{"@id":"https:\/\/www.almega.se\/2022\/11\/budgeten-saknar-langsiktiga-strukturreformer\/"},"wordCount":335,"image":{"@id":"https:\/\/www.almega.se\/2022\/11\/budgeten-saknar-langsiktiga-strukturreformer\/#primaryimage"},"thumbnailUrl":"https:\/\/www.almega.se\/app\/uploads\/2022\/11\/01c45770-9b6f-4d73-854f-774c10a11299-scaled.jpg","keywords":["Arbetsl\u00f6shet","Utbildning och kompetens"],"articleSection":["Arbetsgivarfr\u00e5gor","Arbetsmarknad","Tj\u00e4nstesektorns betydelse"],"inLanguage":"sv-SE"},{"@type":"WebPage","@id":"https:\/\/www.almega.se\/2022\/11\/budgeten-saknar-langsiktiga-strukturreformer\/","url":"https:\/\/www.almega.se\/2022\/11\/budgeten-saknar-langsiktiga-strukturreformer\/","name":"Budgeten saknar l\u00e5ngsiktiga strukturreformer | Almega","isPartOf":{"@id":"https:\/\/www.almega.se\/#website"},"primaryImageOfPage":{"@id":"https:\/\/www.almega.se\/2022\/11\/budgeten-saknar-langsiktiga-strukturreformer\/#primaryimage"},"image":{"@id":"https:\/\/www.almega.se\/2022\/11\/budgeten-saknar-langsiktiga-strukturreformer\/#primaryimage"},"thumbnailUrl":"https:\/\/www.almega.se\/app\/uploads\/2022\/11\/01c45770-9b6f-4d73-854f-774c10a11299-scaled.jpg","datePublished":"2022-11-08T13:32:52+00:00","dateModified":"2023-01-05T11:53:26+00:00","author":{"@id":"https:\/\/www.almega.se\/#\/schema\/person\/3c181ea7ead5ab7b14c61584637720f5"},"breadcrumb":{"@id":"https:\/\/www.almega.se\/2022\/11\/budgeten-saknar-langsiktiga-strukturreformer\/#breadcrumb"},"inLanguage":"sv-SE","potentialAction":[{"@type":"ReadAction","target":["https:\/\/www.almega.se\/2022\/11\/budgeten-saknar-langsiktiga-strukturreformer\/"]}]},{"@type":"ImageObject","inLanguage":"sv-SE","@id":"https:\/\/www.almega.se\/2022\/11\/budgeten-saknar-langsiktiga-strukturreformer\/#primaryimage","url":"https:\/\/www.almega.se\/app\/uploads\/2022\/11\/01c45770-9b6f-4d73-854f-774c10a11299-scaled.jpg","contentUrl":"https:\/\/www.almega.se\/app\/uploads\/2022\/11\/01c45770-9b6f-4d73-854f-774c10a11299-scaled.jpg","width":2560,"height":1672,"caption":"Fredrik \u00d6stbom, chef f\u00f6r n\u00e4ringspolitik och opinionsbildning p\u00e5 Almega"},{"@type":"BreadcrumbList","@id":"https:\/\/www.almega.se\/2022\/11\/budgeten-saknar-langsiktiga-strukturreformer\/#breadcrumb","itemListElement":[{"@type":"ListItem","position":1,"name":"Home","item":"https:\/\/www.almega.se\/"},{"@type":"ListItem","position":2,"name":"Budgeten saknar l\u00e5ngsiktiga strukturreformer"}]},{"@type":"WebSite","@id":"https:\/\/www.almega.se\/#website","url":"https:\/\/www.almega.se\/","name":"Almega","description":"","potentialAction":[{"@type":"SearchAction","target":{"@type":"EntryPoint","urlTemplate":"https:\/\/www.almega.se\/?s={search_term_string}"},"query-input":{"@type":"PropertyValueSpecification","valueRequired":true,"valueName":"search_term_string"}}],"inLanguage":"sv-SE"},{"@type":"Person","@id":"https:\/\/www.almega.se\/#\/schema\/person\/3c181ea7ead5ab7b14c61584637720f5","name":"Erik Juhlin","image":{"@type":"ImageObject","inLanguage":"sv-SE","@id":"https:\/\/www.almega.se\/#\/schema\/person\/image\/","url":"https:\/\/secure.gravatar.com\/avatar\/ef0e97454357041724f27ea1630fa5bf78b30eea6fc56998e6a03142ad5b1370?s=96&d=mm&r=g","contentUrl":"https:\/\/secure.gravatar.com\/avatar\/ef0e97454357041724f27ea1630fa5bf78b30eea6fc56998e6a03142ad5b1370?s=96&d=mm&r=g","caption":"Erik Juhlin"},"url":"https:\/\/www.almega.se\/person\/erikjuhlin\/"}]}},"_links":{"self":[{"href":"https:\/\/www.almega.se\/api\/wp\/v2\/posts\/48826","targetHints":{"allow":["GET"]}}],"collection":[{"href":"https:\/\/www.almega.se\/api\/wp\/v2\/posts"}],"about":[{"href":"https:\/\/www.almega.se\/api\/wp\/v2\/types\/post"}],"author":[{"embeddable":true,"href":"https:\/\/www.almega.se\/api\/wp\/v2\/users\/6356"}],"replies":[{"embeddable":true,"href":"https:\/\/www.almega.se\/api\/wp\/v2\/comments?post=48826"}],"version-history":[{"count":3,"href":"https:\/\/www.almega.se\/api\/wp\/v2\/posts\/48826\/revisions"}],"predecessor-version":[{"id":52679,"href":"https:\/\/www.almega.se\/api\/wp\/v2\/posts\/48826\/revisions\/52679"}],"wp:featuredmedia":[{"embeddable":true,"href":"https:\/\/www.almega.se\/api\/wp\/v2\/media\/48827"}],"wp:attachment":[{"href":"https:\/\/www.almega.se\/api\/wp\/v2\/media?parent=48826"}],"wp:term":[{"taxonomy":"category","embeddable":true,"href":"https:\/\/www.almega.se\/api\/wp\/v2\/categories?post=48826"},{"taxonomy":"post_tag","embeddable":true,"href":"https:\/\/www.almega.se\/api\/wp\/v2\/tags?post=48826"},{"taxonomy":"type","embeddable":true,"href":"https:\/\/www.almega.se\/api\/wp\/v2\/article_type?post=48826"},{"taxonomy":"agreement","embeddable":true,"href":"https:\/\/www.almega.se\/api\/wp\/v2\/agreement?post=48826"}],"curies":[{"name":"wp","href":"https:\/\/api.w.org\/{rel}","templated":true}]}}