{"id":48592,"date":"2022-10-18T10:48:08","date_gmt":"2022-10-18T08:48:08","guid":{"rendered":"https:\/\/www.almega.se\/2022\/10\/ris-och-ros-till-den-nya-regeringen\/"},"modified":"2023-01-05T13:03:11","modified_gmt":"2023-01-05T12:03:11","slug":"ris-och-ros-till-den-nya-regeringen","status":"publish","type":"post","link":"https:\/\/www.almega.se\/2022\/10\/ris-och-ros-till-den-nya-regeringen\/","title":{"rendered":"Ris och ros till den nya regeringen"},"content":{"rendered":"<p class=\"intro\">En ny regering inneb\u00e4r en ny inriktning f\u00f6r svensk politik. Men hur f\u00f6r\u00e4ndras spelreglerna f\u00f6r n\u00e4ringslivet? Almega har granskat Tid\u00f6avtalet och regeringsf\u00f6rklaringen och hittat b\u00e5de bra, och mindre bra, f\u00f6rslag f\u00f6r tj\u00e4nstesektorns vidkommande.<\/p>\n\n<p>\u2013 Med tj\u00e4nstesektorns b\u00e4sta f\u00f6r \u00f6gonen kan vi konstatera att Tid\u00f6avtalet och regeringsf\u00f6rklaringen inneh\u00e5ller flera bra, samt ett antal mindre bra f\u00f6rslag, s\u00e4ger Fredrik \u00d6stbom, chef, n\u00e4ringspolitik och opinionsbildning p\u00e5 Almega.<\/p>\n\n\n\n<p>Regeringen har tillsammans med Sverigedemokraterna presenterat inriktningen f\u00f6r svensk politik fram\u00f6ver. Tid\u00f6avtalet inneh\u00e5ller reformer p\u00e5 sex politikomr\u00e5den som syftar till att l\u00f6sa Sveriges stora samh\u00e4llsproblem, regeringsf\u00f6rklaringen den politiska inriktningen f\u00f6r mandatperioden.<\/p>\n\n\n\n<p>\u2013 Vilja att s\u00e4nka skatten p\u00e5 arbete och inf\u00f6ra ett bidragstak visar att regeringen prioriterar arbetslinjen, vilket \u00e4r mycket positivt. Det \u00e4r ocks\u00e5 bra att de vill f\u00f6rb\u00e4ttra villkoren f\u00f6r f\u00f6retag genom att se \u00f6ver 3:12-reglerna och minska de administrativa kostnaderna. Detta kommer gynna s\u00e5v\u00e4l tillv\u00e4xt som syssels\u00e4ttning, s\u00e4ger Fredrik \u00d6stbom.<\/p>\n\n\n\n<p>Bland de mer orov\u00e4ckande av regeringens f\u00f6rslag \u00e5terfinns bland annat f\u00f6rs\u00e4mrade villkor f\u00f6r de f\u00f6retag som \u00e4r beroende av arbetskraftsinvandrare.<\/p>\n\n\n\n<p>\u2013 Arbetskraftsinvandrare bidrar med helt n\u00f6dv\u00e4ndig kompetens till m\u00e5nga svenska f\u00f6retag, inte minst inom tj\u00e4nstesektorn. N\u00e4r kompetensen inte finns i Sverige m\u00e5ste den s\u00f6kas n\u00e5gon annanstans. Det \u00e4r tr\u00e5kigt att den nya regeringen inte inser detta, s\u00e4ger Fredrik \u00d6stbom.<\/p>\n\n\n\n<p>Ytterligare ett av regeringens mindre lyckade f\u00f6rslag \u00e4r de utdelningsbegr\u00e4nsningar som planeras att inf\u00f6ras f\u00f6r nystartade friskolor.<\/p>\n\n\n\n<p>\u2013 Friskolor g\u00f6r inga \u00f6vervinster och att d\u00e5 n\u00e4mna vinstregleringar i skolan i detta sammanhang \u00e4r bara on\u00f6digt. Inte minst eftersom det misst\u00e4nkligg\u00f6r en m\u00e4ngd seri\u00f6sa v\u00e4lf\u00e4rdsf\u00f6retagare, s\u00e4ger Fredrik \u00d6stbom.<\/p>\n\n\n\n<p>Tj\u00e4nstef\u00f6retagen och deras anst\u00e4llda \u00e4r Sveriges tillv\u00e4xtmotor. I dag jobbar tre av fyra i tj\u00e4nstesektorn och majoriteten av alla nya jobb skapas h\u00e4r.<\/p>\n\n\n\n<p>\u2013 V\u00e5ra medlemmar har l\u00f6sningar p\u00e5 m\u00e5nga av dagens samh\u00e4llsutmaningar. De skapar jobb, genererar v\u00e4lf\u00e4rd och bidrar till \u00f6kad integration och en arbetsmarknad f\u00f6r alla. Men f\u00f6ruts\u00e4ttningarna att starta, \u00e4ga, driva och utveckla tj\u00e4nstef\u00f6retag m\u00e5ste bli \u00e4nnu b\u00e4ttre. Det \u00e4r v\u00e5r uppgift att hj\u00e4lpa politikerna att fatta beslut som skapar dessa f\u00f6ruts\u00e4ttningar, s\u00e4ger Fredrik \u00d6stbom.<\/p>\n","protected":false},"excerpt":{"rendered":"<p>En ny regering inneb\u00e4r en ny inriktning f\u00f6r svensk politik. Men hur f\u00f6r\u00e4ndras spelreglerna f\u00f6r n\u00e4ringslivet? Almega har granskat Tid\u00f6avtalet och regeringsf\u00f6rklaringen och hittat b\u00e5de bra, och mindre bra, f\u00f6rslag f\u00f6r tj\u00e4nstesektorns vidkommande.<\/p>\n","protected":false},"author":14826,"featured_media":0,"comment_status":"closed","ping_status":"closed","sticky":false,"template":"","format":"standard","meta":{"_acf_changed":false,"footnotes":""},"categories":[451,64,419,46],"tags":[543,610],"article_type":[93],"agreement":[],"class_list":["post-48592","post","type-post","status-publish","format-standard","hentry","category-arbetsgivarfragor","category-arbetsmarknad","category-kompetensforsorjning","category-valfard","tag-arbetskraftsinvandring","tag-kompetensforsorjning","type-pressmeddelanden"],"acf":[],"yoast_head":"<!-- This site is optimized with the Yoast SEO Premium plugin v26.8 (Yoast SEO v26.8) - https:\/\/yoast.com\/product\/yoast-seo-premium-wordpress\/ -->\n<title>Ris och ros till den nya regeringen | Almega<\/title>\n<meta name=\"robots\" content=\"index, follow, max-snippet:-1, max-image-preview:large, max-video-preview:-1\" \/>\n<link rel=\"canonical\" href=\"https:\/\/www.almega.se\/2022\/10\/ris-och-ros-till-den-nya-regeringen\/\" \/>\n<meta property=\"og:locale\" content=\"sv_SE\" \/>\n<meta property=\"og:type\" content=\"article\" \/>\n<meta property=\"og:title\" content=\"Ris och ros till den nya regeringen\" \/>\n<meta property=\"og:description\" content=\"En ny regering inneb\u00e4r en ny inriktning f\u00f6r svensk politik. Men hur f\u00f6r\u00e4ndras spelreglerna f\u00f6r n\u00e4ringslivet? Almega har granskat Tid\u00f6avtalet och regeringsf\u00f6rklaringen och hittat b\u00e5de bra, och mindre bra, f\u00f6rslag f\u00f6r tj\u00e4nstesektorns vidkommande.\" \/>\n<meta property=\"og:url\" content=\"https:\/\/www.almega.se\/2022\/10\/ris-och-ros-till-den-nya-regeringen\/\" \/>\n<meta property=\"og:site_name\" content=\"Almega\" \/>\n<meta property=\"article:published_time\" content=\"2022-10-18T08:48:08+00:00\" \/>\n<meta property=\"article:modified_time\" content=\"2023-01-05T12:03:11+00:00\" \/>\n<meta property=\"og:image\" content=\"https:\/\/www.almega.se\/app\/uploads\/2020\/12\/almega-share-logo.png\" \/>\n\t<meta property=\"og:image:width\" content=\"1200\" \/>\n\t<meta property=\"og:image:height\" content=\"630\" \/>\n\t<meta property=\"og:image:type\" content=\"image\/png\" \/>\n<meta name=\"author\" content=\"moat\" \/>\n<meta name=\"twitter:card\" content=\"summary_large_image\" \/>\n<meta name=\"twitter:label1\" content=\"Skriven av\" \/>\n\t<meta name=\"twitter:data1\" content=\"moat\" \/>\n\t<meta name=\"twitter:label2\" content=\"Ber\u00e4knad l\u00e4stid\" \/>\n\t<meta name=\"twitter:data2\" content=\"2 minuter\" \/>\n<!-- \/ Yoast SEO Premium plugin. -->","yoast_head_json":{"title":"Ris och ros till den nya regeringen | Almega","robots":{"index":"index","follow":"follow","max-snippet":"max-snippet:-1","max-image-preview":"max-image-preview:large","max-video-preview":"max-video-preview:-1"},"canonical":"https:\/\/www.almega.se\/2022\/10\/ris-och-ros-till-den-nya-regeringen\/","og_locale":"sv_SE","og_type":"article","og_title":"Ris och ros till den nya regeringen","og_description":"En ny regering inneb\u00e4r en ny inriktning f\u00f6r svensk politik. Men hur f\u00f6r\u00e4ndras spelreglerna f\u00f6r n\u00e4ringslivet? Almega har granskat Tid\u00f6avtalet och regeringsf\u00f6rklaringen och hittat b\u00e5de bra, och mindre bra, f\u00f6rslag f\u00f6r tj\u00e4nstesektorns vidkommande.","og_url":"https:\/\/www.almega.se\/2022\/10\/ris-och-ros-till-den-nya-regeringen\/","og_site_name":"Almega","article_published_time":"2022-10-18T08:48:08+00:00","article_modified_time":"2023-01-05T12:03:11+00:00","og_image":[{"width":1200,"height":630,"url":"https:\/\/www.almega.se\/app\/uploads\/2020\/12\/almega-share-logo.png","type":"image\/png"}],"author":"moat","twitter_card":"summary_large_image","twitter_misc":{"Skriven av":"moat","Ber\u00e4knad l\u00e4stid":"2 minuter"},"schema":{"@context":"https:\/\/schema.org","@graph":[{"@type":"NewsArticle","@id":"https:\/\/www.almega.se\/2022\/10\/ris-och-ros-till-den-nya-regeringen\/#article","isPartOf":{"@id":"https:\/\/www.almega.se\/2022\/10\/ris-och-ros-till-den-nya-regeringen\/"},"author":{"name":"moat","@id":"https:\/\/www.almega.se\/#\/schema\/person\/9e4d7d0abff166be96ada576ca284a77"},"headline":"Ris och ros till den nya regeringen","datePublished":"2022-10-18T08:48:08+00:00","dateModified":"2023-01-05T12:03:11+00:00","mainEntityOfPage":{"@id":"https:\/\/www.almega.se\/2022\/10\/ris-och-ros-till-den-nya-regeringen\/"},"wordCount":384,"keywords":["Arbetskraftsinvandring","Kompetensf\u00f6rs\u00f6rjning"],"articleSection":["Arbetsgivarfr\u00e5gor","Arbetsmarknad","Kompetensf\u00f6rs\u00f6rjning","V\u00e4lf\u00e4rd"],"inLanguage":"sv-SE"},{"@type":"WebPage","@id":"https:\/\/www.almega.se\/2022\/10\/ris-och-ros-till-den-nya-regeringen\/","url":"https:\/\/www.almega.se\/2022\/10\/ris-och-ros-till-den-nya-regeringen\/","name":"Ris och ros till den nya regeringen | Almega","isPartOf":{"@id":"https:\/\/www.almega.se\/#website"},"datePublished":"2022-10-18T08:48:08+00:00","dateModified":"2023-01-05T12:03:11+00:00","author":{"@id":"https:\/\/www.almega.se\/#\/schema\/person\/9e4d7d0abff166be96ada576ca284a77"},"breadcrumb":{"@id":"https:\/\/www.almega.se\/2022\/10\/ris-och-ros-till-den-nya-regeringen\/#breadcrumb"},"inLanguage":"sv-SE","potentialAction":[{"@type":"ReadAction","target":["https:\/\/www.almega.se\/2022\/10\/ris-och-ros-till-den-nya-regeringen\/"]}]},{"@type":"BreadcrumbList","@id":"https:\/\/www.almega.se\/2022\/10\/ris-och-ros-till-den-nya-regeringen\/#breadcrumb","itemListElement":[{"@type":"ListItem","position":1,"name":"Home","item":"https:\/\/www.almega.se\/"},{"@type":"ListItem","position":2,"name":"Ris och ros till den nya regeringen"}]},{"@type":"WebSite","@id":"https:\/\/www.almega.se\/#website","url":"https:\/\/www.almega.se\/","name":"Almega","description":"","potentialAction":[{"@type":"SearchAction","target":{"@type":"EntryPoint","urlTemplate":"https:\/\/www.almega.se\/?s={search_term_string}"},"query-input":{"@type":"PropertyValueSpecification","valueRequired":true,"valueName":"search_term_string"}}],"inLanguage":"sv-SE"},{"@type":"Person","@id":"https:\/\/www.almega.se\/#\/schema\/person\/9e4d7d0abff166be96ada576ca284a77","name":"moat","image":{"@type":"ImageObject","inLanguage":"sv-SE","@id":"https:\/\/www.almega.se\/#\/schema\/person\/image\/","url":"https:\/\/secure.gravatar.com\/avatar\/f3aefbf102103714d31ca14074d72cc66619d4b100e6e99b475677d83097fad7?s=96&d=mm&r=g","contentUrl":"https:\/\/secure.gravatar.com\/avatar\/f3aefbf102103714d31ca14074d72cc66619d4b100e6e99b475677d83097fad7?s=96&d=mm&r=g","caption":"moat"},"url":"https:\/\/www.almega.se\/person\/moat\/"}]}},"_links":{"self":[{"href":"https:\/\/www.almega.se\/api\/wp\/v2\/posts\/48592","targetHints":{"allow":["GET"]}}],"collection":[{"href":"https:\/\/www.almega.se\/api\/wp\/v2\/posts"}],"about":[{"href":"https:\/\/www.almega.se\/api\/wp\/v2\/types\/post"}],"author":[{"embeddable":true,"href":"https:\/\/www.almega.se\/api\/wp\/v2\/users\/14826"}],"replies":[{"embeddable":true,"href":"https:\/\/www.almega.se\/api\/wp\/v2\/comments?post=48592"}],"version-history":[{"count":3,"href":"https:\/\/www.almega.se\/api\/wp\/v2\/posts\/48592\/revisions"}],"predecessor-version":[{"id":52703,"href":"https:\/\/www.almega.se\/api\/wp\/v2\/posts\/48592\/revisions\/52703"}],"wp:attachment":[{"href":"https:\/\/www.almega.se\/api\/wp\/v2\/media?parent=48592"}],"wp:term":[{"taxonomy":"category","embeddable":true,"href":"https:\/\/www.almega.se\/api\/wp\/v2\/categories?post=48592"},{"taxonomy":"post_tag","embeddable":true,"href":"https:\/\/www.almega.se\/api\/wp\/v2\/tags?post=48592"},{"taxonomy":"type","embeddable":true,"href":"https:\/\/www.almega.se\/api\/wp\/v2\/article_type?post=48592"},{"taxonomy":"agreement","embeddable":true,"href":"https:\/\/www.almega.se\/api\/wp\/v2\/agreement?post=48592"}],"curies":[{"name":"wp","href":"https:\/\/api.w.org\/{rel}","templated":true}]}}