{"id":48023,"date":"2022-09-27T12:30:11","date_gmt":"2022-09-27T10:30:11","guid":{"rendered":"https:\/\/www.almega.se\/?p=48023"},"modified":"2023-01-09T17:11:05","modified_gmt":"2023-01-09T16:11:05","slug":"tjansteindikatorn-avmattning-men-inget-fall","status":"publish","type":"post","link":"https:\/\/www.almega.se\/2022\/09\/tjansteindikatorn-avmattning-men-inget-fall\/","title":{"rendered":"Tj\u00e4nste&shy;indikatorn: Avmattning men inget fall"},"content":{"rendered":"<p class=\"intro\">Bromsad tillv\u00e4xt, f\u00e4rre nyanst\u00e4llningar och rusande priser. Enligt Almegas konjunkturrapport,\u00a0 tj\u00e4nsteindikatorn, f\u00f6r tredje kvartalet \u00e4r dock l\u00e4get i tj\u00e4nstesektorn fortfarande hyggligt. \u201dF\u00f6rv\u00e4ntningarna \u00e4r positiva om \u00e4n mindre optimistiska \u00e4n tidigare\u201d, s\u00e4ger Almegas chefekonom Patrick Joyce.<\/p>\n\n<p>Produktionen i tj\u00e4nstesektorn har vuxit stadigt sedan b\u00f6rjan av 2021. Under det andra kvartalet 2022 var produktionen 7,1 procent h\u00f6gre \u00e4n under samma kvartal 2021.<\/p>\n\n\n\n<p>\u2013 Nu b\u00f6rjar dock tillv\u00e4xttakten mattas av. Enligt tj\u00e4nsteindikatorn v\u00e4xer produktionen i tj\u00e4nstesektorn l\u00e5ngsammare under det tredje kvartalet i \u00e5r, s\u00e4ger Patrick Joyce, chefekonom p\u00e5 Almega.<\/p>\n\n\n<a class='Share__link Share__link--url copy-text' href='#' rel='nofollow' data-text='bemanningsbranschen-okar-mest' title='Dela url' data-confirmation='L\u00e4nken kopierades till urklipp'><svg class='icon icon--link'  width='18' height='18' viewBox='0 0 18 18' fill='none' xmlns='http:\/\/www.w3.org\/2000\/svg'>\n            <path d='M10.4142 0.514721L6.87868 4.05025L8.29289 5.46447L11.1213 2.63604L15.364 6.87868L12.5355 9.70711L13.9497 11.1213L17.4853 7.58579C17.8763 7.19476 17.8763 6.5626 17.4853 6.17158L11.8284 0.514721C11.4374 0.123691 10.8052 0.123691 10.4142 0.514721Z' fill='black'\/>\n            <path d='M9.7071 12.5355L6.87868 15.364L2.63604 11.1213L5.46446 8.2929L4.05025 6.87868L0.514716 10.4142C0.123686 10.8052 0.123686 11.4374 0.514716 11.8284L6.17157 17.4853C6.5626 17.8763 7.19475 17.8763 7.58578 17.4853L11.1213 13.9497L9.7071 12.5355Z' fill='black'\/>\n            <path d='M6.17157 11.8284C6.5626 12.2195 7.19475 12.2195 7.58578 11.8284L11.8284 7.58579C12.2195 7.19476 12.2195 6.56261 11.8284 6.17158C11.4374 5.78055 10.8052 5.78055 10.4142 6.17158L6.17157 10.4142C5.78054 10.8052 5.78054 11.4374 6.17157 11.8284Z' fill='black'\/>\n            <\/svg> <\/a>\n<h2 class=\"wp-block-heading\">Bemanningsbranschen \u00f6kar mest<\/h2>\n\n\n\n<p>Oms\u00e4ttningen inom personaluthyrning, fastighetsservice, resor och andra st\u00f6dtj\u00e4nster till f\u00f6retag, har vuxit snabbt under det senaste \u00e5ret. I juli i \u00e5r var oms\u00e4ttningen inom branscherna n\u00e4stan 19 procent h\u00f6gre \u00e4n samma m\u00e5nad 2021.<\/p>\n\n\n\n<p>\u2013 Tillv\u00e4xten drivs fr\u00e4mst av bemanningsbranschen som gynnas av en fortsatt stark arbetsmarknad. Men \u00e4ven om f\u00f6rv\u00e4ntningarna p\u00e5 framtiden fortfarande \u00e4r goda, har de d\u00e4mpats avsev\u00e4rt det senaste kvartalet, s\u00e4ger Patrick Joyce.<\/p>\n\n\n\n<p>\u00c4ven f\u00f6r IT- och telekomsektorn, som hade nolltillv\u00e4xt i vintras, tycks tillv\u00e4xten f\u00e5tt ny fart.<\/p>\n\n\n<a class='Share__link Share__link--url copy-text' href='#' rel='nofollow' data-text='vard-och-omsorg-bromsar-in' title='Dela url' data-confirmation='L\u00e4nken kopierades till urklipp'><svg class='icon icon--link'  width='18' height='18' viewBox='0 0 18 18' fill='none' xmlns='http:\/\/www.w3.org\/2000\/svg'>\n            <path d='M10.4142 0.514721L6.87868 4.05025L8.29289 5.46447L11.1213 2.63604L15.364 6.87868L12.5355 9.70711L13.9497 11.1213L17.4853 7.58579C17.8763 7.19476 17.8763 6.5626 17.4853 6.17158L11.8284 0.514721C11.4374 0.123691 10.8052 0.123691 10.4142 0.514721Z' fill='black'\/>\n            <path d='M9.7071 12.5355L6.87868 15.364L2.63604 11.1213L5.46446 8.2929L4.05025 6.87868L0.514716 10.4142C0.123686 10.8052 0.123686 11.4374 0.514716 11.8284L6.17157 17.4853C6.5626 17.8763 7.19475 17.8763 7.58578 17.4853L11.1213 13.9497L9.7071 12.5355Z' fill='black'\/>\n            <path d='M6.17157 11.8284C6.5626 12.2195 7.19475 12.2195 7.58578 11.8284L11.8284 7.58579C12.2195 7.19476 12.2195 6.56261 11.8284 6.17158C11.4374 5.78055 10.8052 5.78055 10.4142 6.17158L6.17157 10.4142C5.78054 10.8052 5.78054 11.4374 6.17157 11.8284Z' fill='black'\/>\n            <\/svg> <\/a>\n<h2 class=\"wp-block-heading\">V\u00e5rd och omsorg bromsar in<\/h2>\n\n\n\n<p>Inom privat v\u00e5rd och omsorg har det uppd\u00e4mda v\u00e5rdbehovet efter pandemin drivit tillv\u00e4xten. Nu har dock branschen bromsat in n\u00e5got.<\/p>\n\n\n\n<p>\u2013 Detsamma g\u00e4ller f\u00f6r de tj\u00e4nstebranscher som s\u00e4ljer till hush\u00e5ll. De fick ett uppsving n\u00e4r restriktionerna sl\u00e4pptes, men tillv\u00e4xten kommer sannolikt att d\u00e4mpas n\u00e4r stigande inflation och h\u00f6jda r\u00e4ntor minskar hush\u00e5llens konsumtion, s\u00e4ger Patrick Joyce.<\/p>\n\n\n<a class='Share__link Share__link--url copy-text' href='#' rel='nofollow' data-text='160-000-nya-jobb' title='Dela url' data-confirmation='L\u00e4nken kopierades till urklipp'><svg class='icon icon--link'  width='18' height='18' viewBox='0 0 18 18' fill='none' xmlns='http:\/\/www.w3.org\/2000\/svg'>\n            <path d='M10.4142 0.514721L6.87868 4.05025L8.29289 5.46447L11.1213 2.63604L15.364 6.87868L12.5355 9.70711L13.9497 11.1213L17.4853 7.58579C17.8763 7.19476 17.8763 6.5626 17.4853 6.17158L11.8284 0.514721C11.4374 0.123691 10.8052 0.123691 10.4142 0.514721Z' fill='black'\/>\n            <path d='M9.7071 12.5355L6.87868 15.364L2.63604 11.1213L5.46446 8.2929L4.05025 6.87868L0.514716 10.4142C0.123686 10.8052 0.123686 11.4374 0.514716 11.8284L6.17157 17.4853C6.5626 17.8763 7.19475 17.8763 7.58578 17.4853L11.1213 13.9497L9.7071 12.5355Z' fill='black'\/>\n            <path d='M6.17157 11.8284C6.5626 12.2195 7.19475 12.2195 7.58578 11.8284L11.8284 7.58579C12.2195 7.19476 12.2195 6.56261 11.8284 6.17158C11.4374 5.78055 10.8052 5.78055 10.4142 6.17158L6.17157 10.4142C5.78054 10.8052 5.78054 11.4374 6.17157 11.8284Z' fill='black'\/>\n            <\/svg> <\/a>\n<h2 class=\"wp-block-heading\">160 000 nya jobb<\/h2>\n\n\n\n<p>Jobben forts\u00e4tter att bli fler inom samtliga tj\u00e4nstebranscher. Under \u00e5rets andra kvartal var antalet anst\u00e4llda i tj\u00e4nstesektorn 160 000 fler \u00e4n samma kvartal 2021.<\/p>\n\n\n\n<p>\u2013 Bristen p\u00e5 arbetskraft har skapat ett stort behov inom bemanning och rekrytering. Antalet anst\u00e4llda inom branschen har \u00f6kat med 15 000 p\u00e5 ett \u00e5r, en \u00f6kning med 16 procent. Generellt f\u00f6rv\u00e4ntar sig f\u00f6retagen i samtliga tj\u00e4nstebranscher fortfarande att nyanst\u00e4lla fram\u00f6ver, \u00e4ven om planerna d\u00e4mpats j\u00e4mf\u00f6rt med tidigare, s\u00e4ger Patrick Joyce.<\/p>\n\n\n<a class='Share__link Share__link--url copy-text' href='#' rel='nofollow' data-text='tjanstepriserna-rusar' title='Dela url' data-confirmation='L\u00e4nken kopierades till urklipp'><svg class='icon icon--link'  width='18' height='18' viewBox='0 0 18 18' fill='none' xmlns='http:\/\/www.w3.org\/2000\/svg'>\n            <path d='M10.4142 0.514721L6.87868 4.05025L8.29289 5.46447L11.1213 2.63604L15.364 6.87868L12.5355 9.70711L13.9497 11.1213L17.4853 7.58579C17.8763 7.19476 17.8763 6.5626 17.4853 6.17158L11.8284 0.514721C11.4374 0.123691 10.8052 0.123691 10.4142 0.514721Z' fill='black'\/>\n            <path d='M9.7071 12.5355L6.87868 15.364L2.63604 11.1213L5.46446 8.2929L4.05025 6.87868L0.514716 10.4142C0.123686 10.8052 0.123686 11.4374 0.514716 11.8284L6.17157 17.4853C6.5626 17.8763 7.19475 17.8763 7.58578 17.4853L11.1213 13.9497L9.7071 12.5355Z' fill='black'\/>\n            <path d='M6.17157 11.8284C6.5626 12.2195 7.19475 12.2195 7.58578 11.8284L11.8284 7.58579C12.2195 7.19476 12.2195 6.56261 11.8284 6.17158C11.4374 5.78055 10.8052 5.78055 10.4142 6.17158L6.17157 10.4142C5.78054 10.8052 5.78054 11.4374 6.17157 11.8284Z' fill='black'\/>\n            <\/svg> <\/a>\n<h2 class=\"wp-block-heading\">Tj\u00e4nstepriserna rusar<\/h2>\n\n\n\n<p>Tj\u00e4nstef\u00f6retagens f\u00f6rs\u00e4ljningspriser har \u00f6kat allt snabbare. Under det andra kvartalet i \u00e5r \u00f6kade tj\u00e4nstepriserna med 7,9 procent p\u00e5 \u00e5rsbasis. Priserna \u00f6kade med 2,3 procent enbart under det senaste kvartalet.<\/p>\n\n\n\n<p>\u2013 F\u00f6rklaringen \u00e4r fr\u00e4mst de \u00f6kade priserna p\u00e5 drivmedel och energi vilka har lett till kraftigt h\u00f6jda priser p\u00e5 transporttj\u00e4nster. De senaste m\u00e5nadernas sjunkande drivmedelspriser kan dock inneb\u00e4ra att priserna p\u00e5 transporter faller tillbaka, s\u00e4ger Patrick Joyce:<\/p>\n\n\n\n<p>\u2013 Almegas prisindikator tyder ocks\u00e5 p\u00e5 att tj\u00e4nstepriserna kommer att \u00f6ka n\u00e5got l\u00e5ngsammare under det tredje kvartalet \u00e4n under kvartalet innan.<\/p>\n\n\n<a class='Share__link Share__link--url copy-text' href='#' rel='nofollow' data-text='om-tjansteindikatorn' title='Dela url' data-confirmation='L\u00e4nken kopierades till urklipp'><svg class='icon icon--link'  width='18' height='18' viewBox='0 0 18 18' fill='none' xmlns='http:\/\/www.w3.org\/2000\/svg'>\n            <path d='M10.4142 0.514721L6.87868 4.05025L8.29289 5.46447L11.1213 2.63604L15.364 6.87868L12.5355 9.70711L13.9497 11.1213L17.4853 7.58579C17.8763 7.19476 17.8763 6.5626 17.4853 6.17158L11.8284 0.514721C11.4374 0.123691 10.8052 0.123691 10.4142 0.514721Z' fill='black'\/>\n            <path d='M9.7071 12.5355L6.87868 15.364L2.63604 11.1213L5.46446 8.2929L4.05025 6.87868L0.514716 10.4142C0.123686 10.8052 0.123686 11.4374 0.514716 11.8284L6.17157 17.4853C6.5626 17.8763 7.19475 17.8763 7.58578 17.4853L11.1213 13.9497L9.7071 12.5355Z' fill='black'\/>\n            <path d='M6.17157 11.8284C6.5626 12.2195 7.19475 12.2195 7.58578 11.8284L11.8284 7.58579C12.2195 7.19476 12.2195 6.56261 11.8284 6.17158C11.4374 5.78055 10.8052 5.78055 10.4142 6.17158L6.17157 10.4142C5.78054 10.8052 5.78054 11.4374 6.17157 11.8284Z' fill='black'\/>\n            <\/svg> <\/a>\n<h2 class=\"wp-block-heading\">Om tj\u00e4nsteindikatorn<\/h2>\n\n\n\n<p>Tj\u00e4nsteindikatorn har tagits fram av Almega sedan 2001 f\u00f6r att ge en indikation om vart konjunkturen i den privata tj\u00e4nstesektorn \u00e4r p\u00e5 v\u00e4g p\u00e5 kort sikt. Indikatorn ger information f\u00f6r att tidigt kunna f\u00f6rutsp\u00e5 v\u00e4ndpunkter i konjunkturen, b\u00e5de inom tj\u00e4nstesektorn och i hela Sveriges ekonomi, eftersom den privata tj\u00e4nstesektorn svarar f\u00f6r mer \u00e4n h\u00e4lften av Sveriges totala produktion, BNP.<\/p>\n\n\n\n<p><a href=\"https:\/\/www.almega.se\/app\/uploads\/2022\/09\/tjansteindikatorn-kvartal-tre-2022-slutversion.pdf\">Den fullst\u00e4ndiga rapporten \u00e5terfinns h\u00e4r<\/a>.<\/p>\n","protected":false},"excerpt":{"rendered":"<p>Produktionen i tj\u00e4nstesektorn har vuxit stadigt sedan b\u00f6rjan av 2021. Under det andra kvartalet 2022 var produktionen 7,1 procent h\u00f6gre \u00e4n under samma kvartal 2021. \u2013 Nu b\u00f6rjar dock tillv\u00e4xttakten mattas av. Enligt tj\u00e4nsteindikatorn v\u00e4xer &hellip;<\/p>\n","protected":false},"author":6356,"featured_media":47325,"comment_status":"closed","ping_status":"closed","sticky":false,"template":"","format":"standard","meta":{"_acf_changed":false,"footnotes":""},"categories":[581],"tags":[50],"article_type":[55,56],"agreement":[],"class_list":["post-48023","post","type-post","status-publish","format-standard","has-post-thumbnail","hentry","category-tjanstesektorns-betydelse","tag-tjanstesektorns-utveckling","type-artiklar","type-nyheter"],"acf":[],"yoast_head":"<!-- This site is optimized with the Yoast SEO Premium plugin v26.8 (Yoast SEO v26.8) - https:\/\/yoast.com\/product\/yoast-seo-premium-wordpress\/ -->\n<title>Tj\u00e4nsteindikatorn: Avmattning men inget fall | Almega<\/title>\n<meta name=\"description\" content=\"Tj\u00e4nsteindikatorn f\u00f6r tredje kvartalet visar att konjunkturen f\u00f6r tj\u00e4nstesektorn \u00e4r hygglig, men f\u00f6rv\u00e4ntningarna \u00e4r mindre optimistiska \u00e4n tidigare.\" \/>\n<meta name=\"robots\" content=\"index, follow, max-snippet:-1, max-image-preview:large, max-video-preview:-1\" \/>\n<link rel=\"canonical\" href=\"https:\/\/www.almega.se\/2022\/09\/tjansteindikatorn-avmattning-men-inget-fall\/\" \/>\n<meta property=\"og:locale\" content=\"sv_SE\" \/>\n<meta property=\"og:type\" content=\"article\" \/>\n<meta property=\"og:title\" content=\"Tj\u00e4nsteindikatorn: Avmattning men inget fall\" \/>\n<meta property=\"og:description\" content=\"Tj\u00e4nsteindikatorn f\u00f6r tredje kvartalet visar att konjunkturen f\u00f6r tj\u00e4nstesektorn \u00e4r hygglig, men f\u00f6rv\u00e4ntningarna \u00e4r mindre optimistiska \u00e4n tidigare.\" \/>\n<meta property=\"og:url\" content=\"https:\/\/www.almega.se\/2022\/09\/tjansteindikatorn-avmattning-men-inget-fall\/\" \/>\n<meta property=\"og:site_name\" content=\"Almega\" \/>\n<meta property=\"article:published_time\" content=\"2022-09-27T10:30:11+00:00\" \/>\n<meta property=\"article:modified_time\" content=\"2023-01-09T16:11:05+00:00\" \/>\n<meta property=\"og:image\" content=\"https:\/\/www.almega.se\/app\/uploads\/2022\/09\/a9b8fcbc-a14e-42ea-9e75-12a887e401de-scaled.jpg\" \/>\n\t<meta property=\"og:image:width\" content=\"2560\" \/>\n\t<meta property=\"og:image:height\" content=\"1707\" \/>\n\t<meta property=\"og:image:type\" content=\"image\/jpeg\" \/>\n<meta name=\"author\" content=\"Erik Juhlin\" \/>\n<meta name=\"twitter:card\" content=\"summary_large_image\" \/>\n<meta name=\"twitter:label1\" content=\"Skriven av\" \/>\n\t<meta name=\"twitter:data1\" content=\"Erik Juhlin\" \/>\n\t<meta name=\"twitter:label2\" content=\"Ber\u00e4knad l\u00e4stid\" \/>\n\t<meta name=\"twitter:data2\" content=\"3 minuter\" \/>\n<!-- \/ Yoast SEO Premium plugin. -->","yoast_head_json":{"title":"Tj\u00e4nsteindikatorn: Avmattning men inget fall | Almega","description":"Tj\u00e4nsteindikatorn f\u00f6r tredje kvartalet visar att konjunkturen f\u00f6r tj\u00e4nstesektorn \u00e4r hygglig, men f\u00f6rv\u00e4ntningarna \u00e4r mindre optimistiska \u00e4n tidigare.","robots":{"index":"index","follow":"follow","max-snippet":"max-snippet:-1","max-image-preview":"max-image-preview:large","max-video-preview":"max-video-preview:-1"},"canonical":"https:\/\/www.almega.se\/2022\/09\/tjansteindikatorn-avmattning-men-inget-fall\/","og_locale":"sv_SE","og_type":"article","og_title":"Tj\u00e4nsteindikatorn: Avmattning men inget fall","og_description":"Tj\u00e4nsteindikatorn f\u00f6r tredje kvartalet visar att konjunkturen f\u00f6r tj\u00e4nstesektorn \u00e4r hygglig, men f\u00f6rv\u00e4ntningarna \u00e4r mindre optimistiska \u00e4n tidigare.","og_url":"https:\/\/www.almega.se\/2022\/09\/tjansteindikatorn-avmattning-men-inget-fall\/","og_site_name":"Almega","article_published_time":"2022-09-27T10:30:11+00:00","article_modified_time":"2023-01-09T16:11:05+00:00","og_image":[{"width":2560,"height":1707,"url":"https:\/\/www.almega.se\/app\/uploads\/2022\/09\/a9b8fcbc-a14e-42ea-9e75-12a887e401de-scaled.jpg","type":"image\/jpeg"}],"author":"Erik Juhlin","twitter_card":"summary_large_image","twitter_misc":{"Skriven av":"Erik Juhlin","Ber\u00e4knad l\u00e4stid":"3 minuter"},"schema":{"@context":"https:\/\/schema.org","@graph":[{"@type":"NewsArticle","@id":"https:\/\/www.almega.se\/2022\/09\/tjansteindikatorn-avmattning-men-inget-fall\/#article","isPartOf":{"@id":"https:\/\/www.almega.se\/2022\/09\/tjansteindikatorn-avmattning-men-inget-fall\/"},"author":{"name":"Erik Juhlin","@id":"https:\/\/www.almega.se\/#\/schema\/person\/3c181ea7ead5ab7b14c61584637720f5"},"headline":"Tj\u00e4nste&shy;indikatorn: Avmattning men inget fall","datePublished":"2022-09-27T10:30:11+00:00","dateModified":"2023-01-09T16:11:05+00:00","mainEntityOfPage":{"@id":"https:\/\/www.almega.se\/2022\/09\/tjansteindikatorn-avmattning-men-inget-fall\/"},"wordCount":506,"image":{"@id":"https:\/\/www.almega.se\/2022\/09\/tjansteindikatorn-avmattning-men-inget-fall\/#primaryimage"},"thumbnailUrl":"https:\/\/www.almega.se\/app\/uploads\/2022\/09\/a9b8fcbc-a14e-42ea-9e75-12a887e401de-scaled.jpg","keywords":["Tj\u00e4nstesektorns utveckling"],"articleSection":["Tj\u00e4nstesektorns betydelse"],"inLanguage":"sv-SE"},{"@type":"WebPage","@id":"https:\/\/www.almega.se\/2022\/09\/tjansteindikatorn-avmattning-men-inget-fall\/","url":"https:\/\/www.almega.se\/2022\/09\/tjansteindikatorn-avmattning-men-inget-fall\/","name":"Tj\u00e4nsteindikatorn: Avmattning men inget fall | Almega","isPartOf":{"@id":"https:\/\/www.almega.se\/#website"},"primaryImageOfPage":{"@id":"https:\/\/www.almega.se\/2022\/09\/tjansteindikatorn-avmattning-men-inget-fall\/#primaryimage"},"image":{"@id":"https:\/\/www.almega.se\/2022\/09\/tjansteindikatorn-avmattning-men-inget-fall\/#primaryimage"},"thumbnailUrl":"https:\/\/www.almega.se\/app\/uploads\/2022\/09\/a9b8fcbc-a14e-42ea-9e75-12a887e401de-scaled.jpg","datePublished":"2022-09-27T10:30:11+00:00","dateModified":"2023-01-09T16:11:05+00:00","author":{"@id":"https:\/\/www.almega.se\/#\/schema\/person\/3c181ea7ead5ab7b14c61584637720f5"},"description":"Tj\u00e4nsteindikatorn f\u00f6r tredje kvartalet visar att konjunkturen f\u00f6r tj\u00e4nstesektorn \u00e4r hygglig, men f\u00f6rv\u00e4ntningarna \u00e4r mindre optimistiska \u00e4n tidigare.","breadcrumb":{"@id":"https:\/\/www.almega.se\/2022\/09\/tjansteindikatorn-avmattning-men-inget-fall\/#breadcrumb"},"inLanguage":"sv-SE","potentialAction":[{"@type":"ReadAction","target":["https:\/\/www.almega.se\/2022\/09\/tjansteindikatorn-avmattning-men-inget-fall\/"]}]},{"@type":"ImageObject","inLanguage":"sv-SE","@id":"https:\/\/www.almega.se\/2022\/09\/tjansteindikatorn-avmattning-men-inget-fall\/#primaryimage","url":"https:\/\/www.almega.se\/app\/uploads\/2022\/09\/a9b8fcbc-a14e-42ea-9e75-12a887e401de-scaled.jpg","contentUrl":"https:\/\/www.almega.se\/app\/uploads\/2022\/09\/a9b8fcbc-a14e-42ea-9e75-12a887e401de-scaled.jpg","width":2560,"height":1707,"caption":"Patrick Joyce, chefekonom p\u00e5 Almega och ansvarig f\u00f6r tj\u00e4nsteindikatorn"},{"@type":"BreadcrumbList","@id":"https:\/\/www.almega.se\/2022\/09\/tjansteindikatorn-avmattning-men-inget-fall\/#breadcrumb","itemListElement":[{"@type":"ListItem","position":1,"name":"Home","item":"https:\/\/www.almega.se\/"},{"@type":"ListItem","position":2,"name":"Tj\u00e4nste&shy;indikatorn: Avmattning men inget fall"}]},{"@type":"WebSite","@id":"https:\/\/www.almega.se\/#website","url":"https:\/\/www.almega.se\/","name":"Almega","description":"","potentialAction":[{"@type":"SearchAction","target":{"@type":"EntryPoint","urlTemplate":"https:\/\/www.almega.se\/?s={search_term_string}"},"query-input":{"@type":"PropertyValueSpecification","valueRequired":true,"valueName":"search_term_string"}}],"inLanguage":"sv-SE"},{"@type":"Person","@id":"https:\/\/www.almega.se\/#\/schema\/person\/3c181ea7ead5ab7b14c61584637720f5","name":"Erik Juhlin","image":{"@type":"ImageObject","inLanguage":"sv-SE","@id":"https:\/\/www.almega.se\/#\/schema\/person\/image\/","url":"https:\/\/secure.gravatar.com\/avatar\/ef0e97454357041724f27ea1630fa5bf78b30eea6fc56998e6a03142ad5b1370?s=96&d=mm&r=g","contentUrl":"https:\/\/secure.gravatar.com\/avatar\/ef0e97454357041724f27ea1630fa5bf78b30eea6fc56998e6a03142ad5b1370?s=96&d=mm&r=g","caption":"Erik Juhlin"},"url":"https:\/\/www.almega.se\/person\/erikjuhlin\/"}]}},"_links":{"self":[{"href":"https:\/\/www.almega.se\/api\/wp\/v2\/posts\/48023","targetHints":{"allow":["GET"]}}],"collection":[{"href":"https:\/\/www.almega.se\/api\/wp\/v2\/posts"}],"about":[{"href":"https:\/\/www.almega.se\/api\/wp\/v2\/types\/post"}],"author":[{"embeddable":true,"href":"https:\/\/www.almega.se\/api\/wp\/v2\/users\/6356"}],"replies":[{"embeddable":true,"href":"https:\/\/www.almega.se\/api\/wp\/v2\/comments?post=48023"}],"version-history":[{"count":3,"href":"https:\/\/www.almega.se\/api\/wp\/v2\/posts\/48023\/revisions"}],"predecessor-version":[{"id":52624,"href":"https:\/\/www.almega.se\/api\/wp\/v2\/posts\/48023\/revisions\/52624"}],"wp:featuredmedia":[{"embeddable":true,"href":"https:\/\/www.almega.se\/api\/wp\/v2\/media\/47325"}],"wp:attachment":[{"href":"https:\/\/www.almega.se\/api\/wp\/v2\/media?parent=48023"}],"wp:term":[{"taxonomy":"category","embeddable":true,"href":"https:\/\/www.almega.se\/api\/wp\/v2\/categories?post=48023"},{"taxonomy":"post_tag","embeddable":true,"href":"https:\/\/www.almega.se\/api\/wp\/v2\/tags?post=48023"},{"taxonomy":"type","embeddable":true,"href":"https:\/\/www.almega.se\/api\/wp\/v2\/article_type?post=48023"},{"taxonomy":"agreement","embeddable":true,"href":"https:\/\/www.almega.se\/api\/wp\/v2\/agreement?post=48023"}],"curies":[{"name":"wp","href":"https:\/\/api.w.org\/{rel}","templated":true}]}}