{"id":48002,"date":"2022-09-27T15:45:45","date_gmt":"2022-09-27T13:45:45","guid":{"rendered":"https:\/\/www.almega.se\/?p=48002"},"modified":"2024-07-31T14:38:53","modified_gmt":"2024-07-31T12:38:53","slug":"tjanstepensionens-dag","status":"publish","type":"post","link":"https:\/\/www.almega.se\/2022\/09\/tjanstepensionens-dag\/","title":{"rendered":"Tj\u00e4nste&shy;pensionens dag"},"content":{"rendered":"<p class=\"intro\">I dag firar vi tj\u00e4nstepensionens dag.\u00a0Tj\u00e4nstepension ger medarbetare en extra trygghet och \u00e4r n\u00e5got du som arbetsgivare betalar f\u00f6r genom ditt kollektivavtal. \u201dTj\u00e4nstepensionen \u00e4r en f\u00f6rm\u00e5n som rankas mycket h\u00f6gt bland medarbetarna\u201d, s\u00e4ger Einar Humlin, f\u00f6rhandlingschef p\u00e5 Almegas f\u00f6rbund TechSverige.<\/p>\n\n<p><\/p>\n\n\n\n<p>I dag den 27 september firas tj\u00e4nstepensionens dag. Tj\u00e4nstepension \u00e4r n\u00e5got som fler \u00e4n 9 av 10 anst\u00e4llda i Sverige har och ing\u00e5r i Almegas kollektivavtal.<\/p>\n\n\n\n<p>Einar Humlin \u00e4r f\u00f6rhandlingschef p\u00e5 Almegaf\u00f6rbundet TechSverige och har tjugo \u00e5rs erfarenhet som arbetsgivarf\u00f6retr\u00e4dare.<\/p>\n\n\n\n<h3 class=\"wp-block-heading\">Varf\u00f6r \u00e4r det bra med tj\u00e4nstepension?<\/h3>\n\n\n\n<p>\u2013 Tj\u00e4nstepensionen \u00e4r en viktig del av det f\u00f6rs\u00e4kringsskydd som skapar trygghet f\u00f6r medlemsf\u00f6retagens medarbetare. Alla har visserligen r\u00e4tt till den allm\u00e4nna statliga pensionen, men den beh\u00f6ver kompletteras med tj\u00e4nstepension. Med tj\u00e4nstepension blir pensionen h\u00f6gre samtidigt som medarbetarna&nbsp;f\u00e5r del av andra trygghetsskapande f\u00f6rs\u00e4kringar. Vad som ing\u00e5r varierar men det kan exempelvis vara sjukf\u00f6rs\u00e4kringar och efterlevandeskydd.<\/p>\n\n\n\n<h3 class=\"wp-block-heading\">M\u00e5ste man ha kollektivavtal f\u00f6r att f\u00e5 tj\u00e4nstepension?<\/h3>\n\n\n\n<p>\u2013 Det g\u00e5r att teckna tj\u00e4nstepension utan kollektivavtal men kollektivavtalade l\u00f6sningar ger stora f\u00f6rdelar och \u00e4r mycket konkurrenskraftiga. Exempelvis \u00e4r f\u00f6rvaltningskostnaderna l\u00e4gre vilket inneb\u00e4r att medarbetarna f\u00e5r mer p\u00e5 pensionskontot n\u00e4r det \u00e4r dags att sluta arbeta. F\u00f6r tj\u00e4nstem\u00e4n finns ocks\u00e5 riskf\u00f6rs\u00e4kringar kopplade till tj\u00e4nstepensionen, som f\u00f6rs\u00e4kring vid l\u00e5ngtidssjukskrivning med l\u00e5g premie oavsett \u00e5lder, k\u00f6n eller historik.<\/p>\n\n\n\n<h3 class=\"wp-block-heading\">Enklare och tryggare med Almega<\/h3>\n\n\n\n<p>Som medlem i Almega f\u00e5r du hj\u00e4lp att navigera i pensions- och f\u00f6rs\u00e4kringsv\u00e4rlden.&nbsp;Vi ger ger dig r\u00e5d och hj\u00e4lp p\u00e5 v\u00e4gen innan du som arbetsgivare tecknar de tj\u00e4nstepensioner och f\u00f6rs\u00e4kringar som ing\u00e5r i ditt kollektivavtal. Dessutom finns checklistor och annan information p\u00e5&nbsp;<a href=\"https:\/\/www.avtalat.se\/\" target=\"_blank\" rel=\"noopener\">Avtalat.se<\/a>, en webbsajt som Svenskt N\u00e4ringsliv driver tillsammans med LO och PTK. Avtalat.se v\u00e4nder sig inte bara till arbetsgivare, utan ger \u00e4ven dina medarbetare svar p\u00e5 sina fr\u00e5gor.<\/p>\n\n\n\n<p><a href=\"https:\/\/www.avtalat.se\/arbetsgivare\/checklistor\/teckna-forsakringar\/\" target=\"_blank\" rel=\"noopener\">H\u00e4r hittar du mer information<\/a>&nbsp;om hur du tecknar tj\u00e4nstepension och f\u00f6rs\u00e4kringar. Och&nbsp;h\u00e4r finns <a href=\"https:\/\/www.avtalat.se\/arbetsgivare\/checklistor\/teckna-forsakringar\/\" target=\"_blank\" rel=\"noopener\">checklistor&nbsp;f\u00f6r kollektivavtalad tj\u00e4nstepension och f\u00f6rs\u00e4kring<\/a>.<\/p>\n\n\n\n<p>\u00c4r du inte medlem i Almega \u00e4n?&nbsp;<a href=\"https:\/\/www.almega.se\/bli-medlem\/\">Ta kontakt&nbsp;med oss<\/a> s\u00e5 kan vi ber\u00e4tta mer om hur vi kan hj\u00e4lpa dig med tj\u00e4nstepension och f\u00f6rs\u00e4kringar.<\/p>\n","protected":false},"excerpt":{"rendered":"<p>I dag den 27 september firas tj\u00e4nstepensionens dag. Tj\u00e4nstepension \u00e4r n\u00e5got som fler \u00e4n 9 av 10 anst\u00e4llda i Sverige har och ing\u00e5r i Almegas kollektivavtal. Einar Humlin \u00e4r f\u00f6rhandlingschef p\u00e5 Almegaf\u00f6rbundet TechSverige och har &hellip;<\/p>\n","protected":false},"author":6058,"featured_media":48063,"comment_status":"closed","ping_status":"closed","sticky":false,"template":"","format":"standard","meta":{"_acf_changed":false,"footnotes":""},"categories":[451],"tags":[349,426],"article_type":[55],"agreement":[],"class_list":["post-48002","post","type-post","status-publish","format-standard","has-post-thumbnail","hentry","category-arbetsgivarfragor","tag-forsakringar","tag-pensioner","type-artiklar"],"acf":[],"yoast_head":"<!-- This site is optimized with the Yoast SEO Premium plugin v26.8 (Yoast SEO v26.8) - https:\/\/yoast.com\/product\/yoast-seo-premium-wordpress\/ -->\n<title>Tj\u00e4nstepensionens dag | Almega<\/title>\n<meta name=\"description\" content=\"Tj\u00e4nstepension ger medarbetare en extra trygghet och \u00e4r n\u00e5got du som arbetsgivare betalar f\u00f6r genom ditt kollektivavtal hos Almega.\" \/>\n<meta name=\"robots\" content=\"index, follow, max-snippet:-1, max-image-preview:large, max-video-preview:-1\" \/>\n<link rel=\"canonical\" href=\"https:\/\/www.almega.se\/2022\/09\/tjanstepensionens-dag\/\" \/>\n<meta property=\"og:locale\" content=\"sv_SE\" \/>\n<meta property=\"og:type\" content=\"article\" \/>\n<meta property=\"og:title\" content=\"Tj\u00e4nstepensionens dag\" \/>\n<meta property=\"og:description\" content=\"Tj\u00e4nstepension ger medarbetare en extra trygghet och \u00e4r n\u00e5got du som arbetsgivare betalar f\u00f6r genom ditt kollektivavtal hos Almega.\" \/>\n<meta property=\"og:url\" content=\"https:\/\/www.almega.se\/2022\/09\/tjanstepensionens-dag\/\" \/>\n<meta property=\"og:site_name\" content=\"Almega\" \/>\n<meta property=\"article:published_time\" content=\"2022-09-27T13:45:45+00:00\" \/>\n<meta property=\"article:modified_time\" content=\"2024-07-31T12:38:53+00:00\" \/>\n<meta property=\"og:image\" content=\"https:\/\/www.almega.se\/app\/uploads\/2022\/09\/paketering1-2022-sn-forbund-bild-1200-627-pixlar.jpg\" \/>\n\t<meta property=\"og:image:width\" content=\"1200\" \/>\n\t<meta property=\"og:image:height\" content=\"627\" \/>\n\t<meta property=\"og:image:type\" content=\"image\/jpeg\" \/>\n<meta name=\"author\" content=\"Shashika Sellgren\" \/>\n<meta name=\"twitter:card\" content=\"summary_large_image\" \/>\n<meta name=\"twitter:label1\" content=\"Skriven av\" \/>\n\t<meta name=\"twitter:data1\" content=\"Shashika Sellgren\" \/>\n\t<meta name=\"twitter:label2\" content=\"Ber\u00e4knad l\u00e4stid\" \/>\n\t<meta name=\"twitter:data2\" content=\"2 minuter\" \/>\n<!-- \/ Yoast SEO Premium plugin. -->","yoast_head_json":{"title":"Tj\u00e4nstepensionens dag | Almega","description":"Tj\u00e4nstepension ger medarbetare en extra trygghet och \u00e4r n\u00e5got du som arbetsgivare betalar f\u00f6r genom ditt kollektivavtal hos Almega.","robots":{"index":"index","follow":"follow","max-snippet":"max-snippet:-1","max-image-preview":"max-image-preview:large","max-video-preview":"max-video-preview:-1"},"canonical":"https:\/\/www.almega.se\/2022\/09\/tjanstepensionens-dag\/","og_locale":"sv_SE","og_type":"article","og_title":"Tj\u00e4nstepensionens dag","og_description":"Tj\u00e4nstepension ger medarbetare en extra trygghet och \u00e4r n\u00e5got du som arbetsgivare betalar f\u00f6r genom ditt kollektivavtal hos Almega.","og_url":"https:\/\/www.almega.se\/2022\/09\/tjanstepensionens-dag\/","og_site_name":"Almega","article_published_time":"2022-09-27T13:45:45+00:00","article_modified_time":"2024-07-31T12:38:53+00:00","og_image":[{"width":1200,"height":627,"url":"https:\/\/www.almega.se\/app\/uploads\/2022\/09\/paketering1-2022-sn-forbund-bild-1200-627-pixlar.jpg","type":"image\/jpeg"}],"author":"Shashika Sellgren","twitter_card":"summary_large_image","twitter_misc":{"Skriven av":"Shashika Sellgren","Ber\u00e4knad l\u00e4stid":"2 minuter"},"schema":{"@context":"https:\/\/schema.org","@graph":[{"@type":"NewsArticle","@id":"https:\/\/www.almega.se\/2022\/09\/tjanstepensionens-dag\/#article","isPartOf":{"@id":"https:\/\/www.almega.se\/2022\/09\/tjanstepensionens-dag\/"},"author":{"name":"Shashika Sellgren","@id":"https:\/\/www.almega.se\/#\/schema\/person\/38c6b37b81c530c93246c3d1993d5662"},"headline":"Tj\u00e4nste&shy;pensionens dag","datePublished":"2022-09-27T13:45:45+00:00","dateModified":"2024-07-31T12:38:53+00:00","mainEntityOfPage":{"@id":"https:\/\/www.almega.se\/2022\/09\/tjanstepensionens-dag\/"},"wordCount":378,"image":{"@id":"https:\/\/www.almega.se\/2022\/09\/tjanstepensionens-dag\/#primaryimage"},"thumbnailUrl":"https:\/\/www.almega.se\/app\/uploads\/2022\/09\/paketering1-2022-sn-forbund-bild-1200-627-pixlar.jpg","keywords":["F\u00f6rs\u00e4kringar","Pensioner"],"articleSection":["Arbetsgivarfr\u00e5gor"],"inLanguage":"sv-SE"},{"@type":"WebPage","@id":"https:\/\/www.almega.se\/2022\/09\/tjanstepensionens-dag\/","url":"https:\/\/www.almega.se\/2022\/09\/tjanstepensionens-dag\/","name":"Tj\u00e4nstepensionens dag | Almega","isPartOf":{"@id":"https:\/\/www.almega.se\/#website"},"primaryImageOfPage":{"@id":"https:\/\/www.almega.se\/2022\/09\/tjanstepensionens-dag\/#primaryimage"},"image":{"@id":"https:\/\/www.almega.se\/2022\/09\/tjanstepensionens-dag\/#primaryimage"},"thumbnailUrl":"https:\/\/www.almega.se\/app\/uploads\/2022\/09\/paketering1-2022-sn-forbund-bild-1200-627-pixlar.jpg","datePublished":"2022-09-27T13:45:45+00:00","dateModified":"2024-07-31T12:38:53+00:00","author":{"@id":"https:\/\/www.almega.se\/#\/schema\/person\/38c6b37b81c530c93246c3d1993d5662"},"description":"Tj\u00e4nstepension ger medarbetare en extra trygghet och \u00e4r n\u00e5got du som arbetsgivare betalar f\u00f6r genom ditt kollektivavtal hos Almega.","breadcrumb":{"@id":"https:\/\/www.almega.se\/2022\/09\/tjanstepensionens-dag\/#breadcrumb"},"inLanguage":"sv-SE","potentialAction":[{"@type":"ReadAction","target":["https:\/\/www.almega.se\/2022\/09\/tjanstepensionens-dag\/"]}]},{"@type":"ImageObject","inLanguage":"sv-SE","@id":"https:\/\/www.almega.se\/2022\/09\/tjanstepensionens-dag\/#primaryimage","url":"https:\/\/www.almega.se\/app\/uploads\/2022\/09\/paketering1-2022-sn-forbund-bild-1200-627-pixlar.jpg","contentUrl":"https:\/\/www.almega.se\/app\/uploads\/2022\/09\/paketering1-2022-sn-forbund-bild-1200-627-pixlar.jpg","width":1200,"height":627},{"@type":"BreadcrumbList","@id":"https:\/\/www.almega.se\/2022\/09\/tjanstepensionens-dag\/#breadcrumb","itemListElement":[{"@type":"ListItem","position":1,"name":"Home","item":"https:\/\/www.almega.se\/"},{"@type":"ListItem","position":2,"name":"Tj\u00e4nste&shy;pensionens dag"}]},{"@type":"WebSite","@id":"https:\/\/www.almega.se\/#website","url":"https:\/\/www.almega.se\/","name":"Almega","description":"","potentialAction":[{"@type":"SearchAction","target":{"@type":"EntryPoint","urlTemplate":"https:\/\/www.almega.se\/?s={search_term_string}"},"query-input":{"@type":"PropertyValueSpecification","valueRequired":true,"valueName":"search_term_string"}}],"inLanguage":"sv-SE"},{"@type":"Person","@id":"https:\/\/www.almega.se\/#\/schema\/person\/38c6b37b81c530c93246c3d1993d5662","name":"Shashika Sellgren","image":{"@type":"ImageObject","inLanguage":"sv-SE","@id":"https:\/\/www.almega.se\/#\/schema\/person\/image\/","url":"https:\/\/secure.gravatar.com\/avatar\/b225c479880df9eb82d1501dd105dd8040f27c8563f3d4bf5dd62ce0a1630abd?s=96&d=mm&r=g","contentUrl":"https:\/\/secure.gravatar.com\/avatar\/b225c479880df9eb82d1501dd105dd8040f27c8563f3d4bf5dd62ce0a1630abd?s=96&d=mm&r=g","caption":"Shashika Sellgren"},"url":"https:\/\/www.almega.se\/person\/shashikasellgren\/"}]}},"_links":{"self":[{"href":"https:\/\/www.almega.se\/api\/wp\/v2\/posts\/48002","targetHints":{"allow":["GET"]}}],"collection":[{"href":"https:\/\/www.almega.se\/api\/wp\/v2\/posts"}],"about":[{"href":"https:\/\/www.almega.se\/api\/wp\/v2\/types\/post"}],"author":[{"embeddable":true,"href":"https:\/\/www.almega.se\/api\/wp\/v2\/users\/6058"}],"replies":[{"embeddable":true,"href":"https:\/\/www.almega.se\/api\/wp\/v2\/comments?post=48002"}],"version-history":[{"count":2,"href":"https:\/\/www.almega.se\/api\/wp\/v2\/posts\/48002\/revisions"}],"predecessor-version":[{"id":52621,"href":"https:\/\/www.almega.se\/api\/wp\/v2\/posts\/48002\/revisions\/52621"}],"wp:featuredmedia":[{"embeddable":true,"href":"https:\/\/www.almega.se\/api\/wp\/v2\/media\/48063"}],"wp:attachment":[{"href":"https:\/\/www.almega.se\/api\/wp\/v2\/media?parent=48002"}],"wp:term":[{"taxonomy":"category","embeddable":true,"href":"https:\/\/www.almega.se\/api\/wp\/v2\/categories?post=48002"},{"taxonomy":"post_tag","embeddable":true,"href":"https:\/\/www.almega.se\/api\/wp\/v2\/tags?post=48002"},{"taxonomy":"type","embeddable":true,"href":"https:\/\/www.almega.se\/api\/wp\/v2\/article_type?post=48002"},{"taxonomy":"agreement","embeddable":true,"href":"https:\/\/www.almega.se\/api\/wp\/v2\/agreement?post=48002"}],"curies":[{"name":"wp","href":"https:\/\/api.w.org\/{rel}","templated":true}]}}