{"id":47654,"date":"2022-09-21T09:00:56","date_gmt":"2022-09-21T07:00:56","guid":{"rendered":"https:\/\/www.almega.se\/?p=47654"},"modified":"2023-01-11T08:28:43","modified_gmt":"2023-01-11T07:28:43","slug":"foretag-ar-inte-valjare-tyvarr","status":"publish","type":"post","link":"https:\/\/www.almega.se\/2022\/09\/foretag-ar-inte-valjare-tyvarr\/","title":{"rendered":"F\u00f6retag \u00e4r inte v\u00e4ljare \u2013 tyv\u00e4rr"},"content":{"rendered":"<p class=\"intro\">R\u00f6stfisket \u00e4r \u00f6ver och det \u00e4r dags f\u00f6r politikerna att fokusera p\u00e5 det som har en mer fundamental betydelse f\u00f6r v\u00e5rt land. Det beh\u00f6vs reformer f\u00f6r fler jobb. Reformer som skapar b\u00e4ttre f\u00f6ruts\u00e4ttningar f\u00f6r f\u00f6retagen, inte minst inom tj\u00e4nstesektorn. P\u00e5 s\u00e5 s\u00e4tt f\u00e5r vi ocks\u00e5 en \u00f6kad integration och en starkare v\u00e4lf\u00e4rd, menar Ann \u00d6berg.<\/p>\n\n<p><strong>Valet \u00e4r \u00f6ver och v\u00e4ljarna har gjort sitt.<\/strong> F\u00f6r politikerna, \u00e5 sin sida, \u00e4r det nu som det riktiga arbetet b\u00f6rjar. Genom f\u00f6rhandlingar, kompromisser och kohandel ska riktlinjerna f\u00f6r Sveriges utveckling dras upp. Och utmaningarna \u00e4r fler \u00e4n de rent parlamentariska. Svensk ekonomi g\u00e5r mot tuffare tider. Inflationen skenar, r\u00e4ntorna stiger och m\u00e4nniskors tillg\u00e5ngar krymper. Konsumtionen minskar och tillv\u00e4xten avstannar. Samst\u00e4mmiga prognoser sp\u00e5r att l\u00e5gkonjunkturen st\u00e5r f\u00f6r d\u00f6rren.<\/p>\n\n\n\n<p><strong>F\u00f6retag \u00e4r inte v\u00e4ljare.<\/strong> Tyv\u00e4rr, kan man tycka. Med tanke p\u00e5 den avg\u00f6rande roll som de spelar i samh\u00e4llsbygget var f\u00f6retagsperspektivet orov\u00e4ckande fr\u00e5nvarande under valr\u00f6relsen. Energikrisen och g\u00e4ngkriminaliteten \u00e4r givetvis fortsatt centrala och mycket viktiga fr\u00e5gor. Men n\u00e4r r\u00f6stfisket \u00e4r avslutat \u00e4r det dags f\u00f6r politikerna att fokusera p\u00e5 det som har en mer fundamental betydelse f\u00f6r landet som helhet. Det beh\u00f6vs reformer f\u00f6r fler jobb, \u00f6kad integration och en starkare v\u00e4lf\u00e4rd. Reformer som skapar b\u00e4ttre f\u00f6ruts\u00e4ttningar f\u00f6r f\u00f6retagen, inte minst inom tj\u00e4nstesektorn.<\/p>\n\n\n\n<p>Dessv\u00e4rre \u00e4r utg\u00e5ngsl\u00e4get p\u00e5 sina h\u00e5ll redan anstr\u00e4ngt. L\u00e5ngtidsarbetsl\u00f6sheten har etablerat sig p\u00e5 h\u00f6ga niv\u00e5er. Enligt Arbetsf\u00f6rmedlingen har 160&nbsp;000 personer varit utan arbete i mer \u00e4n 12 m\u00e5nader. Utanf\u00f6rskapet v\u00e4xer. Samtidigt skulle h\u00e4lften av de n\u00e4rmare 800 000 personer i arbetsf\u00f6r \u00e5lder som i dag lever p\u00e5 sociala ers\u00e4ttningar kunna ta ett arbete.<\/p>\n\n\n\n<p><strong>Den privata tj\u00e4nstesektorn \u00e4r Sveriges fr\u00e4msta tillv\u00e4xtmotor.<\/strong> Drygt h\u00e4lften av Sveriges BNP och tre av fem nya jobb skapas h\u00e4r. Genom sin f\u00f6rm\u00e5ga att skapa jobb har tj\u00e4nstesektorn \u00e4ven visat sig fungera som integrationsmotor som kan bryta utanf\u00f6rskapet. I landets s\u00e4rskilt utsatta omr\u00e5den \u00e4r de vanligaste yrkena olika serviceyrken. Med en integrationspolitik som prioriterar villkoren f\u00f6r dessa tj\u00e4nstef\u00f6retag kommer de kunna anst\u00e4lla fler och skapa ytterligare v\u00e4rde f\u00f6r Sverige.<\/p>\n\n\n\n<p>F\u00f6r att f\u00f6rb\u00e4ttra villkoren f\u00f6r tj\u00e4nstesektorn och d\u00e4rmed \u00f6ka syssels\u00e4ttningen m\u00e5ste incitamenten b\u00e5de att anst\u00e4lla och att arbeta \u00f6ka. F\u00f6retagen m\u00e5ste ocks\u00e5 ges r\u00e4tt f\u00f6ruts\u00e4ttningar att hitta r\u00e4tt kompentens. De arbetsmarknadspolitiska insatserna m\u00e5ste effektiviseras och anpassas till dagens men \u00e4ven morgondagens arbetsmarknad.<\/p>\n\n\n\n<p><strong>Sveriges h\u00f6ga anst\u00e4llningskostnader \u00e4r ett stort tillv\u00e4xthinder f\u00f6r m\u00e5nga f\u00f6retag.<\/strong> Men det beror inte p\u00e5 l\u00f6nerna i Sverige, utan p\u00e5 v\u00e5ra arbetsgivaravgifter som \u00e4r bland de h\u00f6gsta i Europa. Ber\u00e4kningar visar att en s\u00e4nkning p\u00e5 tre procentenheter skulle skapa 107 000 nya jobb.<\/p>\n\n\n\n<p><strong>Ett annat mycket stort tillv\u00e4xthinder, inte minst inom tj\u00e4nstesektorn, \u00e4r f\u00f6retagens sv\u00e5righeter att hitta r\u00e4tt medarbetare.<\/strong> I vissa fall \u00e4r arbetskraftsinvandring helt n\u00f6dv\u00e4ndig och regelverken m\u00e5ste anpassas utifr\u00e5n dessa f\u00f6retags reella behov, givetvis med avtalsenliga villkor. Kompetensinflyttningen, som \u00e4r en mer r\u00e4ttvisande ben\u00e4mning, bidrar dessutom varje \u00e5r med 34 miljarder kronor till v\u00e5r BNP och 12 miljarder kronor i skatteint\u00e4kter. \u00c4ven matchningen av arbetss\u00f6kande beh\u00f6ver ut\u00f6kas och f\u00f6rb\u00e4ttras.<\/p>\n\n\n\n<p><strong>Sveriges framtida v\u00e4lst\u00e5nd bygger p\u00e5 att fler arbetar.<\/strong> F\u00f6rst d\u00e5 kan vi f\u00e5 de \u00f6kade resurser som kr\u00e4vs f\u00f6r att st\u00e4rka v\u00e5rt samh\u00e4lle. D\u00e4rf\u00f6r \u00e4r det centralt att f\u00f6retagens villkor f\u00f6rb\u00e4ttras. Det \u00e4r inom tj\u00e4nstesektorn som jobben skapas och bland Almegas medlemsf\u00f6retag som l\u00f6sningarna p\u00e5 m\u00e5nga av de stora samh\u00e4llsutmaningarna \u00e5terfinns. Det \u00e4r h\u00f6g tid att p\u00e5 skapa reformer f\u00f6r jobb och tillv\u00e4xt \u2013 i synnerhet f\u00f6r tj\u00e4nstef\u00f6retagen.<\/p>\n\n\n\n      \n          \n        <p>\n           <span class=\"text-1\">L\u00e4s alla Ann \u00d6bergs kr\u00f6nikor <\/span>            <span class=\"text-2 has-black-color\">om tj\u00e4nstesektorns betydelse<\/span>          <\/p>\n        \n              \n\n      \n              \n                                              \n              <a href=\"https:\/\/www.almega.se\/almegas-vd-har-ordet\"  class=\"Cta__button\">\n                \n                  \n                    Almegas vd har ordet\n                  \n                  \n                                          <span class=\"Button__line\"><\/span>\n                                        <svg class='icon icon--arrow-tip'  width=\"11\" height=\"16\" viewBox=\"0 0 11 16\" fill=\"none\" xmlns=\"http:\/\/www.w3.org\/2000\/svg\">\n<path d=\"M0.858398 15L9.2304 7.99664L0.967732 1.00001\" stroke=\"black\" stroke-width=\"2\" stroke-miterlimit=\"10\"\/>\n<\/svg>\n\n                    \n                \n              <\/a>\n                              \n            \n  \n\n","protected":false},"excerpt":{"rendered":"<p>Valet \u00e4r \u00f6ver och v\u00e4ljarna har gjort sitt. F\u00f6r politikerna, \u00e5 sin sida, \u00e4r det nu som det riktiga arbetet b\u00f6rjar. Genom f\u00f6rhandlingar, kompromisser och kohandel ska riktlinjerna f\u00f6r Sveriges utveckling dras upp. Och utmaningarna &hellip;<\/p>\n","protected":false},"author":6058,"featured_media":47656,"comment_status":"closed","ping_status":"closed","sticky":false,"template":"","format":"standard","meta":{"_acf_changed":false,"footnotes":""},"categories":[581],"tags":[],"article_type":[55,56,557],"agreement":[],"class_list":["post-47654","post","type-post","status-publish","format-standard","has-post-thumbnail","hentry","category-tjanstesektorns-betydelse","type-artiklar","type-nyheter","type-vd-svarar"],"acf":[],"yoast_head":"<!-- This site is optimized with the Yoast SEO Premium plugin v26.8 (Yoast SEO v26.8) - https:\/\/yoast.com\/product\/yoast-seo-premium-wordpress\/ -->\n<title>F\u00f6retag \u00e4r inte v\u00e4ljare \u2013 tyv\u00e4rr | Almega<\/title>\n<meta name=\"description\" content=\"Det beh\u00f6vs reformer f\u00f6r fler jobb. Reformer som skapar b\u00e4ttre f\u00f6ruts\u00e4ttningar f\u00f6r f\u00f6retagen, inte minst inom tj\u00e4nstesektorn\" \/>\n<meta name=\"robots\" content=\"index, follow, max-snippet:-1, max-image-preview:large, max-video-preview:-1\" \/>\n<link rel=\"canonical\" href=\"https:\/\/www.almega.se\/2022\/09\/foretag-ar-inte-valjare-tyvarr\/\" \/>\n<meta property=\"og:locale\" content=\"sv_SE\" \/>\n<meta property=\"og:type\" content=\"article\" \/>\n<meta property=\"og:title\" content=\"F\u00f6retag \u00e4r inte v\u00e4ljare \u2013 tyv\u00e4rr\" \/>\n<meta property=\"og:description\" content=\"Det beh\u00f6vs reformer f\u00f6r fler jobb. Reformer som skapar b\u00e4ttre f\u00f6ruts\u00e4ttningar f\u00f6r f\u00f6retagen, inte minst inom tj\u00e4nstesektorn\" \/>\n<meta property=\"og:url\" content=\"https:\/\/www.almega.se\/2022\/09\/foretag-ar-inte-valjare-tyvarr\/\" \/>\n<meta property=\"og:site_name\" content=\"Almega\" \/>\n<meta property=\"article:published_time\" content=\"2022-09-21T07:00:56+00:00\" \/>\n<meta property=\"article:modified_time\" content=\"2023-01-11T07:28:43+00:00\" \/>\n<meta property=\"og:image\" content=\"https:\/\/www.almega.se\/app\/uploads\/2022\/09\/1719-scaled.jpg\" \/>\n\t<meta property=\"og:image:width\" content=\"2560\" \/>\n\t<meta property=\"og:image:height\" content=\"1707\" \/>\n\t<meta property=\"og:image:type\" content=\"image\/jpeg\" \/>\n<meta name=\"author\" content=\"Shashika Sellgren\" \/>\n<meta name=\"twitter:card\" content=\"summary_large_image\" \/>\n<meta name=\"twitter:label1\" content=\"Skriven av\" \/>\n\t<meta name=\"twitter:data1\" content=\"Shashika Sellgren\" \/>\n\t<meta name=\"twitter:label2\" content=\"Ber\u00e4knad l\u00e4stid\" \/>\n\t<meta name=\"twitter:data2\" content=\"3 minuter\" \/>\n<!-- \/ Yoast SEO Premium plugin. -->","yoast_head_json":{"title":"F\u00f6retag \u00e4r inte v\u00e4ljare \u2013 tyv\u00e4rr | Almega","description":"Det beh\u00f6vs reformer f\u00f6r fler jobb. Reformer som skapar b\u00e4ttre f\u00f6ruts\u00e4ttningar f\u00f6r f\u00f6retagen, inte minst inom tj\u00e4nstesektorn","robots":{"index":"index","follow":"follow","max-snippet":"max-snippet:-1","max-image-preview":"max-image-preview:large","max-video-preview":"max-video-preview:-1"},"canonical":"https:\/\/www.almega.se\/2022\/09\/foretag-ar-inte-valjare-tyvarr\/","og_locale":"sv_SE","og_type":"article","og_title":"F\u00f6retag \u00e4r inte v\u00e4ljare \u2013 tyv\u00e4rr","og_description":"Det beh\u00f6vs reformer f\u00f6r fler jobb. Reformer som skapar b\u00e4ttre f\u00f6ruts\u00e4ttningar f\u00f6r f\u00f6retagen, inte minst inom tj\u00e4nstesektorn","og_url":"https:\/\/www.almega.se\/2022\/09\/foretag-ar-inte-valjare-tyvarr\/","og_site_name":"Almega","article_published_time":"2022-09-21T07:00:56+00:00","article_modified_time":"2023-01-11T07:28:43+00:00","og_image":[{"width":2560,"height":1707,"url":"https:\/\/www.almega.se\/app\/uploads\/2022\/09\/1719-scaled.jpg","type":"image\/jpeg"}],"author":"Shashika Sellgren","twitter_card":"summary_large_image","twitter_misc":{"Skriven av":"Shashika Sellgren","Ber\u00e4knad l\u00e4stid":"3 minuter"},"schema":{"@context":"https:\/\/schema.org","@graph":[{"@type":"NewsArticle","@id":"https:\/\/www.almega.se\/2022\/09\/foretag-ar-inte-valjare-tyvarr\/#article","isPartOf":{"@id":"https:\/\/www.almega.se\/2022\/09\/foretag-ar-inte-valjare-tyvarr\/"},"author":{"name":"Shashika Sellgren","@id":"https:\/\/www.almega.se\/#\/schema\/person\/38c6b37b81c530c93246c3d1993d5662"},"headline":"F\u00f6retag \u00e4r inte v\u00e4ljare \u2013 tyv\u00e4rr","datePublished":"2022-09-21T07:00:56+00:00","dateModified":"2023-01-11T07:28:43+00:00","mainEntityOfPage":{"@id":"https:\/\/www.almega.se\/2022\/09\/foretag-ar-inte-valjare-tyvarr\/"},"wordCount":639,"image":{"@id":"https:\/\/www.almega.se\/2022\/09\/foretag-ar-inte-valjare-tyvarr\/#primaryimage"},"thumbnailUrl":"https:\/\/www.almega.se\/app\/uploads\/2022\/09\/1719-scaled.jpg","articleSection":["Tj\u00e4nstesektorns betydelse"],"inLanguage":"sv-SE"},{"@type":"WebPage","@id":"https:\/\/www.almega.se\/2022\/09\/foretag-ar-inte-valjare-tyvarr\/","url":"https:\/\/www.almega.se\/2022\/09\/foretag-ar-inte-valjare-tyvarr\/","name":"F\u00f6retag \u00e4r inte v\u00e4ljare \u2013 tyv\u00e4rr | Almega","isPartOf":{"@id":"https:\/\/www.almega.se\/#website"},"primaryImageOfPage":{"@id":"https:\/\/www.almega.se\/2022\/09\/foretag-ar-inte-valjare-tyvarr\/#primaryimage"},"image":{"@id":"https:\/\/www.almega.se\/2022\/09\/foretag-ar-inte-valjare-tyvarr\/#primaryimage"},"thumbnailUrl":"https:\/\/www.almega.se\/app\/uploads\/2022\/09\/1719-scaled.jpg","datePublished":"2022-09-21T07:00:56+00:00","dateModified":"2023-01-11T07:28:43+00:00","author":{"@id":"https:\/\/www.almega.se\/#\/schema\/person\/38c6b37b81c530c93246c3d1993d5662"},"description":"Det beh\u00f6vs reformer f\u00f6r fler jobb. Reformer som skapar b\u00e4ttre f\u00f6ruts\u00e4ttningar f\u00f6r f\u00f6retagen, inte minst inom tj\u00e4nstesektorn","breadcrumb":{"@id":"https:\/\/www.almega.se\/2022\/09\/foretag-ar-inte-valjare-tyvarr\/#breadcrumb"},"inLanguage":"sv-SE","potentialAction":[{"@type":"ReadAction","target":["https:\/\/www.almega.se\/2022\/09\/foretag-ar-inte-valjare-tyvarr\/"]}]},{"@type":"ImageObject","inLanguage":"sv-SE","@id":"https:\/\/www.almega.se\/2022\/09\/foretag-ar-inte-valjare-tyvarr\/#primaryimage","url":"https:\/\/www.almega.se\/app\/uploads\/2022\/09\/1719-scaled.jpg","contentUrl":"https:\/\/www.almega.se\/app\/uploads\/2022\/09\/1719-scaled.jpg","width":2560,"height":1707},{"@type":"BreadcrumbList","@id":"https:\/\/www.almega.se\/2022\/09\/foretag-ar-inte-valjare-tyvarr\/#breadcrumb","itemListElement":[{"@type":"ListItem","position":1,"name":"Home","item":"https:\/\/www.almega.se\/"},{"@type":"ListItem","position":2,"name":"F\u00f6retag \u00e4r inte v\u00e4ljare \u2013 tyv\u00e4rr"}]},{"@type":"WebSite","@id":"https:\/\/www.almega.se\/#website","url":"https:\/\/www.almega.se\/","name":"Almega","description":"","potentialAction":[{"@type":"SearchAction","target":{"@type":"EntryPoint","urlTemplate":"https:\/\/www.almega.se\/?s={search_term_string}"},"query-input":{"@type":"PropertyValueSpecification","valueRequired":true,"valueName":"search_term_string"}}],"inLanguage":"sv-SE"},{"@type":"Person","@id":"https:\/\/www.almega.se\/#\/schema\/person\/38c6b37b81c530c93246c3d1993d5662","name":"Shashika Sellgren","image":{"@type":"ImageObject","inLanguage":"sv-SE","@id":"https:\/\/www.almega.se\/#\/schema\/person\/image\/","url":"https:\/\/secure.gravatar.com\/avatar\/b225c479880df9eb82d1501dd105dd8040f27c8563f3d4bf5dd62ce0a1630abd?s=96&d=mm&r=g","contentUrl":"https:\/\/secure.gravatar.com\/avatar\/b225c479880df9eb82d1501dd105dd8040f27c8563f3d4bf5dd62ce0a1630abd?s=96&d=mm&r=g","caption":"Shashika Sellgren"},"url":"https:\/\/www.almega.se\/person\/shashikasellgren\/"}]}},"_links":{"self":[{"href":"https:\/\/www.almega.se\/api\/wp\/v2\/posts\/47654","targetHints":{"allow":["GET"]}}],"collection":[{"href":"https:\/\/www.almega.se\/api\/wp\/v2\/posts"}],"about":[{"href":"https:\/\/www.almega.se\/api\/wp\/v2\/types\/post"}],"author":[{"embeddable":true,"href":"https:\/\/www.almega.se\/api\/wp\/v2\/users\/6058"}],"replies":[{"embeddable":true,"href":"https:\/\/www.almega.se\/api\/wp\/v2\/comments?post=47654"}],"version-history":[{"count":5,"href":"https:\/\/www.almega.se\/api\/wp\/v2\/posts\/47654\/revisions"}],"predecessor-version":[{"id":54508,"href":"https:\/\/www.almega.se\/api\/wp\/v2\/posts\/47654\/revisions\/54508"}],"wp:featuredmedia":[{"embeddable":true,"href":"https:\/\/www.almega.se\/api\/wp\/v2\/media\/47656"}],"wp:attachment":[{"href":"https:\/\/www.almega.se\/api\/wp\/v2\/media?parent=47654"}],"wp:term":[{"taxonomy":"category","embeddable":true,"href":"https:\/\/www.almega.se\/api\/wp\/v2\/categories?post=47654"},{"taxonomy":"post_tag","embeddable":true,"href":"https:\/\/www.almega.se\/api\/wp\/v2\/tags?post=47654"},{"taxonomy":"type","embeddable":true,"href":"https:\/\/www.almega.se\/api\/wp\/v2\/article_type?post=47654"},{"taxonomy":"agreement","embeddable":true,"href":"https:\/\/www.almega.se\/api\/wp\/v2\/agreement?post=47654"}],"curies":[{"name":"wp","href":"https:\/\/api.w.org\/{rel}","templated":true}]}}