{"id":47629,"date":"2022-09-19T08:11:13","date_gmt":"2022-09-19T06:11:13","guid":{"rendered":"https:\/\/www.almega.se\/?p=47629"},"modified":"2023-01-05T11:37:54","modified_gmt":"2023-01-05T10:37:54","slug":"snart-tar-sverige-over-ordforandeklubban-i-eu","status":"publish","type":"post","link":"https:\/\/www.almega.se\/2022\/09\/snart-tar-sverige-over-ordforandeklubban-i-eu\/","title":{"rendered":"Snart tar Sverige \u00f6ver ordf\u00f6rande&shy;klubban i EU"},"content":{"rendered":"<p class=\"intro\">Efter \u00e5rsskiftet tar Sverige \u00f6ver ordf\u00f6randeskapet i EU. Betydelsen av EU \u00e4r stor, inte minst d\u00e5 den \u00e4r v\u00e5r st\u00f6rsta exportmarknad. Enligt David W\u00e4stberg, ansvarig f\u00f6r EU-fr\u00e5gor p\u00e5 Almega, \u00e4r EU:s roll som lagstiftare v\u00e4l i niv\u00e5 med den svenska riksdagen: \u201d\u00d6ver h\u00e4lften av alla lagar och regler i Sverige har sitt ursprung i EU\u201d.<\/p>\n\n<p>\u2013 Oavsett vad man tycker om det s\u00e5 \u00e4r Sverige ekonomiskt, r\u00e4ttsligt och politiskt en integrerad del av EU. Ur det perspektivet inneb\u00e4r ordf\u00f6randeskapet stora m\u00f6jligheter att lyfta svenska intressen, s\u00e4ger David W\u00e4stberg, ansvarig f\u00f6r EU-fr\u00e5gor p\u00e5 Almega.<\/p>\n\n\n<a class='Share__link Share__link--url copy-text' href='#' rel='nofollow' data-text='chanser-for-foretag-att-visa-upp-sig' title='Dela url' data-confirmation='L\u00e4nken kopierades till urklipp'><svg class='icon icon--link'  width='18' height='18' viewBox='0 0 18 18' fill='none' xmlns='http:\/\/www.w3.org\/2000\/svg'>\n            <path d='M10.4142 0.514721L6.87868 4.05025L8.29289 5.46447L11.1213 2.63604L15.364 6.87868L12.5355 9.70711L13.9497 11.1213L17.4853 7.58579C17.8763 7.19476 17.8763 6.5626 17.4853 6.17158L11.8284 0.514721C11.4374 0.123691 10.8052 0.123691 10.4142 0.514721Z' fill='black'\/>\n            <path d='M9.7071 12.5355L6.87868 15.364L2.63604 11.1213L5.46446 8.2929L4.05025 6.87868L0.514716 10.4142C0.123686 10.8052 0.123686 11.4374 0.514716 11.8284L6.17157 17.4853C6.5626 17.8763 7.19475 17.8763 7.58578 17.4853L11.1213 13.9497L9.7071 12.5355Z' fill='black'\/>\n            <path d='M6.17157 11.8284C6.5626 12.2195 7.19475 12.2195 7.58578 11.8284L11.8284 7.58579C12.2195 7.19476 12.2195 6.56261 11.8284 6.17158C11.4374 5.78055 10.8052 5.78055 10.4142 6.17158L6.17157 10.4142C5.78054 10.8052 5.78054 11.4374 6.17157 11.8284Z' fill='black'\/>\n            <\/svg> <\/a>\n<h2 class=\"wp-block-heading\">Chanser f\u00f6r f\u00f6retag att visa upp sig<\/h2>\n\n\n\n<p>Ut\u00f6ver \u00f6kade m\u00f6jligheter f\u00f6r Sverige att leda och s\u00e4tta sin pr\u00e4gel p\u00e5 EU:s agenda inneb\u00e4r ordf\u00f6randeskapet \u00e4ven att fokus p\u00e5 EU-fr\u00e5gor \u00f6kar i den nationella debatten. Detta kan i sin tur bidra till att Sverige ocks\u00e5 efter ordf\u00f6randeskapet kan driva fr\u00e5gor med st\u00f6rre tyngd och f\u00f6rankring i Bryssel. Dessutom kommer omkring 150 m\u00f6ten att arrangeras p\u00e5 plats i Sverige.<\/p>\n\n\n\n<p>\u2013 Dessa m\u00f6ten inneb\u00e4r en chans att visa upp svenska samh\u00e4llsl\u00f6sningar och innovationer. Svenska f\u00f6retag kan visa upp sin verksamhet och enskilda projekt. Just nu kartl\u00e4gger vilka spjutspetsprojekt som kan vara aktuella att presentera men efterlyser fler, s\u00e4ger David W\u00e4stberg och uppmuntrar d\u00e4rf\u00f6r medlemmar att kontakta honom.<\/p>\n\n\n<a class='Share__link Share__link--url copy-text' href='#' rel='nofollow' data-text='europas-konkurrenskraft-i-fokus' title='Dela url' data-confirmation='L\u00e4nken kopierades till urklipp'><svg class='icon icon--link'  width='18' height='18' viewBox='0 0 18 18' fill='none' xmlns='http:\/\/www.w3.org\/2000\/svg'>\n            <path d='M10.4142 0.514721L6.87868 4.05025L8.29289 5.46447L11.1213 2.63604L15.364 6.87868L12.5355 9.70711L13.9497 11.1213L17.4853 7.58579C17.8763 7.19476 17.8763 6.5626 17.4853 6.17158L11.8284 0.514721C11.4374 0.123691 10.8052 0.123691 10.4142 0.514721Z' fill='black'\/>\n            <path d='M9.7071 12.5355L6.87868 15.364L2.63604 11.1213L5.46446 8.2929L4.05025 6.87868L0.514716 10.4142C0.123686 10.8052 0.123686 11.4374 0.514716 11.8284L6.17157 17.4853C6.5626 17.8763 7.19475 17.8763 7.58578 17.4853L11.1213 13.9497L9.7071 12.5355Z' fill='black'\/>\n            <path d='M6.17157 11.8284C6.5626 12.2195 7.19475 12.2195 7.58578 11.8284L11.8284 7.58579C12.2195 7.19476 12.2195 6.56261 11.8284 6.17158C11.4374 5.78055 10.8052 5.78055 10.4142 6.17158L6.17157 10.4142C5.78054 10.8052 5.78054 11.4374 6.17157 11.8284Z' fill='black'\/>\n            <\/svg> <\/a>\n<h2 class=\"wp-block-heading\">Europas konkurrenskraft i fokus<\/h2>\n\n\n\n<p>En av Almegas fr\u00e4msta uppgifter \u00e4r att, tillsammans med Svenskt N\u00e4ringsliv, f\u00f6rmedla till beslutsfattarna vilka prioriteringar som \u00e4r av st\u00f6rst betydelse. Huvudfokus ligger p\u00e5 att lyfta Europas konkurrenskraft.<\/p>\n\n\n\n<p>\u2013 Tyv\u00e4rr ser vi lagf\u00f6rslag fr\u00e5n EU inom det sociala omr\u00e5det som hotar den svenska modellen medan andra f\u00f6rslag riskerar att leda till \u00f6kad byr\u00e5krati. I st\u00e4llet f\u00f6r fler regler och h\u00f6gre administrativa krav borde EU verka f\u00f6r att undanr\u00f6ja hinder f\u00f6r varor, tj\u00e4nster, personer, id\u00e9er, f\u00f6retag och innovationer. EU b\u00f6r ha en mer offensiv tillv\u00e4xtagenda, s\u00e4ger David W\u00e4stberg.<\/p>\n\n\n<a class='Share__link Share__link--url copy-text' href='#' rel='nofollow' data-text='almegas-och-svenskt-naringslivs-framsta-fragor-infor\u00a0-ordforandeskapet-i-eu:' title='Dela url' data-confirmation='L\u00e4nken kopierades till urklipp'><svg class='icon icon--link'  width='18' height='18' viewBox='0 0 18 18' fill='none' xmlns='http:\/\/www.w3.org\/2000\/svg'>\n            <path d='M10.4142 0.514721L6.87868 4.05025L8.29289 5.46447L11.1213 2.63604L15.364 6.87868L12.5355 9.70711L13.9497 11.1213L17.4853 7.58579C17.8763 7.19476 17.8763 6.5626 17.4853 6.17158L11.8284 0.514721C11.4374 0.123691 10.8052 0.123691 10.4142 0.514721Z' fill='black'\/>\n            <path d='M9.7071 12.5355L6.87868 15.364L2.63604 11.1213L5.46446 8.2929L4.05025 6.87868L0.514716 10.4142C0.123686 10.8052 0.123686 11.4374 0.514716 11.8284L6.17157 17.4853C6.5626 17.8763 7.19475 17.8763 7.58578 17.4853L11.1213 13.9497L9.7071 12.5355Z' fill='black'\/>\n            <path d='M6.17157 11.8284C6.5626 12.2195 7.19475 12.2195 7.58578 11.8284L11.8284 7.58579C12.2195 7.19476 12.2195 6.56261 11.8284 6.17158C11.4374 5.78055 10.8052 5.78055 10.4142 6.17158L6.17157 10.4142C5.78054 10.8052 5.78054 11.4374 6.17157 11.8284Z' fill='black'\/>\n            <\/svg> <\/a>\n<h2 class=\"wp-block-heading\">Almegas och Svenskt N\u00e4ringslivs fr\u00e4msta fr\u00e5gor inf\u00f6r\u00a0 ordf\u00f6randeskapet i EU:<\/h2>\n\n\n\n<ul class=\"wp-block-list\">\n<li><strong>F\u00f6rst\u00e4rk och f\u00f6rdjupa den inre marknaden<\/strong><br>Europeisk konkurrenskraft har sin grund i en stark inre marknad som fr\u00e4mjar samordning och transparens mellan medlemsl\u00e4nderna. Ett omr\u00e5de d\u00e4r den inre marknaden har outnyttjad potential \u00e4r tj\u00e4nstesektorn. EU-kommissionen m\u00e5ste ta fram konkreta \u00e5tg\u00e4rder f\u00f6r att undanr\u00f6ja hindren f\u00f6r en v\u00e4xande tj\u00e4nstemarknad. F\u00f6r att ytterligare st\u00e4rka f\u00f6retagens konkurrenskraft m\u00e5ste kommissionen \u00e4ven fokusera p\u00e5 den fria r\u00f6rligheten f\u00f6r arbetskraft, att undvika detaljstyrning av det europeiska standardiseringssystemet och arbetet f\u00f6r mer enhetliga marknadskontroller.<br><\/li>\n\n\n\n<li><strong>Ta ledarskapet f\u00f6r frihandel globalt<\/strong><br>Handeln med omv\u00e4rlden \u00e4r avg\u00f6rande f\u00f6r svenskt v\u00e4lst\u00e5nd. D\u00e4rf\u00f6r beh\u00f6vs det f\u00f6ruts\u00e4gbara och transparenta regler som garanterar \u00f6ppenhet. F\u00f6r att balansera de defensiva verktyg som nu tas fram inom EU kr\u00e4vs en positiv handelsagenda som fr\u00e4mjar internationell handel. Sverige b\u00f6r aktivt st\u00f6dja f\u00f6rhandlingar och ratificering av nya frihandelsavtal samt verka f\u00f6r att EU g\u00e5r i t\u00e4ten f\u00f6r reformering av V\u00e4rldshandelsorganisationen (WTO) och f\u00f6rdjupar relationen med USA, bland annat inom det nyinstiftade Trade &amp; Technology Council (TTC).<br><\/li>\n\n\n\n<li><strong>Fr\u00e4mja en gr\u00f6n omst\u00e4llning<\/strong><br>Den gr\u00f6na omst\u00e4llningen \u00e4r en \u00f6desfr\u00e5ga. F\u00f6r att uppn\u00e5 EU:s sk\u00e4rpta klimatm\u00e5l k\u00e4rvs \u00e5tg\u00e4rder med sikte p\u00e5 tillv\u00e4xt. Om inte m\u00e4nniskor samtidigt f\u00e5r det b\u00e4ttre kommer klimatet inte att prioriteras tillr\u00e4ckligt. Den gr\u00f6na omst\u00e4llningen m\u00e5ste d\u00e4rf\u00f6r ske p\u00e5 ett kostnadseffektivt s\u00e4tt som fr\u00e4mjar entrepren\u00f6rskap och innovationer. F\u00f6ruts\u00e4ttningar f\u00f6r n\u00e4ringslivet att bli mer cirkul\u00e4rt samt m\u00e5l om en s\u00e4krad elf\u00f6rs\u00f6rjning b\u00f6r prioriteras under det svenska ordf\u00f6randeskapet och kommer att f\u00e5 en viktig roll i slutf\u00f6rhandlingarna av det stora klimatpaketet \u201dFit-for-55\u201d.<br><\/li>\n\n\n\n<li><strong>Accelerera digitaliseringen<\/strong><br>N\u00e4ringslivet m\u00e5ste ges r\u00e4tt f\u00f6ruts\u00e4ttningar att driva teknikutvecklingen fram\u00e5t. I st\u00e4llet f\u00f6r teknologisk protektionism m\u00e5ste teknologisk kapacitet fr\u00e4mjas och en balans mellan innovation, integritet och \u00f6ppenhet skapas. Lagar och regler r\u00f6rande datafl\u00f6den, datadelning, AI och e-handel beh\u00f6ver d\u00e4rf\u00f6r uppdateras. Exempelvis b\u00f6r datafl\u00f6den i st\u00f6rre utstr\u00e4ckning m\u00f6jligg\u00f6ras genom fler adekvansbeslut gentemot tredje land och fler skrivningar i EU:s frihandelsavtal. Det svenska ordf\u00f6randeskapet b\u00f6r verka f\u00f6r lagstiftning som fr\u00e4mjar, och inte begr\u00e4nsar, anv\u00e4ndandet av tillitsfull AI.<\/li>\n<\/ul>\n","protected":false},"excerpt":{"rendered":"<p>\u2013 Oavsett vad man tycker om det s\u00e5 \u00e4r Sverige ekonomiskt, r\u00e4ttsligt och politiskt en integrerad del av EU. Ur det perspektivet inneb\u00e4r ordf\u00f6randeskapet stora m\u00f6jligheter att lyfta svenska intressen, s\u00e4ger David W\u00e4stberg, ansvarig f\u00f6r &hellip;<\/p>\n","protected":false},"author":6356,"featured_media":47639,"comment_status":"closed","ping_status":"closed","sticky":false,"template":"","format":"standard","meta":{"_acf_changed":false,"footnotes":""},"categories":[79],"tags":[],"article_type":[55,56],"agreement":[],"class_list":["post-47629","post","type-post","status-publish","format-standard","has-post-thumbnail","hentry","category-eu-och-internationellt","type-artiklar","type-nyheter"],"acf":[],"yoast_head":"<!-- This site is optimized with the Yoast SEO Premium plugin v26.8 (Yoast SEO v26.8) - https:\/\/yoast.com\/product\/yoast-seo-premium-wordpress\/ -->\n<title>Snart tar Sverige \u00f6ver ordf\u00f6randeklubban i EU | Almega %<\/title>\n<meta name=\"description\" content=\"Efter \u00e5rsskiftet tar Sverige \u00f6ver ordf\u00f6randeskapet i EU. EU betyder mycket f\u00f6r Sverige, dels som v\u00e5r st\u00f6rsta exportmarknad men \u00e4ven som lagstiftare, v\u00e4l i niv\u00e5 med den svenska riksdagen.\" \/>\n<meta name=\"robots\" content=\"index, follow, max-snippet:-1, max-image-preview:large, max-video-preview:-1\" \/>\n<link rel=\"canonical\" href=\"https:\/\/www.almega.se\/2022\/09\/snart-tar-sverige-over-ordforandeklubban-i-eu\/\" \/>\n<meta property=\"og:locale\" content=\"sv_SE\" \/>\n<meta property=\"og:type\" content=\"article\" \/>\n<meta property=\"og:title\" content=\"Snart tar Sverige \u00f6ver ordf\u00f6randeklubban i EU\" \/>\n<meta property=\"og:description\" content=\"Efter \u00e5rsskiftet tar Sverige \u00f6ver ordf\u00f6randeskapet i EU. EU betyder mycket f\u00f6r Sverige, dels som v\u00e5r st\u00f6rsta exportmarknad men \u00e4ven som lagstiftare, v\u00e4l i niv\u00e5 med den svenska riksdagen.\" \/>\n<meta property=\"og:url\" content=\"https:\/\/www.almega.se\/2022\/09\/snart-tar-sverige-over-ordforandeklubban-i-eu\/\" \/>\n<meta property=\"og:site_name\" content=\"Almega\" \/>\n<meta property=\"article:published_time\" content=\"2022-09-19T06:11:13+00:00\" \/>\n<meta property=\"article:modified_time\" content=\"2023-01-05T10:37:54+00:00\" \/>\n<meta property=\"og:image\" content=\"https:\/\/www.almega.se\/app\/uploads\/2022\/09\/gettyimages-1151982014-scaled.jpg\" \/>\n\t<meta property=\"og:image:width\" content=\"2560\" \/>\n\t<meta property=\"og:image:height\" content=\"1462\" \/>\n\t<meta property=\"og:image:type\" content=\"image\/jpeg\" \/>\n<meta name=\"author\" content=\"Erik Juhlin\" \/>\n<meta name=\"twitter:card\" content=\"summary_large_image\" \/>\n<meta name=\"twitter:label1\" content=\"Skriven av\" \/>\n\t<meta name=\"twitter:data1\" content=\"Erik Juhlin\" \/>\n\t<meta name=\"twitter:label2\" content=\"Ber\u00e4knad l\u00e4stid\" \/>\n\t<meta name=\"twitter:data2\" content=\"3 minuter\" \/>\n<!-- \/ Yoast SEO Premium plugin. -->","yoast_head_json":{"title":"Snart tar Sverige \u00f6ver ordf\u00f6randeklubban i EU | Almega %","description":"Efter \u00e5rsskiftet tar Sverige \u00f6ver ordf\u00f6randeskapet i EU. EU betyder mycket f\u00f6r Sverige, dels som v\u00e5r st\u00f6rsta exportmarknad men \u00e4ven som lagstiftare, v\u00e4l i niv\u00e5 med den svenska riksdagen.","robots":{"index":"index","follow":"follow","max-snippet":"max-snippet:-1","max-image-preview":"max-image-preview:large","max-video-preview":"max-video-preview:-1"},"canonical":"https:\/\/www.almega.se\/2022\/09\/snart-tar-sverige-over-ordforandeklubban-i-eu\/","og_locale":"sv_SE","og_type":"article","og_title":"Snart tar Sverige \u00f6ver ordf\u00f6randeklubban i EU","og_description":"Efter \u00e5rsskiftet tar Sverige \u00f6ver ordf\u00f6randeskapet i EU. EU betyder mycket f\u00f6r Sverige, dels som v\u00e5r st\u00f6rsta exportmarknad men \u00e4ven som lagstiftare, v\u00e4l i niv\u00e5 med den svenska riksdagen.","og_url":"https:\/\/www.almega.se\/2022\/09\/snart-tar-sverige-over-ordforandeklubban-i-eu\/","og_site_name":"Almega","article_published_time":"2022-09-19T06:11:13+00:00","article_modified_time":"2023-01-05T10:37:54+00:00","og_image":[{"width":2560,"height":1462,"url":"https:\/\/www.almega.se\/app\/uploads\/2022\/09\/gettyimages-1151982014-scaled.jpg","type":"image\/jpeg"}],"author":"Erik Juhlin","twitter_card":"summary_large_image","twitter_misc":{"Skriven av":"Erik Juhlin","Ber\u00e4knad l\u00e4stid":"3 minuter"},"schema":{"@context":"https:\/\/schema.org","@graph":[{"@type":"NewsArticle","@id":"https:\/\/www.almega.se\/2022\/09\/snart-tar-sverige-over-ordforandeklubban-i-eu\/#article","isPartOf":{"@id":"https:\/\/www.almega.se\/2022\/09\/snart-tar-sverige-over-ordforandeklubban-i-eu\/"},"author":{"name":"Erik Juhlin","@id":"https:\/\/www.almega.se\/#\/schema\/person\/3c181ea7ead5ab7b14c61584637720f5"},"headline":"Snart tar Sverige \u00f6ver ordf\u00f6rande&shy;klubban i EU","datePublished":"2022-09-19T06:11:13+00:00","dateModified":"2023-01-05T10:37:54+00:00","mainEntityOfPage":{"@id":"https:\/\/www.almega.se\/2022\/09\/snart-tar-sverige-over-ordforandeklubban-i-eu\/"},"wordCount":745,"image":{"@id":"https:\/\/www.almega.se\/2022\/09\/snart-tar-sverige-over-ordforandeklubban-i-eu\/#primaryimage"},"thumbnailUrl":"https:\/\/www.almega.se\/app\/uploads\/2022\/09\/gettyimages-1151982014-scaled.jpg","articleSection":["EU och internationellt"],"inLanguage":"sv-SE"},{"@type":"WebPage","@id":"https:\/\/www.almega.se\/2022\/09\/snart-tar-sverige-over-ordforandeklubban-i-eu\/","url":"https:\/\/www.almega.se\/2022\/09\/snart-tar-sverige-over-ordforandeklubban-i-eu\/","name":"Snart tar Sverige \u00f6ver ordf\u00f6randeklubban i EU | Almega %","isPartOf":{"@id":"https:\/\/www.almega.se\/#website"},"primaryImageOfPage":{"@id":"https:\/\/www.almega.se\/2022\/09\/snart-tar-sverige-over-ordforandeklubban-i-eu\/#primaryimage"},"image":{"@id":"https:\/\/www.almega.se\/2022\/09\/snart-tar-sverige-over-ordforandeklubban-i-eu\/#primaryimage"},"thumbnailUrl":"https:\/\/www.almega.se\/app\/uploads\/2022\/09\/gettyimages-1151982014-scaled.jpg","datePublished":"2022-09-19T06:11:13+00:00","dateModified":"2023-01-05T10:37:54+00:00","author":{"@id":"https:\/\/www.almega.se\/#\/schema\/person\/3c181ea7ead5ab7b14c61584637720f5"},"description":"Efter \u00e5rsskiftet tar Sverige \u00f6ver ordf\u00f6randeskapet i EU. EU betyder mycket f\u00f6r Sverige, dels som v\u00e5r st\u00f6rsta exportmarknad men \u00e4ven som lagstiftare, v\u00e4l i niv\u00e5 med den svenska riksdagen.","breadcrumb":{"@id":"https:\/\/www.almega.se\/2022\/09\/snart-tar-sverige-over-ordforandeklubban-i-eu\/#breadcrumb"},"inLanguage":"sv-SE","potentialAction":[{"@type":"ReadAction","target":["https:\/\/www.almega.se\/2022\/09\/snart-tar-sverige-over-ordforandeklubban-i-eu\/"]}]},{"@type":"ImageObject","inLanguage":"sv-SE","@id":"https:\/\/www.almega.se\/2022\/09\/snart-tar-sverige-over-ordforandeklubban-i-eu\/#primaryimage","url":"https:\/\/www.almega.se\/app\/uploads\/2022\/09\/gettyimages-1151982014-scaled.jpg","contentUrl":"https:\/\/www.almega.se\/app\/uploads\/2022\/09\/gettyimages-1151982014-scaled.jpg","width":2560,"height":1462,"caption":"Efter \u00e5rsskiftet tar Sverige \u00f6ver som ordf\u00f6randeland i EU"},{"@type":"BreadcrumbList","@id":"https:\/\/www.almega.se\/2022\/09\/snart-tar-sverige-over-ordforandeklubban-i-eu\/#breadcrumb","itemListElement":[{"@type":"ListItem","position":1,"name":"Home","item":"https:\/\/www.almega.se\/"},{"@type":"ListItem","position":2,"name":"Snart tar Sverige \u00f6ver ordf\u00f6rande&shy;klubban i EU"}]},{"@type":"WebSite","@id":"https:\/\/www.almega.se\/#website","url":"https:\/\/www.almega.se\/","name":"Almega","description":"","potentialAction":[{"@type":"SearchAction","target":{"@type":"EntryPoint","urlTemplate":"https:\/\/www.almega.se\/?s={search_term_string}"},"query-input":{"@type":"PropertyValueSpecification","valueRequired":true,"valueName":"search_term_string"}}],"inLanguage":"sv-SE"},{"@type":"Person","@id":"https:\/\/www.almega.se\/#\/schema\/person\/3c181ea7ead5ab7b14c61584637720f5","name":"Erik Juhlin","image":{"@type":"ImageObject","inLanguage":"sv-SE","@id":"https:\/\/www.almega.se\/#\/schema\/person\/image\/","url":"https:\/\/secure.gravatar.com\/avatar\/ef0e97454357041724f27ea1630fa5bf78b30eea6fc56998e6a03142ad5b1370?s=96&d=mm&r=g","contentUrl":"https:\/\/secure.gravatar.com\/avatar\/ef0e97454357041724f27ea1630fa5bf78b30eea6fc56998e6a03142ad5b1370?s=96&d=mm&r=g","caption":"Erik Juhlin"},"url":"https:\/\/www.almega.se\/person\/erikjuhlin\/"}]}},"_links":{"self":[{"href":"https:\/\/www.almega.se\/api\/wp\/v2\/posts\/47629","targetHints":{"allow":["GET"]}}],"collection":[{"href":"https:\/\/www.almega.se\/api\/wp\/v2\/posts"}],"about":[{"href":"https:\/\/www.almega.se\/api\/wp\/v2\/types\/post"}],"author":[{"embeddable":true,"href":"https:\/\/www.almega.se\/api\/wp\/v2\/users\/6356"}],"replies":[{"embeddable":true,"href":"https:\/\/www.almega.se\/api\/wp\/v2\/comments?post=47629"}],"version-history":[{"count":8,"href":"https:\/\/www.almega.se\/api\/wp\/v2\/posts\/47629\/revisions"}],"predecessor-version":[{"id":52576,"href":"https:\/\/www.almega.se\/api\/wp\/v2\/posts\/47629\/revisions\/52576"}],"wp:featuredmedia":[{"embeddable":true,"href":"https:\/\/www.almega.se\/api\/wp\/v2\/media\/47639"}],"wp:attachment":[{"href":"https:\/\/www.almega.se\/api\/wp\/v2\/media?parent=47629"}],"wp:term":[{"taxonomy":"category","embeddable":true,"href":"https:\/\/www.almega.se\/api\/wp\/v2\/categories?post=47629"},{"taxonomy":"post_tag","embeddable":true,"href":"https:\/\/www.almega.se\/api\/wp\/v2\/tags?post=47629"},{"taxonomy":"type","embeddable":true,"href":"https:\/\/www.almega.se\/api\/wp\/v2\/article_type?post=47629"},{"taxonomy":"agreement","embeddable":true,"href":"https:\/\/www.almega.se\/api\/wp\/v2\/agreement?post=47629"}],"curies":[{"name":"wp","href":"https:\/\/api.w.org\/{rel}","templated":true}]}}