{"id":47534,"date":"2022-12-06T10:38:46","date_gmt":"2022-12-06T09:38:46","guid":{"rendered":"https:\/\/www.almega.se\/?p=47534"},"modified":"2023-01-05T14:32:56","modified_gmt":"2023-01-05T13:32:56","slug":"stadtjanster-for-en-oppnare-arbetsmarknad","status":"publish","type":"post","link":"https:\/\/www.almega.se\/2022\/12\/stadtjanster-for-en-oppnare-arbetsmarknad\/","title":{"rendered":"St\u00e4dtj\u00e4nster f\u00f6r en \u00f6ppnare arbetsmarknad"},"content":{"rendered":"<p class=\"intro\">Hemservicef\u00f6retaget Vardagsfrid f\u00f6ddes ur frustration f\u00f6r tio \u00e5r sedan \u2013 i dag har det hj\u00e4lpt \u00f6ver 1\u202f000 personer in p\u00e5 den svenska arbetsmarknaden. Nu skruvar vd Torkel Kristoffers upp ambitionen: &#8221;B\u00e4ttre samarbete mellan stat och f\u00f6retag kan ta integrationen till n\u00e4sta niv\u00e5&#8221;.<\/p>\n\n<p>N\u00e4r Torkel Kristoffers grundande bolaget <a href=\"https:\/\/vardagsfrid.se\/\" target=\"_blank\" rel=\"noreferrer noopener\">Vardagsfrid<\/a> 2012, tog det i snitt sju \u00e5r f\u00f6r en person med utl\u00e4ndsk bakgrund att f\u00e5 sitt f\u00f6rsta jobb i Sverige. Det frustrerade honom \u2013 liksom faktumet att det fanns v\u00e4ldigt smutsiga delar i st\u00e4dbranschen och en outnyttjad potential f\u00f6r samh\u00e4llsnytta.<\/p>\n\n\n\n<p>\u2013 Vardagsfrid \u00e4r i grunden ett integrationsprojekt f\u00f6r att motarbeta utanf\u00f6rskap. Arbete \u00e4r ett s\u00e4tt f\u00f6r individen att f\u00e5 en f\u00f6rankring i samh\u00e4llet och med hj\u00e4lp av spr\u00e5ket kunna f\u00f6rst\u00e5 samh\u00e4llsnormer och outtalade, sociala koder. Det \u00e4r till exempel d\u00e4rf\u00f6r vi p\u00e5 Vardagsfrid har svenska som gemensamt spr\u00e5k. F\u00f6r ju fler som l\u00e4r sig svenska, desto b\u00e4ttre. Att inte st\u00e4lla krav p\u00e5 spr\u00e5k \u00e4r att l\u00e5ta n\u00e5gon vara kvar i utanf\u00f6rskap, s\u00e4ger Torkel Kristoffers.<\/p>\n\n\n<a class='Share__link Share__link--url copy-text' href='#' rel='nofollow' data-text='ett-annat-samtal-om-jamstalldhet' title='Dela url' data-confirmation='L\u00e4nken kopierades till urklipp'><svg class='icon icon--link'  width='18' height='18' viewBox='0 0 18 18' fill='none' xmlns='http:\/\/www.w3.org\/2000\/svg'>\n            <path d='M10.4142 0.514721L6.87868 4.05025L8.29289 5.46447L11.1213 2.63604L15.364 6.87868L12.5355 9.70711L13.9497 11.1213L17.4853 7.58579C17.8763 7.19476 17.8763 6.5626 17.4853 6.17158L11.8284 0.514721C11.4374 0.123691 10.8052 0.123691 10.4142 0.514721Z' fill='black'\/>\n            <path d='M9.7071 12.5355L6.87868 15.364L2.63604 11.1213L5.46446 8.2929L4.05025 6.87868L0.514716 10.4142C0.123686 10.8052 0.123686 11.4374 0.514716 11.8284L6.17157 17.4853C6.5626 17.8763 7.19475 17.8763 7.58578 17.4853L11.1213 13.9497L9.7071 12.5355Z' fill='black'\/>\n            <path d='M6.17157 11.8284C6.5626 12.2195 7.19475 12.2195 7.58578 11.8284L11.8284 7.58579C12.2195 7.19476 12.2195 6.56261 11.8284 6.17158C11.4374 5.78055 10.8052 5.78055 10.4142 6.17158L6.17157 10.4142C5.78054 10.8052 5.78054 11.4374 6.17157 11.8284Z' fill='black'\/>\n            <\/svg> <\/a>\n<h2 class=\"wp-block-heading\">Ett annat samtal om j\u00e4mst\u00e4lldhet<\/h2>\n\n\n\n<p>Det offentliga samtalet om st\u00e4dtj\u00e4nster handlar ofta om det s\u00e5 kallade \u201dlivspusslet\u201d, att tj\u00e4nsterna kan bidra till \u00f6kad j\u00e4mst\u00e4lldhet i kundernas relationer, n\u00e4r de slipper tjafsa om vem som ska dammsuga.<\/p>\n\n\n\n<p>Det resonemanget v\u00e4cker liv i Torkel Kristoffers frustration \u2013 f\u00f6r honom handlar j\u00e4mst\u00e4lldhetsfr\u00e5gan om n\u00e5got helt annat:<\/p>\n\n\n\n<p>\u2013 Jag vill mycket hellre prata om vad ett jobb hos oss kan betyda f\u00f6r v\u00e5ra medarbetare och deras m\u00f6jlighet till att leva j\u00e4mst\u00e4llt. Som att vi kan ber\u00e4tta f\u00f6r en kvinna att hon i Sverige har r\u00e4tt till ett eget bankkonto och att kommunikationen med oss som arbetsgivare ska ske via hennes egen mejl, inte hennes man.<\/p>\n\n\n\n<p>Torkel Kristoffers ger \u00e4ven exempel p\u00e5 mycket allvarligare fr\u00e5gor som kan komma fram vid ett medarbetarsamtal eller en schemal\u00e4ggning:<\/p>\n\n\n\n<p>\u2013 Det kan handla om att vi beh\u00f6ver informera en medarbetare om att det hon uts\u00e4tts f\u00f6r r\u00e4knas som brottsligt i Sverige. N\u00e4r vi f\u00f6rmedlat kontakt med polis och kvinnojour, kan vi hj\u00e4lpa henne vidare p\u00e5 v\u00e4gen till ett eget liv, med egen f\u00f6rs\u00f6rjning och stabil l\u00f6n.<\/p>\n\n\n<a class='Share__link Share__link--url copy-text' href='#' rel='nofollow' data-text='snabbare-tillgang-till-arbetsmarknaden' title='Dela url' data-confirmation='L\u00e4nken kopierades till urklipp'><svg class='icon icon--link'  width='18' height='18' viewBox='0 0 18 18' fill='none' xmlns='http:\/\/www.w3.org\/2000\/svg'>\n            <path d='M10.4142 0.514721L6.87868 4.05025L8.29289 5.46447L11.1213 2.63604L15.364 6.87868L12.5355 9.70711L13.9497 11.1213L17.4853 7.58579C17.8763 7.19476 17.8763 6.5626 17.4853 6.17158L11.8284 0.514721C11.4374 0.123691 10.8052 0.123691 10.4142 0.514721Z' fill='black'\/>\n            <path d='M9.7071 12.5355L6.87868 15.364L2.63604 11.1213L5.46446 8.2929L4.05025 6.87868L0.514716 10.4142C0.123686 10.8052 0.123686 11.4374 0.514716 11.8284L6.17157 17.4853C6.5626 17.8763 7.19475 17.8763 7.58578 17.4853L11.1213 13.9497L9.7071 12.5355Z' fill='black'\/>\n            <path d='M6.17157 11.8284C6.5626 12.2195 7.19475 12.2195 7.58578 11.8284L11.8284 7.58579C12.2195 7.19476 12.2195 6.56261 11.8284 6.17158C11.4374 5.78055 10.8052 5.78055 10.4142 6.17158L6.17157 10.4142C5.78054 10.8052 5.78054 11.4374 6.17157 11.8284Z' fill='black'\/>\n            <\/svg> <\/a>\n<h2 class=\"wp-block-heading\">Snabbare tillg\u00e5ng till arbetsmarknaden<\/h2>\n\n\n\n<p>Den st\u00f6rsta utmaningen f\u00f6r Vardagsfrid, som de delar med hela tj\u00e4nstesektorn, \u00e4r det stora behovet av arbetskraft och kompetens. D\u00e4rf\u00f6r efterlyser Torkel Kristoffers ett djupare samarbete mellan stat och f\u00f6retag.<\/p>\n\n\n\n<p>\u2013 Samh\u00e4llet skulle kunna erbjuda samh\u00e4llsorientering till den som jobbar deltid, till exempel att l\u00e4ra sig mer om svenska kulturella koder. \u00c4ven den som \u00e4r duktig p\u00e5 att bem\u00e4stra spr\u00e5ket och tekniken, kan \u00e4nd\u00e5 vara helt omedveten att det i Sverige anses respektfullt att m\u00f6ta den andres blick, vilket i ett annat land snarare kan uppfattas som fr\u00e4ckt.<\/p>\n\n\n\n<p>Han sl\u00e5r fast att ett bra samarbete mellan stat och f\u00f6retag skulle kunna skapa snabbare etablering p\u00e5 arbetsmarknaden f\u00f6r fler:<\/p>\n\n\n\n<p>\u2013 Om f\u00f6retagen kan st\u00e5 f\u00f6r att skapande av talangpoolen och staten erbjuder en palett av utbildningar som kompletterar luckorna \u2013 d\u00e5 skulle integrationen kunna f\u00e5 sig en rej\u00e4l boost!<\/p>\n\n\n\n<p>Vardagsfrid \u00e4r medlemmar i <a href=\"https:\/\/www.serviceforetagen.se\/\" target=\"_blank\" rel=\"noreferrer noopener\">Almega Servicef\u00f6retagen<\/a>, som \u00e4r branschorganisation till Almega.\u00a0<\/p>\n","protected":false},"excerpt":{"rendered":"<p>N\u00e4r Torkel Kristoffers grundande bolaget Vardagsfrid 2012, tog det i snitt sju \u00e5r f\u00f6r en person med utl\u00e4ndsk bakgrund att f\u00e5 sitt f\u00f6rsta jobb i Sverige. Det frustrerade honom \u2013 liksom faktumet att det fanns &hellip;<\/p>\n","protected":false},"author":6058,"featured_media":47538,"comment_status":"closed","ping_status":"closed","sticky":false,"template":"","format":"standard","meta":{"_acf_changed":false,"footnotes":""},"categories":[603,581],"tags":[548,50],"article_type":[55],"agreement":[],"class_list":["post-47534","post","type-post","status-publish","format-standard","has-post-thumbnail","hentry","category-almega","category-tjanstesektorns-betydelse","tag-medlemsroster","tag-tjanstesektorns-utveckling","type-artiklar"],"acf":[],"yoast_head":"<!-- This site is optimized with the Yoast SEO Premium plugin v26.8 (Yoast SEO v26.8) - https:\/\/yoast.com\/product\/yoast-seo-premium-wordpress\/ -->\n<title>St\u00e4dtj\u00e4nster f\u00f6r en \u00f6ppnare arbetsmarknad | Almega<\/title>\n<meta name=\"description\" content=\"Hemservicef\u00f6retaget Vardagsfrid har hj\u00e4lpt \u00f6ver 1\u202f000 personer in p\u00e5 den svenska arbetsmarknaden via st\u00e4dtj\u00e4nster.\" \/>\n<meta name=\"robots\" content=\"index, follow, max-snippet:-1, max-image-preview:large, max-video-preview:-1\" \/>\n<link rel=\"canonical\" href=\"https:\/\/www.almega.se\/2022\/12\/stadtjanster-for-en-oppnare-arbetsmarknad\/\" \/>\n<meta property=\"og:locale\" content=\"sv_SE\" \/>\n<meta property=\"og:type\" content=\"article\" \/>\n<meta property=\"og:title\" content=\"St\u00e4dtj\u00e4nster f\u00f6r en \u00f6ppnare arbetsmarknad\" \/>\n<meta property=\"og:description\" content=\"Hemservicef\u00f6retaget Vardagsfrid har hj\u00e4lpt \u00f6ver 1\u202f000 personer in p\u00e5 den svenska arbetsmarknaden via st\u00e4dtj\u00e4nster.\" \/>\n<meta property=\"og:url\" content=\"https:\/\/www.almega.se\/2022\/12\/stadtjanster-for-en-oppnare-arbetsmarknad\/\" \/>\n<meta property=\"og:site_name\" content=\"Almega\" \/>\n<meta property=\"article:published_time\" content=\"2022-12-06T09:38:46+00:00\" \/>\n<meta property=\"article:modified_time\" content=\"2023-01-05T13:32:56+00:00\" \/>\n<meta property=\"og:image\" content=\"https:\/\/www.almega.se\/app\/uploads\/2022\/09\/grynfarb23062020_dsc5405-scaled.jpg\" \/>\n\t<meta property=\"og:image:width\" content=\"2560\" \/>\n\t<meta property=\"og:image:height\" content=\"1707\" \/>\n\t<meta property=\"og:image:type\" content=\"image\/jpeg\" \/>\n<meta name=\"author\" content=\"Shashika Sellgren\" \/>\n<meta name=\"twitter:card\" content=\"summary_large_image\" \/>\n<meta name=\"twitter:label1\" content=\"Skriven av\" \/>\n\t<meta name=\"twitter:data1\" content=\"Shashika Sellgren\" \/>\n\t<meta name=\"twitter:label2\" content=\"Ber\u00e4knad l\u00e4stid\" \/>\n\t<meta name=\"twitter:data2\" content=\"3 minuter\" \/>\n<!-- \/ Yoast SEO Premium plugin. -->","yoast_head_json":{"title":"St\u00e4dtj\u00e4nster f\u00f6r en \u00f6ppnare arbetsmarknad | Almega","description":"Hemservicef\u00f6retaget Vardagsfrid har hj\u00e4lpt \u00f6ver 1\u202f000 personer in p\u00e5 den svenska arbetsmarknaden via st\u00e4dtj\u00e4nster.","robots":{"index":"index","follow":"follow","max-snippet":"max-snippet:-1","max-image-preview":"max-image-preview:large","max-video-preview":"max-video-preview:-1"},"canonical":"https:\/\/www.almega.se\/2022\/12\/stadtjanster-for-en-oppnare-arbetsmarknad\/","og_locale":"sv_SE","og_type":"article","og_title":"St\u00e4dtj\u00e4nster f\u00f6r en \u00f6ppnare arbetsmarknad","og_description":"Hemservicef\u00f6retaget Vardagsfrid har hj\u00e4lpt \u00f6ver 1\u202f000 personer in p\u00e5 den svenska arbetsmarknaden via st\u00e4dtj\u00e4nster.","og_url":"https:\/\/www.almega.se\/2022\/12\/stadtjanster-for-en-oppnare-arbetsmarknad\/","og_site_name":"Almega","article_published_time":"2022-12-06T09:38:46+00:00","article_modified_time":"2023-01-05T13:32:56+00:00","og_image":[{"width":2560,"height":1707,"url":"https:\/\/www.almega.se\/app\/uploads\/2022\/09\/grynfarb23062020_dsc5405-scaled.jpg","type":"image\/jpeg"}],"author":"Shashika Sellgren","twitter_card":"summary_large_image","twitter_misc":{"Skriven av":"Shashika Sellgren","Ber\u00e4knad l\u00e4stid":"3 minuter"},"schema":{"@context":"https:\/\/schema.org","@graph":[{"@type":"NewsArticle","@id":"https:\/\/www.almega.se\/2022\/12\/stadtjanster-for-en-oppnare-arbetsmarknad\/#article","isPartOf":{"@id":"https:\/\/www.almega.se\/2022\/12\/stadtjanster-for-en-oppnare-arbetsmarknad\/"},"author":{"name":"Shashika Sellgren","@id":"https:\/\/www.almega.se\/#\/schema\/person\/38c6b37b81c530c93246c3d1993d5662"},"headline":"St\u00e4dtj\u00e4nster f\u00f6r en \u00f6ppnare arbetsmarknad","datePublished":"2022-12-06T09:38:46+00:00","dateModified":"2023-01-05T13:32:56+00:00","mainEntityOfPage":{"@id":"https:\/\/www.almega.se\/2022\/12\/stadtjanster-for-en-oppnare-arbetsmarknad\/"},"wordCount":535,"image":{"@id":"https:\/\/www.almega.se\/2022\/12\/stadtjanster-for-en-oppnare-arbetsmarknad\/#primaryimage"},"thumbnailUrl":"https:\/\/www.almega.se\/app\/uploads\/2022\/09\/grynfarb23062020_dsc5405-scaled.jpg","keywords":["Medlemsr\u00f6ster","Tj\u00e4nstesektorns utveckling"],"articleSection":["Almega","Tj\u00e4nstesektorns betydelse"],"inLanguage":"sv-SE"},{"@type":"WebPage","@id":"https:\/\/www.almega.se\/2022\/12\/stadtjanster-for-en-oppnare-arbetsmarknad\/","url":"https:\/\/www.almega.se\/2022\/12\/stadtjanster-for-en-oppnare-arbetsmarknad\/","name":"St\u00e4dtj\u00e4nster f\u00f6r en \u00f6ppnare arbetsmarknad | Almega","isPartOf":{"@id":"https:\/\/www.almega.se\/#website"},"primaryImageOfPage":{"@id":"https:\/\/www.almega.se\/2022\/12\/stadtjanster-for-en-oppnare-arbetsmarknad\/#primaryimage"},"image":{"@id":"https:\/\/www.almega.se\/2022\/12\/stadtjanster-for-en-oppnare-arbetsmarknad\/#primaryimage"},"thumbnailUrl":"https:\/\/www.almega.se\/app\/uploads\/2022\/09\/grynfarb23062020_dsc5405-scaled.jpg","datePublished":"2022-12-06T09:38:46+00:00","dateModified":"2023-01-05T13:32:56+00:00","author":{"@id":"https:\/\/www.almega.se\/#\/schema\/person\/38c6b37b81c530c93246c3d1993d5662"},"description":"Hemservicef\u00f6retaget Vardagsfrid har hj\u00e4lpt \u00f6ver 1\u202f000 personer in p\u00e5 den svenska arbetsmarknaden via st\u00e4dtj\u00e4nster.","breadcrumb":{"@id":"https:\/\/www.almega.se\/2022\/12\/stadtjanster-for-en-oppnare-arbetsmarknad\/#breadcrumb"},"inLanguage":"sv-SE","potentialAction":[{"@type":"ReadAction","target":["https:\/\/www.almega.se\/2022\/12\/stadtjanster-for-en-oppnare-arbetsmarknad\/"]}]},{"@type":"ImageObject","inLanguage":"sv-SE","@id":"https:\/\/www.almega.se\/2022\/12\/stadtjanster-for-en-oppnare-arbetsmarknad\/#primaryimage","url":"https:\/\/www.almega.se\/app\/uploads\/2022\/09\/grynfarb23062020_dsc5405-scaled.jpg","contentUrl":"https:\/\/www.almega.se\/app\/uploads\/2022\/09\/grynfarb23062020_dsc5405-scaled.jpg","width":2560,"height":1707},{"@type":"BreadcrumbList","@id":"https:\/\/www.almega.se\/2022\/12\/stadtjanster-for-en-oppnare-arbetsmarknad\/#breadcrumb","itemListElement":[{"@type":"ListItem","position":1,"name":"Home","item":"https:\/\/www.almega.se\/"},{"@type":"ListItem","position":2,"name":"St\u00e4dtj\u00e4nster f\u00f6r en \u00f6ppnare arbetsmarknad"}]},{"@type":"WebSite","@id":"https:\/\/www.almega.se\/#website","url":"https:\/\/www.almega.se\/","name":"Almega","description":"","potentialAction":[{"@type":"SearchAction","target":{"@type":"EntryPoint","urlTemplate":"https:\/\/www.almega.se\/?s={search_term_string}"},"query-input":{"@type":"PropertyValueSpecification","valueRequired":true,"valueName":"search_term_string"}}],"inLanguage":"sv-SE"},{"@type":"Person","@id":"https:\/\/www.almega.se\/#\/schema\/person\/38c6b37b81c530c93246c3d1993d5662","name":"Shashika Sellgren","image":{"@type":"ImageObject","inLanguage":"sv-SE","@id":"https:\/\/www.almega.se\/#\/schema\/person\/image\/","url":"https:\/\/secure.gravatar.com\/avatar\/b225c479880df9eb82d1501dd105dd8040f27c8563f3d4bf5dd62ce0a1630abd?s=96&d=mm&r=g","contentUrl":"https:\/\/secure.gravatar.com\/avatar\/b225c479880df9eb82d1501dd105dd8040f27c8563f3d4bf5dd62ce0a1630abd?s=96&d=mm&r=g","caption":"Shashika Sellgren"},"url":"https:\/\/www.almega.se\/person\/shashikasellgren\/"}]}},"_links":{"self":[{"href":"https:\/\/www.almega.se\/api\/wp\/v2\/posts\/47534","targetHints":{"allow":["GET"]}}],"collection":[{"href":"https:\/\/www.almega.se\/api\/wp\/v2\/posts"}],"about":[{"href":"https:\/\/www.almega.se\/api\/wp\/v2\/types\/post"}],"author":[{"embeddable":true,"href":"https:\/\/www.almega.se\/api\/wp\/v2\/users\/6058"}],"replies":[{"embeddable":true,"href":"https:\/\/www.almega.se\/api\/wp\/v2\/comments?post=47534"}],"version-history":[{"count":4,"href":"https:\/\/www.almega.se\/api\/wp\/v2\/posts\/47534\/revisions"}],"predecessor-version":[{"id":52851,"href":"https:\/\/www.almega.se\/api\/wp\/v2\/posts\/47534\/revisions\/52851"}],"wp:featuredmedia":[{"embeddable":true,"href":"https:\/\/www.almega.se\/api\/wp\/v2\/media\/47538"}],"wp:attachment":[{"href":"https:\/\/www.almega.se\/api\/wp\/v2\/media?parent=47534"}],"wp:term":[{"taxonomy":"category","embeddable":true,"href":"https:\/\/www.almega.se\/api\/wp\/v2\/categories?post=47534"},{"taxonomy":"post_tag","embeddable":true,"href":"https:\/\/www.almega.se\/api\/wp\/v2\/tags?post=47534"},{"taxonomy":"type","embeddable":true,"href":"https:\/\/www.almega.se\/api\/wp\/v2\/article_type?post=47534"},{"taxonomy":"agreement","embeddable":true,"href":"https:\/\/www.almega.se\/api\/wp\/v2\/agreement?post=47534"}],"curies":[{"name":"wp","href":"https:\/\/api.w.org\/{rel}","templated":true}]}}