{"id":47374,"date":"2022-09-07T11:35:22","date_gmt":"2022-09-07T09:35:22","guid":{"rendered":"https:\/\/www.almega.se\/?p=47374"},"modified":"2023-01-05T10:57:21","modified_gmt":"2023-01-05T09:57:21","slug":"fa-reformer-for-jobb-och-tillvaxt-i-partiernas-valmanifest","status":"publish","type":"post","link":"https:\/\/www.almega.se\/2022\/09\/fa-reformer-for-jobb-och-tillvaxt-i-partiernas-valmanifest\/","title":{"rendered":"F\u00e5 reformer f\u00f6r jobb och tillv\u00e4xt i partiernas valmanifest"},"content":{"rendered":"<p class=\"intro\">Samtliga riksdagspartier har nu presenterat sina valmanifest d\u00e4r partierna redog\u00f6r f\u00f6r vilka fr\u00e5gor de s\u00e4rskilt prioriterar i valet. Almega har granskat valmanifesterna utifr\u00e5n v\u00e5ra fem prioriterade fr\u00e5gor och kan konstatera att f\u00f6rslagen f\u00f6r fler jobb och \u00f6kad tillv\u00e4xt \u00e4r orov\u00e4ckande f\u00e5, trots att vi g\u00e5r in i en l\u00e5gkonjunktur och att situationen p\u00e5 arbetsmarknaden redan \u00e4r anstr\u00e4ngd.<\/p>\n\n<p>\u2013 Med bara n\u00e5gra dagar kvar till valet \u00e4r valr\u00f6relsen inne p\u00e5 upploppet. De stora utmaningarna f\u00f6r svensk ekonomi och arbetsmarknad borde toppa partiernas dagordningar, men s\u00e5 \u00e4r det tyv\u00e4rr inte. Endast tre partier \u2013 Centerpartiet, Liberalerna och Moderaterna \u2013 har avsnitt som handlar om jobb och f\u00f6retagande i sina valmanifest, s\u00e4ger Fredrik \u00d6stbom, chef f\u00f6r n\u00e4ringspolitik och opinionsbildning p\u00e5 Almega.<\/p>\n\n\n\n<p>Det stora utanf\u00f6rskapet s\u00e4tter fokus p\u00e5 behovet av fler jobb och den privata tj\u00e4nstesektorn \u00e4r Sveriges fr\u00e4msta tillv\u00e4xtmotor. Mer \u00e4n h\u00e4lften av Sveriges BNP och tre av fem nya jobb skapas inom den privata tj\u00e4nstesektorn. Tj\u00e4nstesektorn har \u00e4ven visat sig kunna bryta utanf\u00f6rskapet och fungera som integrationsmotor. I de s\u00e4rskilt utsatta omr\u00e5dena i Sverige \u00e4r de vanligaste yrkena olika serviceyrken samt yrken inom restaurang. Integrationspolitiken m\u00e5ste prioritera f\u00f6rb\u00e4ttrade villkor f\u00f6r dessa tj\u00e4nstef\u00f6retag s\u00e5 att de kan anst\u00e4lla fler och skapa ytterligare v\u00e4rde f\u00f6r Sverige.<\/p>\n\n\n\n<p>\u2013 I valspurten konkurrerar fr\u00e5gorna om jobb och tillv\u00e4xt med m\u00e5nga andra fr\u00e5gor. Men eftersom Sveriges framtida v\u00e4lst\u00e5nd bygger p\u00e5 att fler arbetar \u00e4r det viktigt att f\u00f6retagens villkor f\u00f6rb\u00e4ttras. Det \u00e4r inom tj\u00e4nstesektorn som jobben skapas och det \u00e4r bland Almegas branscher som m\u00e5nga l\u00f6sningar p\u00e5 integrationsproblematiken finns. F\u00f6rb\u00e4ttrade villkor f\u00f6r tj\u00e4nstef\u00f6retagen m\u00e5ste d\u00e4rf\u00f6r ges h\u00f6gsta prioritet p\u00e5 den politiska dagordningen. Utan tj\u00e4nstesektorn stannar Sverige, avslutar Fredrik \u00d6stbom.<\/p>\n\n\n\n<p>Utifr\u00e5n Almegas fem prioriterade fr\u00e5gor har vi granskat riksdagspartiernas valmanifest. Valmanifesterna skiljer sig \u00e5t i omfattning, konkretion och l\u00f6ften. Vissa \u00e4r mycket omfattande, andra mer sparsmakade.<\/p>\n\n\n\n<p>Som redan konstaterat \u00e4r det f\u00e5 av Almegas prioriterade fr\u00e5gor som finns med i valmanifesten. Det inneb\u00e4r inte att partierna inte har en uppfattning i fr\u00e5gan, men vi har i denna analys utg\u00e5tt fr\u00e5n vad partierna faktiskt har uppgett i valmanifesterna.<\/p>\n\n\n<a class='Share__link Share__link--url copy-text' href='#' rel='nofollow' data-text='almegas-fem-prioriterade-fragor' title='Dela url' data-confirmation='L\u00e4nken kopierades till urklipp'><svg class='icon icon--link'  width='18' height='18' viewBox='0 0 18 18' fill='none' xmlns='http:\/\/www.w3.org\/2000\/svg'>\n            <path d='M10.4142 0.514721L6.87868 4.05025L8.29289 5.46447L11.1213 2.63604L15.364 6.87868L12.5355 9.70711L13.9497 11.1213L17.4853 7.58579C17.8763 7.19476 17.8763 6.5626 17.4853 6.17158L11.8284 0.514721C11.4374 0.123691 10.8052 0.123691 10.4142 0.514721Z' fill='black'\/>\n            <path d='M9.7071 12.5355L6.87868 15.364L2.63604 11.1213L5.46446 8.2929L4.05025 6.87868L0.514716 10.4142C0.123686 10.8052 0.123686 11.4374 0.514716 11.8284L6.17157 17.4853C6.5626 17.8763 7.19475 17.8763 7.58578 17.4853L11.1213 13.9497L9.7071 12.5355Z' fill='black'\/>\n            <path d='M6.17157 11.8284C6.5626 12.2195 7.19475 12.2195 7.58578 11.8284L11.8284 7.58579C12.2195 7.19476 12.2195 6.56261 11.8284 6.17158C11.4374 5.78055 10.8052 5.78055 10.4142 6.17158L6.17157 10.4142C5.78054 10.8052 5.78054 11.4374 6.17157 11.8284Z' fill='black'\/>\n            <\/svg> <\/a>\n<h2 class=\"wp-block-heading\"><a href=\"https:\/\/www.almega.se\/vart-naringspolitiska-arbete\/\">Almegas fem prioriterade fr\u00e5gor<\/a><\/h2>\n\n\n\n<h3 class=\"wp-block-heading\">S\u00e4nkta arbetsgivaravgifter<\/h3>\n\n\n\n<figure class=\"wp-block-image\"><img loading=\"lazy\" decoding=\"async\" width=\"580\" height=\"327\" src=\"https:\/\/www.almega.se\/app\/uploads\/2022\/09\/sanktaarbetsgivaragifter-580x327.png\" alt=\"\" class=\"wp-image-47375\" srcset=\"https:\/\/www.almega.se\/app\/uploads\/2022\/09\/sanktaarbetsgivaragifter-580x327.png 580w, https:\/\/www.almega.se\/app\/uploads\/2022\/09\/sanktaarbetsgivaragifter-1180x665.png 1180w, https:\/\/www.almega.se\/app\/uploads\/2022\/09\/sanktaarbetsgivaragifter-380x214.png 380w, https:\/\/www.almega.se\/app\/uploads\/2022\/09\/sanktaarbetsgivaragifter-768x433.png 768w, https:\/\/www.almega.se\/app\/uploads\/2022\/09\/sanktaarbetsgivaragifter-1536x866.png 1536w, https:\/\/www.almega.se\/app\/uploads\/2022\/09\/sanktaarbetsgivaragifter-2048x1154.png 2048w\" sizes=\"auto, (max-width: 580px) 100vw, 580px\" \/><\/figure>\n\n\n\n<h3 class=\"wp-block-heading\">S\u00e4nkt skatt p\u00e5 arbete<\/h3>\n\n\n\n<figure class=\"wp-block-image\"><img loading=\"lazy\" decoding=\"async\" width=\"580\" height=\"326\" src=\"https:\/\/www.almega.se\/app\/uploads\/2022\/09\/sanktskattarbete-580x326.png\" alt=\"\" class=\"wp-image-47377\" srcset=\"https:\/\/www.almega.se\/app\/uploads\/2022\/09\/sanktskattarbete-580x326.png 580w, https:\/\/www.almega.se\/app\/uploads\/2022\/09\/sanktskattarbete-1180x663.png 1180w, https:\/\/www.almega.se\/app\/uploads\/2022\/09\/sanktskattarbete-380x213.png 380w, https:\/\/www.almega.se\/app\/uploads\/2022\/09\/sanktskattarbete-768x431.png 768w, https:\/\/www.almega.se\/app\/uploads\/2022\/09\/sanktskattarbete-1536x863.png 1536w, https:\/\/www.almega.se\/app\/uploads\/2022\/09\/sanktskattarbete-2048x1150.png 2048w\" sizes=\"auto, (max-width: 580px) 100vw, 580px\" \/><\/figure>\n\n\n\n<h3 class=\"wp-block-heading\">Underl\u00e4tta f\u00f6r arbetskraftsinvandring<\/h3>\n\n\n\n<figure class=\"wp-block-image\"><img loading=\"lazy\" decoding=\"async\" width=\"580\" height=\"326\" src=\"https:\/\/www.almega.se\/app\/uploads\/2022\/09\/underlattaarbetskraftsinvandring-580x326.png\" alt=\"\" class=\"wp-image-47378\" srcset=\"https:\/\/www.almega.se\/app\/uploads\/2022\/09\/underlattaarbetskraftsinvandring-580x326.png 580w, https:\/\/www.almega.se\/app\/uploads\/2022\/09\/underlattaarbetskraftsinvandring-1180x664.png 1180w, https:\/\/www.almega.se\/app\/uploads\/2022\/09\/underlattaarbetskraftsinvandring-380x214.png 380w, https:\/\/www.almega.se\/app\/uploads\/2022\/09\/underlattaarbetskraftsinvandring-768x432.png 768w, https:\/\/www.almega.se\/app\/uploads\/2022\/09\/underlattaarbetskraftsinvandring-1536x864.png 1536w, https:\/\/www.almega.se\/app\/uploads\/2022\/09\/underlattaarbetskraftsinvandring-2048x1152.png 2048w\" sizes=\"auto, (max-width: 580px) 100vw, 580px\" \/><\/figure>\n\n\n\n<h3 class=\"wp-block-heading\">Forts\u00e4tt att reformera Arbetsf\u00f6rmedlingen<\/h3>\n\n\n\n<figure class=\"wp-block-image\"><img loading=\"lazy\" decoding=\"async\" width=\"580\" height=\"326\" src=\"https:\/\/www.almega.se\/app\/uploads\/2022\/09\/reformeraaf-580x326.png\" alt=\"\" class=\"wp-image-47379\" srcset=\"https:\/\/www.almega.se\/app\/uploads\/2022\/09\/reformeraaf-580x326.png 580w, https:\/\/www.almega.se\/app\/uploads\/2022\/09\/reformeraaf-1180x664.png 1180w, https:\/\/www.almega.se\/app\/uploads\/2022\/09\/reformeraaf-380x214.png 380w, https:\/\/www.almega.se\/app\/uploads\/2022\/09\/reformeraaf-768x432.png 768w, https:\/\/www.almega.se\/app\/uploads\/2022\/09\/reformeraaf-1536x865.png 1536w, https:\/\/www.almega.se\/app\/uploads\/2022\/09\/reformeraaf-2048x1153.png 2048w\" sizes=\"auto, (max-width: 580px) 100vw, 580px\" \/><\/figure>\n\n\n\n<h3 class=\"wp-block-heading\">St\u00e4rk v\u00e4lf\u00e4rdsf\u00f6retagandet<\/h3>\n\n\n\n<figure class=\"wp-block-image\"><img loading=\"lazy\" decoding=\"async\" width=\"580\" height=\"326\" src=\"https:\/\/www.almega.se\/app\/uploads\/2022\/09\/starkvalfardsforetagande-580x326.png\" alt=\"\" class=\"wp-image-47380\" srcset=\"https:\/\/www.almega.se\/app\/uploads\/2022\/09\/starkvalfardsforetagande-580x326.png 580w, https:\/\/www.almega.se\/app\/uploads\/2022\/09\/starkvalfardsforetagande-1180x664.png 1180w, https:\/\/www.almega.se\/app\/uploads\/2022\/09\/starkvalfardsforetagande-380x214.png 380w, https:\/\/www.almega.se\/app\/uploads\/2022\/09\/starkvalfardsforetagande-768x432.png 768w, https:\/\/www.almega.se\/app\/uploads\/2022\/09\/starkvalfardsforetagande-1536x865.png 1536w, https:\/\/www.almega.se\/app\/uploads\/2022\/09\/starkvalfardsforetagande-2048x1153.png 2048w\" sizes=\"auto, (max-width: 580px) 100vw, 580px\" \/><\/figure>\n","protected":false},"excerpt":{"rendered":"<p>\u2013 Med bara n\u00e5gra dagar kvar till valet \u00e4r valr\u00f6relsen inne p\u00e5 upploppet. De stora utmaningarna f\u00f6r svensk ekonomi och arbetsmarknad borde toppa partiernas dagordningar, men s\u00e5 \u00e4r det tyv\u00e4rr inte. Endast tre partier \u2013 &hellip;<\/p>\n","protected":false},"author":6058,"featured_media":46915,"comment_status":"closed","ping_status":"closed","sticky":false,"template":"","format":"standard","meta":{"_acf_changed":false,"footnotes":""},"categories":[419,57,46],"tags":[423,543,610],"article_type":[55,56],"agreement":[],"class_list":["post-47374","post","type-post","status-publish","format-standard","has-post-thumbnail","hentry","category-kompetensforsorjning","category-skatter","category-valfard","tag-arbetsformedling","tag-arbetskraftsinvandring","tag-kompetensforsorjning","type-artiklar","type-nyheter"],"acf":[],"yoast_head":"<!-- This site is optimized with the Yoast SEO Premium plugin v26.8 (Yoast SEO v26.8) - https:\/\/yoast.com\/product\/yoast-seo-premium-wordpress\/ -->\n<title>F\u00e5 reformer f\u00f6r jobb och tillv\u00e4xt i partiernas valmanifest | Almega<\/title>\n<meta name=\"description\" content=\"Almega har granskat valmanifesterna och kan konstatera att f\u00f6rslagen f\u00f6r fler jobb och \u00f6kad tillv\u00e4xt \u00e4r orov\u00e4ckande f\u00e5.\" \/>\n<meta name=\"robots\" content=\"index, follow, max-snippet:-1, max-image-preview:large, max-video-preview:-1\" \/>\n<link rel=\"canonical\" href=\"https:\/\/www.almega.se\/2022\/09\/fa-reformer-for-jobb-och-tillvaxt-i-partiernas-valmanifest\/\" \/>\n<meta property=\"og:locale\" content=\"sv_SE\" \/>\n<meta property=\"og:type\" content=\"article\" \/>\n<meta property=\"og:title\" content=\"F\u00e5 reformer f\u00f6r jobb och tillv\u00e4xt i partiernas valmanifest\" \/>\n<meta property=\"og:description\" content=\"Almega har granskat valmanifesterna och kan konstatera att f\u00f6rslagen f\u00f6r fler jobb och \u00f6kad tillv\u00e4xt \u00e4r orov\u00e4ckande f\u00e5.\" \/>\n<meta property=\"og:url\" content=\"https:\/\/www.almega.se\/2022\/09\/fa-reformer-for-jobb-och-tillvaxt-i-partiernas-valmanifest\/\" \/>\n<meta property=\"og:site_name\" content=\"Almega\" \/>\n<meta property=\"article:published_time\" content=\"2022-09-07T09:35:22+00:00\" \/>\n<meta property=\"article:modified_time\" content=\"2023-01-05T09:57:21+00:00\" \/>\n<meta property=\"og:image\" content=\"https:\/\/www.almega.se\/app\/uploads\/2022\/08\/25f0f11e-0811-459a-9ad5-a9cfbfda7c5d-scaled.jpg\" \/>\n\t<meta property=\"og:image:width\" content=\"2560\" \/>\n\t<meta property=\"og:image:height\" content=\"1672\" \/>\n\t<meta property=\"og:image:type\" content=\"image\/jpeg\" \/>\n<meta name=\"author\" content=\"Shashika Sellgren\" \/>\n<meta name=\"twitter:card\" content=\"summary_large_image\" \/>\n<meta name=\"twitter:label1\" content=\"Skriven av\" \/>\n\t<meta name=\"twitter:data1\" content=\"Shashika Sellgren\" \/>\n\t<meta name=\"twitter:label2\" content=\"Ber\u00e4knad l\u00e4stid\" \/>\n\t<meta name=\"twitter:data2\" content=\"3 minuter\" \/>\n<!-- \/ Yoast SEO Premium plugin. -->","yoast_head_json":{"title":"F\u00e5 reformer f\u00f6r jobb och tillv\u00e4xt i partiernas valmanifest | Almega","description":"Almega har granskat valmanifesterna och kan konstatera att f\u00f6rslagen f\u00f6r fler jobb och \u00f6kad tillv\u00e4xt \u00e4r orov\u00e4ckande f\u00e5.","robots":{"index":"index","follow":"follow","max-snippet":"max-snippet:-1","max-image-preview":"max-image-preview:large","max-video-preview":"max-video-preview:-1"},"canonical":"https:\/\/www.almega.se\/2022\/09\/fa-reformer-for-jobb-och-tillvaxt-i-partiernas-valmanifest\/","og_locale":"sv_SE","og_type":"article","og_title":"F\u00e5 reformer f\u00f6r jobb och tillv\u00e4xt i partiernas valmanifest","og_description":"Almega har granskat valmanifesterna och kan konstatera att f\u00f6rslagen f\u00f6r fler jobb och \u00f6kad tillv\u00e4xt \u00e4r orov\u00e4ckande f\u00e5.","og_url":"https:\/\/www.almega.se\/2022\/09\/fa-reformer-for-jobb-och-tillvaxt-i-partiernas-valmanifest\/","og_site_name":"Almega","article_published_time":"2022-09-07T09:35:22+00:00","article_modified_time":"2023-01-05T09:57:21+00:00","og_image":[{"width":2560,"height":1672,"url":"https:\/\/www.almega.se\/app\/uploads\/2022\/08\/25f0f11e-0811-459a-9ad5-a9cfbfda7c5d-scaled.jpg","type":"image\/jpeg"}],"author":"Shashika Sellgren","twitter_card":"summary_large_image","twitter_misc":{"Skriven av":"Shashika Sellgren","Ber\u00e4knad l\u00e4stid":"3 minuter"},"schema":{"@context":"https:\/\/schema.org","@graph":[{"@type":"NewsArticle","@id":"https:\/\/www.almega.se\/2022\/09\/fa-reformer-for-jobb-och-tillvaxt-i-partiernas-valmanifest\/#article","isPartOf":{"@id":"https:\/\/www.almega.se\/2022\/09\/fa-reformer-for-jobb-och-tillvaxt-i-partiernas-valmanifest\/"},"author":{"name":"Shashika Sellgren","@id":"https:\/\/www.almega.se\/#\/schema\/person\/38c6b37b81c530c93246c3d1993d5662"},"headline":"F\u00e5 reformer f\u00f6r jobb och tillv\u00e4xt i partiernas valmanifest","datePublished":"2022-09-07T09:35:22+00:00","dateModified":"2023-01-05T09:57:21+00:00","mainEntityOfPage":{"@id":"https:\/\/www.almega.se\/2022\/09\/fa-reformer-for-jobb-och-tillvaxt-i-partiernas-valmanifest\/"},"wordCount":376,"image":{"@id":"https:\/\/www.almega.se\/2022\/09\/fa-reformer-for-jobb-och-tillvaxt-i-partiernas-valmanifest\/#primaryimage"},"thumbnailUrl":"https:\/\/www.almega.se\/app\/uploads\/2022\/08\/25f0f11e-0811-459a-9ad5-a9cfbfda7c5d-scaled.jpg","keywords":["Arbetsf\u00f6rmedling","Arbetskraftsinvandring","Kompetensf\u00f6rs\u00f6rjning"],"articleSection":["Kompetensf\u00f6rs\u00f6rjning","Skatter","V\u00e4lf\u00e4rd"],"inLanguage":"sv-SE"},{"@type":"WebPage","@id":"https:\/\/www.almega.se\/2022\/09\/fa-reformer-for-jobb-och-tillvaxt-i-partiernas-valmanifest\/","url":"https:\/\/www.almega.se\/2022\/09\/fa-reformer-for-jobb-och-tillvaxt-i-partiernas-valmanifest\/","name":"F\u00e5 reformer f\u00f6r jobb och tillv\u00e4xt i partiernas valmanifest | Almega","isPartOf":{"@id":"https:\/\/www.almega.se\/#website"},"primaryImageOfPage":{"@id":"https:\/\/www.almega.se\/2022\/09\/fa-reformer-for-jobb-och-tillvaxt-i-partiernas-valmanifest\/#primaryimage"},"image":{"@id":"https:\/\/www.almega.se\/2022\/09\/fa-reformer-for-jobb-och-tillvaxt-i-partiernas-valmanifest\/#primaryimage"},"thumbnailUrl":"https:\/\/www.almega.se\/app\/uploads\/2022\/08\/25f0f11e-0811-459a-9ad5-a9cfbfda7c5d-scaled.jpg","datePublished":"2022-09-07T09:35:22+00:00","dateModified":"2023-01-05T09:57:21+00:00","author":{"@id":"https:\/\/www.almega.se\/#\/schema\/person\/38c6b37b81c530c93246c3d1993d5662"},"description":"Almega har granskat valmanifesterna och kan konstatera att f\u00f6rslagen f\u00f6r fler jobb och \u00f6kad tillv\u00e4xt \u00e4r orov\u00e4ckande f\u00e5.","breadcrumb":{"@id":"https:\/\/www.almega.se\/2022\/09\/fa-reformer-for-jobb-och-tillvaxt-i-partiernas-valmanifest\/#breadcrumb"},"inLanguage":"sv-SE","potentialAction":[{"@type":"ReadAction","target":["https:\/\/www.almega.se\/2022\/09\/fa-reformer-for-jobb-och-tillvaxt-i-partiernas-valmanifest\/"]}]},{"@type":"ImageObject","inLanguage":"sv-SE","@id":"https:\/\/www.almega.se\/2022\/09\/fa-reformer-for-jobb-och-tillvaxt-i-partiernas-valmanifest\/#primaryimage","url":"https:\/\/www.almega.se\/app\/uploads\/2022\/08\/25f0f11e-0811-459a-9ad5-a9cfbfda7c5d-scaled.jpg","contentUrl":"https:\/\/www.almega.se\/app\/uploads\/2022\/08\/25f0f11e-0811-459a-9ad5-a9cfbfda7c5d-scaled.jpg","width":2560,"height":1672,"caption":"Fredrik \u00d6stbom, ny chef f\u00f6r N\u00e4ringspolitik och opinionsbildning"},{"@type":"BreadcrumbList","@id":"https:\/\/www.almega.se\/2022\/09\/fa-reformer-for-jobb-och-tillvaxt-i-partiernas-valmanifest\/#breadcrumb","itemListElement":[{"@type":"ListItem","position":1,"name":"Home","item":"https:\/\/www.almega.se\/"},{"@type":"ListItem","position":2,"name":"F\u00e5 reformer f\u00f6r jobb och tillv\u00e4xt i partiernas valmanifest"}]},{"@type":"WebSite","@id":"https:\/\/www.almega.se\/#website","url":"https:\/\/www.almega.se\/","name":"Almega","description":"","potentialAction":[{"@type":"SearchAction","target":{"@type":"EntryPoint","urlTemplate":"https:\/\/www.almega.se\/?s={search_term_string}"},"query-input":{"@type":"PropertyValueSpecification","valueRequired":true,"valueName":"search_term_string"}}],"inLanguage":"sv-SE"},{"@type":"Person","@id":"https:\/\/www.almega.se\/#\/schema\/person\/38c6b37b81c530c93246c3d1993d5662","name":"Shashika Sellgren","image":{"@type":"ImageObject","inLanguage":"sv-SE","@id":"https:\/\/www.almega.se\/#\/schema\/person\/image\/","url":"https:\/\/secure.gravatar.com\/avatar\/b225c479880df9eb82d1501dd105dd8040f27c8563f3d4bf5dd62ce0a1630abd?s=96&d=mm&r=g","contentUrl":"https:\/\/secure.gravatar.com\/avatar\/b225c479880df9eb82d1501dd105dd8040f27c8563f3d4bf5dd62ce0a1630abd?s=96&d=mm&r=g","caption":"Shashika Sellgren"},"url":"https:\/\/www.almega.se\/person\/shashikasellgren\/"}]}},"_links":{"self":[{"href":"https:\/\/www.almega.se\/api\/wp\/v2\/posts\/47374","targetHints":{"allow":["GET"]}}],"collection":[{"href":"https:\/\/www.almega.se\/api\/wp\/v2\/posts"}],"about":[{"href":"https:\/\/www.almega.se\/api\/wp\/v2\/types\/post"}],"author":[{"embeddable":true,"href":"https:\/\/www.almega.se\/api\/wp\/v2\/users\/6058"}],"replies":[{"embeddable":true,"href":"https:\/\/www.almega.se\/api\/wp\/v2\/comments?post=47374"}],"version-history":[{"count":4,"href":"https:\/\/www.almega.se\/api\/wp\/v2\/posts\/47374\/revisions"}],"predecessor-version":[{"id":52541,"href":"https:\/\/www.almega.se\/api\/wp\/v2\/posts\/47374\/revisions\/52541"}],"wp:featuredmedia":[{"embeddable":true,"href":"https:\/\/www.almega.se\/api\/wp\/v2\/media\/46915"}],"wp:attachment":[{"href":"https:\/\/www.almega.se\/api\/wp\/v2\/media?parent=47374"}],"wp:term":[{"taxonomy":"category","embeddable":true,"href":"https:\/\/www.almega.se\/api\/wp\/v2\/categories?post=47374"},{"taxonomy":"post_tag","embeddable":true,"href":"https:\/\/www.almega.se\/api\/wp\/v2\/tags?post=47374"},{"taxonomy":"type","embeddable":true,"href":"https:\/\/www.almega.se\/api\/wp\/v2\/article_type?post=47374"},{"taxonomy":"agreement","embeddable":true,"href":"https:\/\/www.almega.se\/api\/wp\/v2\/agreement?post=47374"}],"curies":[{"name":"wp","href":"https:\/\/api.w.org\/{rel}","templated":true}]}}