{"id":47201,"date":"2022-08-29T15:53:56","date_gmt":"2022-08-29T13:53:56","guid":{"rendered":"https:\/\/www.almega.se\/2022\/08\/ovalkommet-forslag-om-arbetskraftsinvandring\/"},"modified":"2023-01-05T11:01:02","modified_gmt":"2023-01-05T10:01:02","slug":"ovalkommet-forslag-om-arbetskraftsinvandring","status":"publish","type":"post","link":"https:\/\/www.almega.se\/2022\/08\/ovalkommet-forslag-om-arbetskraftsinvandring\/","title":{"rendered":"&#8221;Ov\u00e4lkommet f\u00f6rslag om arbetskrafts&shy;invandring&#8221;"},"content":{"rendered":"<p class=\"intro\">Regeringen f\u00f6resl\u00e5r ett h\u00f6jt inkomstkrav f\u00f6r arbetskraftsinvandrare. &#8221;V\u00e4ntat, men \u00e4nd\u00e5 ov\u00e4lkommet&#8221;, s\u00e4ger Almegas chefekonom Patrick Joyce.<\/p>\n\n<p>I propositionen f\u00f6resl\u00e5r regeringen\u00a0att det ska kr\u00e4vas att en arbetskraftsinvandrare ska ha en anst\u00e4llning som ger en <em>god f\u00f6rs\u00f6rjning<\/em>, till skillnad fr\u00e5n nuvarande regelverk d\u00e4r det r\u00e4cker med att kunna f\u00f6rs\u00f6rja sig. \u00a0I praktiken f\u00f6resl\u00e5s ett l\u00f6nekrav p\u00e5 minst 29 880 kronor per m\u00e5nad f\u00f6r arbetskraftsinvandrare.<\/p>\n\n\n\n<p>\u2013 F\u00f6rslaget var v\u00e4ntat, regeringen aviserade detta redan f\u00f6re sommaren, men det \u00e4r \u00e4nd\u00e5 ov\u00e4lkommet. En h\u00f6jning av inkomstkravet i storleksordningen som Anders Ygeman talar om skulle tvinga n\u00e4rmare h\u00e4ften av alla arbetskraftsinvandrare att resa hem, s\u00e4ger Patrick Joyce chefekonom p\u00e5 tj\u00e4nstef\u00f6retagens organisation Almega.<\/p>\n\n\n\n<p>Enligt integrations- och migrationsministern kommer det sk\u00e4rpta regelverket underl\u00e4tta f\u00f6r seri\u00f6sa f\u00f6retag. Patrick Joyce menar dock att det riskerar att f\u00e5 motsatt effekt.<\/p>\n\n\n\n<p>\u2013 Mer \u00e4n h\u00e4ften av tj\u00e4nstef\u00f6retagen har sv\u00e5rt att hitta arbetskraft just nu. Vi beh\u00f6ver f\u00f6rslag som g\u00f6r det l\u00e4ttare att anst\u00e4lla inte sv\u00e5rare. Fusk och missbruk m\u00e5ste bek\u00e4mpas genom h\u00e5rdare kontroller, inte genom svepande \u00e5tg\u00e4rder som drabbar alla, s\u00e4ger Patrick Joyce.<\/p>\n","protected":false},"excerpt":{"rendered":"<p>Regeringen f\u00f6resl\u00e5r ett h\u00f6jt inkomstkrav f\u00f6r arbetskraftsinvandrare. &#8221;V\u00e4ntat, men \u00e4nd\u00e5 ov\u00e4lkommet&#8221;, s\u00e4ger Almegas chefekonom Patrick Joyce.<\/p>\n","protected":false},"author":1,"featured_media":0,"comment_status":"closed","ping_status":"closed","sticky":false,"template":"","format":"standard","meta":{"_acf_changed":false,"footnotes":""},"categories":[419],"tags":[543],"article_type":[93],"agreement":[],"class_list":["post-47201","post","type-post","status-publish","format-standard","hentry","category-kompetensforsorjning","tag-arbetskraftsinvandring","type-pressmeddelanden"],"acf":[],"yoast_head":"<!-- This site is optimized with the Yoast SEO Premium plugin v26.8 (Yoast SEO v26.8) - https:\/\/yoast.com\/product\/yoast-seo-premium-wordpress\/ -->\n<title>&quot;Ov\u00e4lkommet f\u00f6rslag om arbetskraftsinvandring&quot; | Almega<\/title>\n<meta name=\"robots\" content=\"index, follow, max-snippet:-1, max-image-preview:large, max-video-preview:-1\" \/>\n<link rel=\"canonical\" href=\"https:\/\/www.almega.se\/2022\/08\/ovalkommet-forslag-om-arbetskraftsinvandring\/\" \/>\n<meta property=\"og:locale\" content=\"sv_SE\" \/>\n<meta property=\"og:type\" content=\"article\" \/>\n<meta property=\"og:title\" content=\"&quot;Ov\u00e4lkommet f\u00f6rslag om arbetskraftsinvandring&quot;\" \/>\n<meta property=\"og:description\" content=\"Regeringen f\u00f6resl\u00e5r ett h\u00f6jt inkomstkrav f\u00f6r arbetskraftsinvandrare. &quot;V\u00e4ntat, men \u00e4nd\u00e5 ov\u00e4lkommet&quot;, s\u00e4ger Almegas chefekonom Patrick Joyce.\" \/>\n<meta property=\"og:url\" content=\"https:\/\/www.almega.se\/2022\/08\/ovalkommet-forslag-om-arbetskraftsinvandring\/\" \/>\n<meta property=\"og:site_name\" content=\"Almega\" \/>\n<meta property=\"article:published_time\" content=\"2022-08-29T13:53:56+00:00\" \/>\n<meta property=\"article:modified_time\" content=\"2023-01-05T10:01:02+00:00\" \/>\n<meta property=\"og:image\" content=\"https:\/\/www.almega.se\/app\/uploads\/2020\/12\/almega-share-logo.png\" \/>\n\t<meta property=\"og:image:width\" content=\"1200\" \/>\n\t<meta property=\"og:image:height\" content=\"630\" \/>\n\t<meta property=\"og:image:type\" content=\"image\/png\" \/>\n<meta name=\"author\" content=\"admin\" \/>\n<meta name=\"twitter:card\" content=\"summary_large_image\" \/>\n<meta name=\"twitter:label1\" content=\"Skriven av\" \/>\n\t<meta name=\"twitter:data1\" content=\"admin\" \/>\n\t<meta name=\"twitter:label2\" content=\"Ber\u00e4knad l\u00e4stid\" \/>\n\t<meta name=\"twitter:data2\" content=\"1 minut\" \/>\n<!-- \/ Yoast SEO Premium plugin. -->","yoast_head_json":{"title":"\"Ov\u00e4lkommet f\u00f6rslag om arbetskraftsinvandring\" | Almega","robots":{"index":"index","follow":"follow","max-snippet":"max-snippet:-1","max-image-preview":"max-image-preview:large","max-video-preview":"max-video-preview:-1"},"canonical":"https:\/\/www.almega.se\/2022\/08\/ovalkommet-forslag-om-arbetskraftsinvandring\/","og_locale":"sv_SE","og_type":"article","og_title":"\"Ov\u00e4lkommet f\u00f6rslag om arbetskraftsinvandring\"","og_description":"Regeringen f\u00f6resl\u00e5r ett h\u00f6jt inkomstkrav f\u00f6r arbetskraftsinvandrare. \"V\u00e4ntat, men \u00e4nd\u00e5 ov\u00e4lkommet\", s\u00e4ger Almegas chefekonom Patrick Joyce.","og_url":"https:\/\/www.almega.se\/2022\/08\/ovalkommet-forslag-om-arbetskraftsinvandring\/","og_site_name":"Almega","article_published_time":"2022-08-29T13:53:56+00:00","article_modified_time":"2023-01-05T10:01:02+00:00","og_image":[{"width":1200,"height":630,"url":"https:\/\/www.almega.se\/app\/uploads\/2020\/12\/almega-share-logo.png","type":"image\/png"}],"author":"admin","twitter_card":"summary_large_image","twitter_misc":{"Skriven av":"admin","Ber\u00e4knad l\u00e4stid":"1 minut"},"schema":{"@context":"https:\/\/schema.org","@graph":[{"@type":"NewsArticle","@id":"https:\/\/www.almega.se\/2022\/08\/ovalkommet-forslag-om-arbetskraftsinvandring\/#article","isPartOf":{"@id":"https:\/\/www.almega.se\/2022\/08\/ovalkommet-forslag-om-arbetskraftsinvandring\/"},"author":{"name":"admin","@id":"https:\/\/www.almega.se\/#\/schema\/person\/9c3674d192fb8b2d1d8b7a3f31c5151d"},"headline":"&#8221;Ov\u00e4lkommet f\u00f6rslag om arbetskrafts&shy;invandring&#8221;","datePublished":"2022-08-29T13:53:56+00:00","dateModified":"2023-01-05T10:01:02+00:00","mainEntityOfPage":{"@id":"https:\/\/www.almega.se\/2022\/08\/ovalkommet-forslag-om-arbetskraftsinvandring\/"},"wordCount":204,"keywords":["Arbetskraftsinvandring"],"articleSection":["Kompetensf\u00f6rs\u00f6rjning"],"inLanguage":"sv-SE"},{"@type":"WebPage","@id":"https:\/\/www.almega.se\/2022\/08\/ovalkommet-forslag-om-arbetskraftsinvandring\/","url":"https:\/\/www.almega.se\/2022\/08\/ovalkommet-forslag-om-arbetskraftsinvandring\/","name":"\"Ov\u00e4lkommet f\u00f6rslag om arbetskraftsinvandring\" | Almega","isPartOf":{"@id":"https:\/\/www.almega.se\/#website"},"datePublished":"2022-08-29T13:53:56+00:00","dateModified":"2023-01-05T10:01:02+00:00","author":{"@id":"https:\/\/www.almega.se\/#\/schema\/person\/9c3674d192fb8b2d1d8b7a3f31c5151d"},"breadcrumb":{"@id":"https:\/\/www.almega.se\/2022\/08\/ovalkommet-forslag-om-arbetskraftsinvandring\/#breadcrumb"},"inLanguage":"sv-SE","potentialAction":[{"@type":"ReadAction","target":["https:\/\/www.almega.se\/2022\/08\/ovalkommet-forslag-om-arbetskraftsinvandring\/"]}]},{"@type":"BreadcrumbList","@id":"https:\/\/www.almega.se\/2022\/08\/ovalkommet-forslag-om-arbetskraftsinvandring\/#breadcrumb","itemListElement":[{"@type":"ListItem","position":1,"name":"Home","item":"https:\/\/www.almega.se\/"},{"@type":"ListItem","position":2,"name":"&#8221;Ov\u00e4lkommet f\u00f6rslag om arbetskrafts&shy;invandring&#8221;"}]},{"@type":"WebSite","@id":"https:\/\/www.almega.se\/#website","url":"https:\/\/www.almega.se\/","name":"Almega","description":"","potentialAction":[{"@type":"SearchAction","target":{"@type":"EntryPoint","urlTemplate":"https:\/\/www.almega.se\/?s={search_term_string}"},"query-input":{"@type":"PropertyValueSpecification","valueRequired":true,"valueName":"search_term_string"}}],"inLanguage":"sv-SE"},{"@type":"Person","@id":"https:\/\/www.almega.se\/#\/schema\/person\/9c3674d192fb8b2d1d8b7a3f31c5151d","name":"admin","image":{"@type":"ImageObject","inLanguage":"sv-SE","@id":"https:\/\/www.almega.se\/#\/schema\/person\/image\/","url":"https:\/\/secure.gravatar.com\/avatar\/13aac7e7a7582f599e3ba7706cec051e12eac4ad6c2ffe6f9d24800e63294187?s=96&d=mm&r=g","contentUrl":"https:\/\/secure.gravatar.com\/avatar\/13aac7e7a7582f599e3ba7706cec051e12eac4ad6c2ffe6f9d24800e63294187?s=96&d=mm&r=g","caption":"admin"},"url":"https:\/\/www.almega.se\/person\/admin\/"}]}},"_links":{"self":[{"href":"https:\/\/www.almega.se\/api\/wp\/v2\/posts\/47201","targetHints":{"allow":["GET"]}}],"collection":[{"href":"https:\/\/www.almega.se\/api\/wp\/v2\/posts"}],"about":[{"href":"https:\/\/www.almega.se\/api\/wp\/v2\/types\/post"}],"author":[{"embeddable":true,"href":"https:\/\/www.almega.se\/api\/wp\/v2\/users\/1"}],"replies":[{"embeddable":true,"href":"https:\/\/www.almega.se\/api\/wp\/v2\/comments?post=47201"}],"version-history":[{"count":2,"href":"https:\/\/www.almega.se\/api\/wp\/v2\/posts\/47201\/revisions"}],"predecessor-version":[{"id":52547,"href":"https:\/\/www.almega.se\/api\/wp\/v2\/posts\/47201\/revisions\/52547"}],"wp:attachment":[{"href":"https:\/\/www.almega.se\/api\/wp\/v2\/media?parent=47201"}],"wp:term":[{"taxonomy":"category","embeddable":true,"href":"https:\/\/www.almega.se\/api\/wp\/v2\/categories?post=47201"},{"taxonomy":"post_tag","embeddable":true,"href":"https:\/\/www.almega.se\/api\/wp\/v2\/tags?post=47201"},{"taxonomy":"type","embeddable":true,"href":"https:\/\/www.almega.se\/api\/wp\/v2\/article_type?post=47201"},{"taxonomy":"agreement","embeddable":true,"href":"https:\/\/www.almega.se\/api\/wp\/v2\/agreement?post=47201"}],"curies":[{"name":"wp","href":"https:\/\/api.w.org\/{rel}","templated":true}]}}