{"id":46987,"date":"2022-08-23T14:45:31","date_gmt":"2022-08-23T12:45:31","guid":{"rendered":"https:\/\/www.almega.se\/?p=46987"},"modified":"2023-01-05T11:05:51","modified_gmt":"2023-01-05T10:05:51","slug":"darfor-behover-arbetsgivaravgifterna-sankas","status":"publish","type":"post","link":"https:\/\/www.almega.se\/2022\/08\/darfor-behover-arbetsgivaravgifterna-sankas\/","title":{"rendered":"D\u00e4rf\u00f6r beh\u00f6ver arbetsgivar&shy;avgifterna s\u00e4nkas"},"content":{"rendered":"<p class=\"intro\">S\u00e4nkta arbetsgivaravgifter kan minska arbetsl\u00f6sheten och fr\u00e4mja f\u00f6retagande och nya jobb i tj\u00e4nstesektorn.<\/p>\n\n<p>Arbetsgivaravgiften inf\u00f6rdes 1960 f\u00f6r att finansiera individuella sociala f\u00f6rm\u00e5ner f\u00f6r anst\u00e4llda. Idag \u00e4r arbetsgivaravgiften n\u00e4stan tio g\u00e5nger h\u00f6gre \u00e4n n\u00e4r den inf\u00f6rdes och kopplingen mellan avgiften och sociala f\u00f6rm\u00e5ner \u00e4r allt svagare. N\u00e4rmare 40 procent av avgiften \u00e4r en ren skatt p\u00e5 arbete.<\/p>\n\n\n\n<p>Arbetsgivaravgiften utg\u00f6r en fj\u00e4rdedel av f\u00f6retagens kostnad f\u00f6r att anst\u00e4lla. De svenska arbetsgivaravgifterna \u00e4r bland de h\u00f6gsta i EU. Detta p\u00e5verkar skapandet av nya jobb, svenska f\u00f6retags m\u00f6jligheter att konkurrera internationellt och m\u00f6jligheten f\u00f6r personer som st\u00e5r utanf\u00f6r arbetsmarknaden att f\u00e5 jobb.<\/p>\n\n\n\n<p>Mindre \u00e4n tre veckor f\u00f6re valet ordnade&nbsp; Almega tillsammans med TechSverige, Svenskt N\u00e4ringsliv, F\u00f6retagarna, Visita och Svensk Handel ett seminarium om behovet av s\u00e4nkta arbetsgivaravgifter.&nbsp;P\u00e5 seminariet deltog representanter fr\u00e5n olika delar av n\u00e4ringslivet och fr\u00e5n politiken.<\/p>\n\n\n\n<h3 class=\"wp-block-heading\">Medverkande:<\/h3>\n\n\n\n<p><strong>Svenskt N\u00e4ringsliv<\/strong>\u00a0\u2013 Sven Olov-Daunfeldt, chefsekonom<br> <strong>F\u00f6retagarna<\/strong>\u00a0\u2013 Patrick Krass\u00e9n, skattepolitisk expert<br> <strong>Visita<\/strong>\u00a0\u2013 Thomas Jakobsson, chefsekonom<br> <strong>Svensk Handel<\/strong> \u2013 Henrik Ekelund N\u00e4ringspolitisk expert<br> <strong>TechSverige<\/strong>\u00a0\u2013 Christina Ramm-Ericson, n\u00e4ringspolitisk chef<br> <strong>Almega<\/strong>\u00a0\u2013 Patrick Joyce, chefsekonom<\/p>\n\n\n\n<p><strong>Riksdagsledamot (S)<\/strong>, \u00c5sa Westlund, ordf\u00f6rande riksdagens finansutskott<br>\n<strong>Riksdagsledamot (M)<\/strong>, Niklas Wykman, skattepolitisk talesperson<br>\n<strong>Riksdagsledamot ( C)<\/strong>, Martin \u00c5dahl, ekonomiskpolitisk talesperson<\/p>\n\n\n\n<p><b>Almega<\/b>, Fredrik \u00d6stbom, chef f\u00f6r n\u00e4ringspolitik och opinionsbildning, h\u00e4lsade v\u00e4lkommen<\/p>\n\n\n\n<p><strong>Moderator:<\/strong>&nbsp;Helena Blomquist, journalist<\/p>\n\n\n<a class='Share__link Share__link--url copy-text' href='#' rel='nofollow' data-text='se-inspelningen-fran-seminariet-har:' title='Dela url' data-confirmation='L\u00e4nken kopierades till urklipp'><svg class='icon icon--link'  width='18' height='18' viewBox='0 0 18 18' fill='none' xmlns='http:\/\/www.w3.org\/2000\/svg'>\n            <path d='M10.4142 0.514721L6.87868 4.05025L8.29289 5.46447L11.1213 2.63604L15.364 6.87868L12.5355 9.70711L13.9497 11.1213L17.4853 7.58579C17.8763 7.19476 17.8763 6.5626 17.4853 6.17158L11.8284 0.514721C11.4374 0.123691 10.8052 0.123691 10.4142 0.514721Z' fill='black'\/>\n            <path d='M9.7071 12.5355L6.87868 15.364L2.63604 11.1213L5.46446 8.2929L4.05025 6.87868L0.514716 10.4142C0.123686 10.8052 0.123686 11.4374 0.514716 11.8284L6.17157 17.4853C6.5626 17.8763 7.19475 17.8763 7.58578 17.4853L11.1213 13.9497L9.7071 12.5355Z' fill='black'\/>\n            <path d='M6.17157 11.8284C6.5626 12.2195 7.19475 12.2195 7.58578 11.8284L11.8284 7.58579C12.2195 7.19476 12.2195 6.56261 11.8284 6.17158C11.4374 5.78055 10.8052 5.78055 10.4142 6.17158L6.17157 10.4142C5.78054 10.8052 5.78054 11.4374 6.17157 11.8284Z' fill='black'\/>\n            <\/svg> <\/a>\n<h2 class=\"wp-block-heading\">Se inspelningen fr\u00e5n seminariet h\u00e4r:<\/h2>\n\n\n<p><iframe loading=\"lazy\" title=\"Seminarium den 23 augusti 2022: D\u00e4rf\u00f6r beh\u00f6ver arbetsgivaravgifterna s\u00e4nkas\" width=\"500\" height=\"281\" src=\"https:\/\/www.youtube.com\/embed\/krIBfp804X4?feature=oembed\" frameborder=\"0\" allow=\"accelerometer; autoplay; clipboard-write; encrypted-media; gyroscope; picture-in-picture; web-share\" referrerpolicy=\"strict-origin-when-cross-origin\" allowfullscreen><\/iframe><\/p>\n","protected":false},"excerpt":{"rendered":"<p>Arbetsgivaravgiften inf\u00f6rdes 1960 f\u00f6r att finansiera individuella sociala f\u00f6rm\u00e5ner f\u00f6r anst\u00e4llda. Idag \u00e4r arbetsgivaravgiften n\u00e4stan tio g\u00e5nger h\u00f6gre \u00e4n n\u00e4r den inf\u00f6rdes och kopplingen mellan avgiften och sociala f\u00f6rm\u00e5ner \u00e4r allt svagare. N\u00e4rmare 40 procent &hellip;<\/p>\n","protected":false},"author":10,"featured_media":47000,"comment_status":"closed","ping_status":"closed","sticky":false,"template":"","format":"standard","meta":{"_acf_changed":false,"footnotes":""},"categories":[57],"tags":[422],"article_type":[55],"agreement":[],"class_list":["post-46987","post","type-post","status-publish","format-standard","has-post-thumbnail","hentry","category-skatter","tag-arbetsgivaravgift","type-artiklar"],"acf":[],"yoast_head":"<!-- This site is optimized with the Yoast SEO Premium plugin v26.8 (Yoast SEO v26.8) - https:\/\/yoast.com\/product\/yoast-seo-premium-wordpress\/ -->\n<title>D\u00e4rf\u00f6r beh\u00f6ver arbetsgivaravgifterna s\u00e4nkas | Almega<\/title>\n<meta name=\"description\" content=\"S\u00e4nkta arbetsgivaravgifter kan minska arbetsl\u00f6sheten och fr\u00e4mja f\u00f6retagande och nya jobb i tj\u00e4nstesektorn.\" \/>\n<meta name=\"robots\" content=\"index, follow, max-snippet:-1, max-image-preview:large, max-video-preview:-1\" \/>\n<link rel=\"canonical\" href=\"https:\/\/www.almega.se\/2022\/08\/darfor-behover-arbetsgivaravgifterna-sankas\/\" \/>\n<meta property=\"og:locale\" content=\"sv_SE\" \/>\n<meta property=\"og:type\" content=\"article\" \/>\n<meta property=\"og:title\" content=\"D\u00e4rf\u00f6r beh\u00f6ver arbetsgivaravgifterna s\u00e4nkas\" \/>\n<meta property=\"og:description\" content=\"S\u00e4nkta arbetsgivaravgifter kan minska arbetsl\u00f6sheten och fr\u00e4mja f\u00f6retagande och nya jobb i tj\u00e4nstesektorn.\" \/>\n<meta property=\"og:url\" content=\"https:\/\/www.almega.se\/2022\/08\/darfor-behover-arbetsgivaravgifterna-sankas\/\" \/>\n<meta property=\"og:site_name\" content=\"Almega\" \/>\n<meta property=\"article:published_time\" content=\"2022-08-23T12:45:31+00:00\" \/>\n<meta property=\"article:modified_time\" content=\"2023-01-05T10:05:51+00:00\" \/>\n<meta property=\"og:image\" content=\"https:\/\/www.almega.se\/app\/uploads\/2022\/08\/img_2034-scaled.jpg\" \/>\n\t<meta property=\"og:image:width\" content=\"2560\" \/>\n\t<meta property=\"og:image:height\" content=\"1712\" \/>\n\t<meta property=\"og:image:type\" content=\"image\/jpeg\" \/>\n<meta name=\"author\" content=\"Emma Cram\u00e9r Hammar\" \/>\n<meta name=\"twitter:card\" content=\"summary_large_image\" \/>\n<meta name=\"twitter:label1\" content=\"Skriven av\" \/>\n\t<meta name=\"twitter:data1\" content=\"Emma Cram\u00e9r Hammar\" \/>\n\t<meta name=\"twitter:label2\" content=\"Ber\u00e4knad l\u00e4stid\" \/>\n\t<meta name=\"twitter:data2\" content=\"1 minut\" \/>\n<!-- \/ Yoast SEO Premium plugin. -->","yoast_head_json":{"title":"D\u00e4rf\u00f6r beh\u00f6ver arbetsgivaravgifterna s\u00e4nkas | Almega","description":"S\u00e4nkta arbetsgivaravgifter kan minska arbetsl\u00f6sheten och fr\u00e4mja f\u00f6retagande och nya jobb i tj\u00e4nstesektorn.","robots":{"index":"index","follow":"follow","max-snippet":"max-snippet:-1","max-image-preview":"max-image-preview:large","max-video-preview":"max-video-preview:-1"},"canonical":"https:\/\/www.almega.se\/2022\/08\/darfor-behover-arbetsgivaravgifterna-sankas\/","og_locale":"sv_SE","og_type":"article","og_title":"D\u00e4rf\u00f6r beh\u00f6ver arbetsgivaravgifterna s\u00e4nkas","og_description":"S\u00e4nkta arbetsgivaravgifter kan minska arbetsl\u00f6sheten och fr\u00e4mja f\u00f6retagande och nya jobb i tj\u00e4nstesektorn.","og_url":"https:\/\/www.almega.se\/2022\/08\/darfor-behover-arbetsgivaravgifterna-sankas\/","og_site_name":"Almega","article_published_time":"2022-08-23T12:45:31+00:00","article_modified_time":"2023-01-05T10:05:51+00:00","og_image":[{"width":2560,"height":1712,"url":"https:\/\/www.almega.se\/app\/uploads\/2022\/08\/img_2034-scaled.jpg","type":"image\/jpeg"}],"author":"Emma Cram\u00e9r Hammar","twitter_card":"summary_large_image","twitter_misc":{"Skriven av":"Emma Cram\u00e9r Hammar","Ber\u00e4knad l\u00e4stid":"1 minut"},"schema":{"@context":"https:\/\/schema.org","@graph":[{"@type":"NewsArticle","@id":"https:\/\/www.almega.se\/2022\/08\/darfor-behover-arbetsgivaravgifterna-sankas\/#article","isPartOf":{"@id":"https:\/\/www.almega.se\/2022\/08\/darfor-behover-arbetsgivaravgifterna-sankas\/"},"author":{"name":"Emma Cram\u00e9r Hammar","@id":"https:\/\/www.almega.se\/#\/schema\/person\/a54896cc432199984844fab7dbdb3044"},"headline":"D\u00e4rf\u00f6r beh\u00f6ver arbetsgivar&shy;avgifterna s\u00e4nkas","datePublished":"2022-08-23T12:45:31+00:00","dateModified":"2023-01-05T10:05:51+00:00","mainEntityOfPage":{"@id":"https:\/\/www.almega.se\/2022\/08\/darfor-behover-arbetsgivaravgifterna-sankas\/"},"wordCount":252,"image":{"@id":"https:\/\/www.almega.se\/2022\/08\/darfor-behover-arbetsgivaravgifterna-sankas\/#primaryimage"},"thumbnailUrl":"https:\/\/www.almega.se\/app\/uploads\/2022\/08\/img_2034-scaled.jpg","keywords":["Arbetsgivaravgift"],"articleSection":["Skatter"],"inLanguage":"sv-SE"},{"@type":"WebPage","@id":"https:\/\/www.almega.se\/2022\/08\/darfor-behover-arbetsgivaravgifterna-sankas\/","url":"https:\/\/www.almega.se\/2022\/08\/darfor-behover-arbetsgivaravgifterna-sankas\/","name":"D\u00e4rf\u00f6r beh\u00f6ver arbetsgivaravgifterna s\u00e4nkas | Almega","isPartOf":{"@id":"https:\/\/www.almega.se\/#website"},"primaryImageOfPage":{"@id":"https:\/\/www.almega.se\/2022\/08\/darfor-behover-arbetsgivaravgifterna-sankas\/#primaryimage"},"image":{"@id":"https:\/\/www.almega.se\/2022\/08\/darfor-behover-arbetsgivaravgifterna-sankas\/#primaryimage"},"thumbnailUrl":"https:\/\/www.almega.se\/app\/uploads\/2022\/08\/img_2034-scaled.jpg","datePublished":"2022-08-23T12:45:31+00:00","dateModified":"2023-01-05T10:05:51+00:00","author":{"@id":"https:\/\/www.almega.se\/#\/schema\/person\/a54896cc432199984844fab7dbdb3044"},"description":"S\u00e4nkta arbetsgivaravgifter kan minska arbetsl\u00f6sheten och fr\u00e4mja f\u00f6retagande och nya jobb i tj\u00e4nstesektorn.","breadcrumb":{"@id":"https:\/\/www.almega.se\/2022\/08\/darfor-behover-arbetsgivaravgifterna-sankas\/#breadcrumb"},"inLanguage":"sv-SE","potentialAction":[{"@type":"ReadAction","target":["https:\/\/www.almega.se\/2022\/08\/darfor-behover-arbetsgivaravgifterna-sankas\/"]}]},{"@type":"ImageObject","inLanguage":"sv-SE","@id":"https:\/\/www.almega.se\/2022\/08\/darfor-behover-arbetsgivaravgifterna-sankas\/#primaryimage","url":"https:\/\/www.almega.se\/app\/uploads\/2022\/08\/img_2034-scaled.jpg","contentUrl":"https:\/\/www.almega.se\/app\/uploads\/2022\/08\/img_2034-scaled.jpg","width":2560,"height":1712},{"@type":"BreadcrumbList","@id":"https:\/\/www.almega.se\/2022\/08\/darfor-behover-arbetsgivaravgifterna-sankas\/#breadcrumb","itemListElement":[{"@type":"ListItem","position":1,"name":"Home","item":"https:\/\/www.almega.se\/"},{"@type":"ListItem","position":2,"name":"D\u00e4rf\u00f6r beh\u00f6ver arbetsgivaravgifterna s\u00e4nkas"}]},{"@type":"WebSite","@id":"https:\/\/www.almega.se\/#website","url":"https:\/\/www.almega.se\/","name":"Almega","description":"","potentialAction":[{"@type":"SearchAction","target":{"@type":"EntryPoint","urlTemplate":"https:\/\/www.almega.se\/?s={search_term_string}"},"query-input":{"@type":"PropertyValueSpecification","valueRequired":true,"valueName":"search_term_string"}}],"inLanguage":"sv-SE"},{"@type":"Person","@id":"https:\/\/www.almega.se\/#\/schema\/person\/a54896cc432199984844fab7dbdb3044","name":"Emma Cram\u00e9r Hammar","image":{"@type":"ImageObject","inLanguage":"sv-SE","@id":"https:\/\/www.almega.se\/#\/schema\/person\/image\/","url":"https:\/\/secure.gravatar.com\/avatar\/82c7c351a4b55a33e62f30689bed682802826cd17c48109634cedafad8926994?s=96&d=mm&r=g","contentUrl":"https:\/\/secure.gravatar.com\/avatar\/82c7c351a4b55a33e62f30689bed682802826cd17c48109634cedafad8926994?s=96&d=mm&r=g","caption":"Emma Cram\u00e9r Hammar"},"url":"https:\/\/www.almega.se\/person\/emmahammar\/"}]}},"_links":{"self":[{"href":"https:\/\/www.almega.se\/api\/wp\/v2\/posts\/46987","targetHints":{"allow":["GET"]}}],"collection":[{"href":"https:\/\/www.almega.se\/api\/wp\/v2\/posts"}],"about":[{"href":"https:\/\/www.almega.se\/api\/wp\/v2\/types\/post"}],"author":[{"embeddable":true,"href":"https:\/\/www.almega.se\/api\/wp\/v2\/users\/10"}],"replies":[{"embeddable":true,"href":"https:\/\/www.almega.se\/api\/wp\/v2\/comments?post=46987"}],"version-history":[{"count":3,"href":"https:\/\/www.almega.se\/api\/wp\/v2\/posts\/46987\/revisions"}],"predecessor-version":[{"id":52552,"href":"https:\/\/www.almega.se\/api\/wp\/v2\/posts\/46987\/revisions\/52552"}],"wp:featuredmedia":[{"embeddable":true,"href":"https:\/\/www.almega.se\/api\/wp\/v2\/media\/47000"}],"wp:attachment":[{"href":"https:\/\/www.almega.se\/api\/wp\/v2\/media?parent=46987"}],"wp:term":[{"taxonomy":"category","embeddable":true,"href":"https:\/\/www.almega.se\/api\/wp\/v2\/categories?post=46987"},{"taxonomy":"post_tag","embeddable":true,"href":"https:\/\/www.almega.se\/api\/wp\/v2\/tags?post=46987"},{"taxonomy":"type","embeddable":true,"href":"https:\/\/www.almega.se\/api\/wp\/v2\/article_type?post=46987"},{"taxonomy":"agreement","embeddable":true,"href":"https:\/\/www.almega.se\/api\/wp\/v2\/agreement?post=46987"}],"curies":[{"name":"wp","href":"https:\/\/api.w.org\/{rel}","templated":true}]}}