{"id":46973,"date":"2022-08-22T09:12:46","date_gmt":"2022-08-22T07:12:46","guid":{"rendered":"https:\/\/www.almega.se\/?p=46973"},"modified":"2023-01-05T11:08:23","modified_gmt":"2023-01-05T10:08:23","slug":"debatt-hinder-for-talangrekrytering-hotar-techsektorn","status":"publish","type":"post","link":"https:\/\/www.almega.se\/2022\/08\/debatt-hinder-for-talangrekrytering-hotar-techsektorn\/","title":{"rendered":"DEBATT: Hinder f\u00f6r talangrekrytering hotar techsektorn"},"content":{"rendered":"<p class=\"intro\">Sverige har de senaste decennierna transformerats fr\u00e5n en utpr\u00e4glad industrination till ett alltmer kunskapsintensivt tj\u00e4nstesamh\u00e4lle. Industrin \u00e4r fortfarande en central del av n\u00e4ringslivet men tj\u00e4nstesektorn v\u00e4xer stadigt. Bara inom den kunskapsintensiva delen av sektorn arbetar i dag n\u00e4rmare 900\u00a0000 personer. Tj\u00e4nstesektorn bidrar med forskning, utveckling och andra nyckeltj\u00e4nster \u00e5t s\u00e5v\u00e4l industri som offentlig sektor och utg\u00f6r \u00e4ven en v\u00e4xande andel av svensk export \u2013 drygt 40 procent.<\/p>\n\n<p>Tillv\u00e4xten inom f\u00f6retagstj\u00e4nster drivs till stor del av klimatomst\u00e4llning och digitalisering och de jobb som kr\u00e4ver ingenj\u00f6rs- eller IT-kompetens blir stadigt fler \u00f6ver hela Sverige. I Stockholm \u00e4r programmerare redan det enskilt vanligaste yrket.<\/p>\n\n\n\n<p>Samtidigt som de kunskapsintensiva branscherna v\u00e4xer, har f\u00f6retagen sv\u00e5rt att hitta r\u00e4tt kompetens. Enligt Konjunkturinstitutet har sju av tio datakonsulter och tekniska konsultf\u00f6retag sv\u00e5rt att rekrytera den kompetens de beh\u00f6ver. F\u00f6r de f\u00f6retag som inte hittar r\u00e4tt kompetens i Sverige \u00e4r rekrytering fr\u00e5n utlandet helt avg\u00f6rande om de ska utvecklas och v\u00e4xa.<\/p>\n\n\n\n<p>Sveriges har sedan 2008 haft ett enkelt regelverk f\u00f6r arbetskraftsinvandring fr\u00e5n l\u00e4nder utanf\u00f6r EU. Personer som erbjuds ett arbete med l\u00f6n och villkor enligt avtal eller praxis inom yrket f\u00e5r arbetstillst\u00e5nd i tv\u00e5 \u00e5r med m\u00f6jlighet till f\u00f6rl\u00e4ngning. Detta system har tj\u00e4nat Sverige v\u00e4l. Enligt OECD har systemet varit en f\u00f6rdel f\u00f6r Sverige konkurrensen om internationella talanger.<\/p>\n\n\n\n<p>Med hj\u00e4lp av data fr\u00e5n Migrationsverket har vi kartlagt till vilka yrken som arbetskraftsinvandringen har skett under \u00e5ren 2010 till 2021. Unders\u00f6kningen visar att drygt 140 000 personer fr\u00e5n tredje land har f\u00e5tt arbetstillst\u00e5nd i Sverige sedan 2010 \u00ad\u2013 s\u00e4songanst\u00e4llda undantagna. Av dessa arbetade n\u00e4stan 60&nbsp;000 personer inom IT- och teknik. Tv\u00e5 procent av alla civilingenj\u00f6rer och sju procent av alla IT-arkitekter och system\u00adutvecklare som arbetar i Sverige \u00e4r arbetskraftsinvandrare. Ofta bidrar de med nyckelkompetens som i sin tur skapar fler jobb i Sverige, de flesta \u00e5terv\u00e4nder hem efter n\u00e5gra \u00e5r.<\/p>\n\n\n\n<p>Trots detta vill allt fler politiska partier kraftigt begr\u00e4nsa arbetskraftsinvandringen. De menar att det skulle skapa fler jobb f\u00f6r arbetsl\u00f6sa i Sverige, fr\u00e4mst nyanl\u00e4nda flyktingar, samt motverka fusk. Dessv\u00e4rre kommer f\u00f6rslagen skapa stora problem f\u00f6r m\u00e5nga branscher.<\/p>\n\n\n\n<p>Det mest l\u00e5ngtg\u00e5ende f\u00f6rslaget \u00e4r en \u00e5terinf\u00f6rd arbetsmarknadspr\u00f6vning. Detta kommer att f\u00f6rl\u00e4nga de redan l\u00e5nga tillst\u00e5ndstiderna ytterligare. Ordningen d\u00e4r Arbetsf\u00f6rmedlingen avgjorde behovet av utl\u00e4ndsk arbetskraft avskaffades p\u00e5 goda grunder 2008. Ett \u00e5terinf\u00f6rande skulle minska Sveriges attraktionskraft p\u00e5 h\u00f6gkvalificerade globala talanger radikalt.<\/p>\n\n\n\n<p>\u00c4ven om f\u00f6retag inom IT och teknik sannolikt skulle f\u00e5 godk\u00e4nt i en bristyrkes\u00adpr\u00f6vning av Arbetsf\u00f6rmedlingen riskerar ytterligare byr\u00e5krati att f\u00f6rsena varje enskilt arbetstillst\u00e5nd. Det senaste \u00e5ret har v\u00e4ntetiderna \u00f6kat betydligt hos Migrationsverket vilket har skapat stora problem f\u00f6r v\u00e5ra branscher. Snabbsp\u00e5ret f\u00f6r h\u00f6gkvalificerade tj\u00e4nster existerar inte l\u00e4ngre i praktiken. I st\u00e4llet f\u00f6r utlovade tio dagars handl\u00e4ggning tar nu ett beslut runt 50 dagar. V\u00e4ntetiderna m\u00e5ste f\u00f6rkortas, inte f\u00f6rl\u00e4ngas.<\/p>\n\n\n\n<p>Ett annat l\u00e5ngtg\u00e5ende f\u00f6rslag \u00e4r ett l\u00f6nekrav p\u00e5 minst 28&nbsp;000 kronor per m\u00e5nad f\u00f6r arbetstillst\u00e5nd. Detta skulle leda till att fyra av tio existerande arbetstillst\u00e5nd dras in. Arbetskraftsinvandrare \u00e4r ofta i b\u00f6rjan av sina karri\u00e4rer och har d\u00e4rmed l\u00e4gre l\u00f6ner. Ibland arbetar de deltid av olika orsaker. Ett krav p\u00e5 en m\u00e5nadsl\u00f6n p\u00e5 28&nbsp;000 till 30&nbsp;000 kronor f\u00f6r arbetstillst\u00e5nd skulle inneb\u00e4ra att mellan 10 och 15 procent av arbetstillst\u00e5nden f\u00f6r IT-tekniker, systemvetare och ingenj\u00f6rer riskerar att dras in. Inom andra bristyrken skulle arbetskraftsinvandringen helt upph\u00f6ra.<\/p>\n\n\n\n<p>Att n\u00e5gra oseri\u00f6sa f\u00f6retag fuskar med arbetstillst\u00e5nd \u00e4r tyv\u00e4rr en realitet. Men detta b\u00f6r bek\u00e4mpas genom h\u00e5rdare kontroller, inte genom svepande \u00e5tg\u00e4rder som drabbar de som erbjuder bra jobb med goda villkor. Ska Sverige beh\u00e5lla sin ledande position inom och IT och teknik m\u00e5ste v\u00e5ra f\u00f6retag \u00e4ven i framtiden kunna rekrytera n\u00f6dv\u00e4ndig talang d\u00e4r den finns.<\/p>\n\n\n\n<p>\u00c5sa Zetterberg, f\u00f6rbundsdirekt\u00f6r, TechSverige<br>Anders Persson, t.f. f\u00f6rbundsdirekt\u00f6r Innovationsf\u00f6retagen<br>Patrick Joyce, chefekonom Almega<\/p>\n\n\n\n<p><a href=\"https:\/\/unt.se\/bli-prenumerant\/artikel\/l6386vel\" target=\"_blank\" rel=\"noopener\">Debattartikeln publicerades i Uppsala Nya Tidning 2022\u201308\u201320<\/a><\/p>\n","protected":false},"excerpt":{"rendered":"<p>Tillv\u00e4xten inom f\u00f6retagstj\u00e4nster drivs till stor del av klimatomst\u00e4llning och digitalisering och de jobb som kr\u00e4ver ingenj\u00f6rs- eller IT-kompetens blir stadigt fler \u00f6ver hela Sverige. I Stockholm \u00e4r programmerare redan det enskilt vanligaste yrket. Samtidigt &hellip;<\/p>\n","protected":false},"author":6058,"featured_media":46974,"comment_status":"closed","ping_status":"closed","sticky":false,"template":"","format":"standard","meta":{"_acf_changed":false,"footnotes":""},"categories":[419],"tags":[543,610],"article_type":[49],"agreement":[],"class_list":["post-46973","post","type-post","status-publish","format-standard","has-post-thumbnail","hentry","category-kompetensforsorjning","tag-arbetskraftsinvandring","tag-kompetensforsorjning","type-debattartiklar"],"acf":[],"yoast_head":"<!-- This site is optimized with the Yoast SEO Premium plugin v26.8 (Yoast SEO v26.8) - https:\/\/yoast.com\/product\/yoast-seo-premium-wordpress\/ -->\n<title>DEBATT: Hinder f\u00f6r talangrekrytering hotar techsektorn | Almega<\/title>\n<meta name=\"description\" content=\"7 av 10 f\u00f6retag inom tech- och ingenj\u00f6rssektorns har sv\u00e5rt att hitta r\u00e4tt kompetens. Problem att partier vill hindra arbetskraftsinvandring.\" \/>\n<meta name=\"robots\" content=\"index, follow, max-snippet:-1, max-image-preview:large, max-video-preview:-1\" \/>\n<link rel=\"canonical\" href=\"https:\/\/www.almega.se\/2022\/08\/debatt-hinder-for-talangrekrytering-hotar-techsektorn\/\" \/>\n<meta property=\"og:locale\" content=\"sv_SE\" \/>\n<meta property=\"og:type\" content=\"article\" \/>\n<meta property=\"og:title\" content=\"DEBATT: Hinder f\u00f6r talangrekrytering hotar techsektorn\" \/>\n<meta property=\"og:description\" content=\"7 av 10 f\u00f6retag inom tech- och ingenj\u00f6rssektorns har sv\u00e5rt att hitta r\u00e4tt kompetens. Problem att partier vill hindra arbetskraftsinvandring.\" \/>\n<meta property=\"og:url\" content=\"https:\/\/www.almega.se\/2022\/08\/debatt-hinder-for-talangrekrytering-hotar-techsektorn\/\" \/>\n<meta property=\"og:site_name\" content=\"Almega\" \/>\n<meta property=\"article:published_time\" content=\"2022-08-22T07:12:46+00:00\" \/>\n<meta property=\"article:modified_time\" content=\"2023-01-05T10:08:23+00:00\" \/>\n<meta property=\"og:image\" content=\"https:\/\/www.almega.se\/app\/uploads\/2022\/08\/namnlos-design-1180x665.png\" \/>\n\t<meta property=\"og:image:width\" content=\"1180\" \/>\n\t<meta property=\"og:image:height\" content=\"665\" \/>\n\t<meta property=\"og:image:type\" content=\"image\/png\" \/>\n<meta name=\"author\" content=\"Shashika Sellgren\" \/>\n<meta name=\"twitter:card\" content=\"summary_large_image\" \/>\n<meta name=\"twitter:label1\" content=\"Skriven av\" \/>\n\t<meta name=\"twitter:data1\" content=\"Shashika Sellgren\" \/>\n\t<meta name=\"twitter:label2\" content=\"Ber\u00e4knad l\u00e4stid\" \/>\n\t<meta name=\"twitter:data2\" content=\"3 minuter\" \/>\n<!-- \/ Yoast SEO Premium plugin. -->","yoast_head_json":{"title":"DEBATT: Hinder f\u00f6r talangrekrytering hotar techsektorn | Almega","description":"7 av 10 f\u00f6retag inom tech- och ingenj\u00f6rssektorns har sv\u00e5rt att hitta r\u00e4tt kompetens. Problem att partier vill hindra arbetskraftsinvandring.","robots":{"index":"index","follow":"follow","max-snippet":"max-snippet:-1","max-image-preview":"max-image-preview:large","max-video-preview":"max-video-preview:-1"},"canonical":"https:\/\/www.almega.se\/2022\/08\/debatt-hinder-for-talangrekrytering-hotar-techsektorn\/","og_locale":"sv_SE","og_type":"article","og_title":"DEBATT: Hinder f\u00f6r talangrekrytering hotar techsektorn","og_description":"7 av 10 f\u00f6retag inom tech- och ingenj\u00f6rssektorns har sv\u00e5rt att hitta r\u00e4tt kompetens. Problem att partier vill hindra arbetskraftsinvandring.","og_url":"https:\/\/www.almega.se\/2022\/08\/debatt-hinder-for-talangrekrytering-hotar-techsektorn\/","og_site_name":"Almega","article_published_time":"2022-08-22T07:12:46+00:00","article_modified_time":"2023-01-05T10:08:23+00:00","og_image":[{"width":1180,"height":665,"url":"https:\/\/www.almega.se\/app\/uploads\/2022\/08\/namnlos-design-1180x665.png","type":"image\/png"}],"author":"Shashika Sellgren","twitter_card":"summary_large_image","twitter_misc":{"Skriven av":"Shashika Sellgren","Ber\u00e4knad l\u00e4stid":"3 minuter"},"schema":{"@context":"https:\/\/schema.org","@graph":[{"@type":"NewsArticle","@id":"https:\/\/www.almega.se\/2022\/08\/debatt-hinder-for-talangrekrytering-hotar-techsektorn\/#article","isPartOf":{"@id":"https:\/\/www.almega.se\/2022\/08\/debatt-hinder-for-talangrekrytering-hotar-techsektorn\/"},"author":{"name":"Shashika Sellgren","@id":"https:\/\/www.almega.se\/#\/schema\/person\/38c6b37b81c530c93246c3d1993d5662"},"headline":"DEBATT: Hinder f\u00f6r talangrekrytering hotar techsektorn","datePublished":"2022-08-22T07:12:46+00:00","dateModified":"2023-01-05T10:08:23+00:00","mainEntityOfPage":{"@id":"https:\/\/www.almega.se\/2022\/08\/debatt-hinder-for-talangrekrytering-hotar-techsektorn\/"},"wordCount":672,"image":{"@id":"https:\/\/www.almega.se\/2022\/08\/debatt-hinder-for-talangrekrytering-hotar-techsektorn\/#primaryimage"},"thumbnailUrl":"https:\/\/www.almega.se\/app\/uploads\/2022\/08\/namnlos-design.png","keywords":["Arbetskraftsinvandring","Kompetensf\u00f6rs\u00f6rjning"],"articleSection":["Kompetensf\u00f6rs\u00f6rjning"],"inLanguage":"sv-SE"},{"@type":"WebPage","@id":"https:\/\/www.almega.se\/2022\/08\/debatt-hinder-for-talangrekrytering-hotar-techsektorn\/","url":"https:\/\/www.almega.se\/2022\/08\/debatt-hinder-for-talangrekrytering-hotar-techsektorn\/","name":"DEBATT: Hinder f\u00f6r talangrekrytering hotar techsektorn | Almega","isPartOf":{"@id":"https:\/\/www.almega.se\/#website"},"primaryImageOfPage":{"@id":"https:\/\/www.almega.se\/2022\/08\/debatt-hinder-for-talangrekrytering-hotar-techsektorn\/#primaryimage"},"image":{"@id":"https:\/\/www.almega.se\/2022\/08\/debatt-hinder-for-talangrekrytering-hotar-techsektorn\/#primaryimage"},"thumbnailUrl":"https:\/\/www.almega.se\/app\/uploads\/2022\/08\/namnlos-design.png","datePublished":"2022-08-22T07:12:46+00:00","dateModified":"2023-01-05T10:08:23+00:00","author":{"@id":"https:\/\/www.almega.se\/#\/schema\/person\/38c6b37b81c530c93246c3d1993d5662"},"description":"7 av 10 f\u00f6retag inom tech- och ingenj\u00f6rssektorns har sv\u00e5rt att hitta r\u00e4tt kompetens. Problem att partier vill hindra arbetskraftsinvandring.","breadcrumb":{"@id":"https:\/\/www.almega.se\/2022\/08\/debatt-hinder-for-talangrekrytering-hotar-techsektorn\/#breadcrumb"},"inLanguage":"sv-SE","potentialAction":[{"@type":"ReadAction","target":["https:\/\/www.almega.se\/2022\/08\/debatt-hinder-for-talangrekrytering-hotar-techsektorn\/"]}]},{"@type":"ImageObject","inLanguage":"sv-SE","@id":"https:\/\/www.almega.se\/2022\/08\/debatt-hinder-for-talangrekrytering-hotar-techsektorn\/#primaryimage","url":"https:\/\/www.almega.se\/app\/uploads\/2022\/08\/namnlos-design.png","contentUrl":"https:\/\/www.almega.se\/app\/uploads\/2022\/08\/namnlos-design.png","width":1640,"height":924},{"@type":"BreadcrumbList","@id":"https:\/\/www.almega.se\/2022\/08\/debatt-hinder-for-talangrekrytering-hotar-techsektorn\/#breadcrumb","itemListElement":[{"@type":"ListItem","position":1,"name":"Home","item":"https:\/\/www.almega.se\/"},{"@type":"ListItem","position":2,"name":"DEBATT: Hinder f\u00f6r talangrekrytering hotar techsektorn"}]},{"@type":"WebSite","@id":"https:\/\/www.almega.se\/#website","url":"https:\/\/www.almega.se\/","name":"Almega","description":"","potentialAction":[{"@type":"SearchAction","target":{"@type":"EntryPoint","urlTemplate":"https:\/\/www.almega.se\/?s={search_term_string}"},"query-input":{"@type":"PropertyValueSpecification","valueRequired":true,"valueName":"search_term_string"}}],"inLanguage":"sv-SE"},{"@type":"Person","@id":"https:\/\/www.almega.se\/#\/schema\/person\/38c6b37b81c530c93246c3d1993d5662","name":"Shashika Sellgren","image":{"@type":"ImageObject","inLanguage":"sv-SE","@id":"https:\/\/www.almega.se\/#\/schema\/person\/image\/","url":"https:\/\/secure.gravatar.com\/avatar\/b225c479880df9eb82d1501dd105dd8040f27c8563f3d4bf5dd62ce0a1630abd?s=96&d=mm&r=g","contentUrl":"https:\/\/secure.gravatar.com\/avatar\/b225c479880df9eb82d1501dd105dd8040f27c8563f3d4bf5dd62ce0a1630abd?s=96&d=mm&r=g","caption":"Shashika Sellgren"},"url":"https:\/\/www.almega.se\/person\/shashikasellgren\/"}]}},"_links":{"self":[{"href":"https:\/\/www.almega.se\/api\/wp\/v2\/posts\/46973","targetHints":{"allow":["GET"]}}],"collection":[{"href":"https:\/\/www.almega.se\/api\/wp\/v2\/posts"}],"about":[{"href":"https:\/\/www.almega.se\/api\/wp\/v2\/types\/post"}],"author":[{"embeddable":true,"href":"https:\/\/www.almega.se\/api\/wp\/v2\/users\/6058"}],"replies":[{"embeddable":true,"href":"https:\/\/www.almega.se\/api\/wp\/v2\/comments?post=46973"}],"version-history":[{"count":5,"href":"https:\/\/www.almega.se\/api\/wp\/v2\/posts\/46973\/revisions"}],"predecessor-version":[{"id":52556,"href":"https:\/\/www.almega.se\/api\/wp\/v2\/posts\/46973\/revisions\/52556"}],"wp:featuredmedia":[{"embeddable":true,"href":"https:\/\/www.almega.se\/api\/wp\/v2\/media\/46974"}],"wp:attachment":[{"href":"https:\/\/www.almega.se\/api\/wp\/v2\/media?parent=46973"}],"wp:term":[{"taxonomy":"category","embeddable":true,"href":"https:\/\/www.almega.se\/api\/wp\/v2\/categories?post=46973"},{"taxonomy":"post_tag","embeddable":true,"href":"https:\/\/www.almega.se\/api\/wp\/v2\/tags?post=46973"},{"taxonomy":"type","embeddable":true,"href":"https:\/\/www.almega.se\/api\/wp\/v2\/article_type?post=46973"},{"taxonomy":"agreement","embeddable":true,"href":"https:\/\/www.almega.se\/api\/wp\/v2\/agreement?post=46973"}],"curies":[{"name":"wp","href":"https:\/\/api.w.org\/{rel}","templated":true}]}}