{"id":46965,"date":"2022-08-19T13:13:12","date_gmt":"2022-08-19T11:13:12","guid":{"rendered":"https:\/\/www.almega.se\/?p=46965"},"modified":"2023-01-05T11:26:55","modified_gmt":"2023-01-05T10:26:55","slug":"fler-talanger-med-farre-hinder","status":"publish","type":"post","link":"https:\/\/www.almega.se\/2022\/08\/fler-talanger-med-farre-hinder\/","title":{"rendered":"Fler talanger med f\u00e4rre hinder"},"content":{"rendered":"<p class=\"intro\">Varje \u00e5r rekryterar svenska f\u00f6retag 9\u202f000 ingenj\u00f6rer, IT-arkitekter och systemutvecklare fr\u00e5n l\u00e4nder utanf\u00f6r EU. Men behoven \u00e4r st\u00f6rre \u00e4n s\u00e5. Sju av tio f\u00f6retag inom den kunskapsintensiva tj\u00e4nstesektorn har sv\u00e5rt att rekrytera och bristen p\u00e5 kompetens \u00e4r ett stort hinder f\u00f6r tillv\u00e4xt. D\u00e4rf\u00f6r vill svenska innovations- och techf\u00f6retag se \u00e5tg\u00e4rder som st\u00e4rker Sveriges attraktionskraft, inte fler hinder.<\/p>\n\n<p>Den 19 augusti arrangerade Almega, TechSverige och Innovationsf\u00f6retagen ett frukostseminarium om hur vi kan forts\u00e4tta rekrytera internationella talanger till Sverige f\u00f6r att trygga v\u00e4lst\u00e5nd, konkurrenskraft och klara av klimatomst\u00e4llningen och digitaliseringen samtidigt som reglerna f\u00f6r arbetskraftsinvandring respekteras.<\/p>\n\n\n\n<h3 class=\"wp-block-heading\">Medverkande:<\/h3>\n\n\n\n<p><b>Carl-Johan Hamilton<\/b>, entrepren\u00f6r och grundare, Ants<br><b>Beatrice Silow,&nbsp;<\/b>director communications and culture, Nexer group<br><b>Fredrik Wenneberg<\/b>, vd MCA Sverige<br><b>Mathias Tegner<\/b>, riksdagsledamot Socialdemokraterna<br><b>Josefin Malmqvist<\/b>, riksdagsledamot Moderaterna<br><b>Alireza Akhondi<\/b>, riksdagsledamot Centerpartiet<br><b>Gulan Avci,&nbsp;<\/b>riksdagsledamot Liberalerna<b><br>\u00c5sa Zetterberg<\/b>, f\u00f6rbundsdirekt\u00f6r TechSverige<br><b>Anders Persson<\/b>, f\u00f6rbundsdirekt\u00f6r Innovationsf\u00f6retagen<br><b>Patrick Joyce,&nbsp;<\/b>chefekonom Almega<\/p>\n\n\n\n<p><b>Moderator: Helena Blomquist<\/b>, journalist<\/p>\n\n\n<a class='Share__link Share__link--url copy-text' href='#' rel='nofollow' data-text='se-inspelningen-fran-seminariet-har:' title='Dela url' data-confirmation='L\u00e4nken kopierades till urklipp'><svg class='icon icon--link'  width='18' height='18' viewBox='0 0 18 18' fill='none' xmlns='http:\/\/www.w3.org\/2000\/svg'>\n            <path d='M10.4142 0.514721L6.87868 4.05025L8.29289 5.46447L11.1213 2.63604L15.364 6.87868L12.5355 9.70711L13.9497 11.1213L17.4853 7.58579C17.8763 7.19476 17.8763 6.5626 17.4853 6.17158L11.8284 0.514721C11.4374 0.123691 10.8052 0.123691 10.4142 0.514721Z' fill='black'\/>\n            <path d='M9.7071 12.5355L6.87868 15.364L2.63604 11.1213L5.46446 8.2929L4.05025 6.87868L0.514716 10.4142C0.123686 10.8052 0.123686 11.4374 0.514716 11.8284L6.17157 17.4853C6.5626 17.8763 7.19475 17.8763 7.58578 17.4853L11.1213 13.9497L9.7071 12.5355Z' fill='black'\/>\n            <path d='M6.17157 11.8284C6.5626 12.2195 7.19475 12.2195 7.58578 11.8284L11.8284 7.58579C12.2195 7.19476 12.2195 6.56261 11.8284 6.17158C11.4374 5.78055 10.8052 5.78055 10.4142 6.17158L6.17157 10.4142C5.78054 10.8052 5.78054 11.4374 6.17157 11.8284Z' fill='black'\/>\n            <\/svg> <\/a>\n<h2 class=\"wp-block-heading\">Se inspelningen fr\u00e5n seminariet h\u00e4r:<\/h2>\n\n\n<p><iframe loading=\"lazy\" title=\"Seminarium 19 aug \u2013 Fler talanger med f\u00e4rre hinder\" width=\"500\" height=\"281\" src=\"https:\/\/www.youtube.com\/embed\/e-e_by2dpoY?feature=oembed\" frameborder=\"0\" allow=\"accelerometer; autoplay; clipboard-write; encrypted-media; gyroscope; picture-in-picture; web-share\" referrerpolicy=\"strict-origin-when-cross-origin\" allowfullscreen><\/iframe><\/p>\n","protected":false},"excerpt":{"rendered":"<p>Den 19 augusti arrangerade Almega, TechSverige och Innovationsf\u00f6retagen ett frukostseminarium om hur vi kan forts\u00e4tta rekrytera internationella talanger till Sverige f\u00f6r att trygga v\u00e4lst\u00e5nd, konkurrenskraft och klara av klimatomst\u00e4llningen och digitaliseringen samtidigt som reglerna f\u00f6r &hellip;<\/p>\n","protected":false},"author":10,"featured_media":46766,"comment_status":"closed","ping_status":"closed","sticky":false,"template":"","format":"standard","meta":{"_acf_changed":false,"footnotes":""},"categories":[419],"tags":[543,610],"article_type":[55],"agreement":[],"class_list":["post-46965","post","type-post","status-publish","format-standard","has-post-thumbnail","hentry","category-kompetensforsorjning","tag-arbetskraftsinvandring","tag-kompetensforsorjning","type-artiklar"],"acf":[],"yoast_head":"<!-- This site is optimized with the Yoast SEO Premium plugin v26.8 (Yoast SEO v26.8) - https:\/\/yoast.com\/product\/yoast-seo-premium-wordpress\/ -->\n<title>Fler talanger med f\u00e4rre hinder | Almega<\/title>\n<meta name=\"robots\" content=\"index, follow, max-snippet:-1, max-image-preview:large, max-video-preview:-1\" \/>\n<link rel=\"canonical\" href=\"https:\/\/www.almega.se\/2022\/08\/fler-talanger-med-farre-hinder\/\" \/>\n<meta property=\"og:locale\" content=\"sv_SE\" \/>\n<meta property=\"og:type\" content=\"article\" \/>\n<meta property=\"og:title\" content=\"Fler talanger med f\u00e4rre hinder\" \/>\n<meta property=\"og:description\" content=\"Den 19 augusti arrangerade Almega, TechSverige och Innovationsf\u00f6retagen ett frukostseminarium om hur vi kan forts\u00e4tta rekrytera internationella talanger till Sverige f\u00f6r att trygga v\u00e4lst\u00e5nd, konkurrenskraft och klara av klimatomst\u00e4llningen och digitaliseringen samtidigt som reglerna f\u00f6r &hellip;\" \/>\n<meta property=\"og:url\" content=\"https:\/\/www.almega.se\/2022\/08\/fler-talanger-med-farre-hinder\/\" \/>\n<meta property=\"og:site_name\" content=\"Almega\" \/>\n<meta property=\"article:published_time\" content=\"2022-08-19T11:13:12+00:00\" \/>\n<meta property=\"article:modified_time\" content=\"2023-01-05T10:26:55+00:00\" \/>\n<meta property=\"og:image\" content=\"https:\/\/www.almega.se\/app\/uploads\/2022\/07\/gettyimages-1051789884-scaled.jpg\" \/>\n\t<meta property=\"og:image:width\" content=\"2560\" \/>\n\t<meta property=\"og:image:height\" content=\"1707\" \/>\n\t<meta property=\"og:image:type\" content=\"image\/jpeg\" \/>\n<meta name=\"author\" content=\"Emma Cram\u00e9r Hammar\" \/>\n<meta name=\"twitter:card\" content=\"summary_large_image\" \/>\n<meta name=\"twitter:label1\" content=\"Skriven av\" \/>\n\t<meta name=\"twitter:data1\" content=\"Emma Cram\u00e9r Hammar\" \/>\n\t<meta name=\"twitter:label2\" content=\"Ber\u00e4knad l\u00e4stid\" \/>\n\t<meta name=\"twitter:data2\" content=\"1 minut\" \/>\n<!-- \/ Yoast SEO Premium plugin. -->","yoast_head_json":{"title":"Fler talanger med f\u00e4rre hinder | Almega","robots":{"index":"index","follow":"follow","max-snippet":"max-snippet:-1","max-image-preview":"max-image-preview:large","max-video-preview":"max-video-preview:-1"},"canonical":"https:\/\/www.almega.se\/2022\/08\/fler-talanger-med-farre-hinder\/","og_locale":"sv_SE","og_type":"article","og_title":"Fler talanger med f\u00e4rre hinder","og_description":"Den 19 augusti arrangerade Almega, TechSverige och Innovationsf\u00f6retagen ett frukostseminarium om hur vi kan forts\u00e4tta rekrytera internationella talanger till Sverige f\u00f6r att trygga v\u00e4lst\u00e5nd, konkurrenskraft och klara av klimatomst\u00e4llningen och digitaliseringen samtidigt som reglerna f\u00f6r &hellip;","og_url":"https:\/\/www.almega.se\/2022\/08\/fler-talanger-med-farre-hinder\/","og_site_name":"Almega","article_published_time":"2022-08-19T11:13:12+00:00","article_modified_time":"2023-01-05T10:26:55+00:00","og_image":[{"width":2560,"height":1707,"url":"https:\/\/www.almega.se\/app\/uploads\/2022\/07\/gettyimages-1051789884-scaled.jpg","type":"image\/jpeg"}],"author":"Emma Cram\u00e9r Hammar","twitter_card":"summary_large_image","twitter_misc":{"Skriven av":"Emma Cram\u00e9r Hammar","Ber\u00e4knad l\u00e4stid":"1 minut"},"schema":{"@context":"https:\/\/schema.org","@graph":[{"@type":"NewsArticle","@id":"https:\/\/www.almega.se\/2022\/08\/fler-talanger-med-farre-hinder\/#article","isPartOf":{"@id":"https:\/\/www.almega.se\/2022\/08\/fler-talanger-med-farre-hinder\/"},"author":{"name":"Emma Cram\u00e9r Hammar","@id":"https:\/\/www.almega.se\/#\/schema\/person\/a54896cc432199984844fab7dbdb3044"},"headline":"Fler talanger med f\u00e4rre hinder","datePublished":"2022-08-19T11:13:12+00:00","dateModified":"2023-01-05T10:26:55+00:00","mainEntityOfPage":{"@id":"https:\/\/www.almega.se\/2022\/08\/fler-talanger-med-farre-hinder\/"},"wordCount":128,"image":{"@id":"https:\/\/www.almega.se\/2022\/08\/fler-talanger-med-farre-hinder\/#primaryimage"},"thumbnailUrl":"https:\/\/www.almega.se\/app\/uploads\/2022\/07\/gettyimages-1051789884-scaled.jpg","keywords":["Arbetskraftsinvandring","Kompetensf\u00f6rs\u00f6rjning"],"articleSection":["Kompetensf\u00f6rs\u00f6rjning"],"inLanguage":"sv-SE"},{"@type":"WebPage","@id":"https:\/\/www.almega.se\/2022\/08\/fler-talanger-med-farre-hinder\/","url":"https:\/\/www.almega.se\/2022\/08\/fler-talanger-med-farre-hinder\/","name":"Fler talanger med f\u00e4rre hinder | Almega","isPartOf":{"@id":"https:\/\/www.almega.se\/#website"},"primaryImageOfPage":{"@id":"https:\/\/www.almega.se\/2022\/08\/fler-talanger-med-farre-hinder\/#primaryimage"},"image":{"@id":"https:\/\/www.almega.se\/2022\/08\/fler-talanger-med-farre-hinder\/#primaryimage"},"thumbnailUrl":"https:\/\/www.almega.se\/app\/uploads\/2022\/07\/gettyimages-1051789884-scaled.jpg","datePublished":"2022-08-19T11:13:12+00:00","dateModified":"2023-01-05T10:26:55+00:00","author":{"@id":"https:\/\/www.almega.se\/#\/schema\/person\/a54896cc432199984844fab7dbdb3044"},"breadcrumb":{"@id":"https:\/\/www.almega.se\/2022\/08\/fler-talanger-med-farre-hinder\/#breadcrumb"},"inLanguage":"sv-SE","potentialAction":[{"@type":"ReadAction","target":["https:\/\/www.almega.se\/2022\/08\/fler-talanger-med-farre-hinder\/"]}]},{"@type":"ImageObject","inLanguage":"sv-SE","@id":"https:\/\/www.almega.se\/2022\/08\/fler-talanger-med-farre-hinder\/#primaryimage","url":"https:\/\/www.almega.se\/app\/uploads\/2022\/07\/gettyimages-1051789884-scaled.jpg","contentUrl":"https:\/\/www.almega.se\/app\/uploads\/2022\/07\/gettyimages-1051789884-scaled.jpg","width":2560,"height":1707,"caption":"Rear view of two cameras filming an infomercial TV-show."},{"@type":"BreadcrumbList","@id":"https:\/\/www.almega.se\/2022\/08\/fler-talanger-med-farre-hinder\/#breadcrumb","itemListElement":[{"@type":"ListItem","position":1,"name":"Home","item":"https:\/\/www.almega.se\/"},{"@type":"ListItem","position":2,"name":"Fler talanger med f\u00e4rre hinder"}]},{"@type":"WebSite","@id":"https:\/\/www.almega.se\/#website","url":"https:\/\/www.almega.se\/","name":"Almega","description":"","potentialAction":[{"@type":"SearchAction","target":{"@type":"EntryPoint","urlTemplate":"https:\/\/www.almega.se\/?s={search_term_string}"},"query-input":{"@type":"PropertyValueSpecification","valueRequired":true,"valueName":"search_term_string"}}],"inLanguage":"sv-SE"},{"@type":"Person","@id":"https:\/\/www.almega.se\/#\/schema\/person\/a54896cc432199984844fab7dbdb3044","name":"Emma Cram\u00e9r Hammar","image":{"@type":"ImageObject","inLanguage":"sv-SE","@id":"https:\/\/www.almega.se\/#\/schema\/person\/image\/","url":"https:\/\/secure.gravatar.com\/avatar\/82c7c351a4b55a33e62f30689bed682802826cd17c48109634cedafad8926994?s=96&d=mm&r=g","contentUrl":"https:\/\/secure.gravatar.com\/avatar\/82c7c351a4b55a33e62f30689bed682802826cd17c48109634cedafad8926994?s=96&d=mm&r=g","caption":"Emma Cram\u00e9r Hammar"},"url":"https:\/\/www.almega.se\/person\/emmahammar\/"}]}},"_links":{"self":[{"href":"https:\/\/www.almega.se\/api\/wp\/v2\/posts\/46965","targetHints":{"allow":["GET"]}}],"collection":[{"href":"https:\/\/www.almega.se\/api\/wp\/v2\/posts"}],"about":[{"href":"https:\/\/www.almega.se\/api\/wp\/v2\/types\/post"}],"author":[{"embeddable":true,"href":"https:\/\/www.almega.se\/api\/wp\/v2\/users\/10"}],"replies":[{"embeddable":true,"href":"https:\/\/www.almega.se\/api\/wp\/v2\/comments?post=46965"}],"version-history":[{"count":4,"href":"https:\/\/www.almega.se\/api\/wp\/v2\/posts\/46965\/revisions"}],"predecessor-version":[{"id":52560,"href":"https:\/\/www.almega.se\/api\/wp\/v2\/posts\/46965\/revisions\/52560"}],"wp:featuredmedia":[{"embeddable":true,"href":"https:\/\/www.almega.se\/api\/wp\/v2\/media\/46766"}],"wp:attachment":[{"href":"https:\/\/www.almega.se\/api\/wp\/v2\/media?parent=46965"}],"wp:term":[{"taxonomy":"category","embeddable":true,"href":"https:\/\/www.almega.se\/api\/wp\/v2\/categories?post=46965"},{"taxonomy":"post_tag","embeddable":true,"href":"https:\/\/www.almega.se\/api\/wp\/v2\/tags?post=46965"},{"taxonomy":"type","embeddable":true,"href":"https:\/\/www.almega.se\/api\/wp\/v2\/article_type?post=46965"},{"taxonomy":"agreement","embeddable":true,"href":"https:\/\/www.almega.se\/api\/wp\/v2\/agreement?post=46965"}],"curies":[{"name":"wp","href":"https:\/\/api.w.org\/{rel}","templated":true}]}}