{"id":46776,"date":"2022-07-07T07:40:58","date_gmt":"2022-07-07T05:40:58","guid":{"rendered":"https:\/\/www.almega.se\/?p=46776"},"modified":"2023-01-05T10:05:35","modified_gmt":"2023-01-05T09:05:35","slug":"almedalen-2022-en-viktig-vecka-med-tragiskt-avslut","status":"publish","type":"post","link":"https:\/\/www.almega.se\/2022\/07\/almedalen-2022-en-viktig-vecka-med-tragiskt-avslut\/","title":{"rendered":"Almedalen 2022 \u2013 en viktig vecka med tragiskt avslut"},"content":{"rendered":"<p class=\"intro\">Efter tv\u00e5 \u00e5rs uppeh\u00e5ll var Almedalsveckan tillbaka. \u201dV\u00e4rldens st\u00f6rsta demokratiska m\u00f6tesplats\u201d har den kallats och det \u00e4r just alla m\u00f6ten och samtal som \u00e4r det fina med de intensiva dagarna i Visby.<\/p>\n\n<p>\u00c5rets Almedalsvecka avslutades dock med sorg och chock efter det fruktansv\u00e4rda knivmordet i centrala Visby. Den typen av v\u00e5ldsd\u00e5d har ingen plats i v\u00e5rt samh\u00e4lle och tankarna g\u00e5r till de anh\u00f6riga som har f\u00f6rlorat en familjemedlem och v\u00e5ra v\u00e4nner p\u00e5 SKR som f\u00f6rlorat en kollega.<br><br>Almega var p\u00e5 plats i Visby och under organiserade seminarier och spontana m\u00f6ten har vi diskuterat framtidens arbetsmarknad, h\u00e5llbarhet, v\u00e4lf\u00e4rdsf\u00f6retagande och mycket annat.<\/p>\n\n\n<a class='Share__link Share__link--url copy-text' href='#' rel='nofollow' data-text='jakten-pa-medarbetare' title='Dela url' data-confirmation='L\u00e4nken kopierades till urklipp'><svg class='icon icon--link'  width='18' height='18' viewBox='0 0 18 18' fill='none' xmlns='http:\/\/www.w3.org\/2000\/svg'>\n            <path d='M10.4142 0.514721L6.87868 4.05025L8.29289 5.46447L11.1213 2.63604L15.364 6.87868L12.5355 9.70711L13.9497 11.1213L17.4853 7.58579C17.8763 7.19476 17.8763 6.5626 17.4853 6.17158L11.8284 0.514721C11.4374 0.123691 10.8052 0.123691 10.4142 0.514721Z' fill='black'\/>\n            <path d='M9.7071 12.5355L6.87868 15.364L2.63604 11.1213L5.46446 8.2929L4.05025 6.87868L0.514716 10.4142C0.123686 10.8052 0.123686 11.4374 0.514716 11.8284L6.17157 17.4853C6.5626 17.8763 7.19475 17.8763 7.58578 17.4853L11.1213 13.9497L9.7071 12.5355Z' fill='black'\/>\n            <path d='M6.17157 11.8284C6.5626 12.2195 7.19475 12.2195 7.58578 11.8284L11.8284 7.58579C12.2195 7.19476 12.2195 6.56261 11.8284 6.17158C11.4374 5.78055 10.8052 5.78055 10.4142 6.17158L6.17157 10.4142C5.78054 10.8052 5.78054 11.4374 6.17157 11.8284Z' fill='black'\/>\n            <\/svg> <\/a>\n<h2 class=\"wp-block-heading\">Jakten p\u00e5 medarbetare<\/h2>\n\n\n\n<p>Att rekrytera och beh\u00e5lla medarbetare \u00e4r en enorm utmaning f\u00f6r m\u00e5nga f\u00f6retag och det var d\u00e4rf\u00f6r ocks\u00e5 den fr\u00e5ga som Almega valde att s\u00e4rskilt lyfta fram.<\/p>\n\n\n\n<p>Under ett seminarium om hur vi matchar f\u00f6retagens kompetensbehov med ungas behov och f\u00f6rv\u00e4ntningar konstaterade Ulrik Hoffman fr\u00e5n Ungdomsbarometern att unga vill jobba och f\u00f6retag vill rekrytera, men det \u00e4r skillnad p\u00e5 vad ungdomar vill utbilda sig till och vad f\u00f6retag beh\u00f6ver. En del av problemet ligger i att m\u00e5nga yrkesroller \u00e4r f\u00f6r ok\u00e4nda, s\u00e5 ett n\u00e4rmare samarbete mellan f\u00f6retag och skola skulle gynna alla.<\/p>\n\n\n\n<p>LO:s ungsekreterare Elsa Alm lyfte vikten av en bra arbetsmilj\u00f6 och Yvonne Pernodd, vd First Reserve och ordf\u00f6rande f\u00f6r Almega Tj\u00e4nstef\u00f6retagen, konstaterade att m\u00e5nga f\u00f6retag beh\u00f6ver arbeta betydligt h\u00e5rdare med employer branding f\u00f6r att knyta till sig den kompetens de beh\u00f6ver.<\/p>\n\n\n\n<p>Svenskt N\u00e4ringslivs Mia Bernhardsen gjorde n\u00e5gra medskick till politiken: det beh\u00f6ver alltid l\u00f6na sig att ta ett jobb, fler beh\u00f6ver hj\u00e4lp med matchningen och f\u00f6retagare ser g\u00e4rna att fler f\u00e5r m\u00f6jlighet att arbeta med Ung F\u00f6retagsamhet i skolan f\u00f6r att f\u00e5 en grundf\u00f6rst\u00e5else f\u00f6r f\u00f6retagandets villkor.<\/p>\n\n\n<a class='Share__link Share__link--url copy-text' href='#' rel='nofollow' data-text='kompetensutveckling-och-sakerhetslaget-paverkar-arbetet-med-hallbarhet' title='Dela url' data-confirmation='L\u00e4nken kopierades till urklipp'><svg class='icon icon--link'  width='18' height='18' viewBox='0 0 18 18' fill='none' xmlns='http:\/\/www.w3.org\/2000\/svg'>\n            <path d='M10.4142 0.514721L6.87868 4.05025L8.29289 5.46447L11.1213 2.63604L15.364 6.87868L12.5355 9.70711L13.9497 11.1213L17.4853 7.58579C17.8763 7.19476 17.8763 6.5626 17.4853 6.17158L11.8284 0.514721C11.4374 0.123691 10.8052 0.123691 10.4142 0.514721Z' fill='black'\/>\n            <path d='M9.7071 12.5355L6.87868 15.364L2.63604 11.1213L5.46446 8.2929L4.05025 6.87868L0.514716 10.4142C0.123686 10.8052 0.123686 11.4374 0.514716 11.8284L6.17157 17.4853C6.5626 17.8763 7.19475 17.8763 7.58578 17.4853L11.1213 13.9497L9.7071 12.5355Z' fill='black'\/>\n            <path d='M6.17157 11.8284C6.5626 12.2195 7.19475 12.2195 7.58578 11.8284L11.8284 7.58579C12.2195 7.19476 12.2195 6.56261 11.8284 6.17158C11.4374 5.78055 10.8052 5.78055 10.4142 6.17158L6.17157 10.4142C5.78054 10.8052 5.78054 11.4374 6.17157 11.8284Z' fill='black'\/>\n            <\/svg> <\/a>\n<h2 class=\"wp-block-heading\">Kompetensutveckling och s\u00e4kerhetsl\u00e4get p\u00e5verkar arbetet med h\u00e5llbarhet<\/h2>\n\n\n\n<p>\u201dVi jobbar l\u00e4ngre och den kompetens vi har r\u00e4cker inte ett helt arbetsliv\u201d, sa Stefan Koskinen, arbetsgivarpolitisk chef p\u00e5 Almega, under Dagens industris panelsamtal om hur vi framtidss\u00e4krar Sveriges kompetens. D\u00e4r fick han f\u00f6rklara tanken bakom det nya omst\u00e4llningsstudiest\u00f6det, som ger m\u00e4nniskor m\u00f6jlighet att f\u00f6rs\u00f6rja sig under utbildning mitt i arbetslivet. Det ger arbetsgivare m\u00f6jligheter att st\u00e4lla krav p\u00e5 kompetensutveckling och skapar en b\u00e4ttre fungerande och mer r\u00f6rlig arbetsmarknad.<\/p>\n\n\n\n<p>Kompetensutveckling \u00e4r viktigt ocks\u00e5 f\u00f6r klimatm\u00e5len och framv\u00e4xten av ett mer h\u00e5llbart samh\u00e4lle. F\u00f6r att klara den n\u00f6dv\u00e4ndiga klimatomst\u00e4llningen kr\u00e4vs ledare och medarbetare med r\u00e4tt kunskaper. Tillsammans med Ledarna och Fossilfritt Sverige ordnade Almega seminariet \u201dRusta f\u00f6r H\u00e5llbarhet\u201d och lyfte fram behovet av fler korta utbildningar som m\u00f6ter behoven av omst\u00e4llning och kompetensh\u00f6jning.<\/p>\n\n\n\n<p>H\u00e5llbarhet och kompetensf\u00f6rs\u00f6rjning var teman som var \u00e5terkommande i m\u00e5nga av Almedalsveckans arrangemang, men \u00e4ven det nya s\u00e4kerhetspolitiska l\u00e4get var p\u00e5tagligt n\u00e4rvarande i programmet. Det p\u00e5verkar f\u00f6ruts\u00e4ttningarna f\u00f6r ekonomin, f\u00f6retagandet och den gr\u00f6na omst\u00e4llningen. Under ett seminarium hos SEB deltog Almega f\u00f6r att prata om hur det nya geopolitiska l\u00e4get p\u00e5verkar den internationella tj\u00e4nstehandel som bed\u00f6ms bli allt viktigare.<\/p>\n\n\n\n<p>Almegas experter deltog ocks\u00e5 i samtal om bland annat den svenska modellen, offentliga upphandlingar, friskolor, skatter och Arbetsf\u00f6rmedlingens reformering. I konstruktiva samtal med politiker, journalister och f\u00f6retagare lyfte vi tj\u00e4nstef\u00f6retagens betydelse f\u00f6r tillv\u00e4xt, innovation och integration.<\/p>\n","protected":false},"excerpt":{"rendered":"<p>\u00c5rets Almedalsvecka avslutades dock med sorg och chock efter det fruktansv\u00e4rda knivmordet i centrala Visby. Den typen av v\u00e5ldsd\u00e5d har ingen plats i v\u00e5rt samh\u00e4lle och tankarna g\u00e5r till de anh\u00f6riga som har f\u00f6rlorat en &hellip;<\/p>\n","protected":false},"author":6058,"featured_media":46779,"comment_status":"closed","ping_status":"closed","sticky":false,"template":"","format":"standard","meta":{"_acf_changed":false,"footnotes":""},"categories":[1],"tags":[],"article_type":[55,56],"agreement":[],"class_list":["post-46776","post","type-post","status-publish","format-standard","has-post-thumbnail","hentry","category-okategoriserade","type-artiklar","type-nyheter"],"acf":[],"yoast_head":"<!-- This site is optimized with the Yoast SEO Premium plugin v26.8 (Yoast SEO v26.8) - https:\/\/yoast.com\/product\/yoast-seo-premium-wordpress\/ -->\n<title>Almedalen 2022 \u2013 en viktig vecka med tragiskt avslut | Almega<\/title>\n<meta name=\"description\" content=\"Under Almedalen 2022 har Almega diskuterat kompetens, framtidens arbetsmarknad, h\u00e5llbarhet, v\u00e4lf\u00e4rdsf\u00f6retagande och mycket annat.\" \/>\n<meta name=\"robots\" content=\"index, follow, max-snippet:-1, max-image-preview:large, max-video-preview:-1\" \/>\n<link rel=\"canonical\" href=\"https:\/\/www.almega.se\/2022\/07\/almedalen-2022-en-viktig-vecka-med-tragiskt-avslut\/\" \/>\n<meta property=\"og:locale\" content=\"sv_SE\" \/>\n<meta property=\"og:type\" content=\"article\" \/>\n<meta property=\"og:title\" content=\"Almedalen 2022 \u2013 en viktig vecka med tragiskt avslut\" \/>\n<meta property=\"og:description\" content=\"Under Almedalen 2022 har Almega diskuterat kompetens, framtidens arbetsmarknad, h\u00e5llbarhet, v\u00e4lf\u00e4rdsf\u00f6retagande och mycket annat.\" \/>\n<meta property=\"og:url\" content=\"https:\/\/www.almega.se\/2022\/07\/almedalen-2022-en-viktig-vecka-med-tragiskt-avslut\/\" \/>\n<meta property=\"og:site_name\" content=\"Almega\" \/>\n<meta property=\"article:published_time\" content=\"2022-07-07T05:40:58+00:00\" \/>\n<meta property=\"article:modified_time\" content=\"2023-01-05T09:05:35+00:00\" \/>\n<meta property=\"og:image\" content=\"https:\/\/www.almega.se\/app\/uploads\/2022\/07\/almedalen2022-scaled.jpg\" \/>\n\t<meta property=\"og:image:width\" content=\"2560\" \/>\n\t<meta property=\"og:image:height\" content=\"1920\" \/>\n\t<meta property=\"og:image:type\" content=\"image\/jpeg\" \/>\n<meta name=\"author\" content=\"Shashika Sellgren\" \/>\n<meta name=\"twitter:card\" content=\"summary_large_image\" \/>\n<meta name=\"twitter:label1\" content=\"Skriven av\" \/>\n\t<meta name=\"twitter:data1\" content=\"Shashika Sellgren\" \/>\n\t<meta name=\"twitter:label2\" content=\"Ber\u00e4knad l\u00e4stid\" \/>\n\t<meta name=\"twitter:data2\" content=\"3 minuter\" \/>\n<!-- \/ Yoast SEO Premium plugin. -->","yoast_head_json":{"title":"Almedalen 2022 \u2013 en viktig vecka med tragiskt avslut | Almega","description":"Under Almedalen 2022 har Almega diskuterat kompetens, framtidens arbetsmarknad, h\u00e5llbarhet, v\u00e4lf\u00e4rdsf\u00f6retagande och mycket annat.","robots":{"index":"index","follow":"follow","max-snippet":"max-snippet:-1","max-image-preview":"max-image-preview:large","max-video-preview":"max-video-preview:-1"},"canonical":"https:\/\/www.almega.se\/2022\/07\/almedalen-2022-en-viktig-vecka-med-tragiskt-avslut\/","og_locale":"sv_SE","og_type":"article","og_title":"Almedalen 2022 \u2013 en viktig vecka med tragiskt avslut","og_description":"Under Almedalen 2022 har Almega diskuterat kompetens, framtidens arbetsmarknad, h\u00e5llbarhet, v\u00e4lf\u00e4rdsf\u00f6retagande och mycket annat.","og_url":"https:\/\/www.almega.se\/2022\/07\/almedalen-2022-en-viktig-vecka-med-tragiskt-avslut\/","og_site_name":"Almega","article_published_time":"2022-07-07T05:40:58+00:00","article_modified_time":"2023-01-05T09:05:35+00:00","og_image":[{"width":2560,"height":1920,"url":"https:\/\/www.almega.se\/app\/uploads\/2022\/07\/almedalen2022-scaled.jpg","type":"image\/jpeg"}],"author":"Shashika Sellgren","twitter_card":"summary_large_image","twitter_misc":{"Skriven av":"Shashika Sellgren","Ber\u00e4knad l\u00e4stid":"3 minuter"},"schema":{"@context":"https:\/\/schema.org","@graph":[{"@type":"NewsArticle","@id":"https:\/\/www.almega.se\/2022\/07\/almedalen-2022-en-viktig-vecka-med-tragiskt-avslut\/#article","isPartOf":{"@id":"https:\/\/www.almega.se\/2022\/07\/almedalen-2022-en-viktig-vecka-med-tragiskt-avslut\/"},"author":{"name":"Shashika Sellgren","@id":"https:\/\/www.almega.se\/#\/schema\/person\/38c6b37b81c530c93246c3d1993d5662"},"headline":"Almedalen 2022 \u2013 en viktig vecka med tragiskt avslut","datePublished":"2022-07-07T05:40:58+00:00","dateModified":"2023-01-05T09:05:35+00:00","mainEntityOfPage":{"@id":"https:\/\/www.almega.se\/2022\/07\/almedalen-2022-en-viktig-vecka-med-tragiskt-avslut\/"},"wordCount":604,"image":{"@id":"https:\/\/www.almega.se\/2022\/07\/almedalen-2022-en-viktig-vecka-med-tragiskt-avslut\/#primaryimage"},"thumbnailUrl":"https:\/\/www.almega.se\/app\/uploads\/2022\/07\/almedalen2022-scaled.jpg","inLanguage":"sv-SE"},{"@type":"WebPage","@id":"https:\/\/www.almega.se\/2022\/07\/almedalen-2022-en-viktig-vecka-med-tragiskt-avslut\/","url":"https:\/\/www.almega.se\/2022\/07\/almedalen-2022-en-viktig-vecka-med-tragiskt-avslut\/","name":"Almedalen 2022 \u2013 en viktig vecka med tragiskt avslut | Almega","isPartOf":{"@id":"https:\/\/www.almega.se\/#website"},"primaryImageOfPage":{"@id":"https:\/\/www.almega.se\/2022\/07\/almedalen-2022-en-viktig-vecka-med-tragiskt-avslut\/#primaryimage"},"image":{"@id":"https:\/\/www.almega.se\/2022\/07\/almedalen-2022-en-viktig-vecka-med-tragiskt-avslut\/#primaryimage"},"thumbnailUrl":"https:\/\/www.almega.se\/app\/uploads\/2022\/07\/almedalen2022-scaled.jpg","datePublished":"2022-07-07T05:40:58+00:00","dateModified":"2023-01-05T09:05:35+00:00","author":{"@id":"https:\/\/www.almega.se\/#\/schema\/person\/38c6b37b81c530c93246c3d1993d5662"},"description":"Under Almedalen 2022 har Almega diskuterat kompetens, framtidens arbetsmarknad, h\u00e5llbarhet, v\u00e4lf\u00e4rdsf\u00f6retagande och mycket annat.","breadcrumb":{"@id":"https:\/\/www.almega.se\/2022\/07\/almedalen-2022-en-viktig-vecka-med-tragiskt-avslut\/#breadcrumb"},"inLanguage":"sv-SE","potentialAction":[{"@type":"ReadAction","target":["https:\/\/www.almega.se\/2022\/07\/almedalen-2022-en-viktig-vecka-med-tragiskt-avslut\/"]}]},{"@type":"ImageObject","inLanguage":"sv-SE","@id":"https:\/\/www.almega.se\/2022\/07\/almedalen-2022-en-viktig-vecka-med-tragiskt-avslut\/#primaryimage","url":"https:\/\/www.almega.se\/app\/uploads\/2022\/07\/almedalen2022-scaled.jpg","contentUrl":"https:\/\/www.almega.se\/app\/uploads\/2022\/07\/almedalen2022-scaled.jpg","width":2560,"height":1920},{"@type":"BreadcrumbList","@id":"https:\/\/www.almega.se\/2022\/07\/almedalen-2022-en-viktig-vecka-med-tragiskt-avslut\/#breadcrumb","itemListElement":[{"@type":"ListItem","position":1,"name":"Home","item":"https:\/\/www.almega.se\/"},{"@type":"ListItem","position":2,"name":"Almedalen 2022 \u2013 en viktig vecka med tragiskt avslut"}]},{"@type":"WebSite","@id":"https:\/\/www.almega.se\/#website","url":"https:\/\/www.almega.se\/","name":"Almega","description":"","potentialAction":[{"@type":"SearchAction","target":{"@type":"EntryPoint","urlTemplate":"https:\/\/www.almega.se\/?s={search_term_string}"},"query-input":{"@type":"PropertyValueSpecification","valueRequired":true,"valueName":"search_term_string"}}],"inLanguage":"sv-SE"},{"@type":"Person","@id":"https:\/\/www.almega.se\/#\/schema\/person\/38c6b37b81c530c93246c3d1993d5662","name":"Shashika Sellgren","image":{"@type":"ImageObject","inLanguage":"sv-SE","@id":"https:\/\/www.almega.se\/#\/schema\/person\/image\/","url":"https:\/\/secure.gravatar.com\/avatar\/b225c479880df9eb82d1501dd105dd8040f27c8563f3d4bf5dd62ce0a1630abd?s=96&d=mm&r=g","contentUrl":"https:\/\/secure.gravatar.com\/avatar\/b225c479880df9eb82d1501dd105dd8040f27c8563f3d4bf5dd62ce0a1630abd?s=96&d=mm&r=g","caption":"Shashika Sellgren"},"url":"https:\/\/www.almega.se\/person\/shashikasellgren\/"}]}},"_links":{"self":[{"href":"https:\/\/www.almega.se\/api\/wp\/v2\/posts\/46776","targetHints":{"allow":["GET"]}}],"collection":[{"href":"https:\/\/www.almega.se\/api\/wp\/v2\/posts"}],"about":[{"href":"https:\/\/www.almega.se\/api\/wp\/v2\/types\/post"}],"author":[{"embeddable":true,"href":"https:\/\/www.almega.se\/api\/wp\/v2\/users\/6058"}],"replies":[{"embeddable":true,"href":"https:\/\/www.almega.se\/api\/wp\/v2\/comments?post=46776"}],"version-history":[{"count":6,"href":"https:\/\/www.almega.se\/api\/wp\/v2\/posts\/46776\/revisions"}],"predecessor-version":[{"id":52491,"href":"https:\/\/www.almega.se\/api\/wp\/v2\/posts\/46776\/revisions\/52491"}],"wp:featuredmedia":[{"embeddable":true,"href":"https:\/\/www.almega.se\/api\/wp\/v2\/media\/46779"}],"wp:attachment":[{"href":"https:\/\/www.almega.se\/api\/wp\/v2\/media?parent=46776"}],"wp:term":[{"taxonomy":"category","embeddable":true,"href":"https:\/\/www.almega.se\/api\/wp\/v2\/categories?post=46776"},{"taxonomy":"post_tag","embeddable":true,"href":"https:\/\/www.almega.se\/api\/wp\/v2\/tags?post=46776"},{"taxonomy":"type","embeddable":true,"href":"https:\/\/www.almega.se\/api\/wp\/v2\/article_type?post=46776"},{"taxonomy":"agreement","embeddable":true,"href":"https:\/\/www.almega.se\/api\/wp\/v2\/agreement?post=46776"}],"curies":[{"name":"wp","href":"https:\/\/api.w.org\/{rel}","templated":true}]}}