{"id":46617,"date":"2022-06-30T09:14:02","date_gmt":"2022-06-30T07:14:02","guid":{"rendered":"https:\/\/www.almega.se\/?p=46617"},"modified":"2023-01-05T10:11:24","modified_gmt":"2023-01-05T09:11:24","slug":"rapport-vart-femte-tjansteforetag-drabbat-av-cyberattacker","status":"publish","type":"post","link":"https:\/\/www.almega.se\/2022\/06\/rapport-vart-femte-tjansteforetag-drabbat-av-cyberattacker\/","title":{"rendered":"Rapport: Vart femte tj\u00e4nste&shy;f\u00f6retag drabbat av cyberattacker"},"content":{"rendered":"<p class=\"intro\">Ett av fem tj\u00e4nstef\u00f6retag har blivit utsatta f\u00f6r cyberattacker under de senaste \u00e5ren. De flesta attacker \u00e4r riktade och kvalificerade. Dessutom upplever f\u00f6retagen att det p\u00e5g\u00e5r ett konstant \u201dbrus\u201d av attackf\u00f6rs\u00f6k, i vissa fall dagligen. Det visar en ny rapport som 4C Strategies tagit fram p\u00e5 uppdrag av Almega.<\/p>\n\n<p>Cyberangreppen mot f\u00f6retag, myndigheter och organisationer har \u00f6kat i takt med digitaliseringen och f\u00f6rs\u00e4mrad s\u00e4kerhetspolitisk situation. Rysslands invasion av Ukraina har ocks\u00e5 inneburit ett \u00f6kat cyberhot mot Sverige. Enligt F\u00f6rsvarsmakten \u00e4r cyberhotet det allvarligaste hotet mot Sverige.<\/p>\n\n\n<a class='Share__link Share__link--url copy-text' href='#' rel='nofollow' data-text='vart-femte-foretag-drabbat' title='Dela url' data-confirmation='L\u00e4nken kopierades till urklipp'><svg class='icon icon--link'  width='18' height='18' viewBox='0 0 18 18' fill='none' xmlns='http:\/\/www.w3.org\/2000\/svg'>\n            <path d='M10.4142 0.514721L6.87868 4.05025L8.29289 5.46447L11.1213 2.63604L15.364 6.87868L12.5355 9.70711L13.9497 11.1213L17.4853 7.58579C17.8763 7.19476 17.8763 6.5626 17.4853 6.17158L11.8284 0.514721C11.4374 0.123691 10.8052 0.123691 10.4142 0.514721Z' fill='black'\/>\n            <path d='M9.7071 12.5355L6.87868 15.364L2.63604 11.1213L5.46446 8.2929L4.05025 6.87868L0.514716 10.4142C0.123686 10.8052 0.123686 11.4374 0.514716 11.8284L6.17157 17.4853C6.5626 17.8763 7.19475 17.8763 7.58578 17.4853L11.1213 13.9497L9.7071 12.5355Z' fill='black'\/>\n            <path d='M6.17157 11.8284C6.5626 12.2195 7.19475 12.2195 7.58578 11.8284L11.8284 7.58579C12.2195 7.19476 12.2195 6.56261 11.8284 6.17158C11.4374 5.78055 10.8052 5.78055 10.4142 6.17158L6.17157 10.4142C5.78054 10.8052 5.78054 11.4374 6.17157 11.8284Z' fill='black'\/>\n            <\/svg> <\/a>\n<h2 class=\"wp-block-heading\">Vart femte f\u00f6retag drabbat<\/h2>\n\n\n\n<p>\u2013 Cyberattacker \u00e4r redan en realitet. Rapporten visar att vart femte tj\u00e4nstef\u00f6retag har blivit utsatta f\u00f6r cyberattacker under de senaste tre \u00e5ren, de flesta riktade och kvalificerade. Dessutom upplever de flesta f\u00f6retagen ett konstant \u201dbrus\u201d av attackf\u00f6rs\u00f6k och det finns f\u00f6retag vars it-system dagligen uts\u00e4tts f\u00f6r hackerattacker, s\u00e4ger David W\u00e4stberg, n\u00e4ringspolitisk expert p\u00e5 Almega.<\/p>\n\n\n\n<p>Rapporten \u00e4r framtagen av s\u00e4kerhetskonsultf\u00f6retaget 4C Strategies p\u00e5 uppdrag av Almega och bygger p\u00e5 intervjuer med ledande befattningshavare som ansvarar f\u00f6r bland annat s\u00e4kerhetsfr\u00e5gor och s\u00e4kerhetsskydd. Dessutom har en enk\u00e4tunders\u00f6kning bland Almegas medlemmar genomf\u00f6rts.<\/p>\n\n\n<a class='Share__link Share__link--url copy-text' href='#' rel='nofollow' data-text='minimalt-utbyte' title='Dela url' data-confirmation='L\u00e4nken kopierades till urklipp'><svg class='icon icon--link'  width='18' height='18' viewBox='0 0 18 18' fill='none' xmlns='http:\/\/www.w3.org\/2000\/svg'>\n            <path d='M10.4142 0.514721L6.87868 4.05025L8.29289 5.46447L11.1213 2.63604L15.364 6.87868L12.5355 9.70711L13.9497 11.1213L17.4853 7.58579C17.8763 7.19476 17.8763 6.5626 17.4853 6.17158L11.8284 0.514721C11.4374 0.123691 10.8052 0.123691 10.4142 0.514721Z' fill='black'\/>\n            <path d='M9.7071 12.5355L6.87868 15.364L2.63604 11.1213L5.46446 8.2929L4.05025 6.87868L0.514716 10.4142C0.123686 10.8052 0.123686 11.4374 0.514716 11.8284L6.17157 17.4853C6.5626 17.8763 7.19475 17.8763 7.58578 17.4853L11.1213 13.9497L9.7071 12.5355Z' fill='black'\/>\n            <path d='M6.17157 11.8284C6.5626 12.2195 7.19475 12.2195 7.58578 11.8284L11.8284 7.58579C12.2195 7.19476 12.2195 6.56261 11.8284 6.17158C11.4374 5.78055 10.8052 5.78055 10.4142 6.17158L6.17157 10.4142C5.78054 10.8052 5.78054 11.4374 6.17157 11.8284Z' fill='black'\/>\n            <\/svg> <\/a>\n<h2 class=\"wp-block-heading\">Minimalt utbyte<\/h2>\n\n\n\n<p>Tj\u00e4nstef\u00f6retagen i rapporten uttrycker s\u00e5v\u00e4l en vilja som ett behov av samverkan och st\u00f6d med myndigheterna i fr\u00e5gor r\u00f6rande cybers\u00e4kerheten. Dessv\u00e4rre tyder mycket lite p\u00e5 att ett s\u00e5dant utbyte sker.<\/p>\n\n\n\n<p>\u2013 Fler \u00e4n nio av tio tj\u00e4nstef\u00f6retag samarbetar \u00f6verhuvudtaget inte med myndigheterna i fr\u00e5gan om cybers\u00e4kerheten. De \u00e4r dessutom os\u00e4kra p\u00e5 vilka myndigheter de kan eller b\u00f6r samarbeta med eller vilka som kan ge dem r\u00e4tt st\u00f6d, s\u00e4ger David W\u00e4stberg.<\/p>\n\n\n\n<p>Ett f\u00e5tal f\u00f6retag samarbetar dock med myndigheterna. I dessa fall tycks samarbetet fungera bra. Bland de akt\u00f6rer som n\u00e4mns \u00e5terfinns exempelvis Polisen, MSB samt kommuner och regioner.<\/p>\n\n\n<a class='Share__link Share__link--url copy-text' href='#' rel='nofollow' data-text='sa-starks-cybersakerheten' title='Dela url' data-confirmation='L\u00e4nken kopierades till urklipp'><svg class='icon icon--link'  width='18' height='18' viewBox='0 0 18 18' fill='none' xmlns='http:\/\/www.w3.org\/2000\/svg'>\n            <path d='M10.4142 0.514721L6.87868 4.05025L8.29289 5.46447L11.1213 2.63604L15.364 6.87868L12.5355 9.70711L13.9497 11.1213L17.4853 7.58579C17.8763 7.19476 17.8763 6.5626 17.4853 6.17158L11.8284 0.514721C11.4374 0.123691 10.8052 0.123691 10.4142 0.514721Z' fill='black'\/>\n            <path d='M9.7071 12.5355L6.87868 15.364L2.63604 11.1213L5.46446 8.2929L4.05025 6.87868L0.514716 10.4142C0.123686 10.8052 0.123686 11.4374 0.514716 11.8284L6.17157 17.4853C6.5626 17.8763 7.19475 17.8763 7.58578 17.4853L11.1213 13.9497L9.7071 12.5355Z' fill='black'\/>\n            <path d='M6.17157 11.8284C6.5626 12.2195 7.19475 12.2195 7.58578 11.8284L11.8284 7.58579C12.2195 7.19476 12.2195 6.56261 11.8284 6.17158C11.4374 5.78055 10.8052 5.78055 10.4142 6.17158L6.17157 10.4142C5.78054 10.8052 5.78054 11.4374 6.17157 11.8284Z' fill='black'\/>\n            <\/svg> <\/a>\n<h2 class=\"wp-block-heading\">S\u00e5 st\u00e4rks cybers\u00e4kerheten<\/h2>\n\n\n\n<p>Utifr\u00e5n vad som har framkommit i dialogen med tj\u00e4nstef\u00f6retagen i unders\u00f6kningen och genom arbetet med rapporten vill l\u00e4mnas f\u00f6ljande f\u00f6rslag f\u00f6r att st\u00e4rka cybers\u00e4kerheten:<\/p>\n\n\n\n<ul class=\"wp-block-list\">\n<li><strong>Samverkansformer<\/strong>: M\u00f6jligheterna att utveckla n\u00e4tverk f\u00f6r samverkan mellan f\u00f6retag och offentlig sektor beh\u00f6ver ses \u00f6ver och inkludera fler branscher.<\/li>\n\n\n\n<li><strong>Informationsdelning och kunskapsspridning:<\/strong> Uppr\u00e4tta fler forum d\u00e4r f\u00f6retag kan rapportera och ta del av relevant information. Det beh\u00f6vs mer kunskapsspridning i form av goda exempel p\u00e5 hur de kan arbeta f\u00f6rebyggande med cybers\u00e4kerheten.<\/li>\n\n\n\n<li><strong>Anpassade riktlinjer och r\u00e5d:<\/strong> Utveckla sektorsspecifika riktlinjer f\u00f6r cybers\u00e4kerhetsarbetet, i synnerhet till f\u00f6retag som bedriver samh\u00e4llsviktig verksamhet. Riktlinjer och v\u00e4gledning beh\u00f6ver \u00e4ven anpassas till sm\u00e5- och medelstora f\u00f6retag i h\u00f6gre utstr\u00e4ckning.<\/li>\n\n\n\n<li><strong>Resursst\u00f6d<\/strong>: Nationellt cybers\u00e4kerhetscenter b\u00f6r ges i uppdrag att erbjuda l\u00e4mpligt st\u00f6d till de som arbetar med st\u00f6djande eller f\u00f6rebyggande insatser vid attacker. Det st\u00f6d som erbjuds av Sveriges nationella Computer Emergency Response Team (CERT-SE) beh\u00f6ver ocks\u00e5 ses \u00f6ver s\u00e5 att det vid behov \u00e4ven inkluderar s\u00e4rskilt resursst\u00f6d, n\u00e5got som \u00e4r i linje med det uppdrag som regeringen nyligen gav MSB om CERT-SE.<\/li>\n<\/ul>\n\n\n<a class='Share__link Share__link--url copy-text' href='#' rel='nofollow' data-text='en-forutsattning-for-tillvaxt' title='Dela url' data-confirmation='L\u00e4nken kopierades till urklipp'><svg class='icon icon--link'  width='18' height='18' viewBox='0 0 18 18' fill='none' xmlns='http:\/\/www.w3.org\/2000\/svg'>\n            <path d='M10.4142 0.514721L6.87868 4.05025L8.29289 5.46447L11.1213 2.63604L15.364 6.87868L12.5355 9.70711L13.9497 11.1213L17.4853 7.58579C17.8763 7.19476 17.8763 6.5626 17.4853 6.17158L11.8284 0.514721C11.4374 0.123691 10.8052 0.123691 10.4142 0.514721Z' fill='black'\/>\n            <path d='M9.7071 12.5355L6.87868 15.364L2.63604 11.1213L5.46446 8.2929L4.05025 6.87868L0.514716 10.4142C0.123686 10.8052 0.123686 11.4374 0.514716 11.8284L6.17157 17.4853C6.5626 17.8763 7.19475 17.8763 7.58578 17.4853L11.1213 13.9497L9.7071 12.5355Z' fill='black'\/>\n            <path d='M6.17157 11.8284C6.5626 12.2195 7.19475 12.2195 7.58578 11.8284L11.8284 7.58579C12.2195 7.19476 12.2195 6.56261 11.8284 6.17158C11.4374 5.78055 10.8052 5.78055 10.4142 6.17158L6.17157 10.4142C5.78054 10.8052 5.78054 11.4374 6.17157 11.8284Z' fill='black'\/>\n            <\/svg> <\/a>\n<h2 class=\"wp-block-heading\">En f\u00f6ruts\u00e4ttning f\u00f6r tillv\u00e4xt<\/h2>\n\n\n\n<p>Cybers\u00e4kerheten \u00e4r n\u00f6dv\u00e4ndig f\u00f6r att n\u00e4ringslivet ska kunna utveckla och tillhandah\u00e5lla konkurrenskraftiga varor och tj\u00e4nster.<\/p>\n\n\n\n<p>\u2013 I ett st\u00f6rre perspektiv \u00e4r en god cybers\u00e4kerhet en f\u00f6ruts\u00e4ttning f\u00f6r svensk tillv\u00e4xt och konkurrenskraft, s\u00e4ger David W\u00e4stberg.<\/p>\n\n\n\n<p>Hela rapporten \u00e5terfinns <a href=\"https:\/\/www.almega.se\/app\/uploads\/2022\/06\/cybersakerhet.pdf\">h\u00e4r<\/a>.<\/p>\n\n\n<a class='Share__link Share__link--url copy-text' href='#' rel='nofollow' data-text='se-inspelningen-fran-seminariet' title='Dela url' data-confirmation='L\u00e4nken kopierades till urklipp'><svg class='icon icon--link'  width='18' height='18' viewBox='0 0 18 18' fill='none' xmlns='http:\/\/www.w3.org\/2000\/svg'>\n            <path d='M10.4142 0.514721L6.87868 4.05025L8.29289 5.46447L11.1213 2.63604L15.364 6.87868L12.5355 9.70711L13.9497 11.1213L17.4853 7.58579C17.8763 7.19476 17.8763 6.5626 17.4853 6.17158L11.8284 0.514721C11.4374 0.123691 10.8052 0.123691 10.4142 0.514721Z' fill='black'\/>\n            <path d='M9.7071 12.5355L6.87868 15.364L2.63604 11.1213L5.46446 8.2929L4.05025 6.87868L0.514716 10.4142C0.123686 10.8052 0.123686 11.4374 0.514716 11.8284L6.17157 17.4853C6.5626 17.8763 7.19475 17.8763 7.58578 17.4853L11.1213 13.9497L9.7071 12.5355Z' fill='black'\/>\n            <path d='M6.17157 11.8284C6.5626 12.2195 7.19475 12.2195 7.58578 11.8284L11.8284 7.58579C12.2195 7.19476 12.2195 6.56261 11.8284 6.17158C11.4374 5.78055 10.8052 5.78055 10.4142 6.17158L6.17157 10.4142C5.78054 10.8052 5.78054 11.4374 6.17157 11.8284Z' fill='black'\/>\n            <\/svg> <\/a>\n<h2 class=\"wp-block-heading\">Se inspelningen fr\u00e5n seminariet<\/h2>\n\n\n\n<p>Rapporten presenterades under ett seminarium den 30 juni 2022.<\/p>\n\n\n\n<h3 class=\"wp-block-heading\"><strong>Medverkande:<\/strong><\/h3>\n\n\n\n<p><strong>4C strategies<\/strong>: Nina Larsson, stabschef och Ebba Jeppsson, konsult, presenterar rapporten<br><strong>Baffin Bay Networks<\/strong>: Stefan Lindeberg, styrelseledamot<br><strong>Securitas<\/strong>: Rikard Andr\u00e9ason, IS\/IT-direkt\u00f6r Norden (via l\u00e4nk)<br><strong>F\u00f6rsvarets radioanstalt<\/strong>: John Ahlmark, kommunikat\u00f6r<br><strong>Polisens nationella IT-brottscentrum:<\/strong> Jan Olsson, kriminalkommissarie<br><strong>Moderator:<\/strong> David W\u00e4stberg, n\u00e4ringspolitisk expert, Almega<\/p>\n\n\n\n<p>Vi beklagar att ljudupptagningen f\u00f6rsvinner tidvis under inspelningen. Vi arbetar p\u00e5 att l\u00f6sa detta inf\u00f6r n\u00e4stkommande seminarium.<\/p>\n\n\n<p><iframe loading=\"lazy\" title=\"Hur st\u00e4rker vi cybers\u00e4kerheten?\" width=\"500\" height=\"281\" src=\"https:\/\/www.youtube.com\/embed\/b1a0Q8uApxc?feature=oembed\" frameborder=\"0\" allow=\"accelerometer; autoplay; clipboard-write; encrypted-media; gyroscope; picture-in-picture; web-share\" referrerpolicy=\"strict-origin-when-cross-origin\" allowfullscreen><\/iframe><\/p>\n","protected":false},"excerpt":{"rendered":"<p>Cyberangreppen mot f\u00f6retag, myndigheter och organisationer har \u00f6kat i takt med digitaliseringen och f\u00f6rs\u00e4mrad s\u00e4kerhetspolitisk situation. Rysslands invasion av Ukraina har ocks\u00e5 inneburit ett \u00f6kat cyberhot mot Sverige. Enligt F\u00f6rsvarsmakten \u00e4r cyberhotet det allvarligaste hotet &hellip;<\/p>\n","protected":false},"author":6356,"featured_media":46620,"comment_status":"closed","ping_status":"closed","sticky":false,"template":"","format":"standard","meta":{"_acf_changed":false,"footnotes":""},"categories":[451],"tags":[566],"article_type":[55,56],"agreement":[],"class_list":["post-46617","post","type-post","status-publish","format-standard","has-post-thumbnail","hentry","category-arbetsgivarfragor","tag-kriget-i-ukraina","type-artiklar","type-nyheter"],"acf":[],"yoast_head":"<!-- This site is optimized with the Yoast SEO Premium plugin v26.8 (Yoast SEO v26.8) - https:\/\/yoast.com\/product\/yoast-seo-premium-wordpress\/ -->\n<title>Rapport: Vart femte tj\u00e4nstef\u00f6retag drabbat av cyberattacker | Almega<\/title>\n<meta name=\"description\" content=\"Vart femte tj\u00e4nstef\u00f6retag har blivit utsatta f\u00f6r cyberattacker under de senaste \u00e5ren. De flesta attacker \u00e4r riktade och kvalificerade.\" \/>\n<meta name=\"robots\" content=\"index, follow, max-snippet:-1, max-image-preview:large, max-video-preview:-1\" \/>\n<link rel=\"canonical\" href=\"https:\/\/www.almega.se\/2022\/06\/rapport-vart-femte-tjansteforetag-drabbat-av-cyberattacker\/\" \/>\n<meta property=\"og:locale\" content=\"sv_SE\" \/>\n<meta property=\"og:type\" content=\"article\" \/>\n<meta property=\"og:title\" content=\"Rapport: Vart femte tj\u00e4nstef\u00f6retag drabbat av cyberattacker\" \/>\n<meta property=\"og:description\" content=\"Vart femte tj\u00e4nstef\u00f6retag har blivit utsatta f\u00f6r cyberattacker under de senaste \u00e5ren. De flesta attacker \u00e4r riktade och kvalificerade.\" \/>\n<meta property=\"og:url\" content=\"https:\/\/www.almega.se\/2022\/06\/rapport-vart-femte-tjansteforetag-drabbat-av-cyberattacker\/\" \/>\n<meta property=\"og:site_name\" content=\"Almega\" \/>\n<meta property=\"article:published_time\" content=\"2022-06-30T07:14:02+00:00\" \/>\n<meta property=\"article:modified_time\" content=\"2023-01-05T09:11:24+00:00\" \/>\n<meta property=\"og:image\" content=\"https:\/\/www.almega.se\/app\/uploads\/2022\/06\/gettyimages-1307905807-1-scaled.jpg\" \/>\n\t<meta property=\"og:image:width\" content=\"2560\" \/>\n\t<meta property=\"og:image:height\" content=\"1707\" \/>\n\t<meta property=\"og:image:type\" content=\"image\/jpeg\" \/>\n<meta name=\"author\" content=\"Erik Juhlin\" \/>\n<meta name=\"twitter:card\" content=\"summary_large_image\" \/>\n<meta name=\"twitter:label1\" content=\"Skriven av\" \/>\n\t<meta name=\"twitter:data1\" content=\"Erik Juhlin\" \/>\n\t<meta name=\"twitter:label2\" content=\"Ber\u00e4knad l\u00e4stid\" \/>\n\t<meta name=\"twitter:data2\" content=\"3 minuter\" \/>\n<!-- \/ Yoast SEO Premium plugin. -->","yoast_head_json":{"title":"Rapport: Vart femte tj\u00e4nstef\u00f6retag drabbat av cyberattacker | Almega","description":"Vart femte tj\u00e4nstef\u00f6retag har blivit utsatta f\u00f6r cyberattacker under de senaste \u00e5ren. De flesta attacker \u00e4r riktade och kvalificerade.","robots":{"index":"index","follow":"follow","max-snippet":"max-snippet:-1","max-image-preview":"max-image-preview:large","max-video-preview":"max-video-preview:-1"},"canonical":"https:\/\/www.almega.se\/2022\/06\/rapport-vart-femte-tjansteforetag-drabbat-av-cyberattacker\/","og_locale":"sv_SE","og_type":"article","og_title":"Rapport: Vart femte tj\u00e4nstef\u00f6retag drabbat av cyberattacker","og_description":"Vart femte tj\u00e4nstef\u00f6retag har blivit utsatta f\u00f6r cyberattacker under de senaste \u00e5ren. De flesta attacker \u00e4r riktade och kvalificerade.","og_url":"https:\/\/www.almega.se\/2022\/06\/rapport-vart-femte-tjansteforetag-drabbat-av-cyberattacker\/","og_site_name":"Almega","article_published_time":"2022-06-30T07:14:02+00:00","article_modified_time":"2023-01-05T09:11:24+00:00","og_image":[{"width":2560,"height":1707,"url":"https:\/\/www.almega.se\/app\/uploads\/2022\/06\/gettyimages-1307905807-1-scaled.jpg","type":"image\/jpeg"}],"author":"Erik Juhlin","twitter_card":"summary_large_image","twitter_misc":{"Skriven av":"Erik Juhlin","Ber\u00e4knad l\u00e4stid":"3 minuter"},"schema":{"@context":"https:\/\/schema.org","@graph":[{"@type":"NewsArticle","@id":"https:\/\/www.almega.se\/2022\/06\/rapport-vart-femte-tjansteforetag-drabbat-av-cyberattacker\/#article","isPartOf":{"@id":"https:\/\/www.almega.se\/2022\/06\/rapport-vart-femte-tjansteforetag-drabbat-av-cyberattacker\/"},"author":{"name":"Erik Juhlin","@id":"https:\/\/www.almega.se\/#\/schema\/person\/3c181ea7ead5ab7b14c61584637720f5"},"headline":"Rapport: Vart femte tj\u00e4nste&shy;f\u00f6retag drabbat av cyberattacker","datePublished":"2022-06-30T07:14:02+00:00","dateModified":"2023-01-05T09:11:24+00:00","mainEntityOfPage":{"@id":"https:\/\/www.almega.se\/2022\/06\/rapport-vart-femte-tjansteforetag-drabbat-av-cyberattacker\/"},"wordCount":657,"image":{"@id":"https:\/\/www.almega.se\/2022\/06\/rapport-vart-femte-tjansteforetag-drabbat-av-cyberattacker\/#primaryimage"},"thumbnailUrl":"https:\/\/www.almega.se\/app\/uploads\/2022\/06\/gettyimages-1307905807-1-scaled.jpg","keywords":["Kriget i Ukraina"],"articleSection":["Arbetsgivarfr\u00e5gor"],"inLanguage":"sv-SE"},{"@type":"WebPage","@id":"https:\/\/www.almega.se\/2022\/06\/rapport-vart-femte-tjansteforetag-drabbat-av-cyberattacker\/","url":"https:\/\/www.almega.se\/2022\/06\/rapport-vart-femte-tjansteforetag-drabbat-av-cyberattacker\/","name":"Rapport: Vart femte tj\u00e4nstef\u00f6retag drabbat av cyberattacker | Almega","isPartOf":{"@id":"https:\/\/www.almega.se\/#website"},"primaryImageOfPage":{"@id":"https:\/\/www.almega.se\/2022\/06\/rapport-vart-femte-tjansteforetag-drabbat-av-cyberattacker\/#primaryimage"},"image":{"@id":"https:\/\/www.almega.se\/2022\/06\/rapport-vart-femte-tjansteforetag-drabbat-av-cyberattacker\/#primaryimage"},"thumbnailUrl":"https:\/\/www.almega.se\/app\/uploads\/2022\/06\/gettyimages-1307905807-1-scaled.jpg","datePublished":"2022-06-30T07:14:02+00:00","dateModified":"2023-01-05T09:11:24+00:00","author":{"@id":"https:\/\/www.almega.se\/#\/schema\/person\/3c181ea7ead5ab7b14c61584637720f5"},"description":"Vart femte tj\u00e4nstef\u00f6retag har blivit utsatta f\u00f6r cyberattacker under de senaste \u00e5ren. De flesta attacker \u00e4r riktade och kvalificerade.","breadcrumb":{"@id":"https:\/\/www.almega.se\/2022\/06\/rapport-vart-femte-tjansteforetag-drabbat-av-cyberattacker\/#breadcrumb"},"inLanguage":"sv-SE","potentialAction":[{"@type":"ReadAction","target":["https:\/\/www.almega.se\/2022\/06\/rapport-vart-femte-tjansteforetag-drabbat-av-cyberattacker\/"]}]},{"@type":"ImageObject","inLanguage":"sv-SE","@id":"https:\/\/www.almega.se\/2022\/06\/rapport-vart-femte-tjansteforetag-drabbat-av-cyberattacker\/#primaryimage","url":"https:\/\/www.almega.se\/app\/uploads\/2022\/06\/gettyimages-1307905807-1-scaled.jpg","contentUrl":"https:\/\/www.almega.se\/app\/uploads\/2022\/06\/gettyimages-1307905807-1-scaled.jpg","width":2560,"height":1707,"caption":"Female engineer using digital tablet in server room. IT professional is standing at workplace. She is in casuals."},{"@type":"BreadcrumbList","@id":"https:\/\/www.almega.se\/2022\/06\/rapport-vart-femte-tjansteforetag-drabbat-av-cyberattacker\/#breadcrumb","itemListElement":[{"@type":"ListItem","position":1,"name":"Home","item":"https:\/\/www.almega.se\/"},{"@type":"ListItem","position":2,"name":"Rapport: Vart femte tj\u00e4nste&shy;f\u00f6retag drabbat av cyberattacker"}]},{"@type":"WebSite","@id":"https:\/\/www.almega.se\/#website","url":"https:\/\/www.almega.se\/","name":"Almega","description":"","potentialAction":[{"@type":"SearchAction","target":{"@type":"EntryPoint","urlTemplate":"https:\/\/www.almega.se\/?s={search_term_string}"},"query-input":{"@type":"PropertyValueSpecification","valueRequired":true,"valueName":"search_term_string"}}],"inLanguage":"sv-SE"},{"@type":"Person","@id":"https:\/\/www.almega.se\/#\/schema\/person\/3c181ea7ead5ab7b14c61584637720f5","name":"Erik Juhlin","image":{"@type":"ImageObject","inLanguage":"sv-SE","@id":"https:\/\/www.almega.se\/#\/schema\/person\/image\/","url":"https:\/\/secure.gravatar.com\/avatar\/ef0e97454357041724f27ea1630fa5bf78b30eea6fc56998e6a03142ad5b1370?s=96&d=mm&r=g","contentUrl":"https:\/\/secure.gravatar.com\/avatar\/ef0e97454357041724f27ea1630fa5bf78b30eea6fc56998e6a03142ad5b1370?s=96&d=mm&r=g","caption":"Erik Juhlin"},"url":"https:\/\/www.almega.se\/person\/erikjuhlin\/"}]}},"_links":{"self":[{"href":"https:\/\/www.almega.se\/api\/wp\/v2\/posts\/46617","targetHints":{"allow":["GET"]}}],"collection":[{"href":"https:\/\/www.almega.se\/api\/wp\/v2\/posts"}],"about":[{"href":"https:\/\/www.almega.se\/api\/wp\/v2\/types\/post"}],"author":[{"embeddable":true,"href":"https:\/\/www.almega.se\/api\/wp\/v2\/users\/6356"}],"replies":[{"embeddable":true,"href":"https:\/\/www.almega.se\/api\/wp\/v2\/comments?post=46617"}],"version-history":[{"count":6,"href":"https:\/\/www.almega.se\/api\/wp\/v2\/posts\/46617\/revisions"}],"predecessor-version":[{"id":52500,"href":"https:\/\/www.almega.se\/api\/wp\/v2\/posts\/46617\/revisions\/52500"}],"wp:featuredmedia":[{"embeddable":true,"href":"https:\/\/www.almega.se\/api\/wp\/v2\/media\/46620"}],"wp:attachment":[{"href":"https:\/\/www.almega.se\/api\/wp\/v2\/media?parent=46617"}],"wp:term":[{"taxonomy":"category","embeddable":true,"href":"https:\/\/www.almega.se\/api\/wp\/v2\/categories?post=46617"},{"taxonomy":"post_tag","embeddable":true,"href":"https:\/\/www.almega.se\/api\/wp\/v2\/tags?post=46617"},{"taxonomy":"type","embeddable":true,"href":"https:\/\/www.almega.se\/api\/wp\/v2\/article_type?post=46617"},{"taxonomy":"agreement","embeddable":true,"href":"https:\/\/www.almega.se\/api\/wp\/v2\/agreement?post=46617"}],"curies":[{"name":"wp","href":"https:\/\/api.w.org\/{rel}","templated":true}]}}