{"id":46602,"date":"2022-06-28T07:30:29","date_gmt":"2022-06-28T05:30:29","guid":{"rendered":"https:\/\/www.almega.se\/?p=46602"},"modified":"2023-01-09T17:11:22","modified_gmt":"2023-01-09T16:11:22","slug":"tjansteindikatorn-tjanstesektorn-bromsar-in","status":"publish","type":"post","link":"https:\/\/www.almega.se\/2022\/06\/tjansteindikatorn-tjanstesektorn-bromsar-in\/","title":{"rendered":"Tj\u00e4nste&shy;indikatorn: Stark tj\u00e4nstesektor bromsar in"},"content":{"rendered":"<p class=\"intro\">Tillv\u00e4xten i den privata tj\u00e4nstesektorn \u00e4r p\u00e5 v\u00e4g att bromsa in efter en mycket stark utveckling det senaste \u00e5ret. Det visar Almegas tj\u00e4nsteindikator f\u00f6r andra kvartalet. \u201dInbromsningen \u00e4r tydligast bland f\u00f6retagstj\u00e4nster\u201d, s\u00e4ger Almegas chefekonom Patrick Joyce.<\/p>\n\n<p>Under \u00e5rets f\u00f6rsta kvartal var produktionen i tj\u00e4nstesektorn sju procent h\u00f6gre \u00e4n ett \u00e5r tidigare. Enligt tj\u00e4nsteindikatorn, Almegas kvartalsvisa konjunkturm\u00e4tare, \u00e4r tillv\u00e4xten i tj\u00e4nstesektorn nu p\u00e5 v\u00e4g att bromsa in.<\/p>\n\n\n\n<p>\u2013 Inbromsningen \u00e4r tydligast bland f\u00f6retagstj\u00e4nster. D\u00e4remot utvecklas de tj\u00e4nstebranscher som s\u00e4ljer till hush\u00e5llen fortfarande bra, s\u00e4ger Patrick Joyce, chefekonom p\u00e5 Almega.<\/p>\n\n\n<a class='Share__link Share__link--url copy-text' href='#' rel='nofollow' data-text='bemanning-ar-undantaget' title='Dela url' data-confirmation='L\u00e4nken kopierades till urklipp'><svg class='icon icon--link'  width='18' height='18' viewBox='0 0 18 18' fill='none' xmlns='http:\/\/www.w3.org\/2000\/svg'>\n            <path d='M10.4142 0.514721L6.87868 4.05025L8.29289 5.46447L11.1213 2.63604L15.364 6.87868L12.5355 9.70711L13.9497 11.1213L17.4853 7.58579C17.8763 7.19476 17.8763 6.5626 17.4853 6.17158L11.8284 0.514721C11.4374 0.123691 10.8052 0.123691 10.4142 0.514721Z' fill='black'\/>\n            <path d='M9.7071 12.5355L6.87868 15.364L2.63604 11.1213L5.46446 8.2929L4.05025 6.87868L0.514716 10.4142C0.123686 10.8052 0.123686 11.4374 0.514716 11.8284L6.17157 17.4853C6.5626 17.8763 7.19475 17.8763 7.58578 17.4853L11.1213 13.9497L9.7071 12.5355Z' fill='black'\/>\n            <path d='M6.17157 11.8284C6.5626 12.2195 7.19475 12.2195 7.58578 11.8284L11.8284 7.58579C12.2195 7.19476 12.2195 6.56261 11.8284 6.17158C11.4374 5.78055 10.8052 5.78055 10.4142 6.17158L6.17157 10.4142C5.78054 10.8052 5.78054 11.4374 6.17157 11.8284Z' fill='black'\/>\n            <\/svg> <\/a>\n<h2 class=\"wp-block-heading\">Bemanning \u00e4r undantaget<\/h2>\n\n\n\n<p>Bland f\u00f6retag inom information och kommunikation har produktionen i princip varit of\u00f6r\u00e4ndrad sedan f\u00f6rra sommaren. \u00c4ven andra konsultbranscher som s\u00e4ljer till industrisektorn har v\u00e4xlat ner hittills under \u00e5ret.<\/p>\n\n\n\n<p>\u2013 Undantaget \u00e4r bemanningsbranschen d\u00e4r oms\u00e4ttningen har vuxit med \u00f6ver tjugo procent under det senaste \u00e5ret. Tillv\u00e4xten drivs p\u00e5 av den stora bristen p\u00e5 arbetskraft som r\u00e5der inom hela n\u00e4ringslivet, s\u00e4ger Patrick Joyce.<\/p>\n\n\n<a class='Share__link Share__link--url copy-text' href='#' rel='nofollow' data-text='stor-brist-pa-arbetskraft' title='Dela url' data-confirmation='L\u00e4nken kopierades till urklipp'><svg class='icon icon--link'  width='18' height='18' viewBox='0 0 18 18' fill='none' xmlns='http:\/\/www.w3.org\/2000\/svg'>\n            <path d='M10.4142 0.514721L6.87868 4.05025L8.29289 5.46447L11.1213 2.63604L15.364 6.87868L12.5355 9.70711L13.9497 11.1213L17.4853 7.58579C17.8763 7.19476 17.8763 6.5626 17.4853 6.17158L11.8284 0.514721C11.4374 0.123691 10.8052 0.123691 10.4142 0.514721Z' fill='black'\/>\n            <path d='M9.7071 12.5355L6.87868 15.364L2.63604 11.1213L5.46446 8.2929L4.05025 6.87868L0.514716 10.4142C0.123686 10.8052 0.123686 11.4374 0.514716 11.8284L6.17157 17.4853C6.5626 17.8763 7.19475 17.8763 7.58578 17.4853L11.1213 13.9497L9.7071 12.5355Z' fill='black'\/>\n            <path d='M6.17157 11.8284C6.5626 12.2195 7.19475 12.2195 7.58578 11.8284L11.8284 7.58579C12.2195 7.19476 12.2195 6.56261 11.8284 6.17158C11.4374 5.78055 10.8052 5.78055 10.4142 6.17158L6.17157 10.4142C5.78054 10.8052 5.78054 11.4374 6.17157 11.8284Z' fill='black'\/>\n            <\/svg> <\/a>\n<h2 class=\"wp-block-heading\">Stor brist p\u00e5 arbetskraft<\/h2>\n\n\n\n<p>Oms\u00e4ttningen i de tj\u00e4nstebranscher som s\u00e4ljer till hush\u00e5ll, fr\u00e4mst hotell och restaurang, har vuxit snabbt under v\u00e5ren. Utvecklingen hotas dock av \u00f6kad inflation och stigande r\u00e4ntor vilket urholkar hush\u00e5llens k\u00f6pkraft.<\/p>\n\n\n\n<p>Trots avmattningen \u00e4r arbetsmarknaden fortfarande stark. Det senaste \u00e5ret har det skapats 157 000 nya jobb i tj\u00e4nstesektorn. Den rekordstora bristen p\u00e5 arbetskraft bromsar dock jobbtillv\u00e4xten.<\/p>\n\n\n\n<p>\u2013 \u00d6ver h\u00e4lften av tj\u00e4nstef\u00f6retagen har sv\u00e5rt att rekrytera r\u00e4tt kompetens. Detta g\u00e4ller i stort sett hela tj\u00e4nstesektorn men st\u00f6rst problem har tekniska konsulter, bemanningsf\u00f6retag och f\u00f6retag inom bes\u00f6ksn\u00e4ringen, s\u00e4ger Patrick Joyce.<\/p>\n\n\n<a class='Share__link Share__link--url copy-text' href='#' rel='nofollow' data-text='rekordokning-av-priserna' title='Dela url' data-confirmation='L\u00e4nken kopierades till urklipp'><svg class='icon icon--link'  width='18' height='18' viewBox='0 0 18 18' fill='none' xmlns='http:\/\/www.w3.org\/2000\/svg'>\n            <path d='M10.4142 0.514721L6.87868 4.05025L8.29289 5.46447L11.1213 2.63604L15.364 6.87868L12.5355 9.70711L13.9497 11.1213L17.4853 7.58579C17.8763 7.19476 17.8763 6.5626 17.4853 6.17158L11.8284 0.514721C11.4374 0.123691 10.8052 0.123691 10.4142 0.514721Z' fill='black'\/>\n            <path d='M9.7071 12.5355L6.87868 15.364L2.63604 11.1213L5.46446 8.2929L4.05025 6.87868L0.514716 10.4142C0.123686 10.8052 0.123686 11.4374 0.514716 11.8284L6.17157 17.4853C6.5626 17.8763 7.19475 17.8763 7.58578 17.4853L11.1213 13.9497L9.7071 12.5355Z' fill='black'\/>\n            <path d='M6.17157 11.8284C6.5626 12.2195 7.19475 12.2195 7.58578 11.8284L11.8284 7.58579C12.2195 7.19476 12.2195 6.56261 11.8284 6.17158C11.4374 5.78055 10.8052 5.78055 10.4142 6.17158L6.17157 10.4142C5.78054 10.8052 5.78054 11.4374 6.17157 11.8284Z' fill='black'\/>\n            <\/svg> <\/a>\n<h2 class=\"wp-block-heading\">Rekord\u00f6kning av priserna<\/h2>\n\n\n\n<p>Under det f\u00f6rsta kvartalet \u00f6kade tj\u00e4nstepriserna med 6,3 procent i \u00e5rstakt. Det \u00e4r den st\u00f6rsta \u00f6kningen sedan Tj\u00e4nsteprisindex b\u00f6rjade m\u00e4tas 2005.<\/p>\n\n\n\n<p>\u2013 H\u00e4lften av pris\u00f6kningen f\u00f6rklaras av att transportpriserna skjutit i h\u00f6jden, orsakat av h\u00f6jda el- och drivmedelspriser. Almegas prisindikator tyder p\u00e5 att pris\u00f6kningarna kommer att forts\u00e4tta i samma takt \u00e4ven n\u00e4sta kvartal, men det avg\u00f6rs av hur energipriserna utvecklas, s\u00e4ger Patrick Joyce.<\/p>\n\n\n<a class='Share__link Share__link--url copy-text' href='#' rel='nofollow' data-text='om-tjansteindikatorn' title='Dela url' data-confirmation='L\u00e4nken kopierades till urklipp'><svg class='icon icon--link'  width='18' height='18' viewBox='0 0 18 18' fill='none' xmlns='http:\/\/www.w3.org\/2000\/svg'>\n            <path d='M10.4142 0.514721L6.87868 4.05025L8.29289 5.46447L11.1213 2.63604L15.364 6.87868L12.5355 9.70711L13.9497 11.1213L17.4853 7.58579C17.8763 7.19476 17.8763 6.5626 17.4853 6.17158L11.8284 0.514721C11.4374 0.123691 10.8052 0.123691 10.4142 0.514721Z' fill='black'\/>\n            <path d='M9.7071 12.5355L6.87868 15.364L2.63604 11.1213L5.46446 8.2929L4.05025 6.87868L0.514716 10.4142C0.123686 10.8052 0.123686 11.4374 0.514716 11.8284L6.17157 17.4853C6.5626 17.8763 7.19475 17.8763 7.58578 17.4853L11.1213 13.9497L9.7071 12.5355Z' fill='black'\/>\n            <path d='M6.17157 11.8284C6.5626 12.2195 7.19475 12.2195 7.58578 11.8284L11.8284 7.58579C12.2195 7.19476 12.2195 6.56261 11.8284 6.17158C11.4374 5.78055 10.8052 5.78055 10.4142 6.17158L6.17157 10.4142C5.78054 10.8052 5.78054 11.4374 6.17157 11.8284Z' fill='black'\/>\n            <\/svg> <\/a>\n<h2 class=\"wp-block-heading\">Om tj\u00e4nsteindikatorn<\/h2>\n\n\n\n<p><em>Tj\u00e4nsteindikatorn har tagits fram av Almega sedan 2001 f\u00f6r att ge en indikation om vart konjunkturen i den privata tj\u00e4nstesektorn \u00e4r p\u00e5 v\u00e4g p\u00e5 kort sikt. Indikatorn ger information f\u00f6r att tidigt kunna f\u00f6rutsp\u00e5 v\u00e4ndpunkter i konjunkturen, b\u00e5de inom tj\u00e4nstesektorn och i hela Sveriges ekonomi, eftersom den privata tj\u00e4nstesektorn svarar f\u00f6r mer \u00e4n h\u00e4lften av Sveriges totala produktion, BNP.<\/em><\/p>\n\n\n\n<p><em>Den fullst\u00e4ndiga rapporten \u00e5terfinns <a href=\"https:\/\/www.almega.se\/app\/uploads\/2022\/06\/tjansteindikatorn-kvartal-tva-2022.pdf\">h\u00e4r<\/a>.<\/em><\/p>\n","protected":false},"excerpt":{"rendered":"<p>Pandemins effekter \u00e4r \u00f6ver i hela tj\u00e4nstesektorn. Produktionen och jobben \u00e4r nu betydligt fler \u00e4n f\u00f6re pandemin i princip alla delar av tj\u00e4nstesektorn. Detta enligt Almegas Tj\u00e4nsteindikator. Kriget i Ukraina och den stigande inflationen hotar dock att utl\u00f6sa en ny kris.<\/p>\n","protected":false},"author":6356,"featured_media":43485,"comment_status":"closed","ping_status":"closed","sticky":false,"template":"","format":"standard","meta":{"_acf_changed":false,"footnotes":""},"categories":[581],"tags":[50],"article_type":[55,56],"agreement":[],"class_list":["post-46602","post","type-post","status-publish","format-standard","has-post-thumbnail","hentry","category-tjanstesektorns-betydelse","tag-tjanstesektorns-utveckling","type-artiklar","type-nyheter"],"acf":[],"yoast_head":"<!-- This site is optimized with the Yoast SEO Premium plugin v26.8 (Yoast SEO v26.8) - https:\/\/yoast.com\/product\/yoast-seo-premium-wordpress\/ -->\n<title>Tj\u00e4nsteindikatorn: Stark tj\u00e4nstesektor bromsar in | Almega<\/title>\n<meta name=\"description\" content=\"Tillv\u00e4xten i den privata tj\u00e4nstesektorn \u00e4r p\u00e5 v\u00e4g att bromsa in efter en mycket stark utveckling visar Tj\u00e4nsteindikatorn f\u00f6r andra kvartalet.\" \/>\n<meta name=\"robots\" content=\"index, follow, max-snippet:-1, max-image-preview:large, max-video-preview:-1\" \/>\n<link rel=\"canonical\" href=\"https:\/\/www.almega.se\/2022\/06\/tjansteindikatorn-tjanstesektorn-bromsar-in\/\" \/>\n<meta property=\"og:locale\" content=\"sv_SE\" \/>\n<meta property=\"og:type\" content=\"article\" \/>\n<meta property=\"og:title\" content=\"Tj\u00e4nsteindikatorn: Stark tj\u00e4nstesektor bromsar in\" \/>\n<meta property=\"og:description\" content=\"Tillv\u00e4xten i den privata tj\u00e4nstesektorn \u00e4r p\u00e5 v\u00e4g att bromsa in efter en mycket stark utveckling visar Tj\u00e4nsteindikatorn f\u00f6r andra kvartalet.\" \/>\n<meta property=\"og:url\" content=\"https:\/\/www.almega.se\/2022\/06\/tjansteindikatorn-tjanstesektorn-bromsar-in\/\" \/>\n<meta property=\"og:site_name\" content=\"Almega\" \/>\n<meta property=\"article:published_time\" content=\"2022-06-28T05:30:29+00:00\" \/>\n<meta property=\"article:modified_time\" content=\"2023-01-09T16:11:22+00:00\" \/>\n<meta property=\"og:image\" content=\"https:\/\/www.almega.se\/app\/uploads\/2022\/03\/24f20c96-da8f-4b9b-92a3-5e93d9f260a5-scaled.jpg\" \/>\n\t<meta property=\"og:image:width\" content=\"2560\" \/>\n\t<meta property=\"og:image:height\" content=\"1707\" \/>\n\t<meta property=\"og:image:type\" content=\"image\/jpeg\" \/>\n<meta name=\"author\" content=\"Erik Juhlin\" \/>\n<meta name=\"twitter:card\" content=\"summary_large_image\" \/>\n<meta name=\"twitter:label1\" content=\"Skriven av\" \/>\n\t<meta name=\"twitter:data1\" content=\"Erik Juhlin\" \/>\n\t<meta name=\"twitter:label2\" content=\"Ber\u00e4knad l\u00e4stid\" \/>\n\t<meta name=\"twitter:data2\" content=\"2 minuter\" \/>\n<!-- \/ Yoast SEO Premium plugin. -->","yoast_head_json":{"title":"Tj\u00e4nsteindikatorn: Stark tj\u00e4nstesektor bromsar in | Almega","description":"Tillv\u00e4xten i den privata tj\u00e4nstesektorn \u00e4r p\u00e5 v\u00e4g att bromsa in efter en mycket stark utveckling visar Tj\u00e4nsteindikatorn f\u00f6r andra kvartalet.","robots":{"index":"index","follow":"follow","max-snippet":"max-snippet:-1","max-image-preview":"max-image-preview:large","max-video-preview":"max-video-preview:-1"},"canonical":"https:\/\/www.almega.se\/2022\/06\/tjansteindikatorn-tjanstesektorn-bromsar-in\/","og_locale":"sv_SE","og_type":"article","og_title":"Tj\u00e4nsteindikatorn: Stark tj\u00e4nstesektor bromsar in","og_description":"Tillv\u00e4xten i den privata tj\u00e4nstesektorn \u00e4r p\u00e5 v\u00e4g att bromsa in efter en mycket stark utveckling visar Tj\u00e4nsteindikatorn f\u00f6r andra kvartalet.","og_url":"https:\/\/www.almega.se\/2022\/06\/tjansteindikatorn-tjanstesektorn-bromsar-in\/","og_site_name":"Almega","article_published_time":"2022-06-28T05:30:29+00:00","article_modified_time":"2023-01-09T16:11:22+00:00","og_image":[{"width":2560,"height":1707,"url":"https:\/\/www.almega.se\/app\/uploads\/2022\/03\/24f20c96-da8f-4b9b-92a3-5e93d9f260a5-scaled.jpg","type":"image\/jpeg"}],"author":"Erik Juhlin","twitter_card":"summary_large_image","twitter_misc":{"Skriven av":"Erik Juhlin","Ber\u00e4knad l\u00e4stid":"2 minuter"},"schema":{"@context":"https:\/\/schema.org","@graph":[{"@type":"NewsArticle","@id":"https:\/\/www.almega.se\/2022\/06\/tjansteindikatorn-tjanstesektorn-bromsar-in\/#article","isPartOf":{"@id":"https:\/\/www.almega.se\/2022\/06\/tjansteindikatorn-tjanstesektorn-bromsar-in\/"},"author":{"name":"Erik Juhlin","@id":"https:\/\/www.almega.se\/#\/schema\/person\/3c181ea7ead5ab7b14c61584637720f5"},"headline":"Tj\u00e4nste&shy;indikatorn: Stark tj\u00e4nstesektor bromsar in","datePublished":"2022-06-28T05:30:29+00:00","dateModified":"2023-01-09T16:11:22+00:00","mainEntityOfPage":{"@id":"https:\/\/www.almega.se\/2022\/06\/tjansteindikatorn-tjanstesektorn-bromsar-in\/"},"wordCount":421,"image":{"@id":"https:\/\/www.almega.se\/2022\/06\/tjansteindikatorn-tjanstesektorn-bromsar-in\/#primaryimage"},"thumbnailUrl":"https:\/\/www.almega.se\/app\/uploads\/2022\/03\/24f20c96-da8f-4b9b-92a3-5e93d9f260a5-scaled.jpg","keywords":["Tj\u00e4nstesektorns utveckling"],"articleSection":["Tj\u00e4nstesektorns betydelse"],"inLanguage":"sv-SE"},{"@type":"WebPage","@id":"https:\/\/www.almega.se\/2022\/06\/tjansteindikatorn-tjanstesektorn-bromsar-in\/","url":"https:\/\/www.almega.se\/2022\/06\/tjansteindikatorn-tjanstesektorn-bromsar-in\/","name":"Tj\u00e4nsteindikatorn: Stark tj\u00e4nstesektor bromsar in | Almega","isPartOf":{"@id":"https:\/\/www.almega.se\/#website"},"primaryImageOfPage":{"@id":"https:\/\/www.almega.se\/2022\/06\/tjansteindikatorn-tjanstesektorn-bromsar-in\/#primaryimage"},"image":{"@id":"https:\/\/www.almega.se\/2022\/06\/tjansteindikatorn-tjanstesektorn-bromsar-in\/#primaryimage"},"thumbnailUrl":"https:\/\/www.almega.se\/app\/uploads\/2022\/03\/24f20c96-da8f-4b9b-92a3-5e93d9f260a5-scaled.jpg","datePublished":"2022-06-28T05:30:29+00:00","dateModified":"2023-01-09T16:11:22+00:00","author":{"@id":"https:\/\/www.almega.se\/#\/schema\/person\/3c181ea7ead5ab7b14c61584637720f5"},"description":"Tillv\u00e4xten i den privata tj\u00e4nstesektorn \u00e4r p\u00e5 v\u00e4g att bromsa in efter en mycket stark utveckling visar Tj\u00e4nsteindikatorn f\u00f6r andra kvartalet.","breadcrumb":{"@id":"https:\/\/www.almega.se\/2022\/06\/tjansteindikatorn-tjanstesektorn-bromsar-in\/#breadcrumb"},"inLanguage":"sv-SE","potentialAction":[{"@type":"ReadAction","target":["https:\/\/www.almega.se\/2022\/06\/tjansteindikatorn-tjanstesektorn-bromsar-in\/"]}]},{"@type":"ImageObject","inLanguage":"sv-SE","@id":"https:\/\/www.almega.se\/2022\/06\/tjansteindikatorn-tjanstesektorn-bromsar-in\/#primaryimage","url":"https:\/\/www.almega.se\/app\/uploads\/2022\/03\/24f20c96-da8f-4b9b-92a3-5e93d9f260a5-scaled.jpg","contentUrl":"https:\/\/www.almega.se\/app\/uploads\/2022\/03\/24f20c96-da8f-4b9b-92a3-5e93d9f260a5-scaled.jpg","width":2560,"height":1707,"caption":"Patrick Joyce, chefekonom p\u00e5 Almega"},{"@type":"BreadcrumbList","@id":"https:\/\/www.almega.se\/2022\/06\/tjansteindikatorn-tjanstesektorn-bromsar-in\/#breadcrumb","itemListElement":[{"@type":"ListItem","position":1,"name":"Home","item":"https:\/\/www.almega.se\/"},{"@type":"ListItem","position":2,"name":"Tj\u00e4nste&shy;indikatorn: Stark tj\u00e4nstesektor bromsar in"}]},{"@type":"WebSite","@id":"https:\/\/www.almega.se\/#website","url":"https:\/\/www.almega.se\/","name":"Almega","description":"","potentialAction":[{"@type":"SearchAction","target":{"@type":"EntryPoint","urlTemplate":"https:\/\/www.almega.se\/?s={search_term_string}"},"query-input":{"@type":"PropertyValueSpecification","valueRequired":true,"valueName":"search_term_string"}}],"inLanguage":"sv-SE"},{"@type":"Person","@id":"https:\/\/www.almega.se\/#\/schema\/person\/3c181ea7ead5ab7b14c61584637720f5","name":"Erik Juhlin","image":{"@type":"ImageObject","inLanguage":"sv-SE","@id":"https:\/\/www.almega.se\/#\/schema\/person\/image\/","url":"https:\/\/secure.gravatar.com\/avatar\/ef0e97454357041724f27ea1630fa5bf78b30eea6fc56998e6a03142ad5b1370?s=96&d=mm&r=g","contentUrl":"https:\/\/secure.gravatar.com\/avatar\/ef0e97454357041724f27ea1630fa5bf78b30eea6fc56998e6a03142ad5b1370?s=96&d=mm&r=g","caption":"Erik Juhlin"},"url":"https:\/\/www.almega.se\/person\/erikjuhlin\/"}]}},"_links":{"self":[{"href":"https:\/\/www.almega.se\/api\/wp\/v2\/posts\/46602","targetHints":{"allow":["GET"]}}],"collection":[{"href":"https:\/\/www.almega.se\/api\/wp\/v2\/posts"}],"about":[{"href":"https:\/\/www.almega.se\/api\/wp\/v2\/types\/post"}],"author":[{"embeddable":true,"href":"https:\/\/www.almega.se\/api\/wp\/v2\/users\/6356"}],"replies":[{"embeddable":true,"href":"https:\/\/www.almega.se\/api\/wp\/v2\/comments?post=46602"}],"version-history":[{"count":3,"href":"https:\/\/www.almega.se\/api\/wp\/v2\/posts\/46602\/revisions"}],"predecessor-version":[{"id":52518,"href":"https:\/\/www.almega.se\/api\/wp\/v2\/posts\/46602\/revisions\/52518"}],"wp:featuredmedia":[{"embeddable":true,"href":"https:\/\/www.almega.se\/api\/wp\/v2\/media\/43485"}],"wp:attachment":[{"href":"https:\/\/www.almega.se\/api\/wp\/v2\/media?parent=46602"}],"wp:term":[{"taxonomy":"category","embeddable":true,"href":"https:\/\/www.almega.se\/api\/wp\/v2\/categories?post=46602"},{"taxonomy":"post_tag","embeddable":true,"href":"https:\/\/www.almega.se\/api\/wp\/v2\/tags?post=46602"},{"taxonomy":"type","embeddable":true,"href":"https:\/\/www.almega.se\/api\/wp\/v2\/article_type?post=46602"},{"taxonomy":"agreement","embeddable":true,"href":"https:\/\/www.almega.se\/api\/wp\/v2\/agreement?post=46602"}],"curies":[{"name":"wp","href":"https:\/\/api.w.org\/{rel}","templated":true}]}}