{"id":46318,"date":"2022-06-16T13:58:08","date_gmt":"2022-06-16T11:58:08","guid":{"rendered":"https:\/\/www.almega.se\/?p=46318"},"modified":"2023-01-05T09:22:36","modified_gmt":"2023-01-05T08:22:36","slug":"europeiska-minimiloner-rycker-allt-narmare","status":"publish","type":"post","link":"https:\/\/www.almega.se\/2022\/06\/europeiska-minimiloner-rycker-allt-narmare\/","title":{"rendered":"Europeiska minimil\u00f6ner rycker allt n\u00e4rmare"},"content":{"rendered":"<p class=\"intro\">Europaparlamentets och ministerr\u00e5dets f\u00f6rhandlare presenterade i f\u00f6rra veckan en uppg\u00f6relse om minimil\u00f6nedirektiv. I dag var det dags f\u00f6r medlemsl\u00e4nderna att yttra sig. Sverige \u00e4r, precis som Almega, emot direktivet.<\/p>\n\n<p>Sveriges arbetsmarknadsparter har varit emot f\u00f6rslaget under hela processen, med argumentet att direktivet riskerar att undergr\u00e4va den svenska modellen med kollektivavtal.<\/p>\n\n\n\n<p>\u2013 I Sverige hanteras l\u00f6nebildningen av arbetsmarknadens parter i kollektivavtal. Detta gynnar s\u00e5v\u00e4l arbetsgivare som arbetstagare i termer av konkurrenskraft och l\u00f6neutveckling. Det \u00e4r en bra modell som vi v\u00e4rnar om tillsammans med de fackliga organisationerna, s\u00e4ger Susanne Sv\u00e4rd Elfstr\u00f6m, arbetsmarknadspolitisk expert EU-fr\u00e5gor p\u00e5 Almega.<\/p>\n\n\n\n<p>Arbetsmarknadsminister Eva Nordstr\u00f6m (S) har tidigare aviserat att Sverige kommer att r\u00f6sta nej till direktivet n\u00e4r det formellt ska antas. Men eftersom det bara \u00e4r Sverige och Danmark som meddelat att de kommer att r\u00f6sta nej, kommer miniminl\u00f6nedirektivet bli ett bindande regelverk f\u00f6r hela EU. Den svenska regeringen har dock uppfattningen att direktivet inte beh\u00f6ver implementeras i Sverige och att vi d\u00e4rf\u00f6r inte kommer att p\u00e5verkas.<\/p>\n\n\n\n<p>\u2013 Det \u00e4r positivt att regeringen inte ser behov av implementering i Sverige och att vi inte kommer att p\u00e5verkas av detta direktiv. Samtidigt \u00e4r det oroande att EU-domstolen kan komma att tolka regelverket s\u00e5 att det \u00e4nd\u00e5 p\u00e5verkar v\u00e5rt svenska s\u00e4tt att hantera l\u00f6nebildning p\u00e5, s\u00e4ger Susanne Sv\u00e4rd Elfstr\u00f6m.<\/p>\n\n\n\n<p>Nu ska direktivet \u00f6vers\u00e4ttas till samtliga EU:s medlemspr\u00e5k innan det formellt kan antas av ministerr\u00e5det och Europaparlamentet, n\u00e5got som troligen sker i september.<\/p>\n","protected":false},"excerpt":{"rendered":"<p>Sveriges arbetsmarknadsparter har varit emot f\u00f6rslaget under hela processen, med argumentet att direktivet riskerar att undergr\u00e4va den svenska modellen med kollektivavtal. \u2013 I Sverige hanteras l\u00f6nebildningen av arbetsmarknadens parter i kollektivavtal. Detta gynnar s\u00e5v\u00e4l arbetsgivare &hellip;<\/p>\n","protected":false},"author":6356,"featured_media":40869,"comment_status":"closed","ping_status":"closed","sticky":false,"template":"","format":"standard","meta":{"_acf_changed":false,"footnotes":""},"categories":[64,79],"tags":[478],"article_type":[56],"agreement":[],"class_list":["post-46318","post","type-post","status-publish","format-standard","has-post-thumbnail","hentry","category-arbetsmarknad","category-eu-och-internationellt","tag-minimiloner","type-nyheter"],"acf":[],"yoast_head":"<!-- This site is optimized with the Yoast SEO Premium plugin v26.8 (Yoast SEO v26.8) - https:\/\/yoast.com\/product\/yoast-seo-premium-wordpress\/ -->\n<title>Europeiska minimil\u00f6ner rycker allt n\u00e4rmare | Almega<\/title>\n<meta name=\"description\" content=\"Efter EU-parlamentets och ministerr\u00e5dets uppg\u00f6relse om minimil\u00f6nedirektiv rycker europeiska minimil\u00f6ner allt n\u00e4rmare. Oroande anser Almega.\" \/>\n<meta name=\"robots\" content=\"index, follow, max-snippet:-1, max-image-preview:large, max-video-preview:-1\" \/>\n<link rel=\"canonical\" href=\"https:\/\/www.almega.se\/2022\/06\/europeiska-minimiloner-rycker-allt-narmare\/\" \/>\n<meta property=\"og:locale\" content=\"sv_SE\" \/>\n<meta property=\"og:type\" content=\"article\" \/>\n<meta property=\"og:title\" content=\"Europeiska minimil\u00f6ner rycker allt n\u00e4rmare\" \/>\n<meta property=\"og:description\" content=\"Efter EU-parlamentets och ministerr\u00e5dets uppg\u00f6relse om minimil\u00f6nedirektiv rycker europeiska minimil\u00f6ner allt n\u00e4rmare. Oroande anser Almega.\" \/>\n<meta property=\"og:url\" content=\"https:\/\/www.almega.se\/2022\/06\/europeiska-minimiloner-rycker-allt-narmare\/\" \/>\n<meta property=\"og:site_name\" content=\"Almega\" \/>\n<meta property=\"article:published_time\" content=\"2022-06-16T11:58:08+00:00\" \/>\n<meta property=\"article:modified_time\" content=\"2023-01-05T08:22:36+00:00\" \/>\n<meta property=\"og:image\" content=\"https:\/\/www.almega.se\/app\/uploads\/2021\/11\/susanne-se-scaled.jpg\" \/>\n\t<meta property=\"og:image:width\" content=\"2560\" \/>\n\t<meta property=\"og:image:height\" content=\"1863\" \/>\n\t<meta property=\"og:image:type\" content=\"image\/jpeg\" \/>\n<meta name=\"author\" content=\"Erik Juhlin\" \/>\n<meta name=\"twitter:card\" content=\"summary_large_image\" \/>\n<meta name=\"twitter:label1\" content=\"Skriven av\" \/>\n\t<meta name=\"twitter:data1\" content=\"Erik Juhlin\" \/>\n\t<meta name=\"twitter:label2\" content=\"Ber\u00e4knad l\u00e4stid\" \/>\n\t<meta name=\"twitter:data2\" content=\"2 minuter\" \/>\n<!-- \/ Yoast SEO Premium plugin. -->","yoast_head_json":{"title":"Europeiska minimil\u00f6ner rycker allt n\u00e4rmare | Almega","description":"Efter EU-parlamentets och ministerr\u00e5dets uppg\u00f6relse om minimil\u00f6nedirektiv rycker europeiska minimil\u00f6ner allt n\u00e4rmare. Oroande anser Almega.","robots":{"index":"index","follow":"follow","max-snippet":"max-snippet:-1","max-image-preview":"max-image-preview:large","max-video-preview":"max-video-preview:-1"},"canonical":"https:\/\/www.almega.se\/2022\/06\/europeiska-minimiloner-rycker-allt-narmare\/","og_locale":"sv_SE","og_type":"article","og_title":"Europeiska minimil\u00f6ner rycker allt n\u00e4rmare","og_description":"Efter EU-parlamentets och ministerr\u00e5dets uppg\u00f6relse om minimil\u00f6nedirektiv rycker europeiska minimil\u00f6ner allt n\u00e4rmare. Oroande anser Almega.","og_url":"https:\/\/www.almega.se\/2022\/06\/europeiska-minimiloner-rycker-allt-narmare\/","og_site_name":"Almega","article_published_time":"2022-06-16T11:58:08+00:00","article_modified_time":"2023-01-05T08:22:36+00:00","og_image":[{"width":2560,"height":1863,"url":"https:\/\/www.almega.se\/app\/uploads\/2021\/11\/susanne-se-scaled.jpg","type":"image\/jpeg"}],"author":"Erik Juhlin","twitter_card":"summary_large_image","twitter_misc":{"Skriven av":"Erik Juhlin","Ber\u00e4knad l\u00e4stid":"2 minuter"},"schema":{"@context":"https:\/\/schema.org","@graph":[{"@type":"NewsArticle","@id":"https:\/\/www.almega.se\/2022\/06\/europeiska-minimiloner-rycker-allt-narmare\/#article","isPartOf":{"@id":"https:\/\/www.almega.se\/2022\/06\/europeiska-minimiloner-rycker-allt-narmare\/"},"author":{"name":"Erik Juhlin","@id":"https:\/\/www.almega.se\/#\/schema\/person\/3c181ea7ead5ab7b14c61584637720f5"},"headline":"Europeiska minimil\u00f6ner rycker allt n\u00e4rmare","datePublished":"2022-06-16T11:58:08+00:00","dateModified":"2023-01-05T08:22:36+00:00","mainEntityOfPage":{"@id":"https:\/\/www.almega.se\/2022\/06\/europeiska-minimiloner-rycker-allt-narmare\/"},"wordCount":244,"image":{"@id":"https:\/\/www.almega.se\/2022\/06\/europeiska-minimiloner-rycker-allt-narmare\/#primaryimage"},"thumbnailUrl":"https:\/\/www.almega.se\/app\/uploads\/2021\/11\/susanne-se-scaled.jpg","keywords":["Minimil\u00f6ner"],"articleSection":["Arbetsmarknad","EU och internationellt"],"inLanguage":"sv-SE"},{"@type":"WebPage","@id":"https:\/\/www.almega.se\/2022\/06\/europeiska-minimiloner-rycker-allt-narmare\/","url":"https:\/\/www.almega.se\/2022\/06\/europeiska-minimiloner-rycker-allt-narmare\/","name":"Europeiska minimil\u00f6ner rycker allt n\u00e4rmare | Almega","isPartOf":{"@id":"https:\/\/www.almega.se\/#website"},"primaryImageOfPage":{"@id":"https:\/\/www.almega.se\/2022\/06\/europeiska-minimiloner-rycker-allt-narmare\/#primaryimage"},"image":{"@id":"https:\/\/www.almega.se\/2022\/06\/europeiska-minimiloner-rycker-allt-narmare\/#primaryimage"},"thumbnailUrl":"https:\/\/www.almega.se\/app\/uploads\/2021\/11\/susanne-se-scaled.jpg","datePublished":"2022-06-16T11:58:08+00:00","dateModified":"2023-01-05T08:22:36+00:00","author":{"@id":"https:\/\/www.almega.se\/#\/schema\/person\/3c181ea7ead5ab7b14c61584637720f5"},"description":"Efter EU-parlamentets och ministerr\u00e5dets uppg\u00f6relse om minimil\u00f6nedirektiv rycker europeiska minimil\u00f6ner allt n\u00e4rmare. Oroande anser Almega.","breadcrumb":{"@id":"https:\/\/www.almega.se\/2022\/06\/europeiska-minimiloner-rycker-allt-narmare\/#breadcrumb"},"inLanguage":"sv-SE","potentialAction":[{"@type":"ReadAction","target":["https:\/\/www.almega.se\/2022\/06\/europeiska-minimiloner-rycker-allt-narmare\/"]}]},{"@type":"ImageObject","inLanguage":"sv-SE","@id":"https:\/\/www.almega.se\/2022\/06\/europeiska-minimiloner-rycker-allt-narmare\/#primaryimage","url":"https:\/\/www.almega.se\/app\/uploads\/2021\/11\/susanne-se-scaled.jpg","contentUrl":"https:\/\/www.almega.se\/app\/uploads\/2021\/11\/susanne-se-scaled.jpg","width":2560,"height":1863,"caption":"Europeiska minimil\u00f6ner allt n\u00e4rmare"},{"@type":"BreadcrumbList","@id":"https:\/\/www.almega.se\/2022\/06\/europeiska-minimiloner-rycker-allt-narmare\/#breadcrumb","itemListElement":[{"@type":"ListItem","position":1,"name":"Home","item":"https:\/\/www.almega.se\/"},{"@type":"ListItem","position":2,"name":"Europeiska minimil\u00f6ner rycker allt n\u00e4rmare"}]},{"@type":"WebSite","@id":"https:\/\/www.almega.se\/#website","url":"https:\/\/www.almega.se\/","name":"Almega","description":"","potentialAction":[{"@type":"SearchAction","target":{"@type":"EntryPoint","urlTemplate":"https:\/\/www.almega.se\/?s={search_term_string}"},"query-input":{"@type":"PropertyValueSpecification","valueRequired":true,"valueName":"search_term_string"}}],"inLanguage":"sv-SE"},{"@type":"Person","@id":"https:\/\/www.almega.se\/#\/schema\/person\/3c181ea7ead5ab7b14c61584637720f5","name":"Erik Juhlin","image":{"@type":"ImageObject","inLanguage":"sv-SE","@id":"https:\/\/www.almega.se\/#\/schema\/person\/image\/","url":"https:\/\/secure.gravatar.com\/avatar\/ef0e97454357041724f27ea1630fa5bf78b30eea6fc56998e6a03142ad5b1370?s=96&d=mm&r=g","contentUrl":"https:\/\/secure.gravatar.com\/avatar\/ef0e97454357041724f27ea1630fa5bf78b30eea6fc56998e6a03142ad5b1370?s=96&d=mm&r=g","caption":"Erik Juhlin"},"url":"https:\/\/www.almega.se\/person\/erikjuhlin\/"}]}},"_links":{"self":[{"href":"https:\/\/www.almega.se\/api\/wp\/v2\/posts\/46318","targetHints":{"allow":["GET"]}}],"collection":[{"href":"https:\/\/www.almega.se\/api\/wp\/v2\/posts"}],"about":[{"href":"https:\/\/www.almega.se\/api\/wp\/v2\/types\/post"}],"author":[{"embeddable":true,"href":"https:\/\/www.almega.se\/api\/wp\/v2\/users\/6356"}],"replies":[{"embeddable":true,"href":"https:\/\/www.almega.se\/api\/wp\/v2\/comments?post=46318"}],"version-history":[{"count":4,"href":"https:\/\/www.almega.se\/api\/wp\/v2\/posts\/46318\/revisions"}],"predecessor-version":[{"id":52451,"href":"https:\/\/www.almega.se\/api\/wp\/v2\/posts\/46318\/revisions\/52451"}],"wp:featuredmedia":[{"embeddable":true,"href":"https:\/\/www.almega.se\/api\/wp\/v2\/media\/40869"}],"wp:attachment":[{"href":"https:\/\/www.almega.se\/api\/wp\/v2\/media?parent=46318"}],"wp:term":[{"taxonomy":"category","embeddable":true,"href":"https:\/\/www.almega.se\/api\/wp\/v2\/categories?post=46318"},{"taxonomy":"post_tag","embeddable":true,"href":"https:\/\/www.almega.se\/api\/wp\/v2\/tags?post=46318"},{"taxonomy":"type","embeddable":true,"href":"https:\/\/www.almega.se\/api\/wp\/v2\/article_type?post=46318"},{"taxonomy":"agreement","embeddable":true,"href":"https:\/\/www.almega.se\/api\/wp\/v2\/agreement?post=46318"}],"curies":[{"name":"wp","href":"https:\/\/api.w.org\/{rel}","templated":true}]}}