{"id":46145,"date":"2022-06-13T16:04:24","date_gmt":"2022-06-13T14:04:24","guid":{"rendered":"https:\/\/www.almega.se\/?p=46145"},"modified":"2023-01-05T09:42:01","modified_gmt":"2023-01-05T08:42:01","slug":"detta-uppnadde-almega-och-medlemsforetag-under-jarvaveckan-2022","status":"publish","type":"post","link":"https:\/\/www.almega.se\/2022\/06\/detta-uppnadde-almega-och-medlemsforetag-under-jarvaveckan-2022\/","title":{"rendered":"Detta uppn\u00e5dde Almega och medlems&shy;f\u00f6retag under J\u00e4rvaveckan 2022"},"content":{"rendered":"<p class=\"intro\">Kompetensf\u00f6rs\u00f6rjning \u00e4r en central fr\u00e5ga f\u00f6r Almegas medlemsf\u00f6retag, och J\u00e4rvaveckan ger m\u00f6jligheten att visa upp vad tj\u00e4nstesektorn g\u00f6r f\u00f6r samh\u00e4llet. Men vilka var f\u00f6rv\u00e4ntningarna och vilket blev resultatet?<\/p>\n\n<p><\/p>\n\n\n<a class='Share__link Share__link--url copy-text' href='#' rel='nofollow' data-text='per-hammar,-almegas-naringspolitiska-expert-och-ansvarig-for-almegas-narvaro-under-jarvaveckan:' title='Dela url' data-confirmation='L\u00e4nken kopierades till urklipp'><svg class='icon icon--link'  width='18' height='18' viewBox='0 0 18 18' fill='none' xmlns='http:\/\/www.w3.org\/2000\/svg'>\n            <path d='M10.4142 0.514721L6.87868 4.05025L8.29289 5.46447L11.1213 2.63604L15.364 6.87868L12.5355 9.70711L13.9497 11.1213L17.4853 7.58579C17.8763 7.19476 17.8763 6.5626 17.4853 6.17158L11.8284 0.514721C11.4374 0.123691 10.8052 0.123691 10.4142 0.514721Z' fill='black'\/>\n            <path d='M9.7071 12.5355L6.87868 15.364L2.63604 11.1213L5.46446 8.2929L4.05025 6.87868L0.514716 10.4142C0.123686 10.8052 0.123686 11.4374 0.514716 11.8284L6.17157 17.4853C6.5626 17.8763 7.19475 17.8763 7.58578 17.4853L11.1213 13.9497L9.7071 12.5355Z' fill='black'\/>\n            <path d='M6.17157 11.8284C6.5626 12.2195 7.19475 12.2195 7.58578 11.8284L11.8284 7.58579C12.2195 7.19476 12.2195 6.56261 11.8284 6.17158C11.4374 5.78055 10.8052 5.78055 10.4142 6.17158L6.17157 10.4142C5.78054 10.8052 5.78054 11.4374 6.17157 11.8284Z' fill='black'\/>\n            <\/svg> <\/a>\n<h2 class=\"wp-block-heading\">Per Hammar, Almegas n\u00e4ringspolitiska expert och ansvarig f\u00f6r Almegas n\u00e4rvaro under J\u00e4rvaveckan:<\/h2>\n\n\n\n<h3 class=\"wp-block-heading\">Varf\u00f6r deltog Almega under J\u00e4rvaveckan?<\/h3>\n\n\n\n<p>\u2013 Kompetensf\u00f6rs\u00f6rjning \u00e4r en central fr\u00e5ga f\u00f6r v\u00e5ra medlemsf\u00f6retag. Tj\u00e4nstesektorn beh\u00f6ver fler medarbetare och arbetsl\u00f6sheten i J\u00e4rva och andra utsatta omr\u00e5den \u00e4r stor. Genom att synligg\u00f6ra de viktiga jobb som finns inom v\u00e5ra branscher och ha medlemsf\u00f6retag som rekryterar och erbjuder utbildningar p\u00e5 plats s\u00e4tter vi kompetensf\u00f6rs\u00f6rjningen inom tj\u00e4nstesektorn i fokus och visar p\u00e5 den samh\u00e4llsnytta som tj\u00e4nstesektorn faktiskt g\u00f6r.<\/p>\n\n\n\n<h3 class=\"wp-block-heading\">Vilka var Almegas f\u00f6rv\u00e4ntningar p\u00e5 veckan?<\/h3>\n\n\n\n<p>\u2013 Vi ville synligg\u00f6ra s\u00e5 m\u00e5nga medlemsf\u00f6retag som m\u00f6jligt inom de f\u00f6rbund som n\u00e4rvarade &#8212; Kompetensf\u00f6retagen, T\u00e5gf\u00f6retagen, Servicef\u00f6retagen och Utbildningsf\u00f6retagen \u2013 s\u00e5 att de kunde f\u00e5 m\u00f6jlighet att visa upp sig, rekrytera och k\u00e4nna sig n\u00f6jda med sitt deltagande under J\u00e4rvaveckan.<\/p>\n\n\n\n<h3 class=\"wp-block-heading\">Vad resulterade Almegas medverkan i?<\/h3>\n\n\n\n<p>\u2013 Jag tror att m\u00e5nga av v\u00e5ra n\u00e4rvarande medlemsf\u00f6retag var n\u00f6jda \u2013 de fick synas, visa upp sin seriositet och knyta kontakter med s\u00e5v\u00e4l personer som s\u00f6kte jobb eller utbildning som andra f\u00f6retag och beslutsfattare. De fick visa upp sina branscher inom sektorn och vikten av dess yrken.<\/p>\n\n\n\n<p>Det var ocks\u00e5 roligt att se ett v\u00e4xande intresse av att delta under J\u00e4rvaveckan, \u00e4ven om trycket inte var lika h\u00f6gt i \u00e5r med anledning av os\u00e4kerheten i och med pandemin. Jag tycker att det \u00e4r gl\u00e4djande att s\u00e5 m\u00e5nga av v\u00e5ra medlemsf\u00f6retag var p\u00e5 plats \u2013 inte bara i Almegas t\u00e4lt, utan \u00e4ven som partner med egna t\u00e4lt inom omr\u00e5det. Att de tror p\u00e5 m\u00e5ngfald och inkludering, som \u00e4r en viktig samh\u00e4llsfr\u00e5ga.<\/p>\n\n\n\n<p><strong><br>\nVi passade \u00e4ven p\u00e5 att intervjua tv\u00e5 medlemsf\u00f6retag som n\u00e4rvarade i Almegas t\u00e4lt under J\u00e4rvaveckan.<\/strong><\/p>\n\n\n<a class='Share__link Share__link--url copy-text' href='#' rel='nofollow' data-text='joakim-gothe,-affars--och-utvecklingschef-pa-yrkesakademin:' title='Dela url' data-confirmation='L\u00e4nken kopierades till urklipp'><svg class='icon icon--link'  width='18' height='18' viewBox='0 0 18 18' fill='none' xmlns='http:\/\/www.w3.org\/2000\/svg'>\n            <path d='M10.4142 0.514721L6.87868 4.05025L8.29289 5.46447L11.1213 2.63604L15.364 6.87868L12.5355 9.70711L13.9497 11.1213L17.4853 7.58579C17.8763 7.19476 17.8763 6.5626 17.4853 6.17158L11.8284 0.514721C11.4374 0.123691 10.8052 0.123691 10.4142 0.514721Z' fill='black'\/>\n            <path d='M9.7071 12.5355L6.87868 15.364L2.63604 11.1213L5.46446 8.2929L4.05025 6.87868L0.514716 10.4142C0.123686 10.8052 0.123686 11.4374 0.514716 11.8284L6.17157 17.4853C6.5626 17.8763 7.19475 17.8763 7.58578 17.4853L11.1213 13.9497L9.7071 12.5355Z' fill='black'\/>\n            <path d='M6.17157 11.8284C6.5626 12.2195 7.19475 12.2195 7.58578 11.8284L11.8284 7.58579C12.2195 7.19476 12.2195 6.56261 11.8284 6.17158C11.4374 5.78055 10.8052 5.78055 10.4142 6.17158L6.17157 10.4142C5.78054 10.8052 5.78054 11.4374 6.17157 11.8284Z' fill='black'\/>\n            <\/svg> <\/a>\n<h2 class=\"wp-block-heading\">Joakim G\u00f6the, aff\u00e4rs- och utvecklingschef p\u00e5 <a href=\"https:\/\/ya.se\/\" target=\"_blank\" rel=\"noopener\">Yrkesakademin<\/a>:<\/h2>\n\n\n\n<h3 class=\"wp-block-heading\">Varf\u00f6r valde ni att delta under J\u00e4rvaveckan?<\/h3>\n\n\n\n<p>\u2013 Vi s\u00e5g det som en m\u00f6jlighet att tr\u00e4ffa potentiella deltagare till v\u00e5ra utbildningar och v\u00e5r matchningsverksamhet, samt olika intresseorganisationer och beslutsfattare.<\/p>\n\n\n\n<h3 class=\"wp-block-heading\">Vad hade ni f\u00f6r f\u00f6rv\u00e4ntningar?<\/h3>\n\n\n\n<p>\u2013 Att tr\u00e4ffa m\u00e5nga m\u00e4nniskor som vi antingen kan hj\u00e4lpa via v\u00e5ra tj\u00e4nster eller samarbeta med f\u00f6r att utveckla v\u00e5ra tj\u00e4nster.<\/p>\n\n\n\n<h3 class=\"wp-block-heading\">Vad resulterade er medverkan i?<\/h3>\n\n\n\n<p>\u2013 Vi har knutit ett antal nya kontakter kopplat till de branscher som vi utbildar inom. Dialogerna har handlat om hur vi gemensamt kan hitta s\u00e4tt att underl\u00e4tta och f\u00e5 fler att utbilda sig mot dessa branscher, som har sv\u00e5rt att f\u00e5 tag p\u00e5 arbetskraft med efterfr\u00e5gade kompetenser. Vidare upplever vi att vi lyckades informera och ber\u00e4tta om v\u00e5r verksamhet och de m\u00f6jligheter som finns f\u00f6r potentiella deltagare till v\u00e5ra tj\u00e4nster, intresse- och branschorganisationer och politiker.<\/p>\n\n\n<a class='Share__link Share__link--url copy-text' href='#' rel='nofollow' data-text='satu-holmqvist,-hr-chef-pa-stadarna:' title='Dela url' data-confirmation='L\u00e4nken kopierades till urklipp'><svg class='icon icon--link'  width='18' height='18' viewBox='0 0 18 18' fill='none' xmlns='http:\/\/www.w3.org\/2000\/svg'>\n            <path d='M10.4142 0.514721L6.87868 4.05025L8.29289 5.46447L11.1213 2.63604L15.364 6.87868L12.5355 9.70711L13.9497 11.1213L17.4853 7.58579C17.8763 7.19476 17.8763 6.5626 17.4853 6.17158L11.8284 0.514721C11.4374 0.123691 10.8052 0.123691 10.4142 0.514721Z' fill='black'\/>\n            <path d='M9.7071 12.5355L6.87868 15.364L2.63604 11.1213L5.46446 8.2929L4.05025 6.87868L0.514716 10.4142C0.123686 10.8052 0.123686 11.4374 0.514716 11.8284L6.17157 17.4853C6.5626 17.8763 7.19475 17.8763 7.58578 17.4853L11.1213 13.9497L9.7071 12.5355Z' fill='black'\/>\n            <path d='M6.17157 11.8284C6.5626 12.2195 7.19475 12.2195 7.58578 11.8284L11.8284 7.58579C12.2195 7.19476 12.2195 6.56261 11.8284 6.17158C11.4374 5.78055 10.8052 5.78055 10.4142 6.17158L6.17157 10.4142C5.78054 10.8052 5.78054 11.4374 6.17157 11.8284Z' fill='black'\/>\n            <\/svg> <\/a>\n<h2 class=\"wp-block-heading\">Satu Holmqvist, HR-chef p\u00e5 <a href=\"https:\/\/www.stadarna.se\/?gclid=Cj0KCQjwwJuVBhCAARIsAOPwGASL4BSNt9p5w24c5vU3XZT5xSYQlkOnSKR0rzvCEyczGoeBuS5QHP0aAisjEALw_wcB\" target=\"_blank\" rel=\"noopener\">St\u00e4darna<\/a>:<\/h2>\n\n\n\n<h3 class=\"wp-block-heading\">Varf\u00f6r valde ni att delta i J\u00e4rvaveckan?<\/h3>\n\n\n\n<p>\u2013 F\u00f6r oss \u00e4r det viktigt att visa att vi \u00e4r en seri\u00f6s arbetsgivare och att vi har schyssta villkor f\u00f6r v\u00e5ra medarbetare. Detta g\u00f6r vi genom att visa att vi tillh\u00f6r en arbetsgivarorganisation och har kollektivavtal.<\/p>\n\n\n\n<h3 class=\"wp-block-heading\">Vad hade ni f\u00f6r f\u00f6rv\u00e4ntningar?<\/h3>\n\n\n\n<p>\u2013 Jag tycker att arrangemanget var proffsigt utf\u00f6rt och f\u00f6rv\u00e4ntningen var att n\u00e5 ut till b\u00e5de &nbsp;potentiella kunder och nya medarbetare.<\/p>\n\n\n\n<h3 class=\"wp-block-heading\">Vad resulterade er medverkan i?<\/h3>\n\n\n\n<p>\u2013 Vi uppfyllde f\u00f6rv\u00e4ntningarna att knyta nya band med samarbetspartners och m\u00e4nniskor. Ett plus var att vi \u00e4ven tr\u00e4ffade nya samarbetspartners inom rekrytering.<\/p>\n\n\n\n<p><a class=\"button\" href=\"https:\/\/www.almega.se\/vara-fragor\/kompetensforsorjning\/\">L\u00e4s mer om kompetensf\u00f6rs\u00f6rjning h\u00e4r<\/a><\/p>\n","protected":false},"excerpt":{"rendered":"<p>Per Hammar, Almegas n\u00e4ringspolitiska expert och ansvarig f\u00f6r Almegas n\u00e4rvaro under J\u00e4rvaveckan: Varf\u00f6r deltog Almega under J\u00e4rvaveckan? \u2013 Kompetensf\u00f6rs\u00f6rjning \u00e4r en central fr\u00e5ga f\u00f6r v\u00e5ra medlemsf\u00f6retag. Tj\u00e4nstesektorn beh\u00f6ver fler medarbetare och arbetsl\u00f6sheten i J\u00e4rva och &hellip;<\/p>\n","protected":false},"author":7594,"featured_media":46146,"comment_status":"closed","ping_status":"closed","sticky":false,"template":"","format":"standard","meta":{"_acf_changed":false,"footnotes":""},"categories":[419],"tags":[610],"article_type":[55,56],"agreement":[],"class_list":["post-46145","post","type-post","status-publish","format-standard","has-post-thumbnail","hentry","category-kompetensforsorjning","tag-kompetensforsorjning","type-artiklar","type-nyheter"],"acf":[],"yoast_head":"<!-- This site is optimized with the Yoast SEO Premium plugin v26.8 (Yoast SEO v26.8) - https:\/\/yoast.com\/product\/yoast-seo-premium-wordpress\/ -->\n<title>Detta uppn\u00e5dde Almega och medlemsf\u00f6retag under J\u00e4rvaveckan 2022<\/title>\n<meta name=\"description\" content=\"J\u00e4rvaveckan ger m\u00f6jligheten att visa upp vad tj\u00e4nstesektorn g\u00f6r f\u00f6r samh\u00e4llet. Men vilka var f\u00f6rv\u00e4ntningarna och vilket blev resultatet?\" \/>\n<meta name=\"robots\" content=\"index, follow, max-snippet:-1, max-image-preview:large, max-video-preview:-1\" \/>\n<link rel=\"canonical\" href=\"https:\/\/www.almega.se\/2022\/06\/detta-uppnadde-almega-och-medlemsforetag-under-jarvaveckan-2022\/\" \/>\n<meta property=\"og:locale\" content=\"sv_SE\" \/>\n<meta property=\"og:type\" content=\"article\" \/>\n<meta property=\"og:title\" content=\"Detta uppn\u00e5dde Almega och medlemsf\u00f6retag under J\u00e4rvaveckan 2022\" \/>\n<meta property=\"og:description\" content=\"J\u00e4rvaveckan ger m\u00f6jligheten att visa upp vad tj\u00e4nstesektorn g\u00f6r f\u00f6r samh\u00e4llet. Men vilka var f\u00f6rv\u00e4ntningarna och vilket blev resultatet?\" \/>\n<meta property=\"og:url\" content=\"https:\/\/www.almega.se\/2022\/06\/detta-uppnadde-almega-och-medlemsforetag-under-jarvaveckan-2022\/\" \/>\n<meta property=\"og:site_name\" content=\"Almega\" \/>\n<meta property=\"article:published_time\" content=\"2022-06-13T14:04:24+00:00\" \/>\n<meta property=\"article:modified_time\" content=\"2023-01-05T08:42:01+00:00\" \/>\n<meta property=\"og:image\" content=\"https:\/\/www.almega.se\/app\/uploads\/2022\/06\/jarvaveckan-toppbild-1180x708.png\" \/>\n\t<meta property=\"og:image:width\" content=\"1180\" \/>\n\t<meta property=\"og:image:height\" content=\"708\" \/>\n\t<meta property=\"og:image:type\" content=\"image\/png\" \/>\n<meta name=\"author\" content=\"Moa Thorsell\" \/>\n<meta name=\"twitter:card\" content=\"summary_large_image\" \/>\n<meta name=\"twitter:label1\" content=\"Skriven av\" \/>\n\t<meta name=\"twitter:data1\" content=\"Moa Thorsell\" \/>\n\t<meta name=\"twitter:label2\" content=\"Ber\u00e4knad l\u00e4stid\" \/>\n\t<meta name=\"twitter:data2\" content=\"3 minuter\" \/>\n<!-- \/ Yoast SEO Premium plugin. -->","yoast_head_json":{"title":"Detta uppn\u00e5dde Almega och medlemsf\u00f6retag under J\u00e4rvaveckan 2022","description":"J\u00e4rvaveckan ger m\u00f6jligheten att visa upp vad tj\u00e4nstesektorn g\u00f6r f\u00f6r samh\u00e4llet. Men vilka var f\u00f6rv\u00e4ntningarna och vilket blev resultatet?","robots":{"index":"index","follow":"follow","max-snippet":"max-snippet:-1","max-image-preview":"max-image-preview:large","max-video-preview":"max-video-preview:-1"},"canonical":"https:\/\/www.almega.se\/2022\/06\/detta-uppnadde-almega-och-medlemsforetag-under-jarvaveckan-2022\/","og_locale":"sv_SE","og_type":"article","og_title":"Detta uppn\u00e5dde Almega och medlemsf\u00f6retag under J\u00e4rvaveckan 2022","og_description":"J\u00e4rvaveckan ger m\u00f6jligheten att visa upp vad tj\u00e4nstesektorn g\u00f6r f\u00f6r samh\u00e4llet. Men vilka var f\u00f6rv\u00e4ntningarna och vilket blev resultatet?","og_url":"https:\/\/www.almega.se\/2022\/06\/detta-uppnadde-almega-och-medlemsforetag-under-jarvaveckan-2022\/","og_site_name":"Almega","article_published_time":"2022-06-13T14:04:24+00:00","article_modified_time":"2023-01-05T08:42:01+00:00","og_image":[{"width":1180,"height":708,"url":"https:\/\/www.almega.se\/app\/uploads\/2022\/06\/jarvaveckan-toppbild-1180x708.png","type":"image\/png"}],"author":"Moa Thorsell","twitter_card":"summary_large_image","twitter_misc":{"Skriven av":"Moa Thorsell","Ber\u00e4knad l\u00e4stid":"3 minuter"},"schema":{"@context":"https:\/\/schema.org","@graph":[{"@type":"NewsArticle","@id":"https:\/\/www.almega.se\/2022\/06\/detta-uppnadde-almega-och-medlemsforetag-under-jarvaveckan-2022\/#article","isPartOf":{"@id":"https:\/\/www.almega.se\/2022\/06\/detta-uppnadde-almega-och-medlemsforetag-under-jarvaveckan-2022\/"},"author":{"name":"Moa Thorsell","@id":"https:\/\/www.almega.se\/#\/schema\/person\/608be0e9b9068b1cf2da84cf89f14ab1"},"headline":"Detta uppn\u00e5dde Almega och medlems&shy;f\u00f6retag under J\u00e4rvaveckan 2022","datePublished":"2022-06-13T14:04:24+00:00","dateModified":"2023-01-05T08:42:01+00:00","mainEntityOfPage":{"@id":"https:\/\/www.almega.se\/2022\/06\/detta-uppnadde-almega-och-medlemsforetag-under-jarvaveckan-2022\/"},"wordCount":641,"image":{"@id":"https:\/\/www.almega.se\/2022\/06\/detta-uppnadde-almega-och-medlemsforetag-under-jarvaveckan-2022\/#primaryimage"},"thumbnailUrl":"https:\/\/www.almega.se\/app\/uploads\/2022\/06\/jarvaveckan-toppbild.png","keywords":["Kompetensf\u00f6rs\u00f6rjning"],"articleSection":["Kompetensf\u00f6rs\u00f6rjning"],"inLanguage":"sv-SE"},{"@type":"WebPage","@id":"https:\/\/www.almega.se\/2022\/06\/detta-uppnadde-almega-och-medlemsforetag-under-jarvaveckan-2022\/","url":"https:\/\/www.almega.se\/2022\/06\/detta-uppnadde-almega-och-medlemsforetag-under-jarvaveckan-2022\/","name":"Detta uppn\u00e5dde Almega och medlemsf\u00f6retag under J\u00e4rvaveckan 2022","isPartOf":{"@id":"https:\/\/www.almega.se\/#website"},"primaryImageOfPage":{"@id":"https:\/\/www.almega.se\/2022\/06\/detta-uppnadde-almega-och-medlemsforetag-under-jarvaveckan-2022\/#primaryimage"},"image":{"@id":"https:\/\/www.almega.se\/2022\/06\/detta-uppnadde-almega-och-medlemsforetag-under-jarvaveckan-2022\/#primaryimage"},"thumbnailUrl":"https:\/\/www.almega.se\/app\/uploads\/2022\/06\/jarvaveckan-toppbild.png","datePublished":"2022-06-13T14:04:24+00:00","dateModified":"2023-01-05T08:42:01+00:00","author":{"@id":"https:\/\/www.almega.se\/#\/schema\/person\/608be0e9b9068b1cf2da84cf89f14ab1"},"description":"J\u00e4rvaveckan ger m\u00f6jligheten att visa upp vad tj\u00e4nstesektorn g\u00f6r f\u00f6r samh\u00e4llet. Men vilka var f\u00f6rv\u00e4ntningarna och vilket blev resultatet?","breadcrumb":{"@id":"https:\/\/www.almega.se\/2022\/06\/detta-uppnadde-almega-och-medlemsforetag-under-jarvaveckan-2022\/#breadcrumb"},"inLanguage":"sv-SE","potentialAction":[{"@type":"ReadAction","target":["https:\/\/www.almega.se\/2022\/06\/detta-uppnadde-almega-och-medlemsforetag-under-jarvaveckan-2022\/"]}]},{"@type":"ImageObject","inLanguage":"sv-SE","@id":"https:\/\/www.almega.se\/2022\/06\/detta-uppnadde-almega-och-medlemsforetag-under-jarvaveckan-2022\/#primaryimage","url":"https:\/\/www.almega.se\/app\/uploads\/2022\/06\/jarvaveckan-toppbild.png","contentUrl":"https:\/\/www.almega.se\/app\/uploads\/2022\/06\/jarvaveckan-toppbild.png","width":2000,"height":1200,"caption":"j\u00e4rvaveckan 2022"},{"@type":"BreadcrumbList","@id":"https:\/\/www.almega.se\/2022\/06\/detta-uppnadde-almega-och-medlemsforetag-under-jarvaveckan-2022\/#breadcrumb","itemListElement":[{"@type":"ListItem","position":1,"name":"Home","item":"https:\/\/www.almega.se\/"},{"@type":"ListItem","position":2,"name":"Detta uppn\u00e5dde Almega och medlems&shy;f\u00f6retag under J\u00e4rvaveckan 2022"}]},{"@type":"WebSite","@id":"https:\/\/www.almega.se\/#website","url":"https:\/\/www.almega.se\/","name":"Almega","description":"","potentialAction":[{"@type":"SearchAction","target":{"@type":"EntryPoint","urlTemplate":"https:\/\/www.almega.se\/?s={search_term_string}"},"query-input":{"@type":"PropertyValueSpecification","valueRequired":true,"valueName":"search_term_string"}}],"inLanguage":"sv-SE"},{"@type":"Person","@id":"https:\/\/www.almega.se\/#\/schema\/person\/608be0e9b9068b1cf2da84cf89f14ab1","name":"Moa Thorsell","image":{"@type":"ImageObject","inLanguage":"sv-SE","@id":"https:\/\/www.almega.se\/#\/schema\/person\/image\/","url":"https:\/\/secure.gravatar.com\/avatar\/21013fd5f24a5c5a5dbf121171ff6d75c7ac2e8319c3777fcbcbf9329b2028c0?s=96&d=mm&r=g","contentUrl":"https:\/\/secure.gravatar.com\/avatar\/21013fd5f24a5c5a5dbf121171ff6d75c7ac2e8319c3777fcbcbf9329b2028c0?s=96&d=mm&r=g","caption":"Moa Thorsell"},"url":"https:\/\/www.almega.se\/person\/moathorsell\/"}]}},"_links":{"self":[{"href":"https:\/\/www.almega.se\/api\/wp\/v2\/posts\/46145","targetHints":{"allow":["GET"]}}],"collection":[{"href":"https:\/\/www.almega.se\/api\/wp\/v2\/posts"}],"about":[{"href":"https:\/\/www.almega.se\/api\/wp\/v2\/types\/post"}],"author":[{"embeddable":true,"href":"https:\/\/www.almega.se\/api\/wp\/v2\/users\/7594"}],"replies":[{"embeddable":true,"href":"https:\/\/www.almega.se\/api\/wp\/v2\/comments?post=46145"}],"version-history":[{"count":3,"href":"https:\/\/www.almega.se\/api\/wp\/v2\/posts\/46145\/revisions"}],"predecessor-version":[{"id":52476,"href":"https:\/\/www.almega.se\/api\/wp\/v2\/posts\/46145\/revisions\/52476"}],"wp:featuredmedia":[{"embeddable":true,"href":"https:\/\/www.almega.se\/api\/wp\/v2\/media\/46146"}],"wp:attachment":[{"href":"https:\/\/www.almega.se\/api\/wp\/v2\/media?parent=46145"}],"wp:term":[{"taxonomy":"category","embeddable":true,"href":"https:\/\/www.almega.se\/api\/wp\/v2\/categories?post=46145"},{"taxonomy":"post_tag","embeddable":true,"href":"https:\/\/www.almega.se\/api\/wp\/v2\/tags?post=46145"},{"taxonomy":"type","embeddable":true,"href":"https:\/\/www.almega.se\/api\/wp\/v2\/article_type?post=46145"},{"taxonomy":"agreement","embeddable":true,"href":"https:\/\/www.almega.se\/api\/wp\/v2\/agreement?post=46145"}],"curies":[{"name":"wp","href":"https:\/\/api.w.org\/{rel}","templated":true}]}}