{"id":46078,"date":"2022-06-14T08:27:21","date_gmt":"2022-06-14T06:27:21","guid":{"rendered":"https:\/\/www.almega.se\/?p=46078"},"modified":"2023-01-05T09:39:49","modified_gmt":"2023-01-05T08:39:49","slug":"almega-lyfter-utmaningen-med-kompetensforsorjning-i-almedalen-2022","status":"publish","type":"post","link":"https:\/\/www.almega.se\/2022\/06\/almega-lyfter-utmaningen-med-kompetensforsorjning-i-almedalen-2022\/","title":{"rendered":"Almega lyfter utmaningen med kompetensf\u00f6rs\u00f6rjning i Almedalen 2022"},"content":{"rendered":"<p class=\"intro\">Almega \u00e4r p\u00e5 plats i Almedalen 2022, och bjuder bland annat in till ett seminarium om kompetensf\u00f6rs\u00f6rjning \u2013 den fr\u00e5ga som majoriteten av svenska f\u00f6retag ser som sin st\u00f6rsta utmaning.<\/p>\n\n<p>Hur matchar vi f\u00f6retagens behov med ungas behov och f\u00f6rv\u00e4ntningar? Vilka politiska reformer beh\u00f6vs f\u00f6r att underl\u00e4tta f\u00f6r tj\u00e4nstesektorn som jobbskapare? Kompetensf\u00f6rs\u00f6rjningen \u00e4r en stor utmaning f\u00f6r svenska f\u00f6retag, och d\u00e4rf\u00f6r lyfter Almega fr\u00e5gan i Almedalen 2022.<\/p>\n\n\n\n<p>\u2013 Vi vill ha en konstruktiv dialog med partierna kring de utmaningar som Sverige st\u00e5r inf\u00f6r. Almegas medlemsf\u00f6retag har alla m\u00f6jligheter att skapa jobb, generera v\u00e4lf\u00e4rd och bidra till \u00f6kad integration \u2013 bara de f\u00e5r r\u00e4tt f\u00f6ruts\u00e4ttningar, s\u00e4ger Ann \u00d6berg, vd p\u00e5 Almega.<\/p>\n\n\n\n<p>Almega och f\u00f6rbunden inom arbetsgivarorganisationen finns p\u00e5 plats under hela Almedalsveckan och arrangerar seminarier i Svenskt N\u00e4ringslivs tr\u00e4dg\u00e5rd p\u00e5 Hamngatan 3. Tr\u00e4dg\u00e5rden blir en samlingsplats f\u00f6r alla som vill prata om hur vi st\u00e4rker f\u00f6retagandet i Sverige.<\/p>\n\n\n\n<p>\u2013 Almega \u00e4r i Almedalen f\u00f6r att lyfta tj\u00e4nstesektorns betydelse som Sveriges tillv\u00e4xtmotor. Tre av fyra jobbar i tj\u00e4nstesektorn och v\u00e5ra medlemsf\u00f6retag skapar en majoritet av alla nya jobb, s\u00e4ger Ann \u00d6berg.<\/p>\n\n\n<a class='Share__link Share__link--url copy-text' href='#' rel='nofollow' data-text='almegas-program-i-almedalen-2022(svenskt-naringslivs-tradgard,-hamngatan-3)' title='Dela url' data-confirmation='L\u00e4nken kopierades till urklipp'><svg class='icon icon--link'  width='18' height='18' viewBox='0 0 18 18' fill='none' xmlns='http:\/\/www.w3.org\/2000\/svg'>\n            <path d='M10.4142 0.514721L6.87868 4.05025L8.29289 5.46447L11.1213 2.63604L15.364 6.87868L12.5355 9.70711L13.9497 11.1213L17.4853 7.58579C17.8763 7.19476 17.8763 6.5626 17.4853 6.17158L11.8284 0.514721C11.4374 0.123691 10.8052 0.123691 10.4142 0.514721Z' fill='black'\/>\n            <path d='M9.7071 12.5355L6.87868 15.364L2.63604 11.1213L5.46446 8.2929L4.05025 6.87868L0.514716 10.4142C0.123686 10.8052 0.123686 11.4374 0.514716 11.8284L6.17157 17.4853C6.5626 17.8763 7.19475 17.8763 7.58578 17.4853L11.1213 13.9497L9.7071 12.5355Z' fill='black'\/>\n            <path d='M6.17157 11.8284C6.5626 12.2195 7.19475 12.2195 7.58578 11.8284L11.8284 7.58579C12.2195 7.19476 12.2195 6.56261 11.8284 6.17158C11.4374 5.78055 10.8052 5.78055 10.4142 6.17158L6.17157 10.4142C5.78054 10.8052 5.78054 11.4374 6.17157 11.8284Z' fill='black'\/>\n            <\/svg> <\/a>\n<h2 class=\"wp-block-heading\">Almegas program i Almedalen 2022<br>(Svenskt N\u00e4ringslivs tr\u00e4dg\u00e5rd, Hamngatan 3)<\/h2>\n\n\n\n<h3 class=\"wp-block-heading\"><a href=\"https:\/\/almedalsveckan.info\/program\/65874\" target=\"_blank\" rel=\"noopener\">Hur matchar vi f\u00f6retagens kompetensbehov med ungas behov och f\u00f6rv\u00e4ntningar?<\/a><\/h3>\n\n\n\n<p><strong>Almega | M\u00e5ndag 4 juli klockan 12.00\u201312.45<\/strong><br>F\u00f6retagens kompetensbehov \u00e4r enormt och har \u00f6kat kraftigt under de senaste tv\u00e5 \u00e5ren i sp\u00e5ren av pandemin. Hur ser rekryteringsbehovet ut f\u00f6r arbetsgivarna i dag och i framtiden? N\u00e5gra som s\u00e4rskilt p\u00e5verkats av pandemin \u00e4r de unga. Hur ser de p\u00e5 den utveckling som sker p\u00e5 arbetsmarknaden och vad har de f\u00f6r behov och f\u00f6rv\u00e4ntningar inf\u00f6r framtida karri\u00e4rval? Mia Bernhardsen lyfter de mest intressanta resultaten fr\u00e5n Svenskt N\u00e4ringslivs Rekryteringsenk\u00e4t och Ulrik Hoffman fr\u00e5n Ungdomsbarometern presenterar och kommenterar rapporten \u201dGeneration Z\u201d.<\/p>\n\n\n\n<h3 class=\"wp-block-heading\"><a href=\"https:\/\/almedalsveckan.info\/program\/66111\" target=\"_blank\" rel=\"noopener\">Rusta f\u00f6r omst\u00e4llning \u2013 vilken kompetens beh\u00f6ver chefer och medarbetare?<\/a><\/h3>\n\n\n\n<p><strong>Almega | M\u00e5ndag 4 juli klockan 16.15\u201317.00<\/strong> (OBS. Sker p\u00e5\u00a0 Strandv\u00e4gen 4.1, &#8221;Aktuell H\u00e5llbarhets scen&#8221;)<br>N\u00e4ringslivet st\u00e5r inf\u00f6r en genomgripande omst\u00e4llning om vi ska klara klimatm\u00e5len och st\u00e4lla om till ett h\u00e5llbart samh\u00e4lle. Det kommer att kr\u00e4vas en omfattande kompetensomst\u00e4llning. Om ambitionerna ska kunna realiseras beh\u00f6vs det anpassade utbildningar, men vem har ansvaret f\u00f6r att de tas fram? Arrangeras tillsammans med Ledarna och Fossilfritt Sverige.<br> <strong><br> <\/strong><\/p>\n\n\n<a class='Share__link Share__link--url copy-text' href='#' rel='nofollow' data-text='almega-forbundens-aktiviteter-i-almedalen-2022\n(svenskt-naringslivs-tradgard,-hamngatan-3)' title='Dela url' data-confirmation='L\u00e4nken kopierades till urklipp'><svg class='icon icon--link'  width='18' height='18' viewBox='0 0 18 18' fill='none' xmlns='http:\/\/www.w3.org\/2000\/svg'>\n            <path d='M10.4142 0.514721L6.87868 4.05025L8.29289 5.46447L11.1213 2.63604L15.364 6.87868L12.5355 9.70711L13.9497 11.1213L17.4853 7.58579C17.8763 7.19476 17.8763 6.5626 17.4853 6.17158L11.8284 0.514721C11.4374 0.123691 10.8052 0.123691 10.4142 0.514721Z' fill='black'\/>\n            <path d='M9.7071 12.5355L6.87868 15.364L2.63604 11.1213L5.46446 8.2929L4.05025 6.87868L0.514716 10.4142C0.123686 10.8052 0.123686 11.4374 0.514716 11.8284L6.17157 17.4853C6.5626 17.8763 7.19475 17.8763 7.58578 17.4853L11.1213 13.9497L9.7071 12.5355Z' fill='black'\/>\n            <path d='M6.17157 11.8284C6.5626 12.2195 7.19475 12.2195 7.58578 11.8284L11.8284 7.58579C12.2195 7.19476 12.2195 6.56261 11.8284 6.17158C11.4374 5.78055 10.8052 5.78055 10.4142 6.17158L6.17157 10.4142C5.78054 10.8052 5.78054 11.4374 6.17157 11.8284Z' fill='black'\/>\n            <\/svg> <\/a>\n<h2 class=\"wp-block-heading\">Almega-f\u00f6rbundens aktiviteter i Almedalen 2022<br>\n(Svenskt N\u00e4ringslivs tr\u00e4dg\u00e5rd, Hamngatan 3)<\/h2>\n\n\n\n<h3 class=\"wp-block-heading\"><a href=\"https:\/\/www.almedalsveckan.info\/program\/65959\" target=\"_blank\" rel=\"noopener\">Hur maximerar vi nyttan fr\u00e5n start med ny j\u00e4rnv\u00e4g?<\/a><\/h3>\n\n\n\n<p><strong>T\u00e5gf\u00f6retagen | M\u00e5ndag 4 juli klockan 10.00\u201312.00<\/strong><br>\nGustaf Engstrand, n\u00e4ringspolitisk expert hos T\u00e5gf\u00f6retagen, deltar p\u00e5 Norrbotniabanegruppens seminarium &#8221;Hur maximerar vi nyttan fr\u00e5n start med ny j\u00e4rnv\u00e4g?&#8221;.<\/p>\n\n\n\n<h3 class=\"wp-block-heading\"><a href=\"https:\/\/www.almedalsveckan.info\/program\/64194\" target=\"_blank\" rel=\"noopener\">Vilka \u00e4r framg\u00e5ngsfaktorerna f\u00f6r framtidens arbetsliv?<\/a><\/h3>\n\n\n\n<p><strong>Innovationsf\u00f6retagen | M\u00e5ndag 4 juli klockan 14.00\u201314.45<\/strong><br>\nHur bibeh\u00e5ller man innovationskraften i f\u00f6retagen? Under seminariet presenteras en rapport om framtidens arbetsliv som tagit fram tillsammans med Kairos Future. Syftet \u00e4r att belysa hur man formar regelverk som st\u00e4rker individ och f\u00f6retag och fr\u00e4mjar individens och f\u00f6retagens m\u00f6jligheter att skapa v\u00e4rde tillsammans.<\/p>\n\n\n\n<h3 class=\"wp-block-heading\"><a href=\"https:\/\/www.almedalsveckan.info\/program\/65639\" target=\"_blank\" rel=\"noopener\">Hur ska medief\u00f6retag kunna rekrytera r\u00e4tt kompetens?<\/a><\/h3>\n\n\n\n<p><strong>Medief\u00f6retagen | M\u00e5ndag 4 juli klockan 16.00\u201316.50 (OBS. Hotell Gute, Mellangatan 29)<\/strong><br>\nSamtal om medief\u00f6retags utmaningar att rekrytera och beh\u00e5lla r\u00e4tt kompetens &#8211; och vilken betydelse detta har f\u00f6r god och lokal journalistik \u00f6ver hela landet. Sker i samarbete med Tidningsutgivarna och Medieledarna.<\/p>\n\n\n\n<h3 class=\"wp-block-heading\"><a href=\"https:\/\/www.almedalsveckan.info\/program\/64945\" target=\"_blank\" rel=\"noopener\">Digitalisering f\u00f6r h\u00e5llbar tillv\u00e4xt, innovation och v\u00e4lf\u00e4rd<\/a><\/h3>\n\n\n\n<p><strong>TechSverige | Tisdag 5 juli klockan 13.45\u201314.45<br>\n<\/strong>Sverige ska bli v\u00e4rldsb\u00e4st p\u00e5 att tillvarata digitaliseringens m\u00f6jligheter \u2013 men vad inneb\u00e4r det i praktiken? Finns det sk\u00e4l att h\u00f6ja ambitionsniv\u00e5n? Eller formulera om m\u00e5let? Vad kan n\u00e4ringsliv och politiker f\u00f6rv\u00e4nta sig av varandra?<\/p>\n\n\n\n<h3 class=\"wp-block-heading\"><a href=\"https:\/\/www.almedalsveckan.info\/program\/65630\" target=\"_blank\" rel=\"noopener\">Nya ber\u00e4kningar visar b\u00e4ttre l\u00f6nsamhet f\u00f6r att bygga ny j\u00e4rnv\u00e4g<\/a><\/h3>\n\n\n\n<p><strong>T\u00e5gf\u00f6retagen | Tisdag 5 juli klockan 15.00\u201315.45<\/strong><br>\nUnder v\u00e5ren har tre nya rapporter presenterats som sammantaget visar att det g\u00e5r att spara 100 miljarder kronor n\u00e4r de nya stambanorna ska byggas. Val av ny byggteknik, som till exempel landbroar, bryter den h\u00f6ga kostnadsutvecklingen f\u00f6r framtida infrastrukturprojekt.<\/p>\n\n\n\n<h3 class=\"wp-block-heading\"><a href=\"https:\/\/www.almedalsveckan.info\/program\/65611\" target=\"_blank\" rel=\"noopener\">Transporteffektivitet \u2013 hur f\u00e5r vi ett energisn\u00e5lt transportsystem i Sverige?<\/a><\/h3>\n\n\n\n<p><strong>T\u00e5gf\u00f6retagen | Onsdag 6 juli klockan 12.10\u201313.10<\/strong><br>\nHur jobbar godstransport\u00f6rer fr\u00e5n j\u00e4rnv\u00e4g och sj\u00f6fart samt \u00e5kerier f\u00f6r att hitta de b\u00e4sta l\u00f6sningarna f\u00f6r sin del i transportkedjan? Energikrisen \u00e4r en realitet och energisn\u00e5lare transporter \u00e4r en f\u00f6ruts\u00e4ttning f\u00f6r s\u00e5v\u00e4l dagens som framtidens transportsystem.<\/p>\n\n\n\n<h3 class=\"wp-block-heading\"><a href=\"https:\/\/www.almedalsveckan.info\/program\/65613\" target=\"_blank\" rel=\"noopener\">Fyra av tio resor ska ske med kollektivtrafiken \u2013 vad kr\u00e4vs f\u00f6r att n\u00e5 dit?<\/a><\/h3>\n\n\n\n<p><strong>T\u00e5gf\u00f6retagen | Onsdag 6 juli klockan 13.20\u201314.00<\/strong><br>\nEfter det st\u00e5lbad som kollektivtrafiken gick igenom under pandemin beh\u00f6vdes en nystart och satsning fram\u00e5t, med h\u00f6gt satta m\u00e5l och visioner. Vad g\u00f6r politiken f\u00f6r att n\u00e5 dit? Hur kan branschen bidra?<\/p>\n\n\n\n<h3 class=\"wp-block-heading\"><a href=\"https:\/\/www.almedalsveckan.info\/program\/64312\" target=\"_blank\" rel=\"noopener\">Nollvision<\/a><a href=\"https:\/\/www.almedalsveckan.info\/program\/64312\" target=\"_blank\" rel=\"noopener\"> f\u00f6r<\/a><a href=\"https:\/\/www.almedalsveckan.info\/program\/64312\" target=\"_blank\" rel=\"noopener\"> v\u00e4ntetider<\/a><\/h3>\n\n\n\n<p><strong>V\u00e5rdf\u00f6retagarna | Onsdag 6 juli klockan 15.00\u201316.00<\/strong><br>\nV\u00e4ntetider \u00e4r det problem som svenska folket skattar som det st\u00f6rsta problemet inom v\u00e5rden. Den lagstadgade v\u00e5rdgarantin, som inneb\u00e4r att du ska f\u00e5 v\u00e5rd inom en viss tid, \u00e4r satt ur spel och \u00f6ver 200 000 patienter har v\u00e4ntat l\u00e4ngre \u00e4n v\u00e5rdgarantin utlovar.<\/p>\n\n\n<a class='Share__link Share__link--url copy-text' href='#' rel='nofollow' data-text='almegas-vd-och-naringspolitiska-experters-deltagande-i-externa-paneler' title='Dela url' data-confirmation='L\u00e4nken kopierades till urklipp'><svg class='icon icon--link'  width='18' height='18' viewBox='0 0 18 18' fill='none' xmlns='http:\/\/www.w3.org\/2000\/svg'>\n            <path d='M10.4142 0.514721L6.87868 4.05025L8.29289 5.46447L11.1213 2.63604L15.364 6.87868L12.5355 9.70711L13.9497 11.1213L17.4853 7.58579C17.8763 7.19476 17.8763 6.5626 17.4853 6.17158L11.8284 0.514721C11.4374 0.123691 10.8052 0.123691 10.4142 0.514721Z' fill='black'\/>\n            <path d='M9.7071 12.5355L6.87868 15.364L2.63604 11.1213L5.46446 8.2929L4.05025 6.87868L0.514716 10.4142C0.123686 10.8052 0.123686 11.4374 0.514716 11.8284L6.17157 17.4853C6.5626 17.8763 7.19475 17.8763 7.58578 17.4853L11.1213 13.9497L9.7071 12.5355Z' fill='black'\/>\n            <path d='M6.17157 11.8284C6.5626 12.2195 7.19475 12.2195 7.58578 11.8284L11.8284 7.58579C12.2195 7.19476 12.2195 6.56261 11.8284 6.17158C11.4374 5.78055 10.8052 5.78055 10.4142 6.17158L6.17157 10.4142C5.78054 10.8052 5.78054 11.4374 6.17157 11.8284Z' fill='black'\/>\n            <\/svg> <\/a>\n<h2 class=\"wp-block-heading\">Almegas vd och n\u00e4ringspolitiska experters deltagande i externa paneler<\/h2>\n\n\n\n<h3 class=\"wp-block-heading\"><a href=\"https:\/\/www.almedalsveckan.info\/program\/65959\" target=\"_blank\" rel=\"noopener\">Hur maximerar vi nyttan fr\u00e5n start med ny j\u00e4rnv\u00e4g?&nbsp;<\/a><\/h3>\n\n\n\n<p><strong>Patrick Joyce, n\u00e4ringspolitisk expert | M\u00e5ndag den 4 juli kl. 10.00\u201312.00, Novgorodgr\u00e4nd 1 &#8221;Region V\u00e4sterbotten&#8221;<\/strong><br>\nN\u00e4ringslivet i norr g\u00f6r historiska investeringar i den gr\u00f6na omst\u00e4llningen, vilket kr\u00e4ver \u00f6kad j\u00e4rnv\u00e4gskapacitet. Trafikverket planerar och bygger norrbotniabanan f\u00f6r fullt, men vad g\u00f6r och vad beh\u00f6ver kommunerna och regionerna g\u00f6ra f\u00f6r att n\u00e5 full effekt n\u00e4r banan v\u00e4l tas i bruk? Seminariet arrangeras av Norrbotniabanegruppen.<\/p>\n\n\n\n<h3 class=\"wp-block-heading\"><a href=\"https:\/\/www.almedalsveckan.info\/program\/65804\" target=\"_blank\" rel=\"noopener\">Ok\u00e4nd terr\u00e4ng \u2013 kriget, ekonomin och klimatet<\/a><\/h3>\n\n\n\n<p><strong>vd Ann \u00d6berg | M\u00e5ndag den 4 juli kl.12.00\u201313.30, Kinbergs plats 5<\/strong><br> Vad f\u00e5r kriget i Ukraina f\u00f6r geopolitiska effekter p\u00e5 omv\u00e4rlden? Hur p\u00e5verkas b\u00f6rserna? Hur kommer handelsblockaderna p\u00e5verka ekonomin? Vad h\u00e4nder med energipriser och energiomst\u00e4llningen? Seminariet arrangeras av SEB.<\/p>\n\n\n\n<h3 class=\"wp-block-heading\"><a href=\"https:\/\/www.almedalsveckan.info\/program\/66142\" target=\"_blank\" rel=\"noopener\">Hur framtidss\u00e4krar vi Sveriges Kompetens?&nbsp;<\/a><\/h3>\n\n\n\n<p><strong>vd Ann \u00d6berg | M\u00e5ndag den 4 juli kl. 14.30\u201315.15, Strandv\u00e4gen 4.4 &#8221;Dagens industris stora scen&#8221;<\/strong><br>\nPrivat och offentlig sektor skriker efter kompetens, samtidigt som m\u00e5nga st\u00e5r utanf\u00f6r arbetsmarknaden. Hur ser vi till att kunskap forts\u00e4tter vara Sveriges fr\u00e4msta konkurrensf\u00f6rdel? Hur ser vi till att individer, arbetsgivare och samh\u00e4lle \u00e4r rustade att m\u00f6ta framtidens arbetsmarknad? Seminariet arrangeras av Dagens industri och Akavia.<\/p>\n\n\n\n<h3 class=\"wp-block-heading\"><a href=\"https:\/\/www.almedalsveckan.info\/program\/64268\" target=\"_blank\" rel=\"noopener\">M\u00e4nniska, maskin, marknad \u2013 hur v\u00e4l st\u00e5r sig svensk utvecklingskraft?&nbsp;<\/a><\/h3>\n\n\n\n<p><strong>vd Ann \u00d6berg | Tisdag den 5 juli kl. 11.15\u201312.00, Hamngatan 3 &#8221;Svenskt N\u00e4ringslivs tr\u00e4dg\u00e5rd&#8221;&nbsp;<\/strong><br>\nH\u00e4nger Sverige med i utvecklingen n\u00e4r v\u00e4rlden f\u00f6r\u00e4ndras? Arbetsmarknadens etablerade strukturer utmanas av maskininl\u00e4rning och annan digitalisering. R\u00f6rligheten \u00f6kar. Klimatf\u00f6r\u00e4ndringarna kr\u00e4ver reformer av institutioner och regler. Vad inneb\u00e4r det f\u00f6r m\u00e4nniskan, maskinerna och marknaderna? Seminariet arrangeras av Ratio &#8211; N\u00e4ringslivets forskningsinstitut.<\/p>\n\n\n\n<h3 class=\"wp-block-heading\"><a href=\"https:\/\/almedalsveckan.info\/program\/64783\" target=\"_blank\" rel=\"noopener\">Liten tuva v\u00e4lter ofta stora lass \u2013 hur f\u00e5r vi upphandlingar att fokusera mer p\u00e5 kvalitet \u00e4n pris?&nbsp;<\/a><\/h3>\n\n\n\n<p><strong>Ulrica Dyrke, n\u00e4ringspolitisk expert | Tisdag 5 juli klockan 13.00\u201313.45<br>\n<\/strong>N\u00e4ringslivet vill att det offentliga upphandlar med vikt p\u00e5 kvalitet. Ska det bli verklighet kr\u00e4vs en f\u00f6r\u00e4ndrad attityd fr\u00e5n b\u00e5da sidor. Enligt praxis finns utrymme f\u00f6r en utv\u00e4rderingsmodell d\u00e4r bed\u00f6mning till viss del blir sk\u00f6nsm\u00e4ssig. Seminariet arrangeras av tidningen Offentliga Aff\u00e4rer och Colligio.<\/p>\n\n\n\n<h3 class=\"wp-block-heading\"><a href=\"https:\/\/www.almedalsveckan.info\/program\/66189\" target=\"_blank\" rel=\"noopener\">Skatterna och f\u00f6retagandets roll i valet 2022<\/a><\/h3>\n\n\n\n<p><strong>Patrick Joyce, n\u00e4ringspolitisk expert | Onsdag den 6 juli kl. 09.00\u201309.45, B-huset, Uppsala Universitet, Huvudentr\u00e9 Cram\u00e9rgatan 3 &#8221;B24&#8221;<\/strong><br>\nF\u00f6retagande \u00e4r av central betydelse f\u00f6r Sveriges ekonomiska utveckling &#8211; fyra av fem nya jobb i ekonomin skapas i sm\u00e5 och medelstora f\u00f6retag. Vilka f\u00f6r\u00e4ndringar av det svenska skattesystemet b\u00f6r g\u00f6ras f\u00f6r att v\u00e4ssa f\u00f6retagsklimatet? Och vilken roll kommer skattefr\u00e5gorna spela i valr\u00f6relsen? Seminariet arrangeras av Entrepren\u00f6rskapsforum och F\u00f6retagarna.<\/p>\n\n\n\n<h3 class=\"wp-block-heading\">F\u00f6r \u00f6vriga f\u00f6rbunds deltaganden h\u00e4nvisar vi till deras Almedalssidor:<\/h3>\n\n\n\n<ul class=\"wp-block-list\">\n<li><a href=\"https:\/\/www.innovationsforetagen.se\/2022\/06\/valkomna-till-innovationsforetagen-i-almedalen\/\" target=\"_blank\" rel=\"noreferrer noopener\">Innovationsf\u00f6retagen<\/a><\/li>\n\n\n\n<li><a href=\"https:\/\/www.tagforetagen.se\/2022\/06\/vi-ses-i-almedalen\/\" target=\"_blank\" rel=\"noreferrer noopener\">T\u00e5gf\u00f6retagen<\/a><\/li>\n\n\n\n<li><a href=\"https:\/\/www.techsverige.se\/almedalen2022\/\" target=\"_blank\" rel=\"noreferrer noopener\">TechSverige<\/a><\/li>\n\n\n\n<li><a href=\"https:\/\/www.vardforetagarna.se\/vardforetagarna-i-almedalen\/\" target=\"_blank\" rel=\"noreferrer noopener\">V\u00e5rdf\u00f6retagarna<\/a><\/li>\n<\/ul>\n\n\n\n<p><a class=\"button\" href=\"https:\/\/www.almega.se\/vara-fragor\/kompetensforsorjning\/\">L\u00e4s mer om kompetensf\u00f6rs\u00f6rjning h\u00e4r<\/a><\/p>\n","protected":false},"excerpt":{"rendered":"<p>Hur matchar vi f\u00f6retagens behov med ungas behov och f\u00f6rv\u00e4ntningar? Vilka politiska reformer beh\u00f6vs f\u00f6r att underl\u00e4tta f\u00f6r tj\u00e4nstesektorn som jobbskapare? Kompetensf\u00f6rs\u00f6rjningen \u00e4r en stor utmaning f\u00f6r svenska f\u00f6retag, och d\u00e4rf\u00f6r lyfter Almega fr\u00e5gan i &hellip;<\/p>\n","protected":false},"author":7594,"featured_media":46079,"comment_status":"closed","ping_status":"closed","sticky":false,"template":"","format":"standard","meta":{"_acf_changed":false,"footnotes":""},"categories":[1],"tags":[60],"article_type":[55,56],"agreement":[],"class_list":["post-46078","post","type-post","status-publish","format-standard","has-post-thumbnail","hentry","category-okategoriserade","tag-almedalen","type-artiklar","type-nyheter"],"acf":[],"yoast_head":"<!-- This site is optimized with the Yoast SEO Premium plugin v26.8 (Yoast SEO v26.8) - https:\/\/yoast.com\/product\/yoast-seo-premium-wordpress\/ -->\n<title>Almega lyfter utmaningen med kompetensf\u00f6rs\u00f6rjning i Almedalen 2022<\/title>\n<meta name=\"description\" content=\"Almega \u00e4r p\u00e5 plats i Almedalen 2022, och bjuder bland annat in till ett seminarium om svenska f\u00f6retags stora utmaning \u2013 kompetensf\u00f6rs\u00f6rjning.\" \/>\n<meta name=\"robots\" content=\"index, follow, max-snippet:-1, max-image-preview:large, max-video-preview:-1\" \/>\n<link rel=\"canonical\" href=\"https:\/\/www.almega.se\/2022\/06\/almega-lyfter-utmaningen-med-kompetensforsorjning-i-almedalen-2022\/\" \/>\n<meta property=\"og:locale\" content=\"sv_SE\" \/>\n<meta property=\"og:type\" content=\"article\" \/>\n<meta property=\"og:title\" content=\"Almega lyfter utmaningen med kompetensf\u00f6rs\u00f6rjning i Almedalen 2022\" \/>\n<meta property=\"og:description\" content=\"Almega \u00e4r p\u00e5 plats i Almedalen 2022, och bjuder bland annat in till ett seminarium om svenska f\u00f6retags stora utmaning \u2013 kompetensf\u00f6rs\u00f6rjning.\" \/>\n<meta property=\"og:url\" content=\"https:\/\/www.almega.se\/2022\/06\/almega-lyfter-utmaningen-med-kompetensforsorjning-i-almedalen-2022\/\" \/>\n<meta property=\"og:site_name\" content=\"Almega\" \/>\n<meta property=\"article:published_time\" content=\"2022-06-14T06:27:21+00:00\" \/>\n<meta property=\"article:modified_time\" content=\"2023-01-05T08:39:49+00:00\" \/>\n<meta property=\"og:image\" content=\"https:\/\/www.almega.se\/app\/uploads\/2022\/06\/almedalsveckan-2022-1180x708.png\" \/>\n\t<meta property=\"og:image:width\" content=\"1180\" \/>\n\t<meta property=\"og:image:height\" content=\"708\" \/>\n\t<meta property=\"og:image:type\" content=\"image\/png\" \/>\n<meta name=\"author\" content=\"Moa Thorsell\" \/>\n<meta name=\"twitter:card\" content=\"summary_large_image\" \/>\n<meta name=\"twitter:label1\" content=\"Skriven av\" \/>\n\t<meta name=\"twitter:data1\" content=\"Moa Thorsell\" \/>\n\t<meta name=\"twitter:label2\" content=\"Ber\u00e4knad l\u00e4stid\" \/>\n\t<meta name=\"twitter:data2\" content=\"6 minuter\" \/>\n<!-- \/ Yoast SEO Premium plugin. -->","yoast_head_json":{"title":"Almega lyfter utmaningen med kompetensf\u00f6rs\u00f6rjning i Almedalen 2022","description":"Almega \u00e4r p\u00e5 plats i Almedalen 2022, och bjuder bland annat in till ett seminarium om svenska f\u00f6retags stora utmaning \u2013 kompetensf\u00f6rs\u00f6rjning.","robots":{"index":"index","follow":"follow","max-snippet":"max-snippet:-1","max-image-preview":"max-image-preview:large","max-video-preview":"max-video-preview:-1"},"canonical":"https:\/\/www.almega.se\/2022\/06\/almega-lyfter-utmaningen-med-kompetensforsorjning-i-almedalen-2022\/","og_locale":"sv_SE","og_type":"article","og_title":"Almega lyfter utmaningen med kompetensf\u00f6rs\u00f6rjning i Almedalen 2022","og_description":"Almega \u00e4r p\u00e5 plats i Almedalen 2022, och bjuder bland annat in till ett seminarium om svenska f\u00f6retags stora utmaning \u2013 kompetensf\u00f6rs\u00f6rjning.","og_url":"https:\/\/www.almega.se\/2022\/06\/almega-lyfter-utmaningen-med-kompetensforsorjning-i-almedalen-2022\/","og_site_name":"Almega","article_published_time":"2022-06-14T06:27:21+00:00","article_modified_time":"2023-01-05T08:39:49+00:00","og_image":[{"width":1180,"height":708,"url":"https:\/\/www.almega.se\/app\/uploads\/2022\/06\/almedalsveckan-2022-1180x708.png","type":"image\/png"}],"author":"Moa Thorsell","twitter_card":"summary_large_image","twitter_misc":{"Skriven av":"Moa Thorsell","Ber\u00e4knad l\u00e4stid":"6 minuter"},"schema":{"@context":"https:\/\/schema.org","@graph":[{"@type":"NewsArticle","@id":"https:\/\/www.almega.se\/2022\/06\/almega-lyfter-utmaningen-med-kompetensforsorjning-i-almedalen-2022\/#article","isPartOf":{"@id":"https:\/\/www.almega.se\/2022\/06\/almega-lyfter-utmaningen-med-kompetensforsorjning-i-almedalen-2022\/"},"author":{"name":"Moa Thorsell","@id":"https:\/\/www.almega.se\/#\/schema\/person\/608be0e9b9068b1cf2da84cf89f14ab1"},"headline":"Almega lyfter utmaningen med kompetensf\u00f6rs\u00f6rjning i Almedalen 2022","datePublished":"2022-06-14T06:27:21+00:00","dateModified":"2023-01-05T08:39:49+00:00","mainEntityOfPage":{"@id":"https:\/\/www.almega.se\/2022\/06\/almega-lyfter-utmaningen-med-kompetensforsorjning-i-almedalen-2022\/"},"wordCount":1409,"image":{"@id":"https:\/\/www.almega.se\/2022\/06\/almega-lyfter-utmaningen-med-kompetensforsorjning-i-almedalen-2022\/#primaryimage"},"thumbnailUrl":"https:\/\/www.almega.se\/app\/uploads\/2022\/06\/almedalsveckan-2022.png","keywords":["Almedalen"],"inLanguage":"sv-SE"},{"@type":"WebPage","@id":"https:\/\/www.almega.se\/2022\/06\/almega-lyfter-utmaningen-med-kompetensforsorjning-i-almedalen-2022\/","url":"https:\/\/www.almega.se\/2022\/06\/almega-lyfter-utmaningen-med-kompetensforsorjning-i-almedalen-2022\/","name":"Almega lyfter utmaningen med kompetensf\u00f6rs\u00f6rjning i Almedalen 2022","isPartOf":{"@id":"https:\/\/www.almega.se\/#website"},"primaryImageOfPage":{"@id":"https:\/\/www.almega.se\/2022\/06\/almega-lyfter-utmaningen-med-kompetensforsorjning-i-almedalen-2022\/#primaryimage"},"image":{"@id":"https:\/\/www.almega.se\/2022\/06\/almega-lyfter-utmaningen-med-kompetensforsorjning-i-almedalen-2022\/#primaryimage"},"thumbnailUrl":"https:\/\/www.almega.se\/app\/uploads\/2022\/06\/almedalsveckan-2022.png","datePublished":"2022-06-14T06:27:21+00:00","dateModified":"2023-01-05T08:39:49+00:00","author":{"@id":"https:\/\/www.almega.se\/#\/schema\/person\/608be0e9b9068b1cf2da84cf89f14ab1"},"description":"Almega \u00e4r p\u00e5 plats i Almedalen 2022, och bjuder bland annat in till ett seminarium om svenska f\u00f6retags stora utmaning \u2013 kompetensf\u00f6rs\u00f6rjning.","breadcrumb":{"@id":"https:\/\/www.almega.se\/2022\/06\/almega-lyfter-utmaningen-med-kompetensforsorjning-i-almedalen-2022\/#breadcrumb"},"inLanguage":"sv-SE","potentialAction":[{"@type":"ReadAction","target":["https:\/\/www.almega.se\/2022\/06\/almega-lyfter-utmaningen-med-kompetensforsorjning-i-almedalen-2022\/"]}]},{"@type":"ImageObject","inLanguage":"sv-SE","@id":"https:\/\/www.almega.se\/2022\/06\/almega-lyfter-utmaningen-med-kompetensforsorjning-i-almedalen-2022\/#primaryimage","url":"https:\/\/www.almega.se\/app\/uploads\/2022\/06\/almedalsveckan-2022.png","contentUrl":"https:\/\/www.almega.se\/app\/uploads\/2022\/06\/almedalsveckan-2022.png","width":2000,"height":1200,"caption":"Almega p\u00e5 Almedalesveckan 2022"},{"@type":"BreadcrumbList","@id":"https:\/\/www.almega.se\/2022\/06\/almega-lyfter-utmaningen-med-kompetensforsorjning-i-almedalen-2022\/#breadcrumb","itemListElement":[{"@type":"ListItem","position":1,"name":"Home","item":"https:\/\/www.almega.se\/"},{"@type":"ListItem","position":2,"name":"Almega lyfter utmaningen med kompetensf\u00f6rs\u00f6rjning i Almedalen 2022"}]},{"@type":"WebSite","@id":"https:\/\/www.almega.se\/#website","url":"https:\/\/www.almega.se\/","name":"Almega","description":"","potentialAction":[{"@type":"SearchAction","target":{"@type":"EntryPoint","urlTemplate":"https:\/\/www.almega.se\/?s={search_term_string}"},"query-input":{"@type":"PropertyValueSpecification","valueRequired":true,"valueName":"search_term_string"}}],"inLanguage":"sv-SE"},{"@type":"Person","@id":"https:\/\/www.almega.se\/#\/schema\/person\/608be0e9b9068b1cf2da84cf89f14ab1","name":"Moa Thorsell","image":{"@type":"ImageObject","inLanguage":"sv-SE","@id":"https:\/\/www.almega.se\/#\/schema\/person\/image\/","url":"https:\/\/secure.gravatar.com\/avatar\/21013fd5f24a5c5a5dbf121171ff6d75c7ac2e8319c3777fcbcbf9329b2028c0?s=96&d=mm&r=g","contentUrl":"https:\/\/secure.gravatar.com\/avatar\/21013fd5f24a5c5a5dbf121171ff6d75c7ac2e8319c3777fcbcbf9329b2028c0?s=96&d=mm&r=g","caption":"Moa Thorsell"},"url":"https:\/\/www.almega.se\/person\/moathorsell\/"}]}},"_links":{"self":[{"href":"https:\/\/www.almega.se\/api\/wp\/v2\/posts\/46078","targetHints":{"allow":["GET"]}}],"collection":[{"href":"https:\/\/www.almega.se\/api\/wp\/v2\/posts"}],"about":[{"href":"https:\/\/www.almega.se\/api\/wp\/v2\/types\/post"}],"author":[{"embeddable":true,"href":"https:\/\/www.almega.se\/api\/wp\/v2\/users\/7594"}],"replies":[{"embeddable":true,"href":"https:\/\/www.almega.se\/api\/wp\/v2\/comments?post=46078"}],"version-history":[{"count":9,"href":"https:\/\/www.almega.se\/api\/wp\/v2\/posts\/46078\/revisions"}],"predecessor-version":[{"id":52472,"href":"https:\/\/www.almega.se\/api\/wp\/v2\/posts\/46078\/revisions\/52472"}],"wp:featuredmedia":[{"embeddable":true,"href":"https:\/\/www.almega.se\/api\/wp\/v2\/media\/46079"}],"wp:attachment":[{"href":"https:\/\/www.almega.se\/api\/wp\/v2\/media?parent=46078"}],"wp:term":[{"taxonomy":"category","embeddable":true,"href":"https:\/\/www.almega.se\/api\/wp\/v2\/categories?post=46078"},{"taxonomy":"post_tag","embeddable":true,"href":"https:\/\/www.almega.se\/api\/wp\/v2\/tags?post=46078"},{"taxonomy":"type","embeddable":true,"href":"https:\/\/www.almega.se\/api\/wp\/v2\/article_type?post=46078"},{"taxonomy":"agreement","embeddable":true,"href":"https:\/\/www.almega.se\/api\/wp\/v2\/agreement?post=46078"}],"curies":[{"name":"wp","href":"https:\/\/api.w.org\/{rel}","templated":true}]}}