{"id":45240,"date":"2022-05-17T08:11:17","date_gmt":"2022-05-17T06:11:17","guid":{"rendered":"https:\/\/www.almega.se\/?p=45240"},"modified":"2023-01-11T08:29:40","modified_gmt":"2023-01-11T07:29:40","slug":"las-har-hammat-foretagens-mojligheter-tills-nu","status":"publish","type":"post","link":"https:\/\/www.almega.se\/2022\/05\/las-har-hammat-foretagens-mojligheter-tills-nu\/","title":{"rendered":"\u201dLas har h\u00e4mmat f\u00f6retagens m\u00f6jligheter \u2013 tills nu\u201d"},"content":{"rendered":"<p class=\"intro\">Samh\u00e4llet f\u00f6r\u00e4ndras. Villkoren f\u00f6r arbetsgivare och medarbetare likas\u00e5. Almegas vd Ann \u00d6berg f\u00f6rklarar varf\u00f6r en uppdatering av regelverket varit helt n\u00f6dv\u00e4ndig.<\/p>\n\n<p><strong>1974 sl\u00e5r en 18-\u00e5rig Bj\u00f6rn Borg<\/strong> igenom i franska \u00f6ppna, v\u00e4rldens st\u00f6rsta bockkran, Kockumskranen i Malm\u00f6, invigs och en liter bensin kostar drygt 8,50 kronor \u2013 i dagens penningv\u00e4rde. Sedan dess har mycket h\u00e4nt. Bj\u00f6rn Borg har varit tennispension\u00e4r i n\u00e4stan 40 \u00e5r, Kockumskranen s\u00e5ldes 2002 till Sydkorea \u2013 f\u00f6r en dollar \u2013 och bensinen kostar i dag en bra bit \u00f6ver 20 kronor.<\/p>\n\n\n\n<p>Inte heller arbetsmarknaden \u00e4r vad den en g\u00e5ng var. En anst\u00e4lld har inte l\u00e4ngre en och samma arbetsgivare tills det \u00e4r dags f\u00f6r guldklocka och pension. M\u00e5nga har \u00e4ven flera olika yrken under sitt arbetsliv. En del har helt enkelt hamnat fel och beh\u00f6vt byta bana. Samtidigt har teknikutvecklingen, exempelvis inom automatisering och digitalisering, gjort andra yrken obsoleta. Arbetsmarknaden \u00e4r under st\u00e4ndig f\u00f6r\u00e4ndring. Dagens medarbetare och arbetsgivare verkar under helt andra f\u00f6ruts\u00e4ttningar \u00e4n g\u00e5rdagens.<\/p>\n\n\n\n<p><strong>Problemet \u00e4r att arbetsmarknadens regelverk<\/strong> inte h\u00e4ngt med i utvecklingen. Lagen om anst\u00e4llningsskydd, las, \u00e4r \u00e5rsbarn med Kockumskranen. N\u00e4r lagen tr\u00e4dde i kraft var den dessutom utformad utifr\u00e5n hur arbetsmarknaden s\u00e5g ut p\u00e5 1960-talet. Och trots n\u00e5gra sm\u00e4rre uppdateringar genom \u00e5ren \u00e4r lagen i princip densamma. Dess brister har blivit alltmer p\u00e5tagliga och uppenbara. Regelverken har inneburit att f\u00f6retag inte v\u00e5gat anst\u00e4lla i den utstr\u00e4ckning som beh\u00f6vts. R\u00f6rligheten p\u00e5 arbetsmarknaden har varit kringskuren och tr\u00f6sklarna in f\u00f6r h\u00f6ga. Las har h\u00e4mmat f\u00f6retagens m\u00f6jligheter att skapa nya jobb och f\u00f6rs\u00e4mrat f\u00f6ruts\u00e4ttningarna f\u00f6r kompetensf\u00f6rs\u00f6rjning och kompetensv\u00e4xling. Tills nu.<\/p>\n\n\n\n<p>Den senaste samtalsrundan mellan arbetsmarknadens parter r\u00f6rande las har p\u00e5g\u00e5tt till och fr\u00e5n sedan 2017. F\u00f6rhandlingar har skjutits upp, kraschat och \u00e5terupptagits. I oktober 2020 kunde slutligen Svenskt N\u00e4ringsliv och PTK teckna den historiska \u00f6verenskommelse som ut\u00f6ver anst\u00e4llningsskyddet \u00e4ven omfattar trygghet och omst\u00e4llning. Kort d\u00e4refter ansl\u00f6t \u00e4ven fackf\u00f6rbunden Kommunal och IF Metall till uppg\u00f6relsen och efter en viss bet\u00e4nketid \u00e4ven LO.<\/p>\n\n\n\n<p><strong>Att en s\u00e5 omfattande reform<\/strong> har kunnat arbetas fram med ett brett st\u00f6d fr\u00e5n fack, n\u00e4ringsliv samt n\u00e4stan samtliga riksdagspartier \u00e4r unikt. Men \u00f6verenskommelsen \u00e4r ocks\u00e5 unik d\u00e5 den f\u00f6renar ett moderniserat anst\u00e4llningsskydd med Europas b\u00e4sta system f\u00f6r livsl\u00e5ngt l\u00e4rande och kompetensutveckling under m\u00e4nniskors yrkesliv.<\/p>\n\n\n\n<p>En av de mest betydelsefulla och angel\u00e4gna f\u00f6r\u00e4ndringarna i las r\u00f6r turordningsreglerna. Med de nya reglerna kommer alla f\u00f6retag kunna undanta betydelsefulla medarbetare fr\u00e5n principen sist in, f\u00f6rst ut. Det kommer ocks\u00e5 att bli mindre komplicerat att s\u00e4ga upp medarbetare som missk\u00f6ter sig. \u00c4ven kostnaden f\u00f6r att s\u00e4ga upp n\u00e5gon p\u00e5 grund av personliga sk\u00e4l kommer att minska. Det sistn\u00e4mnda f\u00f6rutsatt att arbetsgivaren gjort r\u00e4tt, annars blir det dyrare.<\/p>\n\n\n\n<p><strong>Dessa reformeringar \u00e4r fullt rimliga.<\/strong> De har dessutom st\u00e5tt h\u00f6gt upp p\u00e5 f\u00f6retagens \u00f6nskelistor i stort sett sedan lagen inf\u00f6rdes. V\u00e4l p\u00e5 plats kommer de nya regelverken att skapa den efterl\u00e4ngtade flexibilitet som saknats p\u00e5 arbetsmarknaden. Medarbetare och f\u00f6retag kommer f\u00e5 helt nya m\u00f6jligheter. F\u00f6retag kommer v\u00e5ga anst\u00e4lla och f\u00e5 b\u00e4ttre f\u00f6ruts\u00e4ttningar att v\u00e4xa. Arbetstagare f\u00e5r st\u00f6rre m\u00f6jligheter till omst\u00e4llnings- och kompetensst\u00f6d. Ett regelverk som speglar verkligheten och de f\u00f6ruts\u00e4ttningar som g\u00e4ller p\u00e5 arbetsmarknaden i dag kommer ge svensk konkurrenskraft en v\u00e4lbeh\u00f6vlig skjuts. Efter n\u00e4rmare 50 \u00e5r var det p\u00e5 tiden.<\/p>\n\n\n\n      \n          \n        <p>\n           <span class=\"text-1\">L\u00e4s alla Ann \u00d6bergs kr\u00f6nikor <\/span>            <span class=\"text-2 has-black-color\">om tj\u00e4nstesektorns betydelse<\/span>          <\/p>\n        \n              \n\n      \n              \n                                              \n              <a href=\"https:\/\/www.almega.se\/almegas-vd-har-ordet\"  class=\"Cta__button\">\n                \n                  \n                    Almegas vd har ordet\n                  \n                  \n                                          <span class=\"Button__line\"><\/span>\n                                        <svg class='icon icon--arrow-tip'  width=\"11\" height=\"16\" viewBox=\"0 0 11 16\" fill=\"none\" xmlns=\"http:\/\/www.w3.org\/2000\/svg\">\n<path d=\"M0.858398 15L9.2304 7.99664L0.967732 1.00001\" stroke=\"black\" stroke-width=\"2\" stroke-miterlimit=\"10\"\/>\n<\/svg>\n\n                    \n                \n              <\/a>\n                              \n            \n  \n\n","protected":false},"excerpt":{"rendered":"<p>1974 sl\u00e5r en 18-\u00e5rig Bj\u00f6rn Borg igenom i franska \u00f6ppna, v\u00e4rldens st\u00f6rsta bockkran, Kockumskranen i Malm\u00f6, invigs och en liter bensin kostar drygt 8,50 kronor \u2013 i dagens penningv\u00e4rde. Sedan dess har mycket h\u00e4nt. Bj\u00f6rn &hellip;<\/p>\n","protected":false},"author":7594,"featured_media":45241,"comment_status":"closed","ping_status":"closed","sticky":false,"template":"","format":"standard","meta":{"_acf_changed":false,"footnotes":""},"categories":[451,581],"tags":[425],"article_type":[55,56,557],"agreement":[],"class_list":["post-45240","post","type-post","status-publish","format-standard","has-post-thumbnail","hentry","category-arbetsgivarfragor","category-tjanstesektorns-betydelse","tag-lagen-om-anstallningsskydd-las","type-artiklar","type-nyheter","type-vd-svarar"],"acf":[],"yoast_head":"<!-- This site is optimized with the Yoast SEO Premium plugin v26.8 (Yoast SEO v26.8) - https:\/\/yoast.com\/product\/yoast-seo-premium-wordpress\/ -->\n<title>\u201dLas har h\u00e4mmat f\u00f6retagens m\u00f6jligheter \u2013 tills nu\u201d<\/title>\n<meta name=\"description\" content=\"Samh\u00e4llet f\u00f6r\u00e4ndras. Villkoren f\u00f6r arbetsgivare och medarbetare likas\u00e5. Almegas vd f\u00f6rklarar varf\u00f6r en uppdatering av regelverket varit helt n\u00f6dv\u00e4ndig.\" \/>\n<meta name=\"robots\" content=\"index, follow, max-snippet:-1, max-image-preview:large, max-video-preview:-1\" \/>\n<link rel=\"canonical\" href=\"https:\/\/www.almega.se\/2022\/05\/las-har-hammat-foretagens-mojligheter-tills-nu\/\" \/>\n<meta property=\"og:locale\" content=\"sv_SE\" \/>\n<meta property=\"og:type\" content=\"article\" \/>\n<meta property=\"og:title\" content=\"\u201dLas har h\u00e4mmat f\u00f6retagens m\u00f6jligheter \u2013 tills nu\u201d\" \/>\n<meta property=\"og:description\" content=\"Samh\u00e4llet f\u00f6r\u00e4ndras. Villkoren f\u00f6r arbetsgivare och medarbetare likas\u00e5. Almegas vd f\u00f6rklarar varf\u00f6r en uppdatering av regelverket varit helt n\u00f6dv\u00e4ndig.\" \/>\n<meta property=\"og:url\" content=\"https:\/\/www.almega.se\/2022\/05\/las-har-hammat-foretagens-mojligheter-tills-nu\/\" \/>\n<meta property=\"og:site_name\" content=\"Almega\" \/>\n<meta property=\"article:published_time\" content=\"2022-05-17T06:11:17+00:00\" \/>\n<meta property=\"article:modified_time\" content=\"2023-01-11T07:29:40+00:00\" \/>\n<meta property=\"og:image\" content=\"https:\/\/www.almega.se\/app\/uploads\/2022\/05\/toppbild-kronika_ann-oberg_almega.png\" \/>\n\t<meta property=\"og:image:width\" content=\"1000\" \/>\n\t<meta property=\"og:image:height\" content=\"600\" \/>\n\t<meta property=\"og:image:type\" content=\"image\/png\" \/>\n<meta name=\"author\" content=\"Moa Thorsell\" \/>\n<meta name=\"twitter:card\" content=\"summary_large_image\" \/>\n<meta name=\"twitter:label1\" content=\"Skriven av\" \/>\n\t<meta name=\"twitter:data1\" content=\"Moa Thorsell\" \/>\n\t<meta name=\"twitter:label2\" content=\"Ber\u00e4knad l\u00e4stid\" \/>\n\t<meta name=\"twitter:data2\" content=\"3 minuter\" \/>\n<!-- \/ Yoast SEO Premium plugin. -->","yoast_head_json":{"title":"\u201dLas har h\u00e4mmat f\u00f6retagens m\u00f6jligheter \u2013 tills nu\u201d","description":"Samh\u00e4llet f\u00f6r\u00e4ndras. Villkoren f\u00f6r arbetsgivare och medarbetare likas\u00e5. Almegas vd f\u00f6rklarar varf\u00f6r en uppdatering av regelverket varit helt n\u00f6dv\u00e4ndig.","robots":{"index":"index","follow":"follow","max-snippet":"max-snippet:-1","max-image-preview":"max-image-preview:large","max-video-preview":"max-video-preview:-1"},"canonical":"https:\/\/www.almega.se\/2022\/05\/las-har-hammat-foretagens-mojligheter-tills-nu\/","og_locale":"sv_SE","og_type":"article","og_title":"\u201dLas har h\u00e4mmat f\u00f6retagens m\u00f6jligheter \u2013 tills nu\u201d","og_description":"Samh\u00e4llet f\u00f6r\u00e4ndras. Villkoren f\u00f6r arbetsgivare och medarbetare likas\u00e5. Almegas vd f\u00f6rklarar varf\u00f6r en uppdatering av regelverket varit helt n\u00f6dv\u00e4ndig.","og_url":"https:\/\/www.almega.se\/2022\/05\/las-har-hammat-foretagens-mojligheter-tills-nu\/","og_site_name":"Almega","article_published_time":"2022-05-17T06:11:17+00:00","article_modified_time":"2023-01-11T07:29:40+00:00","og_image":[{"width":1000,"height":600,"url":"https:\/\/www.almega.se\/app\/uploads\/2022\/05\/toppbild-kronika_ann-oberg_almega.png","type":"image\/png"}],"author":"Moa Thorsell","twitter_card":"summary_large_image","twitter_misc":{"Skriven av":"Moa Thorsell","Ber\u00e4knad l\u00e4stid":"3 minuter"},"schema":{"@context":"https:\/\/schema.org","@graph":[{"@type":"NewsArticle","@id":"https:\/\/www.almega.se\/2022\/05\/las-har-hammat-foretagens-mojligheter-tills-nu\/#article","isPartOf":{"@id":"https:\/\/www.almega.se\/2022\/05\/las-har-hammat-foretagens-mojligheter-tills-nu\/"},"author":{"name":"Moa Thorsell","@id":"https:\/\/www.almega.se\/#\/schema\/person\/608be0e9b9068b1cf2da84cf89f14ab1"},"headline":"\u201dLas har h\u00e4mmat f\u00f6retagens m\u00f6jligheter \u2013 tills nu\u201d","datePublished":"2022-05-17T06:11:17+00:00","dateModified":"2023-01-11T07:29:40+00:00","mainEntityOfPage":{"@id":"https:\/\/www.almega.se\/2022\/05\/las-har-hammat-foretagens-mojligheter-tills-nu\/"},"wordCount":619,"image":{"@id":"https:\/\/www.almega.se\/2022\/05\/las-har-hammat-foretagens-mojligheter-tills-nu\/#primaryimage"},"thumbnailUrl":"https:\/\/www.almega.se\/app\/uploads\/2022\/05\/toppbild-kronika_ann-oberg_almega.png","keywords":["Lagen om anst\u00e4llningsskydd (LAS)"],"articleSection":["Arbetsgivarfr\u00e5gor","Tj\u00e4nstesektorns betydelse"],"inLanguage":"sv-SE"},{"@type":"WebPage","@id":"https:\/\/www.almega.se\/2022\/05\/las-har-hammat-foretagens-mojligheter-tills-nu\/","url":"https:\/\/www.almega.se\/2022\/05\/las-har-hammat-foretagens-mojligheter-tills-nu\/","name":"\u201dLas har h\u00e4mmat f\u00f6retagens m\u00f6jligheter \u2013 tills nu\u201d","isPartOf":{"@id":"https:\/\/www.almega.se\/#website"},"primaryImageOfPage":{"@id":"https:\/\/www.almega.se\/2022\/05\/las-har-hammat-foretagens-mojligheter-tills-nu\/#primaryimage"},"image":{"@id":"https:\/\/www.almega.se\/2022\/05\/las-har-hammat-foretagens-mojligheter-tills-nu\/#primaryimage"},"thumbnailUrl":"https:\/\/www.almega.se\/app\/uploads\/2022\/05\/toppbild-kronika_ann-oberg_almega.png","datePublished":"2022-05-17T06:11:17+00:00","dateModified":"2023-01-11T07:29:40+00:00","author":{"@id":"https:\/\/www.almega.se\/#\/schema\/person\/608be0e9b9068b1cf2da84cf89f14ab1"},"description":"Samh\u00e4llet f\u00f6r\u00e4ndras. Villkoren f\u00f6r arbetsgivare och medarbetare likas\u00e5. Almegas vd f\u00f6rklarar varf\u00f6r en uppdatering av regelverket varit helt n\u00f6dv\u00e4ndig.","breadcrumb":{"@id":"https:\/\/www.almega.se\/2022\/05\/las-har-hammat-foretagens-mojligheter-tills-nu\/#breadcrumb"},"inLanguage":"sv-SE","potentialAction":[{"@type":"ReadAction","target":["https:\/\/www.almega.se\/2022\/05\/las-har-hammat-foretagens-mojligheter-tills-nu\/"]}]},{"@type":"ImageObject","inLanguage":"sv-SE","@id":"https:\/\/www.almega.se\/2022\/05\/las-har-hammat-foretagens-mojligheter-tills-nu\/#primaryimage","url":"https:\/\/www.almega.se\/app\/uploads\/2022\/05\/toppbild-kronika_ann-oberg_almega.png","contentUrl":"https:\/\/www.almega.se\/app\/uploads\/2022\/05\/toppbild-kronika_ann-oberg_almega.png","width":1000,"height":600,"caption":"Almegas vd, Ann \u00d6berg"},{"@type":"BreadcrumbList","@id":"https:\/\/www.almega.se\/2022\/05\/las-har-hammat-foretagens-mojligheter-tills-nu\/#breadcrumb","itemListElement":[{"@type":"ListItem","position":1,"name":"Home","item":"https:\/\/www.almega.se\/"},{"@type":"ListItem","position":2,"name":"\u201dLas har h\u00e4mmat f\u00f6retagens m\u00f6jligheter \u2013 tills nu\u201d"}]},{"@type":"WebSite","@id":"https:\/\/www.almega.se\/#website","url":"https:\/\/www.almega.se\/","name":"Almega","description":"","potentialAction":[{"@type":"SearchAction","target":{"@type":"EntryPoint","urlTemplate":"https:\/\/www.almega.se\/?s={search_term_string}"},"query-input":{"@type":"PropertyValueSpecification","valueRequired":true,"valueName":"search_term_string"}}],"inLanguage":"sv-SE"},{"@type":"Person","@id":"https:\/\/www.almega.se\/#\/schema\/person\/608be0e9b9068b1cf2da84cf89f14ab1","name":"Moa Thorsell","image":{"@type":"ImageObject","inLanguage":"sv-SE","@id":"https:\/\/www.almega.se\/#\/schema\/person\/image\/","url":"https:\/\/secure.gravatar.com\/avatar\/21013fd5f24a5c5a5dbf121171ff6d75c7ac2e8319c3777fcbcbf9329b2028c0?s=96&d=mm&r=g","contentUrl":"https:\/\/secure.gravatar.com\/avatar\/21013fd5f24a5c5a5dbf121171ff6d75c7ac2e8319c3777fcbcbf9329b2028c0?s=96&d=mm&r=g","caption":"Moa Thorsell"},"url":"https:\/\/www.almega.se\/person\/moathorsell\/"}]}},"_links":{"self":[{"href":"https:\/\/www.almega.se\/api\/wp\/v2\/posts\/45240","targetHints":{"allow":["GET"]}}],"collection":[{"href":"https:\/\/www.almega.se\/api\/wp\/v2\/posts"}],"about":[{"href":"https:\/\/www.almega.se\/api\/wp\/v2\/types\/post"}],"author":[{"embeddable":true,"href":"https:\/\/www.almega.se\/api\/wp\/v2\/users\/7594"}],"replies":[{"embeddable":true,"href":"https:\/\/www.almega.se\/api\/wp\/v2\/comments?post=45240"}],"version-history":[{"count":5,"href":"https:\/\/www.almega.se\/api\/wp\/v2\/posts\/45240\/revisions"}],"predecessor-version":[{"id":54510,"href":"https:\/\/www.almega.se\/api\/wp\/v2\/posts\/45240\/revisions\/54510"}],"wp:featuredmedia":[{"embeddable":true,"href":"https:\/\/www.almega.se\/api\/wp\/v2\/media\/45241"}],"wp:attachment":[{"href":"https:\/\/www.almega.se\/api\/wp\/v2\/media?parent=45240"}],"wp:term":[{"taxonomy":"category","embeddable":true,"href":"https:\/\/www.almega.se\/api\/wp\/v2\/categories?post=45240"},{"taxonomy":"post_tag","embeddable":true,"href":"https:\/\/www.almega.se\/api\/wp\/v2\/tags?post=45240"},{"taxonomy":"type","embeddable":true,"href":"https:\/\/www.almega.se\/api\/wp\/v2\/article_type?post=45240"},{"taxonomy":"agreement","embeddable":true,"href":"https:\/\/www.almega.se\/api\/wp\/v2\/agreement?post=45240"}],"curies":[{"name":"wp","href":"https:\/\/api.w.org\/{rel}","templated":true}]}}