{"id":44690,"date":"2022-05-03T15:08:42","date_gmt":"2022-05-03T13:08:42","guid":{"rendered":"https:\/\/www.almega.se\/2022\/05\/valkommet-forslag-fran-mp-om-kompetensavdraget\/"},"modified":"2023-01-05T09:01:44","modified_gmt":"2023-01-05T08:01:44","slug":"valkommet-forslag-fran-mp-om-kompetensavdraget","status":"publish","type":"post","link":"https:\/\/www.almega.se\/2022\/05\/valkommet-forslag-fran-mp-om-kompetensavdraget\/","title":{"rendered":"V\u00e4lkommet f\u00f6rslag fr\u00e5n MP om kompetensavdraget"},"content":{"rendered":"<p class=\"intro\">Milj\u00f6partiet har idag presenterat sin v\u00e5rbudgetmotion, med bland annat ett f\u00f6rslag p\u00e5 skatteavdrag f\u00f6r f\u00f6retags utbildningskostnader. Detta v\u00e4lkomnas av Almega och f\u00f6rbund, d\u00e4ribland TechSverige och Innovationsf\u00f6retagen.<\/p>\n\n<p>Milj\u00f6partiet har idag presenterat sin v\u00e5rbudgetmotion och i den finns ett f\u00f6rslag om att inf\u00f6ra ett skatteavdrag f\u00f6r f\u00f6retagens utbildningskostnader. Syftet \u00e4r att g\u00f6ra det enklare f\u00f6r f\u00f6retagen att kompetensutveckla sina medarbetare f\u00f6r att kunna genomf\u00f6ra klimatomst\u00e4llningen. Almega har sedan flera \u00e5r tillbaka drivit fr\u00e5gan om inf\u00f6randet av ett kompetensavdrag och v\u00e4lkomnar d\u00e4rf\u00f6r Milj\u00f6partiets f\u00f6rslag.<\/p>\n\n\n\n<p>\u2013 Det m\u00e5ste bli f\u00f6rm\u00e5nligare f\u00f6r f\u00f6retagen att investera i sina medarbetare. Med ett kompetensavdrag skulle det bli m\u00f6jligt f\u00f6r f\u00f6retag att \u00f6ka avdragsm\u00f6jligheten f\u00f6r ink\u00f6p av personalutbildningar, vilket st\u00e4rker m\u00f6jligheterna att investera i medarbetares kompetensutveckling. Det \u00e4r ett bra s\u00e4tt f\u00f6r f\u00f6retagen att m\u00f6ta framtida kompetensbehov, s\u00e4ger Andreas \u00c5str\u00f6m, n\u00e4ringspolitisk chef p\u00e5 Almega.<\/p>\n\n\n\n<p>\u2013&nbsp;TechSverige v\u00e4lkomnar Milj\u00f6partiets f\u00f6rslag om skatteavdrag f\u00f6r utbildningskostnader. Vi har l\u00e4nge p\u00e5talat behovet av ett kompetensavdrag. R\u00e4tt utformat, kan det bidra till att st\u00e4rka techbolagens f\u00f6ruts\u00e4ttningar att investera i kompetensh\u00f6jande insatser, s\u00e4ger Christina Ramm-Ericson, n\u00e4ringspolitisk chef Tech Sverige<\/p>\n\n\n\n<p>\u2013&nbsp;Behovet av kompetens f\u00f6r att klara omst\u00e4llningen mot ett \u00e4nnu mer h\u00e5llbart samh\u00e4lle och konkurrenskraftigt n\u00e4ringsliv \u00e4r enormt. Ett v\u00e4l fungerande kompetensavdrag, som underl\u00e4ttar f\u00f6r f\u00f6retagen att investera i utbildning f\u00f6r sina medarbetare, st\u00e4rker inte bara individens f\u00f6rm\u00e5ga utan skulle ocks\u00e5 bidra till att st\u00e4rka Sveriges och f\u00f6retagens konkurrenskraft, s\u00e4ger Anders Persson, n\u00e4ringspolitisk chef p\u00e5 Innovationsf\u00f6retagen.<\/p>\n","protected":false},"excerpt":{"rendered":"<p>Milj\u00f6partiet har idag presenterat sin v\u00e5rbudgetmotion, med bland annat ett f\u00f6rslag p\u00e5 skatteavdrag f\u00f6r f\u00f6retags utbildningskostnader. Detta v\u00e4lkomnas av Almega och f\u00f6rbund, d\u00e4ribland TechSverige och Innovationsf\u00f6retagen.<\/p>\n","protected":false},"author":6356,"featured_media":44691,"comment_status":"closed","ping_status":"closed","sticky":false,"template":"","format":"standard","meta":{"_acf_changed":false,"footnotes":""},"categories":[451,64,419],"tags":[59,610,67],"article_type":[93],"agreement":[],"class_list":["post-44690","post","type-post","status-publish","format-standard","has-post-thumbnail","hentry","category-arbetsgivarfragor","category-arbetsmarknad","category-kompetensforsorjning","tag-kompetens","tag-kompetensforsorjning","tag-utbildning-och-kompetens","type-pressmeddelanden"],"acf":[],"yoast_head":"<!-- This site is optimized with the Yoast SEO Premium plugin v26.8 (Yoast SEO v26.8) - https:\/\/yoast.com\/product\/yoast-seo-premium-wordpress\/ -->\n<title>V\u00e4lkommet f\u00f6rslag fr\u00e5n MP om kompetensavdraget | Almega<\/title>\n<meta name=\"robots\" content=\"index, follow, max-snippet:-1, max-image-preview:large, max-video-preview:-1\" \/>\n<link rel=\"canonical\" href=\"https:\/\/www.almega.se\/2022\/05\/valkommet-forslag-fran-mp-om-kompetensavdraget\/\" \/>\n<meta property=\"og:locale\" content=\"sv_SE\" \/>\n<meta property=\"og:type\" content=\"article\" \/>\n<meta property=\"og:title\" content=\"V\u00e4lkommet f\u00f6rslag fr\u00e5n MP om kompetensavdraget\" \/>\n<meta property=\"og:description\" content=\"Milj\u00f6partiet har idag presenterat sin v\u00e5rbudgetmotion, med bland annat ett f\u00f6rslag p\u00e5 skatteavdrag f\u00f6r f\u00f6retags utbildningskostnader. Detta v\u00e4lkomnas av Almega och f\u00f6rbund, d\u00e4ribland TechSverige och Innovationsf\u00f6retagen.\" \/>\n<meta property=\"og:url\" content=\"https:\/\/www.almega.se\/2022\/05\/valkommet-forslag-fran-mp-om-kompetensavdraget\/\" \/>\n<meta property=\"og:site_name\" content=\"Almega\" \/>\n<meta property=\"article:published_time\" content=\"2022-05-03T13:08:42+00:00\" \/>\n<meta property=\"article:modified_time\" content=\"2023-01-05T08:01:44+00:00\" \/>\n<meta property=\"og:image\" content=\"https:\/\/www.almega.se\/app\/uploads\/2022\/05\/23a6347d-7eed-4a4a-88df-98a4f02212a3-scaled.jpg\" \/>\n\t<meta property=\"og:image:width\" content=\"2560\" \/>\n\t<meta property=\"og:image:height\" content=\"1707\" \/>\n\t<meta property=\"og:image:type\" content=\"image\/jpeg\" \/>\n<meta name=\"author\" content=\"Erik Juhlin\" \/>\n<meta name=\"twitter:card\" content=\"summary_large_image\" \/>\n<meta name=\"twitter:label1\" content=\"Skriven av\" \/>\n\t<meta name=\"twitter:data1\" content=\"Erik Juhlin\" \/>\n\t<meta name=\"twitter:label2\" content=\"Ber\u00e4knad l\u00e4stid\" \/>\n\t<meta name=\"twitter:data2\" content=\"2 minuter\" \/>\n<!-- \/ Yoast SEO Premium plugin. -->","yoast_head_json":{"title":"V\u00e4lkommet f\u00f6rslag fr\u00e5n MP om kompetensavdraget | Almega","robots":{"index":"index","follow":"follow","max-snippet":"max-snippet:-1","max-image-preview":"max-image-preview:large","max-video-preview":"max-video-preview:-1"},"canonical":"https:\/\/www.almega.se\/2022\/05\/valkommet-forslag-fran-mp-om-kompetensavdraget\/","og_locale":"sv_SE","og_type":"article","og_title":"V\u00e4lkommet f\u00f6rslag fr\u00e5n MP om kompetensavdraget","og_description":"Milj\u00f6partiet har idag presenterat sin v\u00e5rbudgetmotion, med bland annat ett f\u00f6rslag p\u00e5 skatteavdrag f\u00f6r f\u00f6retags utbildningskostnader. Detta v\u00e4lkomnas av Almega och f\u00f6rbund, d\u00e4ribland TechSverige och Innovationsf\u00f6retagen.","og_url":"https:\/\/www.almega.se\/2022\/05\/valkommet-forslag-fran-mp-om-kompetensavdraget\/","og_site_name":"Almega","article_published_time":"2022-05-03T13:08:42+00:00","article_modified_time":"2023-01-05T08:01:44+00:00","og_image":[{"width":2560,"height":1707,"url":"https:\/\/www.almega.se\/app\/uploads\/2022\/05\/23a6347d-7eed-4a4a-88df-98a4f02212a3-scaled.jpg","type":"image\/jpeg"}],"author":"Erik Juhlin","twitter_card":"summary_large_image","twitter_misc":{"Skriven av":"Erik Juhlin","Ber\u00e4knad l\u00e4stid":"2 minuter"},"schema":{"@context":"https:\/\/schema.org","@graph":[{"@type":"NewsArticle","@id":"https:\/\/www.almega.se\/2022\/05\/valkommet-forslag-fran-mp-om-kompetensavdraget\/#article","isPartOf":{"@id":"https:\/\/www.almega.se\/2022\/05\/valkommet-forslag-fran-mp-om-kompetensavdraget\/"},"author":{"name":"Erik Juhlin","@id":"https:\/\/www.almega.se\/#\/schema\/person\/3c181ea7ead5ab7b14c61584637720f5"},"headline":"V\u00e4lkommet f\u00f6rslag fr\u00e5n MP om kompetensavdraget","datePublished":"2022-05-03T13:08:42+00:00","dateModified":"2023-01-05T08:01:44+00:00","mainEntityOfPage":{"@id":"https:\/\/www.almega.se\/2022\/05\/valkommet-forslag-fran-mp-om-kompetensavdraget\/"},"wordCount":283,"image":{"@id":"https:\/\/www.almega.se\/2022\/05\/valkommet-forslag-fran-mp-om-kompetensavdraget\/#primaryimage"},"thumbnailUrl":"https:\/\/www.almega.se\/app\/uploads\/2022\/05\/23a6347d-7eed-4a4a-88df-98a4f02212a3-scaled.jpg","keywords":["Kompetensavdrag","Kompetensf\u00f6rs\u00f6rjning","Utbildning och kompetens"],"articleSection":["Arbetsgivarfr\u00e5gor","Arbetsmarknad","Kompetensf\u00f6rs\u00f6rjning"],"inLanguage":"sv-SE"},{"@type":"WebPage","@id":"https:\/\/www.almega.se\/2022\/05\/valkommet-forslag-fran-mp-om-kompetensavdraget\/","url":"https:\/\/www.almega.se\/2022\/05\/valkommet-forslag-fran-mp-om-kompetensavdraget\/","name":"V\u00e4lkommet f\u00f6rslag fr\u00e5n MP om kompetensavdraget | Almega","isPartOf":{"@id":"https:\/\/www.almega.se\/#website"},"primaryImageOfPage":{"@id":"https:\/\/www.almega.se\/2022\/05\/valkommet-forslag-fran-mp-om-kompetensavdraget\/#primaryimage"},"image":{"@id":"https:\/\/www.almega.se\/2022\/05\/valkommet-forslag-fran-mp-om-kompetensavdraget\/#primaryimage"},"thumbnailUrl":"https:\/\/www.almega.se\/app\/uploads\/2022\/05\/23a6347d-7eed-4a4a-88df-98a4f02212a3-scaled.jpg","datePublished":"2022-05-03T13:08:42+00:00","dateModified":"2023-01-05T08:01:44+00:00","author":{"@id":"https:\/\/www.almega.se\/#\/schema\/person\/3c181ea7ead5ab7b14c61584637720f5"},"breadcrumb":{"@id":"https:\/\/www.almega.se\/2022\/05\/valkommet-forslag-fran-mp-om-kompetensavdraget\/#breadcrumb"},"inLanguage":"sv-SE","potentialAction":[{"@type":"ReadAction","target":["https:\/\/www.almega.se\/2022\/05\/valkommet-forslag-fran-mp-om-kompetensavdraget\/"]}]},{"@type":"ImageObject","inLanguage":"sv-SE","@id":"https:\/\/www.almega.se\/2022\/05\/valkommet-forslag-fran-mp-om-kompetensavdraget\/#primaryimage","url":"https:\/\/www.almega.se\/app\/uploads\/2022\/05\/23a6347d-7eed-4a4a-88df-98a4f02212a3-scaled.jpg","contentUrl":"https:\/\/www.almega.se\/app\/uploads\/2022\/05\/23a6347d-7eed-4a4a-88df-98a4f02212a3-scaled.jpg","width":2560,"height":1707,"caption":"Andreas \u00c5str\u00f6m, n\u00e4ringspolitisk chef p\u00e5 Almega"},{"@type":"BreadcrumbList","@id":"https:\/\/www.almega.se\/2022\/05\/valkommet-forslag-fran-mp-om-kompetensavdraget\/#breadcrumb","itemListElement":[{"@type":"ListItem","position":1,"name":"Home","item":"https:\/\/www.almega.se\/"},{"@type":"ListItem","position":2,"name":"V\u00e4lkommet f\u00f6rslag fr\u00e5n MP om kompetensavdraget"}]},{"@type":"WebSite","@id":"https:\/\/www.almega.se\/#website","url":"https:\/\/www.almega.se\/","name":"Almega","description":"","potentialAction":[{"@type":"SearchAction","target":{"@type":"EntryPoint","urlTemplate":"https:\/\/www.almega.se\/?s={search_term_string}"},"query-input":{"@type":"PropertyValueSpecification","valueRequired":true,"valueName":"search_term_string"}}],"inLanguage":"sv-SE"},{"@type":"Person","@id":"https:\/\/www.almega.se\/#\/schema\/person\/3c181ea7ead5ab7b14c61584637720f5","name":"Erik Juhlin","image":{"@type":"ImageObject","inLanguage":"sv-SE","@id":"https:\/\/www.almega.se\/#\/schema\/person\/image\/","url":"https:\/\/secure.gravatar.com\/avatar\/ef0e97454357041724f27ea1630fa5bf78b30eea6fc56998e6a03142ad5b1370?s=96&d=mm&r=g","contentUrl":"https:\/\/secure.gravatar.com\/avatar\/ef0e97454357041724f27ea1630fa5bf78b30eea6fc56998e6a03142ad5b1370?s=96&d=mm&r=g","caption":"Erik Juhlin"},"url":"https:\/\/www.almega.se\/person\/erikjuhlin\/"}]}},"_links":{"self":[{"href":"https:\/\/www.almega.se\/api\/wp\/v2\/posts\/44690","targetHints":{"allow":["GET"]}}],"collection":[{"href":"https:\/\/www.almega.se\/api\/wp\/v2\/posts"}],"about":[{"href":"https:\/\/www.almega.se\/api\/wp\/v2\/types\/post"}],"author":[{"embeddable":true,"href":"https:\/\/www.almega.se\/api\/wp\/v2\/users\/6356"}],"replies":[{"embeddable":true,"href":"https:\/\/www.almega.se\/api\/wp\/v2\/comments?post=44690"}],"version-history":[{"count":2,"href":"https:\/\/www.almega.se\/api\/wp\/v2\/posts\/44690\/revisions"}],"predecessor-version":[{"id":52417,"href":"https:\/\/www.almega.se\/api\/wp\/v2\/posts\/44690\/revisions\/52417"}],"wp:featuredmedia":[{"embeddable":true,"href":"https:\/\/www.almega.se\/api\/wp\/v2\/media\/44691"}],"wp:attachment":[{"href":"https:\/\/www.almega.se\/api\/wp\/v2\/media?parent=44690"}],"wp:term":[{"taxonomy":"category","embeddable":true,"href":"https:\/\/www.almega.se\/api\/wp\/v2\/categories?post=44690"},{"taxonomy":"post_tag","embeddable":true,"href":"https:\/\/www.almega.se\/api\/wp\/v2\/tags?post=44690"},{"taxonomy":"type","embeddable":true,"href":"https:\/\/www.almega.se\/api\/wp\/v2\/article_type?post=44690"},{"taxonomy":"agreement","embeddable":true,"href":"https:\/\/www.almega.se\/api\/wp\/v2\/agreement?post=44690"}],"curies":[{"name":"wp","href":"https:\/\/api.w.org\/{rel}","templated":true}]}}