{"id":44669,"date":"2022-05-04T08:00:25","date_gmt":"2022-05-04T06:00:25","guid":{"rendered":"https:\/\/www.almega.se\/?p=44669"},"modified":"2023-02-13T14:04:05","modified_gmt":"2023-02-13T13:04:05","slug":"ny-rapport-sa-fortsatter-vi-reformera-arbetsformedlingen","status":"publish","type":"post","link":"https:\/\/www.almega.se\/2022\/05\/ny-rapport-sa-fortsatter-vi-reformera-arbetsformedlingen\/","title":{"rendered":"Ny rapport: S\u00e5 forts\u00e4tter vi reformera Arbetsf\u00f6rmedlingen"},"content":{"rendered":"<p class=\"intro\">Reformeringen av Arbetsf\u00f6rmedlingen har f\u00f6rb\u00e4ttrat kompetensf\u00f6rs\u00f6rjningen och f\u00e5tt fler m\u00e4nniskor i jobb.\u00a0 I Almegas nya rapport &#8221;S\u00e5 forts\u00e4tter vi reformera Arbetsf\u00f6rmedlingen&#8221; l\u00e4ggs flera nya f\u00f6rslag p\u00e5 hur reformen kan v\u00e4xlas upp s\u00e5 att fler tar del av f\u00f6rmedlingsinsatser f\u00f6r att motverka och bryta l\u00e5ngtidstidsarbetsl\u00f6sheten. V\u00e5r n\u00e4ringspolitiske expert Per Hammar svarar p\u00e5 tre snabba fr\u00e5gor om rapporten.<\/p>\n<a class='Share__link Share__link--url copy-text' href='#' rel='nofollow' data-text='vad-handlar-rapporten-om?' title='Dela url' data-confirmation='L\u00e4nken kopierades till urklipp'><svg class='icon icon--link'  width='18' height='18' viewBox='0 0 18 18' fill='none' xmlns='http:\/\/www.w3.org\/2000\/svg'>\n            <path d='M10.4142 0.514721L6.87868 4.05025L8.29289 5.46447L11.1213 2.63604L15.364 6.87868L12.5355 9.70711L13.9497 11.1213L17.4853 7.58579C17.8763 7.19476 17.8763 6.5626 17.4853 6.17158L11.8284 0.514721C11.4374 0.123691 10.8052 0.123691 10.4142 0.514721Z' fill='black'\/>\n            <path d='M9.7071 12.5355L6.87868 15.364L2.63604 11.1213L5.46446 8.2929L4.05025 6.87868L0.514716 10.4142C0.123686 10.8052 0.123686 11.4374 0.514716 11.8284L6.17157 17.4853C6.5626 17.8763 7.19475 17.8763 7.58578 17.4853L11.1213 13.9497L9.7071 12.5355Z' fill='black'\/>\n            <path d='M6.17157 11.8284C6.5626 12.2195 7.19475 12.2195 7.58578 11.8284L11.8284 7.58579C12.2195 7.19476 12.2195 6.56261 11.8284 6.17158C11.4374 5.78055 10.8052 5.78055 10.4142 6.17158L6.17157 10.4142C5.78054 10.8052 5.78054 11.4374 6.17157 11.8284Z' fill='black'\/>\n            <\/svg> <\/a>\n<h2 class=\"wp-block-heading\">Vad handlar rapporten om?<\/h2>\n\n\n\n<p>\u2013 Det som hittills skett inom ramen f\u00f6r reformeringen av Arbetsf\u00f6rmedlingen har visat sig mycket lyckat. Rapporten ger dels en nul\u00e4gesbild, dels f\u00f6rslag p\u00e5 fortsatt reformarbete f\u00f6r att b\u00e5de f\u00f6rhindra och bryta arbetsl\u00f6sheten, s\u00e4ger Almegas n\u00e4ringspolitiska expert, Per Hammar, som har lett arbetet med rapporten.<\/p>\n\n\n<a class='Share__link Share__link--url copy-text' href='#' rel='nofollow' data-text='varfor-ar-en-fortsatt-reformering-viktig?' title='Dela url' data-confirmation='L\u00e4nken kopierades till urklipp'><svg class='icon icon--link'  width='18' height='18' viewBox='0 0 18 18' fill='none' xmlns='http:\/\/www.w3.org\/2000\/svg'>\n            <path d='M10.4142 0.514721L6.87868 4.05025L8.29289 5.46447L11.1213 2.63604L15.364 6.87868L12.5355 9.70711L13.9497 11.1213L17.4853 7.58579C17.8763 7.19476 17.8763 6.5626 17.4853 6.17158L11.8284 0.514721C11.4374 0.123691 10.8052 0.123691 10.4142 0.514721Z' fill='black'\/>\n            <path d='M9.7071 12.5355L6.87868 15.364L2.63604 11.1213L5.46446 8.2929L4.05025 6.87868L0.514716 10.4142C0.123686 10.8052 0.123686 11.4374 0.514716 11.8284L6.17157 17.4853C6.5626 17.8763 7.19475 17.8763 7.58578 17.4853L11.1213 13.9497L9.7071 12.5355Z' fill='black'\/>\n            <path d='M6.17157 11.8284C6.5626 12.2195 7.19475 12.2195 7.58578 11.8284L11.8284 7.58579C12.2195 7.19476 12.2195 6.56261 11.8284 6.17158C11.4374 5.78055 10.8052 5.78055 10.4142 6.17158L6.17157 10.4142C5.78054 10.8052 5.78054 11.4374 6.17157 11.8284Z' fill='black'\/>\n            <\/svg> <\/a>\n<h2 class=\"wp-block-heading\">Varf\u00f6r \u00e4r en fortsatt reformering viktig?<\/h2>\n\n\n\n<p>\u2013 Kompetensbristen \u00e4r akut samtidtidigt som l\u00e5ngtidsarbetsl\u00f6sheten \u00e4r rekordh\u00f6g. Jobbmatchningen till f\u00f6retagen fungerar inte tillr\u00e4ckligt bra \u00e4nnu och kostnaderna f\u00f6r utanf\u00f6rskapet enorma. Nu beh\u00f6vs fortsatta reformer av arbetsmarknadspolitiken.<\/p>\n\n\n<a class='Share__link Share__link--url copy-text' href='#' rel='nofollow' data-text='vilka-ar-de-tre-viktigaste-atgardsforslagen-i-rapporten?' title='Dela url' data-confirmation='L\u00e4nken kopierades till urklipp'><svg class='icon icon--link'  width='18' height='18' viewBox='0 0 18 18' fill='none' xmlns='http:\/\/www.w3.org\/2000\/svg'>\n            <path d='M10.4142 0.514721L6.87868 4.05025L8.29289 5.46447L11.1213 2.63604L15.364 6.87868L12.5355 9.70711L13.9497 11.1213L17.4853 7.58579C17.8763 7.19476 17.8763 6.5626 17.4853 6.17158L11.8284 0.514721C11.4374 0.123691 10.8052 0.123691 10.4142 0.514721Z' fill='black'\/>\n            <path d='M9.7071 12.5355L6.87868 15.364L2.63604 11.1213L5.46446 8.2929L4.05025 6.87868L0.514716 10.4142C0.123686 10.8052 0.123686 11.4374 0.514716 11.8284L6.17157 17.4853C6.5626 17.8763 7.19475 17.8763 7.58578 17.4853L11.1213 13.9497L9.7071 12.5355Z' fill='black'\/>\n            <path d='M6.17157 11.8284C6.5626 12.2195 7.19475 12.2195 7.58578 11.8284L11.8284 7.58579C12.2195 7.19476 12.2195 6.56261 11.8284 6.17158C11.4374 5.78055 10.8052 5.78055 10.4142 6.17158L6.17157 10.4142C5.78054 10.8052 5.78054 11.4374 6.17157 11.8284Z' fill='black'\/>\n            <\/svg> <\/a>\n<h2 class=\"wp-block-heading\">Vilka \u00e4r de tre viktigaste \u00e5tg\u00e4rdsf\u00f6rslagen i rapporten?<\/h2>\n\n\n\n<p>\u2013 Den nya matchningstj\u00e4nsten Rusta och matcha visar att h\u00e4lften av de arbetss\u00f6kande som f\u00e5r hj\u00e4lp av frist\u00e5ende akt\u00f6rer f\u00e5r jobb eller utbildning. Detta \u00e4r bra siffror eftersom akt\u00f6rerna kopplas in f\u00f6rst efter 12 m\u00e5nader. De frist\u00e5ende akt\u00f6rer m\u00e5ste d\u00e4rf\u00f6r f\u00e5 m\u00f6jlighet att ge arbetss\u00f6kande hj\u00e4lp l\u00e5ngt tidigare. Alla arbetss\u00f6kande som beh\u00f6ver st\u00f6d f\u00f6r att hitta jobb eller p\u00e5b\u00f6rja en utbildning m\u00e5ste f\u00e5 r\u00e4tt st\u00f6d direkt, helst redan fr\u00e5n dag ett.<\/p>\n\n\n\n<p>\u2013 L\u00e5t \u00e4ven de arbetsl\u00f6sa som st\u00e5r allra l\u00e4ngst fr\u00e5n arbetsmarknaden, till exempel arbetsl\u00f6sa med nedsatt arbetsf\u00f6rm\u00e5ga p\u00e5 grund av funktionsneds\u00e4ttning, f\u00e5 v\u00e4lja leverant\u00f6r av l\u00e4mplig rustande och matchande insats.<\/p>\n\n\n\n<p>\u2013 Renodla Arbetsf\u00f6rmedlingens uppdrag. Fokus ska vara p\u00e5 myndighetsuppgifterna medan de matchande och rustande insatserna f\u00f6r de arbetsl\u00f6sa ska utf\u00f6ras av frist\u00e5ende akt\u00f6rer.<\/p>\n\n\n\n      <a href=\"https:\/\/www.almega.se\/app\/uploads\/2022\/05\/2205-fortsatta-reformer.pdf\" target=\"_blank\" class=\"Button is-button is-style-fill has-primary-background-color has-primary-border-color Button--download\">\n      \n        Rapporten &#8221;S\u00e5 forts\u00e4tter vi reformera Arbetsf\u00f6rmedlingen&#8221;\n      \n      \n                <svg class='icon icon--download'  width=\"16\" height=\"16\" viewBox=\"0 0 16 16\" fill=\"none\" xmlns=\"http:\/\/www.w3.org\/2000\/svg\">\n<path d=\"M8 -2.18557e-07L8 10M8 10L13 5M8 10L3 5\" stroke=\"black\" stroke-width=\"2\" stroke-miterlimit=\"10\"\/>\n<path d=\"M15 11.5V15H1V11.5\" stroke=\"black\" stroke-width=\"2\" stroke-miterlimit=\"10\"\/>\n<\/svg>\n\n        \n    <\/a>\n  \n\n\n\n<p>H\u00e4r \u00e4r inspelningen fr\u00e5n seminariet 4 maj 2022 d\u00e4r rapporten presenterades:<\/p>\n\n\n<p><iframe loading=\"lazy\" title=\"Rapportlansering 4 maj 2022 &quot;S\u00e5 forts\u00e4tter vi reformera Arbetsf\u00f6rmedlingen&quot;\" width=\"500\" height=\"281\" src=\"https:\/\/www.youtube.com\/embed\/oGOTtnqQUrg?feature=oembed\" frameborder=\"0\" allow=\"accelerometer; autoplay; clipboard-write; encrypted-media; gyroscope; picture-in-picture; web-share\" referrerpolicy=\"strict-origin-when-cross-origin\" allowfullscreen><\/iframe><\/p>\n\n\n\n<h3 class=\"wp-block-heading\"><strong>Medverkande p\u00e5 seminariet:<\/strong><\/h3>\n\n\n\n<p> Roger M\u00f6rtvik, statssekreterare S hos arbetsmarknadsminister Eva Nordmark<br> Mats Green, arbetsmarknadspolitisk talesperson (M)<br> Alireza Akhondi, arbetsmarknadspolitisk talesperson ( C)<br> Anne Buckard, vd Maximus Sweden<br> Anders Hvarfner, divisionschef Lernia Utbildning<br> Jonas Jegers, Jegers Consulting AB<br> Jenny Stegmar Silfver, Clustera Sverige AB<br> Andreas \u00c5str\u00f6m, n\u00e4ringspolitisk chef Almega<\/p>\n\n\n\n<p>Moderator:&nbsp;Per Hammar, n\u00e4ringspolitisk expert, Almega<\/p>\n","protected":false},"excerpt":{"rendered":"<p>Vad handlar rapporten om? \u2013 Det som hittills skett inom ramen f\u00f6r reformeringen av Arbetsf\u00f6rmedlingen har visat sig mycket lyckat. Rapporten ger dels en nul\u00e4gesbild, dels f\u00f6rslag p\u00e5 fortsatt reformarbete f\u00f6r att b\u00e5de f\u00f6rhindra och &hellip;<\/p>\n","protected":false},"author":6058,"featured_media":44674,"comment_status":"closed","ping_status":"closed","sticky":false,"template":"","format":"standard","meta":{"_acf_changed":false,"footnotes":""},"categories":[64],"tags":[423,65],"article_type":[56,42],"agreement":[],"class_list":["post-44669","post","type-post","status-publish","format-standard","has-post-thumbnail","hentry","category-arbetsmarknad","tag-arbetsformedling","tag-arbetsloshet","type-nyheter","type-rapporter"],"acf":[],"yoast_head":"<!-- This site is optimized with the Yoast SEO Premium plugin v26.8 (Yoast SEO v26.8) - https:\/\/yoast.com\/product\/yoast-seo-premium-wordpress\/ -->\n<title>Ny rapport: S\u00e5 forts\u00e4tter vi reformera Arbetsf\u00f6rmedlingen | Almega<\/title>\n<meta name=\"description\" content=\"Ny rapport tar upp flera nya f\u00f6rslag p\u00e5 hur vi forts\u00e4tter reformera Arbetsf\u00f6rmedlingen s\u00e5 fler l\u00e5ngtidsarbetsl\u00f6sa kommer i jobb.\" \/>\n<meta name=\"robots\" content=\"index, follow, max-snippet:-1, max-image-preview:large, max-video-preview:-1\" \/>\n<link rel=\"canonical\" href=\"https:\/\/www.almega.se\/2022\/05\/ny-rapport-sa-fortsatter-vi-reformera-arbetsformedlingen\/\" \/>\n<meta property=\"og:locale\" content=\"sv_SE\" \/>\n<meta property=\"og:type\" content=\"article\" \/>\n<meta property=\"og:title\" content=\"Ny rapport: S\u00e5 forts\u00e4tter vi reformera Arbetsf\u00f6rmedlingen\" \/>\n<meta property=\"og:description\" content=\"Ny rapport tar upp flera nya f\u00f6rslag p\u00e5 hur vi forts\u00e4tter reformera Arbetsf\u00f6rmedlingen s\u00e5 fler l\u00e5ngtidsarbetsl\u00f6sa kommer i jobb.\" \/>\n<meta property=\"og:url\" content=\"https:\/\/www.almega.se\/2022\/05\/ny-rapport-sa-fortsatter-vi-reformera-arbetsformedlingen\/\" \/>\n<meta property=\"og:site_name\" content=\"Almega\" \/>\n<meta property=\"article:published_time\" content=\"2022-05-04T06:00:25+00:00\" \/>\n<meta property=\"article:modified_time\" content=\"2023-02-13T13:04:05+00:00\" \/>\n<meta property=\"og:image\" content=\"https:\/\/www.almega.se\/app\/uploads\/2022\/05\/hammar_per-scaled.jpg\" \/>\n\t<meta property=\"og:image:width\" content=\"2560\" \/>\n\t<meta property=\"og:image:height\" content=\"1706\" \/>\n\t<meta property=\"og:image:type\" content=\"image\/jpeg\" \/>\n<meta name=\"author\" content=\"Shashika Sellgren\" \/>\n<meta name=\"twitter:card\" content=\"summary_large_image\" \/>\n<meta name=\"twitter:label1\" content=\"Skriven av\" \/>\n\t<meta name=\"twitter:data1\" content=\"Shashika Sellgren\" \/>\n\t<meta name=\"twitter:label2\" content=\"Ber\u00e4knad l\u00e4stid\" \/>\n\t<meta name=\"twitter:data2\" content=\"2 minuter\" \/>\n<!-- \/ Yoast SEO Premium plugin. -->","yoast_head_json":{"title":"Ny rapport: S\u00e5 forts\u00e4tter vi reformera Arbetsf\u00f6rmedlingen | Almega","description":"Ny rapport tar upp flera nya f\u00f6rslag p\u00e5 hur vi forts\u00e4tter reformera Arbetsf\u00f6rmedlingen s\u00e5 fler l\u00e5ngtidsarbetsl\u00f6sa kommer i jobb.","robots":{"index":"index","follow":"follow","max-snippet":"max-snippet:-1","max-image-preview":"max-image-preview:large","max-video-preview":"max-video-preview:-1"},"canonical":"https:\/\/www.almega.se\/2022\/05\/ny-rapport-sa-fortsatter-vi-reformera-arbetsformedlingen\/","og_locale":"sv_SE","og_type":"article","og_title":"Ny rapport: S\u00e5 forts\u00e4tter vi reformera Arbetsf\u00f6rmedlingen","og_description":"Ny rapport tar upp flera nya f\u00f6rslag p\u00e5 hur vi forts\u00e4tter reformera Arbetsf\u00f6rmedlingen s\u00e5 fler l\u00e5ngtidsarbetsl\u00f6sa kommer i jobb.","og_url":"https:\/\/www.almega.se\/2022\/05\/ny-rapport-sa-fortsatter-vi-reformera-arbetsformedlingen\/","og_site_name":"Almega","article_published_time":"2022-05-04T06:00:25+00:00","article_modified_time":"2023-02-13T13:04:05+00:00","og_image":[{"width":2560,"height":1706,"url":"https:\/\/www.almega.se\/app\/uploads\/2022\/05\/hammar_per-scaled.jpg","type":"image\/jpeg"}],"author":"Shashika Sellgren","twitter_card":"summary_large_image","twitter_misc":{"Skriven av":"Shashika Sellgren","Ber\u00e4knad l\u00e4stid":"2 minuter"},"schema":{"@context":"https:\/\/schema.org","@graph":[{"@type":"NewsArticle","@id":"https:\/\/www.almega.se\/2022\/05\/ny-rapport-sa-fortsatter-vi-reformera-arbetsformedlingen\/#article","isPartOf":{"@id":"https:\/\/www.almega.se\/2022\/05\/ny-rapport-sa-fortsatter-vi-reformera-arbetsformedlingen\/"},"author":{"name":"Shashika Sellgren","@id":"https:\/\/www.almega.se\/#\/schema\/person\/38c6b37b81c530c93246c3d1993d5662"},"headline":"Ny rapport: S\u00e5 forts\u00e4tter vi reformera Arbetsf\u00f6rmedlingen","datePublished":"2022-05-04T06:00:25+00:00","dateModified":"2023-02-13T13:04:05+00:00","mainEntityOfPage":{"@id":"https:\/\/www.almega.se\/2022\/05\/ny-rapport-sa-fortsatter-vi-reformera-arbetsformedlingen\/"},"wordCount":366,"image":{"@id":"https:\/\/www.almega.se\/2022\/05\/ny-rapport-sa-fortsatter-vi-reformera-arbetsformedlingen\/#primaryimage"},"thumbnailUrl":"https:\/\/www.almega.se\/app\/uploads\/2022\/05\/hammar_per-scaled.jpg","keywords":["Arbetsf\u00f6rmedling","Arbetsl\u00f6shet"],"articleSection":["Arbetsmarknad"],"inLanguage":"sv-SE"},{"@type":"WebPage","@id":"https:\/\/www.almega.se\/2022\/05\/ny-rapport-sa-fortsatter-vi-reformera-arbetsformedlingen\/","url":"https:\/\/www.almega.se\/2022\/05\/ny-rapport-sa-fortsatter-vi-reformera-arbetsformedlingen\/","name":"Ny rapport: S\u00e5 forts\u00e4tter vi reformera Arbetsf\u00f6rmedlingen | Almega","isPartOf":{"@id":"https:\/\/www.almega.se\/#website"},"primaryImageOfPage":{"@id":"https:\/\/www.almega.se\/2022\/05\/ny-rapport-sa-fortsatter-vi-reformera-arbetsformedlingen\/#primaryimage"},"image":{"@id":"https:\/\/www.almega.se\/2022\/05\/ny-rapport-sa-fortsatter-vi-reformera-arbetsformedlingen\/#primaryimage"},"thumbnailUrl":"https:\/\/www.almega.se\/app\/uploads\/2022\/05\/hammar_per-scaled.jpg","datePublished":"2022-05-04T06:00:25+00:00","dateModified":"2023-02-13T13:04:05+00:00","author":{"@id":"https:\/\/www.almega.se\/#\/schema\/person\/38c6b37b81c530c93246c3d1993d5662"},"description":"Ny rapport tar upp flera nya f\u00f6rslag p\u00e5 hur vi forts\u00e4tter reformera Arbetsf\u00f6rmedlingen s\u00e5 fler l\u00e5ngtidsarbetsl\u00f6sa kommer i jobb.","breadcrumb":{"@id":"https:\/\/www.almega.se\/2022\/05\/ny-rapport-sa-fortsatter-vi-reformera-arbetsformedlingen\/#breadcrumb"},"inLanguage":"sv-SE","potentialAction":[{"@type":"ReadAction","target":["https:\/\/www.almega.se\/2022\/05\/ny-rapport-sa-fortsatter-vi-reformera-arbetsformedlingen\/"]}]},{"@type":"ImageObject","inLanguage":"sv-SE","@id":"https:\/\/www.almega.se\/2022\/05\/ny-rapport-sa-fortsatter-vi-reformera-arbetsformedlingen\/#primaryimage","url":"https:\/\/www.almega.se\/app\/uploads\/2022\/05\/hammar_per-scaled.jpg","contentUrl":"https:\/\/www.almega.se\/app\/uploads\/2022\/05\/hammar_per-scaled.jpg","width":2560,"height":1706},{"@type":"BreadcrumbList","@id":"https:\/\/www.almega.se\/2022\/05\/ny-rapport-sa-fortsatter-vi-reformera-arbetsformedlingen\/#breadcrumb","itemListElement":[{"@type":"ListItem","position":1,"name":"Home","item":"https:\/\/www.almega.se\/"},{"@type":"ListItem","position":2,"name":"Ny rapport: S\u00e5 forts\u00e4tter vi reformera Arbetsf\u00f6rmedlingen"}]},{"@type":"WebSite","@id":"https:\/\/www.almega.se\/#website","url":"https:\/\/www.almega.se\/","name":"Almega","description":"","potentialAction":[{"@type":"SearchAction","target":{"@type":"EntryPoint","urlTemplate":"https:\/\/www.almega.se\/?s={search_term_string}"},"query-input":{"@type":"PropertyValueSpecification","valueRequired":true,"valueName":"search_term_string"}}],"inLanguage":"sv-SE"},{"@type":"Person","@id":"https:\/\/www.almega.se\/#\/schema\/person\/38c6b37b81c530c93246c3d1993d5662","name":"Shashika Sellgren","image":{"@type":"ImageObject","inLanguage":"sv-SE","@id":"https:\/\/www.almega.se\/#\/schema\/person\/image\/","url":"https:\/\/secure.gravatar.com\/avatar\/b225c479880df9eb82d1501dd105dd8040f27c8563f3d4bf5dd62ce0a1630abd?s=96&d=mm&r=g","contentUrl":"https:\/\/secure.gravatar.com\/avatar\/b225c479880df9eb82d1501dd105dd8040f27c8563f3d4bf5dd62ce0a1630abd?s=96&d=mm&r=g","caption":"Shashika Sellgren"},"url":"https:\/\/www.almega.se\/person\/shashikasellgren\/"}]}},"_links":{"self":[{"href":"https:\/\/www.almega.se\/api\/wp\/v2\/posts\/44669","targetHints":{"allow":["GET"]}}],"collection":[{"href":"https:\/\/www.almega.se\/api\/wp\/v2\/posts"}],"about":[{"href":"https:\/\/www.almega.se\/api\/wp\/v2\/types\/post"}],"author":[{"embeddable":true,"href":"https:\/\/www.almega.se\/api\/wp\/v2\/users\/6058"}],"replies":[{"embeddable":true,"href":"https:\/\/www.almega.se\/api\/wp\/v2\/comments?post=44669"}],"version-history":[{"count":15,"href":"https:\/\/www.almega.se\/api\/wp\/v2\/posts\/44669\/revisions"}],"predecessor-version":[{"id":59010,"href":"https:\/\/www.almega.se\/api\/wp\/v2\/posts\/44669\/revisions\/59010"}],"wp:featuredmedia":[{"embeddable":true,"href":"https:\/\/www.almega.se\/api\/wp\/v2\/media\/44674"}],"wp:attachment":[{"href":"https:\/\/www.almega.se\/api\/wp\/v2\/media?parent=44669"}],"wp:term":[{"taxonomy":"category","embeddable":true,"href":"https:\/\/www.almega.se\/api\/wp\/v2\/categories?post=44669"},{"taxonomy":"post_tag","embeddable":true,"href":"https:\/\/www.almega.se\/api\/wp\/v2\/tags?post=44669"},{"taxonomy":"type","embeddable":true,"href":"https:\/\/www.almega.se\/api\/wp\/v2\/article_type?post=44669"},{"taxonomy":"agreement","embeddable":true,"href":"https:\/\/www.almega.se\/api\/wp\/v2\/agreement?post=44669"}],"curies":[{"name":"wp","href":"https:\/\/api.w.org\/{rel}","templated":true}]}}