{"id":44591,"date":"2022-04-29T07:00:22","date_gmt":"2022-04-29T05:00:22","guid":{"rendered":"https:\/\/www.almega.se\/?p=44591"},"modified":"2023-02-08T13:50:09","modified_gmt":"2023-02-08T12:50:09","slug":"ny-rapport-hur-paverkas-friskolor-av-sankt-skolpeng","status":"publish","type":"post","link":"https:\/\/www.almega.se\/2022\/04\/ny-rapport-hur-paverkas-friskolor-av-sankt-skolpeng\/","title":{"rendered":"Ny rapport: Hur p\u00e5verkas friskolor av s\u00e4nkt skolpeng?"},"content":{"rendered":"<p class=\"intro\">Revisions- och r\u00e5dgivningsf\u00f6retaget PwC har p\u00e5 uppdrag av Almega genomf\u00f6rt en analys av l\u00f6nsamheten inom frist\u00e5ende grundskoleverksamheter mot bakgrund av regeringens f\u00f6rslag om s\u00e4nkt skolpeng till friskolor.<\/p>\n\n<p>Om skolpengen s\u00e4nks med 10 procent kommer 75 procent av de aktiebolag som driver grundskolor ha negativ r\u00f6relsemarginal, -5,6 procent. I deras skolor g\u00e5r n\u00e4rmare 97 000 elever och fler \u00e4n 16 000 personer arbetar d\u00e4r. Detta framg\u00e5r av rapporten <em>Hur p\u00e5verkas friskolor av s\u00e4nkt skolpeng?<\/em> som PwC har gjort p\u00e5 uppdrag av Almega.<\/p>\n\n\n\n<p>Bakgrunden till rapporten \u00e4r regeringens f\u00f6rslag om s\u00e4nkt skolpeng till frist\u00e5ende grundskolor. Och eftersom f\u00f6rslaget ej f\u00f6reg\u00e5tts av n\u00e5gon konsekvensanalys syftar den till att visa de effekter som \u00e5tg\u00e4rden skulle f\u00e5 f\u00f6r de huvudm\u00e4n som driver frist\u00e5ende grundskolor.<br>\nRapportens utg\u00e5ngspunkt \u00e4r en analys av l\u00f6nsamheten f\u00f6r frist\u00e5ende grundskolor drivna i aktiebolagsform.<\/p>\n\n\n\n<p>Den genomsnittliga r\u00f6relsemarginalen (EBIT) ber\u00e4knas f\u00f6r \u00e5ren 2010\u20132020, befintliga verksamheter. D\u00e4refter analyseras vilka ekonomiska effekter som regeringens f\u00f6rslag skulle f\u00e5 p\u00e5 l\u00f6nsamheten. F\u00f6r detta har PwC utg\u00e5tt fr\u00e5n tv\u00e5 scenarier: ett d\u00e4r skolpengen s\u00e4nks med 8 procent och ett d\u00e4r s\u00e4nkningen uppg\u00e5r till 10 procent. Dessa procenttal utg\u00f6r det intervall som tidigare har n\u00e4mnts av skolminister Lina Axelsson Kihlblom.<\/p>\n\n\n<a class='Share__link Share__link--url copy-text' href='#' rel='nofollow' data-text='huvudsakliga-insikter-fran-rapporten' title='Dela url' data-confirmation='L\u00e4nken kopierades till urklipp'><svg class='icon icon--link'  width='18' height='18' viewBox='0 0 18 18' fill='none' xmlns='http:\/\/www.w3.org\/2000\/svg'>\n            <path d='M10.4142 0.514721L6.87868 4.05025L8.29289 5.46447L11.1213 2.63604L15.364 6.87868L12.5355 9.70711L13.9497 11.1213L17.4853 7.58579C17.8763 7.19476 17.8763 6.5626 17.4853 6.17158L11.8284 0.514721C11.4374 0.123691 10.8052 0.123691 10.4142 0.514721Z' fill='black'\/>\n            <path d='M9.7071 12.5355L6.87868 15.364L2.63604 11.1213L5.46446 8.2929L4.05025 6.87868L0.514716 10.4142C0.123686 10.8052 0.123686 11.4374 0.514716 11.8284L6.17157 17.4853C6.5626 17.8763 7.19475 17.8763 7.58578 17.4853L11.1213 13.9497L9.7071 12.5355Z' fill='black'\/>\n            <path d='M6.17157 11.8284C6.5626 12.2195 7.19475 12.2195 7.58578 11.8284L11.8284 7.58579C12.2195 7.19476 12.2195 6.56261 11.8284 6.17158C11.4374 5.78055 10.8052 5.78055 10.4142 6.17158L6.17157 10.4142C5.78054 10.8052 5.78054 11.4374 6.17157 11.8284Z' fill='black'\/>\n            <\/svg> <\/a>\n<h2 class=\"wp-block-heading\">Huvudsakliga insikter fr\u00e5n rapporten<\/h2>\n\n\n\n<p><strong>Faktiskt utfall<\/strong><\/p>\n\n\n\n<ul class=\"wp-block-list\">\n<li>Den genomsnittliga r\u00f6relsemarginalen f\u00f6r frist\u00e5ende grundskolor med aktiebolag som huvudman uppgick mellan 2010\u201320 till 4,9 %.<\/li>\n<\/ul>\n\n\n\n<p><strong style=\"background-color: transparent;font-size: 1.0625rem\">S\u00e4nkning med 8 procent:<\/strong><\/p>\n\n\n\n<ul class=\"wp-block-list\">\n<li>Den genomsnittliga r\u00f6relsemarginalen blir negativ, -3,3 procent<\/li>\n\n\n\n<li>70 procent av alla huvudm\u00e4n som driver frist\u00e5ende grundskolor uppvisar en negativ r\u00f6relsemarginal<\/li>\n\n\n\n<li>\u00d6ver 60 000 elever p\u00e5verkas<\/li>\n<\/ul>\n\n\n\n<p><strong style=\"background-color: transparent;font-size: 1.0625rem\">S\u00e4nkning med 10 procent:<\/strong><\/p>\n\n\n\n<ul class=\"wp-block-list\">\n<li>Den genomsnittliga r\u00f6relsemarginalen blir negativ, -5,6 procent<\/li>\n\n\n\n<li>75 procent av alla huvudm\u00e4n som driver frist\u00e5ende grundskolor uppvisar en negativ r\u00f6relsemarginal<\/li>\n\n\n\n<li>N\u00e4rmare 97 000 elever p\u00e5verkas<\/li>\n<\/ul>\n\n\n\n<p>Regeringens f\u00f6rslag kommer att ber\u00f6ra samtliga friskolor, oavsett driftsform. Analysen i rapporten omfattar huvudm\u00e4n i aktiebolagsform med elever i \u00e5rskurs F\u20139. \u00d6vriga huvudm\u00e4n, exempelvis f\u00f6reningar och stiftelser, ing\u00e5r inte i ber\u00e4kningarna eftersom tillg\u00e5ngen till deras r\u00e4kenskaper \u00e4r begr\u00e4nsad. Detta betyder att antalet skolor och elever som skulle ber\u00f6ras av regeringens f\u00f6rslag sannolikt \u00e4r h\u00f6gre \u00e4n vad som anges i denna rapport.<\/p>\n\n\n\n<p><a class=\"button\" href=\"https:\/\/www.almega.se\/app\/uploads\/2022\/04\/hur-paverkas-friskolor-av-sankt-skolpeng.pdf\">Rapporten &#8221;Hur p\u00e5verkas friskolor av s\u00e4nkt skolpeng?&#8221;<\/a><\/p>\n\n\n\n<h3 class=\"wp-block-heading\">H\u00e4r \u00e4r inspelningen fr\u00e5n seminariet 29 april 2022 d\u00e4r rapporten presenterades:<\/h3>\n\n\n<p><iframe loading=\"lazy\" title=\"Rapportlansering 29 april 2022 - Hur p\u00e5verkas friskolor av s\u00e4nkt skolpeng?\" width=\"500\" height=\"281\" src=\"https:\/\/www.youtube.com\/embed\/_7reCvKmW1k?feature=oembed\" frameborder=\"0\" allow=\"accelerometer; autoplay; clipboard-write; encrypted-media; gyroscope; picture-in-picture; web-share\" referrerpolicy=\"strict-origin-when-cross-origin\" allowfullscreen><\/iframe><\/p>\n\n\n\n<h3 class=\"wp-block-heading\">Medverkande:<\/h3>\n\n\n\n<p>Alfred Askeljung, Associate, Valuation &amp; Analytics, PwC, och medf\u00f6rfattare till rapporten<br>\nBosse Wahlin, rektor och skolchef Vejbystrands skola och f\u00f6rskola<br>\nMarie Pilfalk, skolchef Broholmskolan<br>\nFredrik Malm, f\u00f6rste vice ordf\u00f6rande i Utbildningsutskottet (L)<br>\nChristian Carlsson, ledamot i Utbildningsutskottet (KD)<br>\nAnnika Hirvonen, ledamot i Utbildningsutskottet (Mp)<br>\nMattias Veps\u00e4, riksdagsledamot (S)<br>\nAndreas \u00c5str\u00f6m, n\u00e4ringspolitisk chef p\u00e5 Almega<\/p>\n\n\n\n<p>Moderator: David W\u00e4stberg, n\u00e4ringspolitisk expert p\u00e5 Almega.<\/p>\n","protected":false},"excerpt":{"rendered":"<p>Om skolpengen s\u00e4nks med 10 procent kommer 75 procent av de aktiebolag som driver grundskolor ha negativ r\u00f6relsemarginal, -5,6 procent. I deras skolor g\u00e5r n\u00e4rmare 97 000 elever och fler \u00e4n 16 000 personer arbetar &hellip;<\/p>\n","protected":false},"author":6058,"featured_media":44594,"comment_status":"closed","ping_status":"closed","sticky":false,"template":"","format":"standard","meta":{"_acf_changed":false,"footnotes":""},"categories":[46],"tags":[45],"article_type":[56,42],"agreement":[],"class_list":["post-44591","post","type-post","status-publish","format-standard","has-post-thumbnail","hentry","category-valfard","tag-valfrihet","type-nyheter","type-rapporter"],"acf":[],"yoast_head":"<!-- This site is optimized with the Yoast SEO Premium plugin v26.8 (Yoast SEO v26.8) - https:\/\/yoast.com\/product\/yoast-seo-premium-wordpress\/ -->\n<title>Ny rapport: Hur p\u00e5verkas friskolor av s\u00e4nkt skolpeng? | Almega<\/title>\n<meta name=\"description\" content=\"PwC har analyserat konsekvenser f\u00f6r frist\u00e5ende grundskoleverksamheter mot bakgrund av regeringens f\u00f6rslag om s\u00e4nkt skolpeng.\" \/>\n<meta name=\"robots\" content=\"index, follow, max-snippet:-1, max-image-preview:large, max-video-preview:-1\" \/>\n<link rel=\"canonical\" href=\"https:\/\/www.almega.se\/2022\/04\/ny-rapport-hur-paverkas-friskolor-av-sankt-skolpeng\/\" \/>\n<meta property=\"og:locale\" content=\"sv_SE\" \/>\n<meta property=\"og:type\" content=\"article\" \/>\n<meta property=\"og:title\" content=\"Ny rapport: Hur p\u00e5verkas friskolor av s\u00e4nkt skolpeng?\" \/>\n<meta property=\"og:description\" content=\"PwC har analyserat konsekvenser f\u00f6r frist\u00e5ende grundskoleverksamheter mot bakgrund av regeringens f\u00f6rslag om s\u00e4nkt skolpeng.\" \/>\n<meta property=\"og:url\" content=\"https:\/\/www.almega.se\/2022\/04\/ny-rapport-hur-paverkas-friskolor-av-sankt-skolpeng\/\" \/>\n<meta property=\"og:site_name\" content=\"Almega\" \/>\n<meta property=\"article:published_time\" content=\"2022-04-29T05:00:22+00:00\" \/>\n<meta property=\"article:modified_time\" content=\"2023-02-08T12:50:09+00:00\" \/>\n<meta property=\"og:image\" content=\"https:\/\/www.almega.se\/app\/uploads\/2022\/04\/gettyimages-143560401-scaled.jpg\" \/>\n\t<meta property=\"og:image:width\" content=\"2560\" \/>\n\t<meta property=\"og:image:height\" content=\"1707\" \/>\n\t<meta property=\"og:image:type\" content=\"image\/jpeg\" \/>\n<meta name=\"author\" content=\"Shashika Sellgren\" \/>\n<meta name=\"twitter:card\" content=\"summary_large_image\" \/>\n<meta name=\"twitter:label1\" content=\"Skriven av\" \/>\n\t<meta name=\"twitter:data1\" content=\"Shashika Sellgren\" \/>\n\t<meta name=\"twitter:label2\" content=\"Ber\u00e4knad l\u00e4stid\" \/>\n\t<meta name=\"twitter:data2\" content=\"2 minuter\" \/>\n<!-- \/ Yoast SEO Premium plugin. -->","yoast_head_json":{"title":"Ny rapport: Hur p\u00e5verkas friskolor av s\u00e4nkt skolpeng? | Almega","description":"PwC har analyserat konsekvenser f\u00f6r frist\u00e5ende grundskoleverksamheter mot bakgrund av regeringens f\u00f6rslag om s\u00e4nkt skolpeng.","robots":{"index":"index","follow":"follow","max-snippet":"max-snippet:-1","max-image-preview":"max-image-preview:large","max-video-preview":"max-video-preview:-1"},"canonical":"https:\/\/www.almega.se\/2022\/04\/ny-rapport-hur-paverkas-friskolor-av-sankt-skolpeng\/","og_locale":"sv_SE","og_type":"article","og_title":"Ny rapport: Hur p\u00e5verkas friskolor av s\u00e4nkt skolpeng?","og_description":"PwC har analyserat konsekvenser f\u00f6r frist\u00e5ende grundskoleverksamheter mot bakgrund av regeringens f\u00f6rslag om s\u00e4nkt skolpeng.","og_url":"https:\/\/www.almega.se\/2022\/04\/ny-rapport-hur-paverkas-friskolor-av-sankt-skolpeng\/","og_site_name":"Almega","article_published_time":"2022-04-29T05:00:22+00:00","article_modified_time":"2023-02-08T12:50:09+00:00","og_image":[{"width":2560,"height":1707,"url":"https:\/\/www.almega.se\/app\/uploads\/2022\/04\/gettyimages-143560401-scaled.jpg","type":"image\/jpeg"}],"author":"Shashika Sellgren","twitter_card":"summary_large_image","twitter_misc":{"Skriven av":"Shashika Sellgren","Ber\u00e4knad l\u00e4stid":"2 minuter"},"schema":{"@context":"https:\/\/schema.org","@graph":[{"@type":"NewsArticle","@id":"https:\/\/www.almega.se\/2022\/04\/ny-rapport-hur-paverkas-friskolor-av-sankt-skolpeng\/#article","isPartOf":{"@id":"https:\/\/www.almega.se\/2022\/04\/ny-rapport-hur-paverkas-friskolor-av-sankt-skolpeng\/"},"author":{"name":"Shashika Sellgren","@id":"https:\/\/www.almega.se\/#\/schema\/person\/38c6b37b81c530c93246c3d1993d5662"},"headline":"Ny rapport: Hur p\u00e5verkas friskolor av s\u00e4nkt skolpeng?","datePublished":"2022-04-29T05:00:22+00:00","dateModified":"2023-02-08T12:50:09+00:00","mainEntityOfPage":{"@id":"https:\/\/www.almega.se\/2022\/04\/ny-rapport-hur-paverkas-friskolor-av-sankt-skolpeng\/"},"wordCount":465,"image":{"@id":"https:\/\/www.almega.se\/2022\/04\/ny-rapport-hur-paverkas-friskolor-av-sankt-skolpeng\/#primaryimage"},"thumbnailUrl":"https:\/\/www.almega.se\/app\/uploads\/2022\/04\/gettyimages-143560401-scaled.jpg","keywords":["Valfrihet"],"articleSection":["V\u00e4lf\u00e4rd"],"inLanguage":"sv-SE"},{"@type":"WebPage","@id":"https:\/\/www.almega.se\/2022\/04\/ny-rapport-hur-paverkas-friskolor-av-sankt-skolpeng\/","url":"https:\/\/www.almega.se\/2022\/04\/ny-rapport-hur-paverkas-friskolor-av-sankt-skolpeng\/","name":"Ny rapport: Hur p\u00e5verkas friskolor av s\u00e4nkt skolpeng? | Almega","isPartOf":{"@id":"https:\/\/www.almega.se\/#website"},"primaryImageOfPage":{"@id":"https:\/\/www.almega.se\/2022\/04\/ny-rapport-hur-paverkas-friskolor-av-sankt-skolpeng\/#primaryimage"},"image":{"@id":"https:\/\/www.almega.se\/2022\/04\/ny-rapport-hur-paverkas-friskolor-av-sankt-skolpeng\/#primaryimage"},"thumbnailUrl":"https:\/\/www.almega.se\/app\/uploads\/2022\/04\/gettyimages-143560401-scaled.jpg","datePublished":"2022-04-29T05:00:22+00:00","dateModified":"2023-02-08T12:50:09+00:00","author":{"@id":"https:\/\/www.almega.se\/#\/schema\/person\/38c6b37b81c530c93246c3d1993d5662"},"description":"PwC har analyserat konsekvenser f\u00f6r frist\u00e5ende grundskoleverksamheter mot bakgrund av regeringens f\u00f6rslag om s\u00e4nkt skolpeng.","breadcrumb":{"@id":"https:\/\/www.almega.se\/2022\/04\/ny-rapport-hur-paverkas-friskolor-av-sankt-skolpeng\/#breadcrumb"},"inLanguage":"sv-SE","potentialAction":[{"@type":"ReadAction","target":["https:\/\/www.almega.se\/2022\/04\/ny-rapport-hur-paverkas-friskolor-av-sankt-skolpeng\/"]}]},{"@type":"ImageObject","inLanguage":"sv-SE","@id":"https:\/\/www.almega.se\/2022\/04\/ny-rapport-hur-paverkas-friskolor-av-sankt-skolpeng\/#primaryimage","url":"https:\/\/www.almega.se\/app\/uploads\/2022\/04\/gettyimages-143560401-scaled.jpg","contentUrl":"https:\/\/www.almega.se\/app\/uploads\/2022\/04\/gettyimages-143560401-scaled.jpg","width":2560,"height":1707,"caption":"Shot school classroom"},{"@type":"BreadcrumbList","@id":"https:\/\/www.almega.se\/2022\/04\/ny-rapport-hur-paverkas-friskolor-av-sankt-skolpeng\/#breadcrumb","itemListElement":[{"@type":"ListItem","position":1,"name":"Home","item":"https:\/\/www.almega.se\/"},{"@type":"ListItem","position":2,"name":"Ny rapport: Hur p\u00e5verkas friskolor av s\u00e4nkt skolpeng?"}]},{"@type":"WebSite","@id":"https:\/\/www.almega.se\/#website","url":"https:\/\/www.almega.se\/","name":"Almega","description":"","potentialAction":[{"@type":"SearchAction","target":{"@type":"EntryPoint","urlTemplate":"https:\/\/www.almega.se\/?s={search_term_string}"},"query-input":{"@type":"PropertyValueSpecification","valueRequired":true,"valueName":"search_term_string"}}],"inLanguage":"sv-SE"},{"@type":"Person","@id":"https:\/\/www.almega.se\/#\/schema\/person\/38c6b37b81c530c93246c3d1993d5662","name":"Shashika Sellgren","image":{"@type":"ImageObject","inLanguage":"sv-SE","@id":"https:\/\/www.almega.se\/#\/schema\/person\/image\/","url":"https:\/\/secure.gravatar.com\/avatar\/b225c479880df9eb82d1501dd105dd8040f27c8563f3d4bf5dd62ce0a1630abd?s=96&d=mm&r=g","contentUrl":"https:\/\/secure.gravatar.com\/avatar\/b225c479880df9eb82d1501dd105dd8040f27c8563f3d4bf5dd62ce0a1630abd?s=96&d=mm&r=g","caption":"Shashika Sellgren"},"url":"https:\/\/www.almega.se\/person\/shashikasellgren\/"}]}},"_links":{"self":[{"href":"https:\/\/www.almega.se\/api\/wp\/v2\/posts\/44591","targetHints":{"allow":["GET"]}}],"collection":[{"href":"https:\/\/www.almega.se\/api\/wp\/v2\/posts"}],"about":[{"href":"https:\/\/www.almega.se\/api\/wp\/v2\/types\/post"}],"author":[{"embeddable":true,"href":"https:\/\/www.almega.se\/api\/wp\/v2\/users\/6058"}],"replies":[{"embeddable":true,"href":"https:\/\/www.almega.se\/api\/wp\/v2\/comments?post=44591"}],"version-history":[{"count":6,"href":"https:\/\/www.almega.se\/api\/wp\/v2\/posts\/44591\/revisions"}],"predecessor-version":[{"id":52411,"href":"https:\/\/www.almega.se\/api\/wp\/v2\/posts\/44591\/revisions\/52411"}],"wp:featuredmedia":[{"embeddable":true,"href":"https:\/\/www.almega.se\/api\/wp\/v2\/media\/44594"}],"wp:attachment":[{"href":"https:\/\/www.almega.se\/api\/wp\/v2\/media?parent=44591"}],"wp:term":[{"taxonomy":"category","embeddable":true,"href":"https:\/\/www.almega.se\/api\/wp\/v2\/categories?post=44591"},{"taxonomy":"post_tag","embeddable":true,"href":"https:\/\/www.almega.se\/api\/wp\/v2\/tags?post=44591"},{"taxonomy":"type","embeddable":true,"href":"https:\/\/www.almega.se\/api\/wp\/v2\/article_type?post=44591"},{"taxonomy":"agreement","embeddable":true,"href":"https:\/\/www.almega.se\/api\/wp\/v2\/agreement?post=44591"}],"curies":[{"name":"wp","href":"https:\/\/api.w.org\/{rel}","templated":true}]}}