{"id":44578,"date":"2022-04-28T10:27:48","date_gmt":"2022-04-28T08:27:48","guid":{"rendered":"https:\/\/www.almega.se\/2022\/04\/ovalkommet-besked-om-arbetskraftsinvandring\/"},"modified":"2023-01-04T11:25:38","modified_gmt":"2023-01-04T10:25:38","slug":"ovalkommet-besked-om-arbetskraftsinvandring","status":"publish","type":"post","link":"https:\/\/www.almega.se\/2022\/04\/ovalkommet-besked-om-arbetskraftsinvandring\/","title":{"rendered":"Ov\u00e4lkommet besked om arbetskrafts&shy;invandring"},"content":{"rendered":"<p class=\"intro\">Regeringen har aviserat att en utredning ska tills\u00e4ttas f\u00f6r att se \u00f6ver hur en arbetsmarknadspr\u00f6vning ska utformas f\u00f6r arbetskraftsinvandring. \u201dDet \u00e4r inte r\u00e4tt tid att l\u00e4gga f\u00f6rslag p\u00e5 att f\u00f6rsv\u00e5ra kompetensbristen\u201d, s\u00e4ger Almegas chefekonom Patrick Joyce.<\/p>\n\n<p>\u2013 Regeringens besked att man kommer att f\u00f6rs\u00f6ka \u00e5terinf\u00f6ra myndighetspr\u00f6vningen av vilka yrken som kommer att vara till\u00e5tna f\u00f6r arbetskraftskraftsinvandring var inte ov\u00e4ntat men \u00e4nd\u00e5 ov\u00e4lkommet, s\u00e4ger Patrick Joyce, chefekonom p\u00e5 Almega.<\/p>\n\n\n\n<p>Regeringen meddelade idag att man kommer att tills\u00e4tta en utredning med direktiv att ta fram f\u00f6rslag om att \u00e5terinf\u00f6ra arbetsmarknadspr\u00f6vningen av arbetstillst\u00e5nd f\u00f6r personer fr\u00e5n l\u00e4nder utanf\u00f6r EU. Arbetstillst\u00e5nd ska bara beviljas till bristyrken.<\/p>\n\n\n\n<p>\u2013 Detta kommer att byr\u00e5kratisera arbetskraftsinvandringen och g\u00f6ra l\u00e5nga handl\u00e4ggningstider f\u00f6r arbetstillst\u00e5nd \u00e4nnu l\u00e4ngre Mer \u00e4n h\u00e4lften av tj\u00e4nstef\u00f6retagen har idag sv\u00e5rt att hitta den arbetskraft de beh\u00f6ver. Det \u00e4r inte r\u00e4tt tid att l\u00e4gga f\u00f6rslag p\u00e5 att f\u00f6rsv\u00e5ra kompetensbristen, s\u00e4ger Patrick Joyce.<\/p>\n\n\n\n<p>\u2013 Missbruk inom arbetskraftsinvandringen ska bek\u00e4mpas med h\u00e5rdare kontroller och sanktioner mot oseri\u00f6sa f\u00f6retag. Almega st\u00e5r bakom de flesta av de f\u00f6rslag i den riktningen som presenterats nyligen, s\u00e4ger Patrick Joyce.<\/p>\n","protected":false},"excerpt":{"rendered":"<p>Regeringen har aviserat att en utredning ska tills\u00e4ttas f\u00f6r att se \u00f6ver hur en arbetsmarknadspr\u00f6vning ska utformas f\u00f6r arbetskraftsinvandring. \u201dDet \u00e4r inte r\u00e4tt tid att l\u00e4gga f\u00f6rslag p\u00e5 att f\u00f6rsv\u00e5ra kompetensbristen\u201d, s\u00e4ger Almegas chefekonom Patrick Joyce.<\/p>\n","protected":false},"author":6356,"featured_media":44579,"comment_status":"closed","ping_status":"closed","sticky":false,"template":"","format":"standard","meta":{"_acf_changed":false,"footnotes":""},"categories":[419],"tags":[543],"article_type":[93],"agreement":[],"class_list":["post-44578","post","type-post","status-publish","format-standard","has-post-thumbnail","hentry","category-kompetensforsorjning","tag-arbetskraftsinvandring","type-pressmeddelanden"],"acf":[],"yoast_head":"<!-- This site is optimized with the Yoast SEO Premium plugin v26.8 (Yoast SEO v26.8) - https:\/\/yoast.com\/product\/yoast-seo-premium-wordpress\/ -->\n<title>Ov\u00e4lkommet besked om arbetskraftsinvandring | Almega<\/title>\n<meta name=\"robots\" content=\"index, follow, max-snippet:-1, max-image-preview:large, max-video-preview:-1\" \/>\n<link rel=\"canonical\" href=\"https:\/\/www.almega.se\/2022\/04\/ovalkommet-besked-om-arbetskraftsinvandring\/\" \/>\n<meta property=\"og:locale\" content=\"sv_SE\" \/>\n<meta property=\"og:type\" content=\"article\" \/>\n<meta property=\"og:title\" content=\"Ov\u00e4lkommet besked om arbetskraftsinvandring\" \/>\n<meta property=\"og:description\" content=\"Regeringen har aviserat att en utredning ska tills\u00e4ttas f\u00f6r att se \u00f6ver hur en arbetsmarknadspr\u00f6vning ska utformas f\u00f6r arbetskraftsinvandring. \u201dDet \u00e4r inte r\u00e4tt tid att l\u00e4gga f\u00f6rslag p\u00e5 att f\u00f6rsv\u00e5ra kompetensbristen\u201d, s\u00e4ger Almegas chefekonom Patrick Joyce.\" \/>\n<meta property=\"og:url\" content=\"https:\/\/www.almega.se\/2022\/04\/ovalkommet-besked-om-arbetskraftsinvandring\/\" \/>\n<meta property=\"og:site_name\" content=\"Almega\" \/>\n<meta property=\"article:published_time\" content=\"2022-04-28T08:27:48+00:00\" \/>\n<meta property=\"article:modified_time\" content=\"2023-01-04T10:25:38+00:00\" \/>\n<meta property=\"og:image\" content=\"https:\/\/www.almega.se\/app\/uploads\/2022\/04\/44058f8e-9491-42db-8324-8fac595d3d4e-scaled.jpg\" \/>\n\t<meta property=\"og:image:width\" content=\"2560\" \/>\n\t<meta property=\"og:image:height\" content=\"1707\" \/>\n\t<meta property=\"og:image:type\" content=\"image\/jpeg\" \/>\n<meta name=\"author\" content=\"Erik Juhlin\" \/>\n<meta name=\"twitter:card\" content=\"summary_large_image\" \/>\n<meta name=\"twitter:label1\" content=\"Skriven av\" \/>\n\t<meta name=\"twitter:data1\" content=\"Erik Juhlin\" \/>\n\t<meta name=\"twitter:label2\" content=\"Ber\u00e4knad l\u00e4stid\" \/>\n\t<meta name=\"twitter:data2\" content=\"1 minut\" \/>\n<!-- \/ Yoast SEO Premium plugin. -->","yoast_head_json":{"title":"Ov\u00e4lkommet besked om arbetskraftsinvandring | Almega","robots":{"index":"index","follow":"follow","max-snippet":"max-snippet:-1","max-image-preview":"max-image-preview:large","max-video-preview":"max-video-preview:-1"},"canonical":"https:\/\/www.almega.se\/2022\/04\/ovalkommet-besked-om-arbetskraftsinvandring\/","og_locale":"sv_SE","og_type":"article","og_title":"Ov\u00e4lkommet besked om arbetskraftsinvandring","og_description":"Regeringen har aviserat att en utredning ska tills\u00e4ttas f\u00f6r att se \u00f6ver hur en arbetsmarknadspr\u00f6vning ska utformas f\u00f6r arbetskraftsinvandring. \u201dDet \u00e4r inte r\u00e4tt tid att l\u00e4gga f\u00f6rslag p\u00e5 att f\u00f6rsv\u00e5ra kompetensbristen\u201d, s\u00e4ger Almegas chefekonom Patrick Joyce.","og_url":"https:\/\/www.almega.se\/2022\/04\/ovalkommet-besked-om-arbetskraftsinvandring\/","og_site_name":"Almega","article_published_time":"2022-04-28T08:27:48+00:00","article_modified_time":"2023-01-04T10:25:38+00:00","og_image":[{"width":2560,"height":1707,"url":"https:\/\/www.almega.se\/app\/uploads\/2022\/04\/44058f8e-9491-42db-8324-8fac595d3d4e-scaled.jpg","type":"image\/jpeg"}],"author":"Erik Juhlin","twitter_card":"summary_large_image","twitter_misc":{"Skriven av":"Erik Juhlin","Ber\u00e4knad l\u00e4stid":"1 minut"},"schema":{"@context":"https:\/\/schema.org","@graph":[{"@type":"NewsArticle","@id":"https:\/\/www.almega.se\/2022\/04\/ovalkommet-besked-om-arbetskraftsinvandring\/#article","isPartOf":{"@id":"https:\/\/www.almega.se\/2022\/04\/ovalkommet-besked-om-arbetskraftsinvandring\/"},"author":{"name":"Erik Juhlin","@id":"https:\/\/www.almega.se\/#\/schema\/person\/3c181ea7ead5ab7b14c61584637720f5"},"headline":"Ov\u00e4lkommet besked om arbetskrafts&shy;invandring","datePublished":"2022-04-28T08:27:48+00:00","dateModified":"2023-01-04T10:25:38+00:00","mainEntityOfPage":{"@id":"https:\/\/www.almega.se\/2022\/04\/ovalkommet-besked-om-arbetskraftsinvandring\/"},"wordCount":186,"image":{"@id":"https:\/\/www.almega.se\/2022\/04\/ovalkommet-besked-om-arbetskraftsinvandring\/#primaryimage"},"thumbnailUrl":"https:\/\/www.almega.se\/app\/uploads\/2022\/04\/44058f8e-9491-42db-8324-8fac595d3d4e-scaled.jpg","keywords":["Arbetskraftsinvandring"],"articleSection":["Kompetensf\u00f6rs\u00f6rjning"],"inLanguage":"sv-SE"},{"@type":"WebPage","@id":"https:\/\/www.almega.se\/2022\/04\/ovalkommet-besked-om-arbetskraftsinvandring\/","url":"https:\/\/www.almega.se\/2022\/04\/ovalkommet-besked-om-arbetskraftsinvandring\/","name":"Ov\u00e4lkommet besked om arbetskraftsinvandring | Almega","isPartOf":{"@id":"https:\/\/www.almega.se\/#website"},"primaryImageOfPage":{"@id":"https:\/\/www.almega.se\/2022\/04\/ovalkommet-besked-om-arbetskraftsinvandring\/#primaryimage"},"image":{"@id":"https:\/\/www.almega.se\/2022\/04\/ovalkommet-besked-om-arbetskraftsinvandring\/#primaryimage"},"thumbnailUrl":"https:\/\/www.almega.se\/app\/uploads\/2022\/04\/44058f8e-9491-42db-8324-8fac595d3d4e-scaled.jpg","datePublished":"2022-04-28T08:27:48+00:00","dateModified":"2023-01-04T10:25:38+00:00","author":{"@id":"https:\/\/www.almega.se\/#\/schema\/person\/3c181ea7ead5ab7b14c61584637720f5"},"breadcrumb":{"@id":"https:\/\/www.almega.se\/2022\/04\/ovalkommet-besked-om-arbetskraftsinvandring\/#breadcrumb"},"inLanguage":"sv-SE","potentialAction":[{"@type":"ReadAction","target":["https:\/\/www.almega.se\/2022\/04\/ovalkommet-besked-om-arbetskraftsinvandring\/"]}]},{"@type":"ImageObject","inLanguage":"sv-SE","@id":"https:\/\/www.almega.se\/2022\/04\/ovalkommet-besked-om-arbetskraftsinvandring\/#primaryimage","url":"https:\/\/www.almega.se\/app\/uploads\/2022\/04\/44058f8e-9491-42db-8324-8fac595d3d4e-scaled.jpg","contentUrl":"https:\/\/www.almega.se\/app\/uploads\/2022\/04\/44058f8e-9491-42db-8324-8fac595d3d4e-scaled.jpg","width":2560,"height":1707,"caption":"Patrick Joyce, chefekonom Almega"},{"@type":"BreadcrumbList","@id":"https:\/\/www.almega.se\/2022\/04\/ovalkommet-besked-om-arbetskraftsinvandring\/#breadcrumb","itemListElement":[{"@type":"ListItem","position":1,"name":"Home","item":"https:\/\/www.almega.se\/"},{"@type":"ListItem","position":2,"name":"Ov\u00e4lkommet besked om arbetskrafts&shy;invandring"}]},{"@type":"WebSite","@id":"https:\/\/www.almega.se\/#website","url":"https:\/\/www.almega.se\/","name":"Almega","description":"","potentialAction":[{"@type":"SearchAction","target":{"@type":"EntryPoint","urlTemplate":"https:\/\/www.almega.se\/?s={search_term_string}"},"query-input":{"@type":"PropertyValueSpecification","valueRequired":true,"valueName":"search_term_string"}}],"inLanguage":"sv-SE"},{"@type":"Person","@id":"https:\/\/www.almega.se\/#\/schema\/person\/3c181ea7ead5ab7b14c61584637720f5","name":"Erik Juhlin","image":{"@type":"ImageObject","inLanguage":"sv-SE","@id":"https:\/\/www.almega.se\/#\/schema\/person\/image\/","url":"https:\/\/secure.gravatar.com\/avatar\/ef0e97454357041724f27ea1630fa5bf78b30eea6fc56998e6a03142ad5b1370?s=96&d=mm&r=g","contentUrl":"https:\/\/secure.gravatar.com\/avatar\/ef0e97454357041724f27ea1630fa5bf78b30eea6fc56998e6a03142ad5b1370?s=96&d=mm&r=g","caption":"Erik Juhlin"},"url":"https:\/\/www.almega.se\/person\/erikjuhlin\/"}]}},"_links":{"self":[{"href":"https:\/\/www.almega.se\/api\/wp\/v2\/posts\/44578","targetHints":{"allow":["GET"]}}],"collection":[{"href":"https:\/\/www.almega.se\/api\/wp\/v2\/posts"}],"about":[{"href":"https:\/\/www.almega.se\/api\/wp\/v2\/types\/post"}],"author":[{"embeddable":true,"href":"https:\/\/www.almega.se\/api\/wp\/v2\/users\/6356"}],"replies":[{"embeddable":true,"href":"https:\/\/www.almega.se\/api\/wp\/v2\/comments?post=44578"}],"version-history":[{"count":2,"href":"https:\/\/www.almega.se\/api\/wp\/v2\/posts\/44578\/revisions"}],"predecessor-version":[{"id":52323,"href":"https:\/\/www.almega.se\/api\/wp\/v2\/posts\/44578\/revisions\/52323"}],"wp:featuredmedia":[{"embeddable":true,"href":"https:\/\/www.almega.se\/api\/wp\/v2\/media\/44579"}],"wp:attachment":[{"href":"https:\/\/www.almega.se\/api\/wp\/v2\/media?parent=44578"}],"wp:term":[{"taxonomy":"category","embeddable":true,"href":"https:\/\/www.almega.se\/api\/wp\/v2\/categories?post=44578"},{"taxonomy":"post_tag","embeddable":true,"href":"https:\/\/www.almega.se\/api\/wp\/v2\/tags?post=44578"},{"taxonomy":"type","embeddable":true,"href":"https:\/\/www.almega.se\/api\/wp\/v2\/article_type?post=44578"},{"taxonomy":"agreement","embeddable":true,"href":"https:\/\/www.almega.se\/api\/wp\/v2\/agreement?post=44578"}],"curies":[{"name":"wp","href":"https:\/\/api.w.org\/{rel}","templated":true}]}}