{"id":44227,"date":"2022-04-19T13:03:11","date_gmt":"2022-04-19T11:03:11","guid":{"rendered":"https:\/\/www.almega.se\/?p=44227"},"modified":"2023-01-03T17:23:01","modified_gmt":"2023-01-03T16:23:01","slug":"fler-atgarder-for-jobben-hade-behovts","status":"publish","type":"post","link":"https:\/\/www.almega.se\/2022\/04\/fler-atgarder-for-jobben-hade-behovts\/","title":{"rendered":"Fler \u00e5tg\u00e4rder f\u00f6r jobben hade beh\u00f6vts"},"content":{"rendered":"<p class=\"intro\">Almegas chefsekonom Patrick Joyce kommenterar regeringens v\u00e5rbudget som presenterades den 19 april 2022.<\/p>\n\n<p>\u2013\u00a0<a href=\"https:\/\/www.regeringen.se\/rattsliga-dokument\/proposition\/2022\/04\/prop.-202122100\/\" target=\"_blank\" rel=\"noopener\">Regeringens v\u00e5rbudget<\/a> inneh\u00e5ller f\u00f6r lite f\u00f6r att komma till r\u00e4tta med den allt allvarligare l\u00e5ngtidsarbetsl\u00f6sheten. Fler nystartsjobb till l\u00e5ngtidsarbetsl\u00f6sa och en tydligare satsning p\u00e5 bristyrkesutbildningar skulle beh\u00f6vas, s\u00e4ger Patrick Joyce, chefekonom p\u00e5 Almega.<\/p>\n\n\n\n<p>Arbetsl\u00f6sheten sjunker och \u00e4r nu tillbaka p\u00e5 samma niv\u00e5 som f\u00f6re pandemin. D\u00e4remot minskar inte l\u00e5ngtidsarbetsl\u00f6sheten. Mer \u00e4n h\u00e4lften av de arbetsl\u00f6sa \u2013 174&nbsp;000 personer \u2013 har varit utan arbete i mer \u00e4n ett \u00e5r. De som hade sv\u00e5rt att f\u00e5 arbete f\u00f6re pandemin har hamnat sist i k\u00f6n f\u00f6r de jobb som kom tillbaka n\u00e4r pandemin klingade av. \u00d6ver h\u00e4lften av de l\u00e5ngtidsarbetsl\u00f6sa \u00e4r utrikes f\u00f6dda.<\/p>\n\n\n\n<p>\u2013 Det \u00e4r v\u00e4lkommet att regeringen ansl\u00e5r extra medel f\u00f6r att skynda p\u00e5 inf\u00f6randet av etableringsjobb f\u00f6r nyanl\u00e4nda men fler platser i nystartsjobb som redan finns och fungerar bra hade ocks\u00e5 beh\u00f6vts, s\u00e4ger Patrick Joyce.<\/p>\n\n\n\n<p>Samtidigt som l\u00e5ngtidsarbetsl\u00f6sheten riskerar att bita sig fast \u00f6kar bristen p\u00e5 arbetskraft. \u00d6ver h\u00e4lften av f\u00f6retagen i tj\u00e4nstesektorn har sv\u00e5rt att rekrytera den kompetens de beh\u00f6ver. I det l\u00e4get \u00e4r arbetsmarknadsutbildningar till olika bristyrken v\u00e4ldigt viktiga.<\/p>\n\n\n\n<p>\u2013 Det \u00e4r d\u00e4rf\u00f6r dubbelt olyckligt att allt fler platser i utbildningar till bristyrken \u2013 som kockar, f\u00f6rare och st\u00e4dare \u2013 st\u00e5r tomma. Arbetsf\u00f6rmedlingen m\u00e5ste g\u00f6ra mer f\u00f6r att se till att arbetsl\u00f6sa f\u00e5r chansen att utbilda sig till de jobb som beh\u00f6vs, avslutar Patrick Joyce.<\/p>\n","protected":false},"excerpt":{"rendered":"<p>\u2013\u00a0Regeringens v\u00e5rbudget inneh\u00e5ller f\u00f6r lite f\u00f6r att komma till r\u00e4tta med den allt allvarligare l\u00e5ngtidsarbetsl\u00f6sheten. Fler nystartsjobb till l\u00e5ngtidsarbetsl\u00f6sa och en tydligare satsning p\u00e5 bristyrkesutbildningar skulle beh\u00f6vas, s\u00e4ger Patrick Joyce, chefekonom p\u00e5 Almega. Arbetsl\u00f6sheten sjunker &hellip;<\/p>\n","protected":false},"author":6058,"featured_media":43072,"comment_status":"closed","ping_status":"closed","sticky":false,"template":"","format":"standard","meta":{"_acf_changed":false,"footnotes":""},"categories":[64,581],"tags":[65,50],"article_type":[55,56],"agreement":[],"class_list":["post-44227","post","type-post","status-publish","format-standard","has-post-thumbnail","hentry","category-arbetsmarknad","category-tjanstesektorns-betydelse","tag-arbetsloshet","tag-tjanstesektorns-utveckling","type-artiklar","type-nyheter"],"acf":[],"yoast_head":"<!-- This site is optimized with the Yoast SEO Premium plugin v26.8 (Yoast SEO v26.8) - https:\/\/yoast.com\/product\/yoast-seo-premium-wordpress\/ -->\n<title>Fler \u00e5tg\u00e4rder f\u00f6r jobben hade beh\u00f6vts<\/title>\n<meta name=\"description\" content=\"Regeringens v\u00e5rbudget inneh\u00e5ller f\u00f6r lite f\u00f6r att komma till r\u00e4tta med l\u00e5ngtidsarbetsl\u00f6sheten menar Almegas chefsekonom Patrick Joyce.\" \/>\n<meta name=\"robots\" content=\"index, follow, max-snippet:-1, max-image-preview:large, max-video-preview:-1\" \/>\n<link rel=\"canonical\" href=\"https:\/\/www.almega.se\/2022\/04\/fler-atgarder-for-jobben-hade-behovts\/\" \/>\n<meta property=\"og:locale\" content=\"sv_SE\" \/>\n<meta property=\"og:type\" content=\"article\" \/>\n<meta property=\"og:title\" content=\"Fler \u00e5tg\u00e4rder f\u00f6r jobben hade beh\u00f6vts\" \/>\n<meta property=\"og:description\" content=\"Regeringens v\u00e5rbudget inneh\u00e5ller f\u00f6r lite f\u00f6r att komma till r\u00e4tta med l\u00e5ngtidsarbetsl\u00f6sheten menar Almegas chefsekonom Patrick Joyce.\" \/>\n<meta property=\"og:url\" content=\"https:\/\/www.almega.se\/2022\/04\/fler-atgarder-for-jobben-hade-behovts\/\" \/>\n<meta property=\"og:site_name\" content=\"Almega\" \/>\n<meta property=\"article:published_time\" content=\"2022-04-19T11:03:11+00:00\" \/>\n<meta property=\"article:modified_time\" content=\"2023-01-03T16:23:01+00:00\" \/>\n<meta property=\"og:image\" content=\"https:\/\/www.almega.se\/app\/uploads\/2022\/03\/patrick-joyce-massflyktsdirektiv.jpg\" \/>\n\t<meta property=\"og:image:width\" content=\"1180\" \/>\n\t<meta property=\"og:image:height\" content=\"787\" \/>\n\t<meta property=\"og:image:type\" content=\"image\/jpeg\" \/>\n<meta name=\"author\" content=\"Shashika Sellgren\" \/>\n<meta name=\"twitter:card\" content=\"summary_large_image\" \/>\n<meta name=\"twitter:label1\" content=\"Skriven av\" \/>\n\t<meta name=\"twitter:data1\" content=\"Shashika Sellgren\" \/>\n\t<meta name=\"twitter:label2\" content=\"Ber\u00e4knad l\u00e4stid\" \/>\n\t<meta name=\"twitter:data2\" content=\"2 minuter\" \/>\n<!-- \/ Yoast SEO Premium plugin. -->","yoast_head_json":{"title":"Fler \u00e5tg\u00e4rder f\u00f6r jobben hade beh\u00f6vts","description":"Regeringens v\u00e5rbudget inneh\u00e5ller f\u00f6r lite f\u00f6r att komma till r\u00e4tta med l\u00e5ngtidsarbetsl\u00f6sheten menar Almegas chefsekonom Patrick Joyce.","robots":{"index":"index","follow":"follow","max-snippet":"max-snippet:-1","max-image-preview":"max-image-preview:large","max-video-preview":"max-video-preview:-1"},"canonical":"https:\/\/www.almega.se\/2022\/04\/fler-atgarder-for-jobben-hade-behovts\/","og_locale":"sv_SE","og_type":"article","og_title":"Fler \u00e5tg\u00e4rder f\u00f6r jobben hade beh\u00f6vts","og_description":"Regeringens v\u00e5rbudget inneh\u00e5ller f\u00f6r lite f\u00f6r att komma till r\u00e4tta med l\u00e5ngtidsarbetsl\u00f6sheten menar Almegas chefsekonom Patrick Joyce.","og_url":"https:\/\/www.almega.se\/2022\/04\/fler-atgarder-for-jobben-hade-behovts\/","og_site_name":"Almega","article_published_time":"2022-04-19T11:03:11+00:00","article_modified_time":"2023-01-03T16:23:01+00:00","og_image":[{"width":1180,"height":787,"url":"https:\/\/www.almega.se\/app\/uploads\/2022\/03\/patrick-joyce-massflyktsdirektiv.jpg","type":"image\/jpeg"}],"author":"Shashika Sellgren","twitter_card":"summary_large_image","twitter_misc":{"Skriven av":"Shashika Sellgren","Ber\u00e4knad l\u00e4stid":"2 minuter"},"schema":{"@context":"https:\/\/schema.org","@graph":[{"@type":"NewsArticle","@id":"https:\/\/www.almega.se\/2022\/04\/fler-atgarder-for-jobben-hade-behovts\/#article","isPartOf":{"@id":"https:\/\/www.almega.se\/2022\/04\/fler-atgarder-for-jobben-hade-behovts\/"},"author":{"name":"Shashika Sellgren","@id":"https:\/\/www.almega.se\/#\/schema\/person\/38c6b37b81c530c93246c3d1993d5662"},"headline":"Fler \u00e5tg\u00e4rder f\u00f6r jobben hade beh\u00f6vts","datePublished":"2022-04-19T11:03:11+00:00","dateModified":"2023-01-03T16:23:01+00:00","mainEntityOfPage":{"@id":"https:\/\/www.almega.se\/2022\/04\/fler-atgarder-for-jobben-hade-behovts\/"},"wordCount":276,"image":{"@id":"https:\/\/www.almega.se\/2022\/04\/fler-atgarder-for-jobben-hade-behovts\/#primaryimage"},"thumbnailUrl":"https:\/\/www.almega.se\/app\/uploads\/2022\/03\/patrick-joyce-massflyktsdirektiv.jpg","keywords":["Arbetsl\u00f6shet","Tj\u00e4nstesektorns utveckling"],"articleSection":["Arbetsmarknad","Tj\u00e4nstesektorns betydelse"],"inLanguage":"sv-SE"},{"@type":"WebPage","@id":"https:\/\/www.almega.se\/2022\/04\/fler-atgarder-for-jobben-hade-behovts\/","url":"https:\/\/www.almega.se\/2022\/04\/fler-atgarder-for-jobben-hade-behovts\/","name":"Fler \u00e5tg\u00e4rder f\u00f6r jobben hade beh\u00f6vts","isPartOf":{"@id":"https:\/\/www.almega.se\/#website"},"primaryImageOfPage":{"@id":"https:\/\/www.almega.se\/2022\/04\/fler-atgarder-for-jobben-hade-behovts\/#primaryimage"},"image":{"@id":"https:\/\/www.almega.se\/2022\/04\/fler-atgarder-for-jobben-hade-behovts\/#primaryimage"},"thumbnailUrl":"https:\/\/www.almega.se\/app\/uploads\/2022\/03\/patrick-joyce-massflyktsdirektiv.jpg","datePublished":"2022-04-19T11:03:11+00:00","dateModified":"2023-01-03T16:23:01+00:00","author":{"@id":"https:\/\/www.almega.se\/#\/schema\/person\/38c6b37b81c530c93246c3d1993d5662"},"description":"Regeringens v\u00e5rbudget inneh\u00e5ller f\u00f6r lite f\u00f6r att komma till r\u00e4tta med l\u00e5ngtidsarbetsl\u00f6sheten menar Almegas chefsekonom Patrick Joyce.","breadcrumb":{"@id":"https:\/\/www.almega.se\/2022\/04\/fler-atgarder-for-jobben-hade-behovts\/#breadcrumb"},"inLanguage":"sv-SE","potentialAction":[{"@type":"ReadAction","target":["https:\/\/www.almega.se\/2022\/04\/fler-atgarder-for-jobben-hade-behovts\/"]}]},{"@type":"ImageObject","inLanguage":"sv-SE","@id":"https:\/\/www.almega.se\/2022\/04\/fler-atgarder-for-jobben-hade-behovts\/#primaryimage","url":"https:\/\/www.almega.se\/app\/uploads\/2022\/03\/patrick-joyce-massflyktsdirektiv.jpg","contentUrl":"https:\/\/www.almega.se\/app\/uploads\/2022\/03\/patrick-joyce-massflyktsdirektiv.jpg","width":1180,"height":787},{"@type":"BreadcrumbList","@id":"https:\/\/www.almega.se\/2022\/04\/fler-atgarder-for-jobben-hade-behovts\/#breadcrumb","itemListElement":[{"@type":"ListItem","position":1,"name":"Home","item":"https:\/\/www.almega.se\/"},{"@type":"ListItem","position":2,"name":"Fler \u00e5tg\u00e4rder f\u00f6r jobben hade beh\u00f6vts"}]},{"@type":"WebSite","@id":"https:\/\/www.almega.se\/#website","url":"https:\/\/www.almega.se\/","name":"Almega","description":"","potentialAction":[{"@type":"SearchAction","target":{"@type":"EntryPoint","urlTemplate":"https:\/\/www.almega.se\/?s={search_term_string}"},"query-input":{"@type":"PropertyValueSpecification","valueRequired":true,"valueName":"search_term_string"}}],"inLanguage":"sv-SE"},{"@type":"Person","@id":"https:\/\/www.almega.se\/#\/schema\/person\/38c6b37b81c530c93246c3d1993d5662","name":"Shashika Sellgren","image":{"@type":"ImageObject","inLanguage":"sv-SE","@id":"https:\/\/www.almega.se\/#\/schema\/person\/image\/","url":"https:\/\/secure.gravatar.com\/avatar\/b225c479880df9eb82d1501dd105dd8040f27c8563f3d4bf5dd62ce0a1630abd?s=96&d=mm&r=g","contentUrl":"https:\/\/secure.gravatar.com\/avatar\/b225c479880df9eb82d1501dd105dd8040f27c8563f3d4bf5dd62ce0a1630abd?s=96&d=mm&r=g","caption":"Shashika Sellgren"},"url":"https:\/\/www.almega.se\/person\/shashikasellgren\/"}]}},"_links":{"self":[{"href":"https:\/\/www.almega.se\/api\/wp\/v2\/posts\/44227","targetHints":{"allow":["GET"]}}],"collection":[{"href":"https:\/\/www.almega.se\/api\/wp\/v2\/posts"}],"about":[{"href":"https:\/\/www.almega.se\/api\/wp\/v2\/types\/post"}],"author":[{"embeddable":true,"href":"https:\/\/www.almega.se\/api\/wp\/v2\/users\/6058"}],"replies":[{"embeddable":true,"href":"https:\/\/www.almega.se\/api\/wp\/v2\/comments?post=44227"}],"version-history":[{"count":3,"href":"https:\/\/www.almega.se\/api\/wp\/v2\/posts\/44227\/revisions"}],"predecessor-version":[{"id":52023,"href":"https:\/\/www.almega.se\/api\/wp\/v2\/posts\/44227\/revisions\/52023"}],"wp:featuredmedia":[{"embeddable":true,"href":"https:\/\/www.almega.se\/api\/wp\/v2\/media\/43072"}],"wp:attachment":[{"href":"https:\/\/www.almega.se\/api\/wp\/v2\/media?parent=44227"}],"wp:term":[{"taxonomy":"category","embeddable":true,"href":"https:\/\/www.almega.se\/api\/wp\/v2\/categories?post=44227"},{"taxonomy":"post_tag","embeddable":true,"href":"https:\/\/www.almega.se\/api\/wp\/v2\/tags?post=44227"},{"taxonomy":"type","embeddable":true,"href":"https:\/\/www.almega.se\/api\/wp\/v2\/article_type?post=44227"},{"taxonomy":"agreement","embeddable":true,"href":"https:\/\/www.almega.se\/api\/wp\/v2\/agreement?post=44227"}],"curies":[{"name":"wp","href":"https:\/\/api.w.org\/{rel}","templated":true}]}}