{"id":44220,"date":"2022-04-19T09:56:07","date_gmt":"2022-04-19T07:56:07","guid":{"rendered":"https:\/\/www.almega.se\/?p=44220"},"modified":"2024-07-31T14:39:14","modified_gmt":"2024-07-31T12:39:14","slug":"workation-detta-bor-du-som-arbetsgivare-ha-koll-pa","status":"publish","type":"post","link":"https:\/\/www.almega.se\/2022\/04\/workation-detta-bor-du-som-arbetsgivare-ha-koll-pa\/","title":{"rendered":"Workation \u2013 detta b\u00f6r du som arbetsgivare ha koll p\u00e5"},"content":{"rendered":"<p class=\"intro\">Distansarbetet \u00e4r h\u00e4r f\u00f6r att stanna. Nu ser m\u00e5nga medarbetare m\u00f6jligheten att arbeta p\u00e5 distans fr\u00e5n utlandet under kortare period. Det kan tillf\u00e4lligt vara en bra l\u00f6sning, men det \u00e4r viktigt att unders\u00f6ka detta ordentligt s\u00e5 inte of\u00f6rutsedda kostnader och tvister uppkommer. V\u00e5r arbetsr\u00e4ttsjurist Mia Fransson delar med sig av en rad saker som du som arbetsgivare beh\u00f6ver t\u00e4nka p\u00e5 n\u00e4r medarbetarna vill bege sig ut p\u00e5 en s\u00e5 kallad workation.<\/p>\n\n<p>Att under en kortare period arbeta p\u00e5 distans fr\u00e5n utlandet \u00e4r ett av de \u00e4mnen som vi f\u00e5r m\u00e5nga fr\u00e5gor om av v\u00e5ra medlemmar just nu. Vi guidar dig genom viktiga steg.<\/p>\n\n\n\n<h3 class=\"wp-block-heading\">I dag \u00e4r det inte helt enkelt att erbjuda sina medarbetare m\u00f6jligheten att arbeta p\u00e5 distans fr\u00e5n utlandet under en kortare period. \u00c4r det ens m\u00f6jligt?<\/h3>\n\n\n\n<p>\u2013 Ja, naturligtvis \u00e4r det m\u00f6jligt. Men det finns en hel del saker att ha koll p\u00e5 f\u00f6r dig som arbetsgivare. Bland annat finns det en m\u00e4ngd regler, lagar och f\u00f6rm\u00e5ner som inte per automatik forts\u00e4tter att g\u00e4lla p\u00e5 samma s\u00e4tt som vid arbete i Sverige. Det kan ocks\u00e5 finnas lagar och regler i arbetslandet som m\u00e5ste f\u00f6ljas av arbetsgivaren och medarbetaren.<\/p>\n\n\n\n<h3 class=\"wp-block-heading\">Vad beh\u00f6ver du d\u00e5 g\u00f6ra ur ett arbetsr\u00e4ttsligt perspektiv?<\/h3>\n\n\n\n<p>\u2013 F\u00f6rst och fr\u00e4mst beh\u00f6ver du som arbetsgivare uppr\u00e4tta ett till\u00e4ggsavtal till anst\u00e4llningsavtalet. Det finns m\u00e5nga fr\u00e5gor som beh\u00f6ver regleras i ett s\u00e5dant avtal. Det kan exempelvis handla om hur l\u00e4nge medarbetaren f\u00e5r vara borta, om arbetet utomlands kan avbrytas i f\u00f6rtid, n\u00e4r arbetstagaren ska finnas tillg\u00e4nglig f\u00f6r arbete och enligt vilken tidszon, vilka kollektivavtalade f\u00f6rs\u00e4kringar som g\u00e4ller och vilka till\u00e4ggsf\u00f6rs\u00e4kringar som kan beh\u00f6va tecknas.<\/p>\n\n\n\n<p><strong><a href=\"https:\/\/www.formable.se\/almega\/tillagg-till-anstallningsavtal-tillfalligt-distansarbete-utomlands\" target=\"_blank\" rel=\"noopener\">Ladda ner ett exempel p\u00e5 till\u00e4ggsavtal (exklusivt f\u00f6r medlemmar)<\/a><\/strong><\/p>\n\n\n\n<h3 class=\"wp-block-heading\">G\u00e4ller kollektivavtalet om du har en medarbetare som tempor\u00e4rt arbetar utanf\u00f6r Sveriges gr\u00e4nser?<\/h3>\n\n\n\n<p>\u2013 Nej, d\u00e5 \u00e4r huvudregeln att det inte g\u00e4ller, men kontrollera f\u00f6r s\u00e4kerhets skull vad som st\u00e5r i just ditt kollektivavtal. Vill ni att hela eller delar av kollektivavtalet ska g\u00e4lla under distansarbetet ska detta anges i ett separat avtal eller utlandsreglemente. Under f\u00f6ruts\u00e4ttning att arbetet utomlands sker tillf\u00e4lligtvis kommer svensk lag i regel forts\u00e4ttningsvis g\u00e4lla. Det kan d\u00e4remot finnas tvingande regler i det land medarbetaren ska arbeta som du som svensk arbetsgivare beh\u00f6ver f\u00f6lja.<\/p>\n\n\n\n<h3 class=\"wp-block-heading\">Regelverket verkar inte vara anpassat efter dagens mer flexibla arbetsliv. Vad g\u00f6r ni p\u00e5 Almega f\u00f6r att f\u00f6r\u00e4ndra detta?<\/h3>\n\n\n\n<p>\u2013 Vi ser att detta \u00e4r en viktig fr\u00e5ga f\u00f6r v\u00e5ra medlemmar och f\u00f6r arbetslivet i stort. Vi p\u00e5 Almega bevakar praxis och arbetar aktivt, i samr\u00e5d med medlemsf\u00f6retag och andra arbetsgivarorganisationer, f\u00f6r att f\u00e5 till regel\u00e4ndringar som g\u00f6r det enklare f\u00f6r medarbetarna att ta med sig datorn p\u00e5 utlandsresan. Som medlem i Almega kan du f\u00e5 r\u00e5d g\u00e4llande workation och vi f\u00f6rmedlar \u00e4ven kontakt med jurister i andra l\u00e4nder via det globala n\u00e4tverket Ius Laboris. De kan hj\u00e4lpa bolaget med vad som g\u00e4ller i andra l\u00e4nder avseende arbetsr\u00e4tt, skatt och \u00e4ven anm\u00e4lningsplikt.<\/p>\n\n\n<a class='Share__link Share__link--url copy-text' href='#' rel='nofollow' data-text='detta-behover-du-ocksa-ha-koll-pa-gallande-workation' title='Dela url' data-confirmation='L\u00e4nken kopierades till urklipp'><svg class='icon icon--link'  width='18' height='18' viewBox='0 0 18 18' fill='none' xmlns='http:\/\/www.w3.org\/2000\/svg'>\n            <path d='M10.4142 0.514721L6.87868 4.05025L8.29289 5.46447L11.1213 2.63604L15.364 6.87868L12.5355 9.70711L13.9497 11.1213L17.4853 7.58579C17.8763 7.19476 17.8763 6.5626 17.4853 6.17158L11.8284 0.514721C11.4374 0.123691 10.8052 0.123691 10.4142 0.514721Z' fill='black'\/>\n            <path d='M9.7071 12.5355L6.87868 15.364L2.63604 11.1213L5.46446 8.2929L4.05025 6.87868L0.514716 10.4142C0.123686 10.8052 0.123686 11.4374 0.514716 11.8284L6.17157 17.4853C6.5626 17.8763 7.19475 17.8763 7.58578 17.4853L11.1213 13.9497L9.7071 12.5355Z' fill='black'\/>\n            <path d='M6.17157 11.8284C6.5626 12.2195 7.19475 12.2195 7.58578 11.8284L11.8284 7.58579C12.2195 7.19476 12.2195 6.56261 11.8284 6.17158C11.4374 5.78055 10.8052 5.78055 10.4142 6.17158L6.17157 10.4142C5.78054 10.8052 5.78054 11.4374 6.17157 11.8284Z' fill='black'\/>\n            <\/svg> <\/a>\n<h2 class=\"wp-block-heading\"><span style=\"color: #000000\">Detta beh\u00f6ver du ocks\u00e5 ha koll p\u00e5 g\u00e4llande workation<\/span><\/h2>\n\n\n\n<ul class=\"wp-block-list\">\n<li><span style=\"color: #000000\"><strong>Kr\u00e4vs arbetstillst\u00e5nd?<\/strong><\/span><br>Kr\u00e4vs arbetstillst\u00e5nd eller anm\u00e4lan till myndighet i det land medarbetaren arbetar? Ta alltid kontakt med myndigheter i det aktuella landet. <br><\/li>\n\n\n\n<li><span style=\"color: #000000\"><strong>Ta kontakt med F\u00f6rs\u00e4kringskassan<\/strong><\/span><br>Medarbetaren kan under vissa f\u00f6ruts\u00e4ttningar forts\u00e4tta tillh\u00f6ra svensk socialf\u00f6rs\u00e4kring vid distansarbete utomlands. F\u00f6r att vara s\u00e4ker p\u00e5 detta beh\u00f6ver medarbetaren ans\u00f6ka om ett intyg fr\u00e5n F\u00f6rs\u00e4kringskassan, det s\u00e5 kallade A1-intyget (om arbetet sker inom EU\/EES). &nbsp;L\u00e4s mer under fr\u00e5gor och svar p\u00e5&nbsp;<a href=\"https:\/\/www.forsakringskassan.se\/privatpers\/resa_arbeta_studera_eller_fa_vard_utomlands\/arbeta_utomlands\/arbeta_inom_eu_ees_eller_i_schweiz\" target=\"_blank\" rel=\"noreferrer noopener\">F\u00f6rs\u00e4kringskassans<\/a>&nbsp;och<a href=\"https:\/\/www.skatteverket.se\/foretagochorganisationer\/arbetsgivare\/internationellanstallning\/sandautpersonalforarbeteutomlands.4.3258ac79127730fd3b980001606.html\" target=\"_blank\" rel=\"noreferrer noopener\">&nbsp;Skatteverkets<\/a>&nbsp;hemsida.<br><\/li>\n\n\n\n<li><span style=\"color: #000000\"><strong>S\u00e4kra medarbetarens sjukv\u00e5rdskostnader och teckna f\u00f6rs\u00e4kringar<\/strong><\/span><br>Vilka f\u00f6rs\u00e4kringar finns och vilka eventuella till\u00e4ggsf\u00f6rs\u00e4kringar m\u00e5ste tecknas innan avresan? Ta hj\u00e4lp av v\u00e5ra f\u00f6rs\u00e4kringsexperter p\u00e5 Avtalat.se f\u00f6r att f\u00e5 koll p\u00e5 f\u00f6rs\u00e4kringar och sjukv\u00e5rdskostnader. <a href=\"https:\/\/www.avtalat.se\/arbetsgivare\/checklistor-a-o\/utland\/\" target=\"_blank\" rel=\"noreferrer noopener\">H\u00e4r kan du l\u00e4sa mer<\/a>.<\/li>\n<\/ul>\n\n\n<a class='Share__link Share__link--url copy-text' href='#' rel='nofollow' data-text='vill-du-ha-mer-rad-och-stod?' title='Dela url' data-confirmation='L\u00e4nken kopierades till urklipp'><svg class='icon icon--link'  width='18' height='18' viewBox='0 0 18 18' fill='none' xmlns='http:\/\/www.w3.org\/2000\/svg'>\n            <path d='M10.4142 0.514721L6.87868 4.05025L8.29289 5.46447L11.1213 2.63604L15.364 6.87868L12.5355 9.70711L13.9497 11.1213L17.4853 7.58579C17.8763 7.19476 17.8763 6.5626 17.4853 6.17158L11.8284 0.514721C11.4374 0.123691 10.8052 0.123691 10.4142 0.514721Z' fill='black'\/>\n            <path d='M9.7071 12.5355L6.87868 15.364L2.63604 11.1213L5.46446 8.2929L4.05025 6.87868L0.514716 10.4142C0.123686 10.8052 0.123686 11.4374 0.514716 11.8284L6.17157 17.4853C6.5626 17.8763 7.19475 17.8763 7.58578 17.4853L11.1213 13.9497L9.7071 12.5355Z' fill='black'\/>\n            <path d='M6.17157 11.8284C6.5626 12.2195 7.19475 12.2195 7.58578 11.8284L11.8284 7.58579C12.2195 7.19476 12.2195 6.56261 11.8284 6.17158C11.4374 5.78055 10.8052 5.78055 10.4142 6.17158L6.17157 10.4142C5.78054 10.8052 5.78054 11.4374 6.17157 11.8284Z' fill='black'\/>\n            <\/svg> <\/a>\n<h2 class=\"wp-block-heading\"><span style=\"color: #000000\"><strong>Vill du ha mer r\u00e5d och st\u00f6d?<\/strong><\/span><\/h2>\n\n\n\n<p><span style=\"color: #000000\"><em>Exklusivt f\u00f6r&nbsp;medlemmar<\/em><\/span><\/p>\n\n\n\n<p><span style=\"color: #000000\">Ta hj\u00e4lp av Sveriges b\u00e4sta arbetsr\u00e4ttsjurister f\u00f6r att f\u00e5 r\u00e5d och st\u00f6d kring arbete i utlandet. Ring oss, eller logga in i v\u00e5r digitala kunskapsbank <a style=\"color: #000000\" href=\"https:\/\/medlem.arbetsgivarguiden.se\/?mof=ALM\" target=\"_blank\" rel=\"noopener\">Arbetsgivarguiden<\/a> och l\u00e4s mer om workation och arbete utomlands.<\/span><\/p>\n","protected":false},"excerpt":{"rendered":"<p>Att under en kortare period arbeta p\u00e5 distans fr\u00e5n utlandet \u00e4r ett av de \u00e4mnen som vi f\u00e5r m\u00e5nga fr\u00e5gor om av v\u00e5ra medlemmar just nu. Vi guidar dig genom viktiga steg. I dag \u00e4r &hellip;<\/p>\n","protected":false},"author":6058,"featured_media":41541,"comment_status":"closed","ping_status":"closed","sticky":false,"template":"","format":"standard","meta":{"_acf_changed":false,"footnotes":""},"categories":[451],"tags":[527,349],"article_type":[55,56],"agreement":[],"class_list":["post-44220","post","type-post","status-publish","format-standard","has-post-thumbnail","hentry","category-arbetsgivarfragor","tag-framtidens-arbetsliv","tag-forsakringar","type-artiklar","type-nyheter"],"acf":[],"yoast_head":"<!-- This site is optimized with the Yoast SEO Premium plugin v26.8 (Yoast SEO v26.8) - https:\/\/yoast.com\/product\/yoast-seo-premium-wordpress\/ -->\n<title>Workation \u2013 detta b\u00f6r du som arbetsgivare ha koll p\u00e5 | Almega<\/title>\n<meta name=\"description\" content=\"V\u00e5r arbetsr\u00e4ttsjurist Mia Fransson delar med sig av saker du som arbetsgivare beh\u00f6ver t\u00e4nka p\u00e5 n\u00e4r medarbetarna vill ha workation.\" \/>\n<meta name=\"robots\" content=\"index, follow, max-snippet:-1, max-image-preview:large, max-video-preview:-1\" \/>\n<link rel=\"canonical\" href=\"https:\/\/www.almega.se\/2022\/04\/workation-detta-bor-du-som-arbetsgivare-ha-koll-pa\/\" \/>\n<meta property=\"og:locale\" content=\"sv_SE\" \/>\n<meta property=\"og:type\" content=\"article\" \/>\n<meta property=\"og:title\" content=\"Workation \u2013 detta b\u00f6r du som arbetsgivare ha koll p\u00e5\" \/>\n<meta property=\"og:description\" content=\"V\u00e5r arbetsr\u00e4ttsjurist Mia Fransson delar med sig av saker du som arbetsgivare beh\u00f6ver t\u00e4nka p\u00e5 n\u00e4r medarbetarna vill ha workation.\" \/>\n<meta property=\"og:url\" content=\"https:\/\/www.almega.se\/2022\/04\/workation-detta-bor-du-som-arbetsgivare-ha-koll-pa\/\" \/>\n<meta property=\"og:site_name\" content=\"Almega\" \/>\n<meta property=\"article:published_time\" content=\"2022-04-19T07:56:07+00:00\" \/>\n<meta property=\"article:modified_time\" content=\"2024-07-31T12:39:14+00:00\" \/>\n<meta property=\"og:image\" content=\"https:\/\/www.almega.se\/app\/uploads\/2021\/12\/bild-webbartikel-1000x600-37.png\" \/>\n\t<meta property=\"og:image:width\" content=\"1000\" \/>\n\t<meta property=\"og:image:height\" content=\"600\" \/>\n\t<meta property=\"og:image:type\" content=\"image\/png\" \/>\n<meta name=\"author\" content=\"Shashika Sellgren\" \/>\n<meta name=\"twitter:card\" content=\"summary_large_image\" \/>\n<meta name=\"twitter:label1\" content=\"Skriven av\" \/>\n\t<meta name=\"twitter:data1\" content=\"Shashika Sellgren\" \/>\n\t<meta name=\"twitter:label2\" content=\"Ber\u00e4knad l\u00e4stid\" \/>\n\t<meta name=\"twitter:data2\" content=\"3 minuter\" \/>\n<!-- \/ Yoast SEO Premium plugin. -->","yoast_head_json":{"title":"Workation \u2013 detta b\u00f6r du som arbetsgivare ha koll p\u00e5 | Almega","description":"V\u00e5r arbetsr\u00e4ttsjurist Mia Fransson delar med sig av saker du som arbetsgivare beh\u00f6ver t\u00e4nka p\u00e5 n\u00e4r medarbetarna vill ha workation.","robots":{"index":"index","follow":"follow","max-snippet":"max-snippet:-1","max-image-preview":"max-image-preview:large","max-video-preview":"max-video-preview:-1"},"canonical":"https:\/\/www.almega.se\/2022\/04\/workation-detta-bor-du-som-arbetsgivare-ha-koll-pa\/","og_locale":"sv_SE","og_type":"article","og_title":"Workation \u2013 detta b\u00f6r du som arbetsgivare ha koll p\u00e5","og_description":"V\u00e5r arbetsr\u00e4ttsjurist Mia Fransson delar med sig av saker du som arbetsgivare beh\u00f6ver t\u00e4nka p\u00e5 n\u00e4r medarbetarna vill ha workation.","og_url":"https:\/\/www.almega.se\/2022\/04\/workation-detta-bor-du-som-arbetsgivare-ha-koll-pa\/","og_site_name":"Almega","article_published_time":"2022-04-19T07:56:07+00:00","article_modified_time":"2024-07-31T12:39:14+00:00","og_image":[{"width":1000,"height":600,"url":"https:\/\/www.almega.se\/app\/uploads\/2021\/12\/bild-webbartikel-1000x600-37.png","type":"image\/png"}],"author":"Shashika Sellgren","twitter_card":"summary_large_image","twitter_misc":{"Skriven av":"Shashika Sellgren","Ber\u00e4knad l\u00e4stid":"3 minuter"},"schema":{"@context":"https:\/\/schema.org","@graph":[{"@type":"NewsArticle","@id":"https:\/\/www.almega.se\/2022\/04\/workation-detta-bor-du-som-arbetsgivare-ha-koll-pa\/#article","isPartOf":{"@id":"https:\/\/www.almega.se\/2022\/04\/workation-detta-bor-du-som-arbetsgivare-ha-koll-pa\/"},"author":{"name":"Shashika Sellgren","@id":"https:\/\/www.almega.se\/#\/schema\/person\/38c6b37b81c530c93246c3d1993d5662"},"headline":"Workation \u2013 detta b\u00f6r du som arbetsgivare ha koll p\u00e5","datePublished":"2022-04-19T07:56:07+00:00","dateModified":"2024-07-31T12:39:14+00:00","mainEntityOfPage":{"@id":"https:\/\/www.almega.se\/2022\/04\/workation-detta-bor-du-som-arbetsgivare-ha-koll-pa\/"},"wordCount":724,"image":{"@id":"https:\/\/www.almega.se\/2022\/04\/workation-detta-bor-du-som-arbetsgivare-ha-koll-pa\/#primaryimage"},"thumbnailUrl":"https:\/\/www.almega.se\/app\/uploads\/2021\/12\/bild-webbartikel-1000x600-37.png","keywords":["Framtidens arbetsliv","F\u00f6rs\u00e4kringar"],"articleSection":["Arbetsgivarfr\u00e5gor"],"inLanguage":"sv-SE"},{"@type":"WebPage","@id":"https:\/\/www.almega.se\/2022\/04\/workation-detta-bor-du-som-arbetsgivare-ha-koll-pa\/","url":"https:\/\/www.almega.se\/2022\/04\/workation-detta-bor-du-som-arbetsgivare-ha-koll-pa\/","name":"Workation \u2013 detta b\u00f6r du som arbetsgivare ha koll p\u00e5 | Almega","isPartOf":{"@id":"https:\/\/www.almega.se\/#website"},"primaryImageOfPage":{"@id":"https:\/\/www.almega.se\/2022\/04\/workation-detta-bor-du-som-arbetsgivare-ha-koll-pa\/#primaryimage"},"image":{"@id":"https:\/\/www.almega.se\/2022\/04\/workation-detta-bor-du-som-arbetsgivare-ha-koll-pa\/#primaryimage"},"thumbnailUrl":"https:\/\/www.almega.se\/app\/uploads\/2021\/12\/bild-webbartikel-1000x600-37.png","datePublished":"2022-04-19T07:56:07+00:00","dateModified":"2024-07-31T12:39:14+00:00","author":{"@id":"https:\/\/www.almega.se\/#\/schema\/person\/38c6b37b81c530c93246c3d1993d5662"},"description":"V\u00e5r arbetsr\u00e4ttsjurist Mia Fransson delar med sig av saker du som arbetsgivare beh\u00f6ver t\u00e4nka p\u00e5 n\u00e4r medarbetarna vill ha workation.","breadcrumb":{"@id":"https:\/\/www.almega.se\/2022\/04\/workation-detta-bor-du-som-arbetsgivare-ha-koll-pa\/#breadcrumb"},"inLanguage":"sv-SE","potentialAction":[{"@type":"ReadAction","target":["https:\/\/www.almega.se\/2022\/04\/workation-detta-bor-du-som-arbetsgivare-ha-koll-pa\/"]}]},{"@type":"ImageObject","inLanguage":"sv-SE","@id":"https:\/\/www.almega.se\/2022\/04\/workation-detta-bor-du-som-arbetsgivare-ha-koll-pa\/#primaryimage","url":"https:\/\/www.almega.se\/app\/uploads\/2021\/12\/bild-webbartikel-1000x600-37.png","contentUrl":"https:\/\/www.almega.se\/app\/uploads\/2021\/12\/bild-webbartikel-1000x600-37.png","width":1000,"height":600},{"@type":"BreadcrumbList","@id":"https:\/\/www.almega.se\/2022\/04\/workation-detta-bor-du-som-arbetsgivare-ha-koll-pa\/#breadcrumb","itemListElement":[{"@type":"ListItem","position":1,"name":"Home","item":"https:\/\/www.almega.se\/"},{"@type":"ListItem","position":2,"name":"Workation \u2013 detta b\u00f6r du som arbetsgivare ha koll p\u00e5"}]},{"@type":"WebSite","@id":"https:\/\/www.almega.se\/#website","url":"https:\/\/www.almega.se\/","name":"Almega","description":"","potentialAction":[{"@type":"SearchAction","target":{"@type":"EntryPoint","urlTemplate":"https:\/\/www.almega.se\/?s={search_term_string}"},"query-input":{"@type":"PropertyValueSpecification","valueRequired":true,"valueName":"search_term_string"}}],"inLanguage":"sv-SE"},{"@type":"Person","@id":"https:\/\/www.almega.se\/#\/schema\/person\/38c6b37b81c530c93246c3d1993d5662","name":"Shashika Sellgren","image":{"@type":"ImageObject","inLanguage":"sv-SE","@id":"https:\/\/www.almega.se\/#\/schema\/person\/image\/","url":"https:\/\/secure.gravatar.com\/avatar\/b225c479880df9eb82d1501dd105dd8040f27c8563f3d4bf5dd62ce0a1630abd?s=96&d=mm&r=g","contentUrl":"https:\/\/secure.gravatar.com\/avatar\/b225c479880df9eb82d1501dd105dd8040f27c8563f3d4bf5dd62ce0a1630abd?s=96&d=mm&r=g","caption":"Shashika Sellgren"},"url":"https:\/\/www.almega.se\/person\/shashikasellgren\/"}]}},"_links":{"self":[{"href":"https:\/\/www.almega.se\/api\/wp\/v2\/posts\/44220","targetHints":{"allow":["GET"]}}],"collection":[{"href":"https:\/\/www.almega.se\/api\/wp\/v2\/posts"}],"about":[{"href":"https:\/\/www.almega.se\/api\/wp\/v2\/types\/post"}],"author":[{"embeddable":true,"href":"https:\/\/www.almega.se\/api\/wp\/v2\/users\/6058"}],"replies":[{"embeddable":true,"href":"https:\/\/www.almega.se\/api\/wp\/v2\/comments?post=44220"}],"version-history":[{"count":12,"href":"https:\/\/www.almega.se\/api\/wp\/v2\/posts\/44220\/revisions"}],"predecessor-version":[{"id":75169,"href":"https:\/\/www.almega.se\/api\/wp\/v2\/posts\/44220\/revisions\/75169"}],"wp:featuredmedia":[{"embeddable":true,"href":"https:\/\/www.almega.se\/api\/wp\/v2\/media\/41541"}],"wp:attachment":[{"href":"https:\/\/www.almega.se\/api\/wp\/v2\/media?parent=44220"}],"wp:term":[{"taxonomy":"category","embeddable":true,"href":"https:\/\/www.almega.se\/api\/wp\/v2\/categories?post=44220"},{"taxonomy":"post_tag","embeddable":true,"href":"https:\/\/www.almega.se\/api\/wp\/v2\/tags?post=44220"},{"taxonomy":"type","embeddable":true,"href":"https:\/\/www.almega.se\/api\/wp\/v2\/article_type?post=44220"},{"taxonomy":"agreement","embeddable":true,"href":"https:\/\/www.almega.se\/api\/wp\/v2\/agreement?post=44220"}],"curies":[{"name":"wp","href":"https:\/\/api.w.org\/{rel}","templated":true}]}}