{"id":44115,"date":"2022-04-12T09:50:19","date_gmt":"2022-04-12T07:50:19","guid":{"rendered":"https:\/\/www.almega.se\/?p=44115"},"modified":"2023-01-03T17:03:20","modified_gmt":"2023-01-03T16:03:20","slug":"sa-vill-tjansteforetagen-forbattra-offentliga-upphandlingar","status":"publish","type":"post","link":"https:\/\/www.almega.se\/2022\/04\/sa-vill-tjansteforetagen-forbattra-offentliga-upphandlingar\/","title":{"rendered":"S\u00e5 vill tj\u00e4nste&shy;f\u00f6retagen f\u00f6rb\u00e4ttra offentliga upphandlingar \u2013 upphandlingsexperten svarar"},"content":{"rendered":"<p class=\"intro\">V\u00e4l genomf\u00f6rda upphandlingar ger f\u00f6ruts\u00e4ttningar f\u00f6r tj\u00e4nstef\u00f6retag att bidra till att st\u00f6dja och utveckla de offentliga tj\u00e4nsterna, till nytta f\u00f6r medborgarna.\u00a0Dock upplever m\u00e5nga tj\u00e4nstef\u00f6retag utmaningar med att delta i offentlig upphandling.<\/p>\n\n<p>Den 21 april lanserar Almega rapporten \u201d<a href=\"https:\/\/www.almega.se\/sa-vill-tjansteforetagen-forbattra-offentlig-upphandlingar\/\">S\u00e5 vill tj\u00e4nstef\u00f6retagen f\u00f6rb\u00e4ttra offentliga upphandlingar<\/a>\u201d.\u00a0Vi har st\u00e4llt tre snabba fr\u00e5gor till rapportf\u00f6rfattaren tillika Almegas upphandlingsexpert, Ulrica Dyrke.<\/p>\n\n\n\n<h3 class=\"wp-block-heading\">Vad kommer seminariet \u201dS\u00e5 vill tj\u00e4nstef\u00f6retagen f\u00f6rb\u00e4ttra offentliga upphandlingar\u201d att handla om?<\/h3>\n\n\n\n<p>\u2013 Vi kommer att lyfta tj\u00e4nstef\u00f6retags perspektiv p\u00e5 offentlig upphandling, utifr\u00e5n deras branscher och f\u00f6ruts\u00e4ttningar. Vi tittar p\u00e5 nul\u00e4ge och \u00f6nskem\u00e5l f\u00f6r framtiden. \u00c4r du ett f\u00f6retag som g\u00f6r \u2013 eller skulle vilja g\u00f6ra \u2013 aff\u00e4rer med offentlig sektor? D\u00e5 kan detta vara intressant att lyssna till.<\/p>\n\n\n\n<h3 class=\"wp-block-heading\">Vilka \u00e4r de st\u00f6rsta utmaningarna f\u00f6r tj\u00e4nstef\u00f6retagen?<\/h3>\n\n\n\n<p>\u2013 Generellt sett s\u00e5 \u00e4r den mest framtr\u00e4dande utmaningen f\u00f6r tj\u00e4nstef\u00f6retag kopplat till offentlig upphandling att det upplevs vara f\u00f6r stort prisfokus p\u00e5 bekostnad av kvalitet, men det finns \u00e4ven utmaningar med omfattande och irrelevant kravst\u00e4llande samt kr\u00e5nglig upphandlingsprocedur och formalia.<\/p>\n\n\n\n<h3 class=\"wp-block-heading\">Vad g\u00f6r Almega f\u00f6r att f\u00f6rb\u00e4ttra den offentliga upphandlingen?<\/h3>\n\n\n\n<p>\u2013 Almega vill utveckla den offentliga upphandlingen i dialog med s\u00e5v\u00e4l upphandlande myndigheter som leverant\u00f6rer. Vi arbetar f\u00f6r att fler tj\u00e4nstef\u00f6retag ska kunna delta p\u00e5 denna marknad och bidra till att utveckla de offentliga tj\u00e4nsterna, till nytta f\u00f6r medborgarna. Almega vill med detta seminarium och den nya rapport som presenteras konkretisera bilden av f\u00f6retagens situation och inspirera till fortsatt utveckling av offentlig upphandling \u2013 f\u00f6r \u00f6kad samh\u00e4llsnytta.<\/p>\n\n\n\n<p>\u00a0Seminariet har redan \u00e4gt rum och det g\u00e5r inte att anm\u00e4la sig l\u00e4ngre. <a href=\"https:\/\/www.almega.se\/sa-vill-tjansteforetagen-forbattra-offentlig-upphandlingar\/\">H\u00e4r kan du se inspelningen fr\u00e5n seminariet<\/a>.<\/p>\n","protected":false},"excerpt":{"rendered":"<p>Den 21 april lanserar Almega rapporten \u201dS\u00e5 vill tj\u00e4nstef\u00f6retagen f\u00f6rb\u00e4ttra offentliga upphandlingar\u201d.\u00a0Vi har st\u00e4llt tre snabba fr\u00e5gor till rapportf\u00f6rfattaren tillika Almegas upphandlingsexpert, Ulrica Dyrke. Vad kommer seminariet \u201dS\u00e5 vill tj\u00e4nstef\u00f6retagen f\u00f6rb\u00e4ttra offentliga upphandlingar\u201d att handla &hellip;<\/p>\n","protected":false},"author":6058,"featured_media":44191,"comment_status":"closed","ping_status":"closed","sticky":false,"template":"","format":"standard","meta":{"_acf_changed":false,"footnotes":""},"categories":[572],"tags":[604],"article_type":[55,56],"agreement":[],"class_list":["post-44115","post","type-post","status-publish","format-standard","has-post-thumbnail","hentry","category-offentlig-upphandling","tag-offentlig-upphandling","type-artiklar","type-nyheter"],"acf":[],"yoast_head":"<!-- This site is optimized with the Yoast SEO Premium plugin v26.8 (Yoast SEO v26.8) - https:\/\/yoast.com\/product\/yoast-seo-premium-wordpress\/ -->\n<title>S\u00e5 vill tj\u00e4nstef\u00f6retagen f\u00f6rb\u00e4ttra offentliga upphandlingar \u2013 upphandlingsexperten svarar | Almega<\/title>\n<meta name=\"description\" content=\"V\u00e4l genomf\u00f6rda och f\u00f6rb\u00e4ttrade offentliga upphandlingar ger f\u00f6ruts\u00e4ttningar f\u00f6r tj\u00e4nstef\u00f6retag att bidra till de offentliga tj\u00e4nsterna.\" \/>\n<meta name=\"robots\" content=\"index, follow, max-snippet:-1, max-image-preview:large, max-video-preview:-1\" \/>\n<link rel=\"canonical\" href=\"https:\/\/www.almega.se\/2022\/04\/sa-vill-tjansteforetagen-forbattra-offentliga-upphandlingar\/\" \/>\n<meta property=\"og:locale\" content=\"sv_SE\" \/>\n<meta property=\"og:type\" content=\"article\" \/>\n<meta property=\"og:title\" content=\"S\u00e5 vill tj\u00e4nstef\u00f6retagen f\u00f6rb\u00e4ttra offentliga upphandlingar \u2013 upphandlingsexperten svarar\" \/>\n<meta property=\"og:description\" content=\"V\u00e4l genomf\u00f6rda och f\u00f6rb\u00e4ttrade offentliga upphandlingar ger f\u00f6ruts\u00e4ttningar f\u00f6r tj\u00e4nstef\u00f6retag att bidra till de offentliga tj\u00e4nsterna.\" \/>\n<meta property=\"og:url\" content=\"https:\/\/www.almega.se\/2022\/04\/sa-vill-tjansteforetagen-forbattra-offentliga-upphandlingar\/\" \/>\n<meta property=\"og:site_name\" content=\"Almega\" \/>\n<meta property=\"article:published_time\" content=\"2022-04-12T07:50:19+00:00\" \/>\n<meta property=\"article:modified_time\" content=\"2023-01-03T16:03:20+00:00\" \/>\n<meta property=\"og:image\" content=\"https:\/\/www.almega.se\/app\/uploads\/2022\/04\/toppbild-ulrika-dyrke-om-offentlig-upphandling-1180x708.png\" \/>\n\t<meta property=\"og:image:width\" content=\"1180\" \/>\n\t<meta property=\"og:image:height\" content=\"708\" \/>\n\t<meta property=\"og:image:type\" content=\"image\/png\" \/>\n<meta name=\"author\" content=\"Shashika Sellgren\" \/>\n<meta name=\"twitter:card\" content=\"summary_large_image\" \/>\n<meta name=\"twitter:label1\" content=\"Skriven av\" \/>\n\t<meta name=\"twitter:data1\" content=\"Shashika Sellgren\" \/>\n\t<meta name=\"twitter:label2\" content=\"Ber\u00e4knad l\u00e4stid\" \/>\n\t<meta name=\"twitter:data2\" content=\"2 minuter\" \/>\n<!-- \/ Yoast SEO Premium plugin. -->","yoast_head_json":{"title":"S\u00e5 vill tj\u00e4nstef\u00f6retagen f\u00f6rb\u00e4ttra offentliga upphandlingar \u2013 upphandlingsexperten svarar | Almega","description":"V\u00e4l genomf\u00f6rda och f\u00f6rb\u00e4ttrade offentliga upphandlingar ger f\u00f6ruts\u00e4ttningar f\u00f6r tj\u00e4nstef\u00f6retag att bidra till de offentliga tj\u00e4nsterna.","robots":{"index":"index","follow":"follow","max-snippet":"max-snippet:-1","max-image-preview":"max-image-preview:large","max-video-preview":"max-video-preview:-1"},"canonical":"https:\/\/www.almega.se\/2022\/04\/sa-vill-tjansteforetagen-forbattra-offentliga-upphandlingar\/","og_locale":"sv_SE","og_type":"article","og_title":"S\u00e5 vill tj\u00e4nstef\u00f6retagen f\u00f6rb\u00e4ttra offentliga upphandlingar \u2013 upphandlingsexperten svarar","og_description":"V\u00e4l genomf\u00f6rda och f\u00f6rb\u00e4ttrade offentliga upphandlingar ger f\u00f6ruts\u00e4ttningar f\u00f6r tj\u00e4nstef\u00f6retag att bidra till de offentliga tj\u00e4nsterna.","og_url":"https:\/\/www.almega.se\/2022\/04\/sa-vill-tjansteforetagen-forbattra-offentliga-upphandlingar\/","og_site_name":"Almega","article_published_time":"2022-04-12T07:50:19+00:00","article_modified_time":"2023-01-03T16:03:20+00:00","og_image":[{"width":1180,"height":708,"url":"https:\/\/www.almega.se\/app\/uploads\/2022\/04\/toppbild-ulrika-dyrke-om-offentlig-upphandling-1180x708.png","type":"image\/png"}],"author":"Shashika Sellgren","twitter_card":"summary_large_image","twitter_misc":{"Skriven av":"Shashika Sellgren","Ber\u00e4knad l\u00e4stid":"2 minuter"},"schema":{"@context":"https:\/\/schema.org","@graph":[{"@type":"NewsArticle","@id":"https:\/\/www.almega.se\/2022\/04\/sa-vill-tjansteforetagen-forbattra-offentliga-upphandlingar\/#article","isPartOf":{"@id":"https:\/\/www.almega.se\/2022\/04\/sa-vill-tjansteforetagen-forbattra-offentliga-upphandlingar\/"},"author":{"name":"Shashika Sellgren","@id":"https:\/\/www.almega.se\/#\/schema\/person\/38c6b37b81c530c93246c3d1993d5662"},"headline":"S\u00e5 vill tj\u00e4nste&shy;f\u00f6retagen f\u00f6rb\u00e4ttra offentliga upphandlingar \u2013 upphandlingsexperten svarar","datePublished":"2022-04-12T07:50:19+00:00","dateModified":"2023-01-03T16:03:20+00:00","mainEntityOfPage":{"@id":"https:\/\/www.almega.se\/2022\/04\/sa-vill-tjansteforetagen-forbattra-offentliga-upphandlingar\/"},"wordCount":287,"image":{"@id":"https:\/\/www.almega.se\/2022\/04\/sa-vill-tjansteforetagen-forbattra-offentliga-upphandlingar\/#primaryimage"},"thumbnailUrl":"https:\/\/www.almega.se\/app\/uploads\/2022\/04\/toppbild-ulrika-dyrke-om-offentlig-upphandling.png","keywords":["Offentlig upphandling"],"articleSection":["Offentlig upphandling"],"inLanguage":"sv-SE"},{"@type":"WebPage","@id":"https:\/\/www.almega.se\/2022\/04\/sa-vill-tjansteforetagen-forbattra-offentliga-upphandlingar\/","url":"https:\/\/www.almega.se\/2022\/04\/sa-vill-tjansteforetagen-forbattra-offentliga-upphandlingar\/","name":"S\u00e5 vill tj\u00e4nstef\u00f6retagen f\u00f6rb\u00e4ttra offentliga upphandlingar \u2013 upphandlingsexperten svarar | Almega","isPartOf":{"@id":"https:\/\/www.almega.se\/#website"},"primaryImageOfPage":{"@id":"https:\/\/www.almega.se\/2022\/04\/sa-vill-tjansteforetagen-forbattra-offentliga-upphandlingar\/#primaryimage"},"image":{"@id":"https:\/\/www.almega.se\/2022\/04\/sa-vill-tjansteforetagen-forbattra-offentliga-upphandlingar\/#primaryimage"},"thumbnailUrl":"https:\/\/www.almega.se\/app\/uploads\/2022\/04\/toppbild-ulrika-dyrke-om-offentlig-upphandling.png","datePublished":"2022-04-12T07:50:19+00:00","dateModified":"2023-01-03T16:03:20+00:00","author":{"@id":"https:\/\/www.almega.se\/#\/schema\/person\/38c6b37b81c530c93246c3d1993d5662"},"description":"V\u00e4l genomf\u00f6rda och f\u00f6rb\u00e4ttrade offentliga upphandlingar ger f\u00f6ruts\u00e4ttningar f\u00f6r tj\u00e4nstef\u00f6retag att bidra till de offentliga tj\u00e4nsterna.","breadcrumb":{"@id":"https:\/\/www.almega.se\/2022\/04\/sa-vill-tjansteforetagen-forbattra-offentliga-upphandlingar\/#breadcrumb"},"inLanguage":"sv-SE","potentialAction":[{"@type":"ReadAction","target":["https:\/\/www.almega.se\/2022\/04\/sa-vill-tjansteforetagen-forbattra-offentliga-upphandlingar\/"]}]},{"@type":"ImageObject","inLanguage":"sv-SE","@id":"https:\/\/www.almega.se\/2022\/04\/sa-vill-tjansteforetagen-forbattra-offentliga-upphandlingar\/#primaryimage","url":"https:\/\/www.almega.se\/app\/uploads\/2022\/04\/toppbild-ulrika-dyrke-om-offentlig-upphandling.png","contentUrl":"https:\/\/www.almega.se\/app\/uploads\/2022\/04\/toppbild-ulrika-dyrke-om-offentlig-upphandling.png","width":2000,"height":1200,"caption":"Ulrika Dyrke om offentlig upphandling"},{"@type":"BreadcrumbList","@id":"https:\/\/www.almega.se\/2022\/04\/sa-vill-tjansteforetagen-forbattra-offentliga-upphandlingar\/#breadcrumb","itemListElement":[{"@type":"ListItem","position":1,"name":"Home","item":"https:\/\/www.almega.se\/"},{"@type":"ListItem","position":2,"name":"S\u00e5 vill tj\u00e4nste&shy;f\u00f6retagen f\u00f6rb\u00e4ttra offentliga upphandlingar \u2013 upphandlingsexperten svarar"}]},{"@type":"WebSite","@id":"https:\/\/www.almega.se\/#website","url":"https:\/\/www.almega.se\/","name":"Almega","description":"","potentialAction":[{"@type":"SearchAction","target":{"@type":"EntryPoint","urlTemplate":"https:\/\/www.almega.se\/?s={search_term_string}"},"query-input":{"@type":"PropertyValueSpecification","valueRequired":true,"valueName":"search_term_string"}}],"inLanguage":"sv-SE"},{"@type":"Person","@id":"https:\/\/www.almega.se\/#\/schema\/person\/38c6b37b81c530c93246c3d1993d5662","name":"Shashika Sellgren","image":{"@type":"ImageObject","inLanguage":"sv-SE","@id":"https:\/\/www.almega.se\/#\/schema\/person\/image\/","url":"https:\/\/secure.gravatar.com\/avatar\/b225c479880df9eb82d1501dd105dd8040f27c8563f3d4bf5dd62ce0a1630abd?s=96&d=mm&r=g","contentUrl":"https:\/\/secure.gravatar.com\/avatar\/b225c479880df9eb82d1501dd105dd8040f27c8563f3d4bf5dd62ce0a1630abd?s=96&d=mm&r=g","caption":"Shashika Sellgren"},"url":"https:\/\/www.almega.se\/person\/shashikasellgren\/"}]}},"_links":{"self":[{"href":"https:\/\/www.almega.se\/api\/wp\/v2\/posts\/44115","targetHints":{"allow":["GET"]}}],"collection":[{"href":"https:\/\/www.almega.se\/api\/wp\/v2\/posts"}],"about":[{"href":"https:\/\/www.almega.se\/api\/wp\/v2\/types\/post"}],"author":[{"embeddable":true,"href":"https:\/\/www.almega.se\/api\/wp\/v2\/users\/6058"}],"replies":[{"embeddable":true,"href":"https:\/\/www.almega.se\/api\/wp\/v2\/comments?post=44115"}],"version-history":[{"count":8,"href":"https:\/\/www.almega.se\/api\/wp\/v2\/posts\/44115\/revisions"}],"predecessor-version":[{"id":52006,"href":"https:\/\/www.almega.se\/api\/wp\/v2\/posts\/44115\/revisions\/52006"}],"wp:featuredmedia":[{"embeddable":true,"href":"https:\/\/www.almega.se\/api\/wp\/v2\/media\/44191"}],"wp:attachment":[{"href":"https:\/\/www.almega.se\/api\/wp\/v2\/media?parent=44115"}],"wp:term":[{"taxonomy":"category","embeddable":true,"href":"https:\/\/www.almega.se\/api\/wp\/v2\/categories?post=44115"},{"taxonomy":"post_tag","embeddable":true,"href":"https:\/\/www.almega.se\/api\/wp\/v2\/tags?post=44115"},{"taxonomy":"type","embeddable":true,"href":"https:\/\/www.almega.se\/api\/wp\/v2\/article_type?post=44115"},{"taxonomy":"agreement","embeddable":true,"href":"https:\/\/www.almega.se\/api\/wp\/v2\/agreement?post=44115"}],"curies":[{"name":"wp","href":"https:\/\/api.w.org\/{rel}","templated":true}]}}