{"id":43578,"date":"2022-03-25T11:11:57","date_gmt":"2022-03-25T10:11:57","guid":{"rendered":"https:\/\/www.almega.se\/?p=43578"},"modified":"2025-03-11T12:55:17","modified_gmt":"2025-03-11T11:55:17","slug":"almega-gav-nordisk-kompetens-tillgang-till-kunskap-kompetens-och-auktorisation","status":"publish","type":"post","link":"https:\/\/www.almega.se\/2022\/03\/almega-gav-nordisk-kompetens-tillgang-till-kunskap-kompetens-och-auktorisation\/","title":{"rendered":"Almega gav Nordisk Kompetens tillg\u00e5ng till kunskap, kompetens och auktorisation"},"content":{"rendered":"<p class=\"intro\">I takt med att Nordisk Kompetens v\u00e4xte beh\u00f6vdes st\u00f6d i arbetsr\u00e4ttsfr\u00e5gor. \u201dHar man ambitionen att v\u00e4xa och bli ett h\u00e5llbart f\u00f6retag beh\u00f6ver man en kunnig organisation som Almega som kan st\u00f6tta p\u00e5 v\u00e4gen\u201d, s\u00e4ger vd och grundare Mariam Al-Zamani.<\/p>\n\n<p><a href=\"https:\/\/www.nordiskkompetens.se\/\" target=\"_blank\" rel=\"noopener\">Nordisk Kompetens<\/a>, med huvudkontor i Lule\u00e5, har funnits seda 2014 och fokuserade initialt p\u00e5 omst\u00e4llning f\u00f6r att d\u00e4refter expandera och arbeta mot Arbetsf\u00f6rmedlingen. I samband med expansionen ut\u00f6kade f\u00f6retaget sitt erbjudande till att \u00e4ven inkludera bemanning och rekrytering.<\/p>\n\n\n\n<p>Sedan pandemin \u00e4r Nordisk Kompetens rikst\u00e4ckande och finns p\u00e5 34 orter runtom i landet. I samband med expansionen och en \u00f6kad oms\u00e4ttning blev ett medlemskap i Almega och <a href=\"https:\/\/www.kompetensforetagen.se\/\" target=\"_blank\" rel=\"noopener\">Kompetensf\u00f6retagen<\/a> ett naturligt steg.<\/p>\n\n\n\n<p>\u2013 Vi blev medlemmar f\u00f6r att f\u00e5 st\u00f6d i arbetsr\u00e4ttsfr\u00e5gor. I takt med att vi v\u00e4xte beh\u00f6vde vi f\u00e5 mer st\u00f6d i fr\u00e5gor som arbetsmilj\u00f6 och kollektivavtal och se till att vi gjorde allt r\u00e4tt, s\u00e4ger Mariam Al-Zamami, vd och grundare f\u00f6r Nordisk Kompetens.<\/p>\n\n\n<a class='Share__link Share__link--url copy-text' href='#' rel='nofollow' data-text='auktorisation-\u2013-en-kvalitetsstampel' title='Dela url' data-confirmation='L\u00e4nken kopierades till urklipp'><svg class='icon icon--link'  width='18' height='18' viewBox='0 0 18 18' fill='none' xmlns='http:\/\/www.w3.org\/2000\/svg'>\n            <path d='M10.4142 0.514721L6.87868 4.05025L8.29289 5.46447L11.1213 2.63604L15.364 6.87868L12.5355 9.70711L13.9497 11.1213L17.4853 7.58579C17.8763 7.19476 17.8763 6.5626 17.4853 6.17158L11.8284 0.514721C11.4374 0.123691 10.8052 0.123691 10.4142 0.514721Z' fill='black'\/>\n            <path d='M9.7071 12.5355L6.87868 15.364L2.63604 11.1213L5.46446 8.2929L4.05025 6.87868L0.514716 10.4142C0.123686 10.8052 0.123686 11.4374 0.514716 11.8284L6.17157 17.4853C6.5626 17.8763 7.19475 17.8763 7.58578 17.4853L11.1213 13.9497L9.7071 12.5355Z' fill='black'\/>\n            <path d='M6.17157 11.8284C6.5626 12.2195 7.19475 12.2195 7.58578 11.8284L11.8284 7.58579C12.2195 7.19476 12.2195 6.56261 11.8284 6.17158C11.4374 5.78055 10.8052 5.78055 10.4142 6.17158L6.17157 10.4142C5.78054 10.8052 5.78054 11.4374 6.17157 11.8284Z' fill='black'\/>\n            <\/svg> <\/a>\n<h2 class=\"wp-block-heading\" id=\"h-auktorisation-en-kvalitetsstampel\">Auktorisation \u2013 en kvalitetsst\u00e4mpel<\/h2>\n\n\n\n<p>Genom medlemskapet kunde Nordisk Kompetens ocks\u00e5 <a href=\"https:\/\/www.kompetensforetagen.se\/auktorisation\/\" target=\"_blank\" rel=\"noopener\">ans\u00f6ka om auktorisation f\u00f6r alla sina tre verksamheter inom omst\u00e4llning, bemanning och rekrytering<\/a>. Auktorisationen inneb\u00e4r att medlemsf\u00f6retag uppfyller krav som visar att man arbetar seri\u00f6st, genom bland annat kollektivavtal och ordnad ekonomi.<\/p>\n\n\n\n<p>\u2013 Att vara auktoriserad \u00e4r en kvalitetsst\u00e4mpel f\u00f6r s\u00e5v\u00e4l anst\u00e4llda som kunder och mycket v\u00e4rdefull f\u00f6r oss som bolag, s\u00e4ger Mariam Al-Zamami.<\/p>\n\n\n<a class='Share__link Share__link--url copy-text' href='#' rel='nofollow' data-text='kompetensutvecklats-som-arbetsgivare' title='Dela url' data-confirmation='L\u00e4nken kopierades till urklipp'><svg class='icon icon--link'  width='18' height='18' viewBox='0 0 18 18' fill='none' xmlns='http:\/\/www.w3.org\/2000\/svg'>\n            <path d='M10.4142 0.514721L6.87868 4.05025L8.29289 5.46447L11.1213 2.63604L15.364 6.87868L12.5355 9.70711L13.9497 11.1213L17.4853 7.58579C17.8763 7.19476 17.8763 6.5626 17.4853 6.17158L11.8284 0.514721C11.4374 0.123691 10.8052 0.123691 10.4142 0.514721Z' fill='black'\/>\n            <path d='M9.7071 12.5355L6.87868 15.364L2.63604 11.1213L5.46446 8.2929L4.05025 6.87868L0.514716 10.4142C0.123686 10.8052 0.123686 11.4374 0.514716 11.8284L6.17157 17.4853C6.5626 17.8763 7.19475 17.8763 7.58578 17.4853L11.1213 13.9497L9.7071 12.5355Z' fill='black'\/>\n            <path d='M6.17157 11.8284C6.5626 12.2195 7.19475 12.2195 7.58578 11.8284L11.8284 7.58579C12.2195 7.19476 12.2195 6.56261 11.8284 6.17158C11.4374 5.78055 10.8052 5.78055 10.4142 6.17158L6.17157 10.4142C5.78054 10.8052 5.78054 11.4374 6.17157 11.8284Z' fill='black'\/>\n            <\/svg> <\/a>\n<h2 class=\"wp-block-heading\" id=\"h-kompetensutvecklats-som-arbetsgivare\">Kompetensutvecklats som arbetsgivare<\/h2>\n\n\n\n<p>Almega har varit ett bra st\u00f6d n\u00e4r f\u00f6retaget st\u00f6tt p\u00e5 utmaningar.<\/p>\n\n\n\n<p>\u2013 Vi har f\u00e5tt mycket st\u00f6d och hj\u00e4lp med allt ifr\u00e5n att hantera olika \u00e4renden p\u00e5 r\u00e4tt s\u00e4tt till att bolla fr\u00e5gor. Almega har st\u00e4rkt och kompetensutvecklat oss som arbetsgivare, s\u00e4ger Mariam Al-Zamami.<\/p>\n\n\n\n<p>N\u00e4r Nordisk Kompetens skulle genomg\u00e5 en organisationsf\u00f6r\u00e4ndring 2018 fanns Almega d\u00e4r f\u00f6r att genomf\u00f6randet skulle ske p\u00e5 b\u00e4sta m\u00f6jliga s\u00e4tt.<\/p>\n\n\n\n<p>\u2013 Almega st\u00e4llde upp och var \u00e4ven med i m\u00f6ten med ledningsgruppen. Hj\u00e4lpen vi fick resulterade i att vi inte beh\u00f6vde g\u00f6ra n\u00e5gra f\u00f6r\u00e4ndringar. Tack vare Almega \u00e4r vi dock rustade om det skulle beh\u00f6vas organisationsf\u00f6r\u00e4ndringar i framtiden, s\u00e4ger Mariam Al-Zamami.<\/p>\n","protected":false},"excerpt":{"rendered":"<p>Nordisk Kompetens, med huvudkontor i Lule\u00e5, har funnits seda 2014 och fokuserade initialt p\u00e5 omst\u00e4llning f\u00f6r att d\u00e4refter expandera och arbeta mot Arbetsf\u00f6rmedlingen. I samband med expansionen ut\u00f6kade f\u00f6retaget sitt erbjudande till att \u00e4ven inkludera &hellip;<\/p>\n","protected":false},"author":6058,"featured_media":43580,"comment_status":"closed","ping_status":"closed","sticky":false,"template":"","format":"standard","meta":{"_acf_changed":false,"footnotes":""},"categories":[603,451],"tags":[548],"article_type":[55],"agreement":[],"class_list":["post-43578","post","type-post","status-publish","format-standard","has-post-thumbnail","hentry","category-almega","category-arbetsgivarfragor","tag-medlemsroster","type-artiklar"],"acf":[],"yoast_head":"<!-- This site is optimized with the Yoast SEO Premium plugin v26.8 (Yoast SEO v26.8) - https:\/\/yoast.com\/product\/yoast-seo-premium-wordpress\/ -->\n<title>S\u00e5 fick Nordisk Kompetens tillg\u00e5ng till kunskap, kompetens och auktorisation<\/title>\n<meta name=\"description\" content=\"I takt med att Nordisk Kompetens v\u00e4xte beh\u00f6vdes st\u00f6d i arbetsr\u00e4ttsfr\u00e5gor som ledde till ett medlemskap hos Almega.\" \/>\n<meta name=\"robots\" content=\"index, follow, max-snippet:-1, max-image-preview:large, max-video-preview:-1\" \/>\n<link rel=\"canonical\" href=\"https:\/\/www.almega.se\/2022\/03\/almega-gav-nordisk-kompetens-tillgang-till-kunskap-kompetens-och-auktorisation\/\" \/>\n<meta property=\"og:locale\" content=\"sv_SE\" \/>\n<meta property=\"og:type\" content=\"article\" \/>\n<meta property=\"og:title\" content=\"Almega gav Nordisk Kompetens tillg\u00e5ng till kunskap, kompetens och auktorisation\" \/>\n<meta property=\"og:description\" content=\"I takt med att Nordisk Kompetens v\u00e4xte beh\u00f6vdes st\u00f6d i arbetsr\u00e4ttsfr\u00e5gor som ledde till ett medlemskap hos Almega.\" \/>\n<meta property=\"og:url\" content=\"https:\/\/www.almega.se\/2022\/03\/almega-gav-nordisk-kompetens-tillgang-till-kunskap-kompetens-och-auktorisation\/\" \/>\n<meta property=\"og:site_name\" content=\"Almega\" \/>\n<meta property=\"article:published_time\" content=\"2022-03-25T10:11:57+00:00\" \/>\n<meta property=\"article:modified_time\" content=\"2025-03-11T11:55:17+00:00\" \/>\n<meta property=\"og:image\" content=\"https:\/\/www.almega.se\/app\/uploads\/2022\/03\/mariam2-scaled-e1648203315530.jpg\" \/>\n\t<meta property=\"og:image:width\" content=\"630\" \/>\n\t<meta property=\"og:image:height\" content=\"493\" \/>\n\t<meta property=\"og:image:type\" content=\"image\/jpeg\" \/>\n<meta name=\"author\" content=\"Shashika Sellgren\" \/>\n<meta name=\"twitter:card\" content=\"summary_large_image\" \/>\n<meta name=\"twitter:label1\" content=\"Skriven av\" \/>\n\t<meta name=\"twitter:data1\" content=\"Shashika Sellgren\" \/>\n\t<meta name=\"twitter:label2\" content=\"Ber\u00e4knad l\u00e4stid\" \/>\n\t<meta name=\"twitter:data2\" content=\"2 minuter\" \/>\n<!-- \/ Yoast SEO Premium plugin. -->","yoast_head_json":{"title":"S\u00e5 fick Nordisk Kompetens tillg\u00e5ng till kunskap, kompetens och auktorisation","description":"I takt med att Nordisk Kompetens v\u00e4xte beh\u00f6vdes st\u00f6d i arbetsr\u00e4ttsfr\u00e5gor som ledde till ett medlemskap hos Almega.","robots":{"index":"index","follow":"follow","max-snippet":"max-snippet:-1","max-image-preview":"max-image-preview:large","max-video-preview":"max-video-preview:-1"},"canonical":"https:\/\/www.almega.se\/2022\/03\/almega-gav-nordisk-kompetens-tillgang-till-kunskap-kompetens-och-auktorisation\/","og_locale":"sv_SE","og_type":"article","og_title":"Almega gav Nordisk Kompetens tillg\u00e5ng till kunskap, kompetens och auktorisation","og_description":"I takt med att Nordisk Kompetens v\u00e4xte beh\u00f6vdes st\u00f6d i arbetsr\u00e4ttsfr\u00e5gor som ledde till ett medlemskap hos Almega.","og_url":"https:\/\/www.almega.se\/2022\/03\/almega-gav-nordisk-kompetens-tillgang-till-kunskap-kompetens-och-auktorisation\/","og_site_name":"Almega","article_published_time":"2022-03-25T10:11:57+00:00","article_modified_time":"2025-03-11T11:55:17+00:00","og_image":[{"width":630,"height":493,"url":"https:\/\/www.almega.se\/app\/uploads\/2022\/03\/mariam2-scaled-e1648203315530.jpg","type":"image\/jpeg"}],"author":"Shashika Sellgren","twitter_card":"summary_large_image","twitter_misc":{"Skriven av":"Shashika Sellgren","Ber\u00e4knad l\u00e4stid":"2 minuter"},"schema":{"@context":"https:\/\/schema.org","@graph":[{"@type":"NewsArticle","@id":"https:\/\/www.almega.se\/2022\/03\/almega-gav-nordisk-kompetens-tillgang-till-kunskap-kompetens-och-auktorisation\/#article","isPartOf":{"@id":"https:\/\/www.almega.se\/2022\/03\/almega-gav-nordisk-kompetens-tillgang-till-kunskap-kompetens-och-auktorisation\/"},"author":{"name":"Shashika Sellgren","@id":"https:\/\/www.almega.se\/#\/schema\/person\/38c6b37b81c530c93246c3d1993d5662"},"headline":"Almega gav Nordisk Kompetens tillg\u00e5ng till kunskap, kompetens och auktorisation","datePublished":"2022-03-25T10:11:57+00:00","dateModified":"2025-03-11T11:55:17+00:00","mainEntityOfPage":{"@id":"https:\/\/www.almega.se\/2022\/03\/almega-gav-nordisk-kompetens-tillgang-till-kunskap-kompetens-och-auktorisation\/"},"wordCount":358,"image":{"@id":"https:\/\/www.almega.se\/2022\/03\/almega-gav-nordisk-kompetens-tillgang-till-kunskap-kompetens-och-auktorisation\/#primaryimage"},"thumbnailUrl":"https:\/\/www.almega.se\/app\/uploads\/2022\/03\/mariam2-scaled-e1648203315530.jpg","keywords":["Medlemsr\u00f6ster"],"articleSection":["Almega","Arbetsgivarfr\u00e5gor"],"inLanguage":"sv-SE"},{"@type":"WebPage","@id":"https:\/\/www.almega.se\/2022\/03\/almega-gav-nordisk-kompetens-tillgang-till-kunskap-kompetens-och-auktorisation\/","url":"https:\/\/www.almega.se\/2022\/03\/almega-gav-nordisk-kompetens-tillgang-till-kunskap-kompetens-och-auktorisation\/","name":"S\u00e5 fick Nordisk Kompetens tillg\u00e5ng till kunskap, kompetens och auktorisation","isPartOf":{"@id":"https:\/\/www.almega.se\/#website"},"primaryImageOfPage":{"@id":"https:\/\/www.almega.se\/2022\/03\/almega-gav-nordisk-kompetens-tillgang-till-kunskap-kompetens-och-auktorisation\/#primaryimage"},"image":{"@id":"https:\/\/www.almega.se\/2022\/03\/almega-gav-nordisk-kompetens-tillgang-till-kunskap-kompetens-och-auktorisation\/#primaryimage"},"thumbnailUrl":"https:\/\/www.almega.se\/app\/uploads\/2022\/03\/mariam2-scaled-e1648203315530.jpg","datePublished":"2022-03-25T10:11:57+00:00","dateModified":"2025-03-11T11:55:17+00:00","author":{"@id":"https:\/\/www.almega.se\/#\/schema\/person\/38c6b37b81c530c93246c3d1993d5662"},"description":"I takt med att Nordisk Kompetens v\u00e4xte beh\u00f6vdes st\u00f6d i arbetsr\u00e4ttsfr\u00e5gor som ledde till ett medlemskap hos Almega.","breadcrumb":{"@id":"https:\/\/www.almega.se\/2022\/03\/almega-gav-nordisk-kompetens-tillgang-till-kunskap-kompetens-och-auktorisation\/#breadcrumb"},"inLanguage":"sv-SE","potentialAction":[{"@type":"ReadAction","target":["https:\/\/www.almega.se\/2022\/03\/almega-gav-nordisk-kompetens-tillgang-till-kunskap-kompetens-och-auktorisation\/"]}]},{"@type":"ImageObject","inLanguage":"sv-SE","@id":"https:\/\/www.almega.se\/2022\/03\/almega-gav-nordisk-kompetens-tillgang-till-kunskap-kompetens-och-auktorisation\/#primaryimage","url":"https:\/\/www.almega.se\/app\/uploads\/2022\/03\/mariam2-scaled-e1648203315530.jpg","contentUrl":"https:\/\/www.almega.se\/app\/uploads\/2022\/03\/mariam2-scaled-e1648203315530.jpg","width":630,"height":493},{"@type":"BreadcrumbList","@id":"https:\/\/www.almega.se\/2022\/03\/almega-gav-nordisk-kompetens-tillgang-till-kunskap-kompetens-och-auktorisation\/#breadcrumb","itemListElement":[{"@type":"ListItem","position":1,"name":"Home","item":"https:\/\/www.almega.se\/"},{"@type":"ListItem","position":2,"name":"Almega gav Nordisk Kompetens tillg\u00e5ng till kunskap, kompetens och auktorisation"}]},{"@type":"WebSite","@id":"https:\/\/www.almega.se\/#website","url":"https:\/\/www.almega.se\/","name":"Almega","description":"","potentialAction":[{"@type":"SearchAction","target":{"@type":"EntryPoint","urlTemplate":"https:\/\/www.almega.se\/?s={search_term_string}"},"query-input":{"@type":"PropertyValueSpecification","valueRequired":true,"valueName":"search_term_string"}}],"inLanguage":"sv-SE"},{"@type":"Person","@id":"https:\/\/www.almega.se\/#\/schema\/person\/38c6b37b81c530c93246c3d1993d5662","name":"Shashika Sellgren","image":{"@type":"ImageObject","inLanguage":"sv-SE","@id":"https:\/\/www.almega.se\/#\/schema\/person\/image\/","url":"https:\/\/secure.gravatar.com\/avatar\/b225c479880df9eb82d1501dd105dd8040f27c8563f3d4bf5dd62ce0a1630abd?s=96&d=mm&r=g","contentUrl":"https:\/\/secure.gravatar.com\/avatar\/b225c479880df9eb82d1501dd105dd8040f27c8563f3d4bf5dd62ce0a1630abd?s=96&d=mm&r=g","caption":"Shashika Sellgren"},"url":"https:\/\/www.almega.se\/person\/shashikasellgren\/"}]}},"_links":{"self":[{"href":"https:\/\/www.almega.se\/api\/wp\/v2\/posts\/43578","targetHints":{"allow":["GET"]}}],"collection":[{"href":"https:\/\/www.almega.se\/api\/wp\/v2\/posts"}],"about":[{"href":"https:\/\/www.almega.se\/api\/wp\/v2\/types\/post"}],"author":[{"embeddable":true,"href":"https:\/\/www.almega.se\/api\/wp\/v2\/users\/6058"}],"replies":[{"embeddable":true,"href":"https:\/\/www.almega.se\/api\/wp\/v2\/comments?post=43578"}],"version-history":[{"count":13,"href":"https:\/\/www.almega.se\/api\/wp\/v2\/posts\/43578\/revisions"}],"predecessor-version":[{"id":78091,"href":"https:\/\/www.almega.se\/api\/wp\/v2\/posts\/43578\/revisions\/78091"}],"wp:featuredmedia":[{"embeddable":true,"href":"https:\/\/www.almega.se\/api\/wp\/v2\/media\/43580"}],"wp:attachment":[{"href":"https:\/\/www.almega.se\/api\/wp\/v2\/media?parent=43578"}],"wp:term":[{"taxonomy":"category","embeddable":true,"href":"https:\/\/www.almega.se\/api\/wp\/v2\/categories?post=43578"},{"taxonomy":"post_tag","embeddable":true,"href":"https:\/\/www.almega.se\/api\/wp\/v2\/tags?post=43578"},{"taxonomy":"type","embeddable":true,"href":"https:\/\/www.almega.se\/api\/wp\/v2\/article_type?post=43578"},{"taxonomy":"agreement","embeddable":true,"href":"https:\/\/www.almega.se\/api\/wp\/v2\/agreement?post=43578"}],"curies":[{"name":"wp","href":"https:\/\/api.w.org\/{rel}","templated":true}]}}